{"id":94106,"date":"2023-07-06T09:20:06","date_gmt":"2023-07-06T08:20:06","guid":{"rendered":"https:\/\/www.altominho.tv\/site\/?p=94106"},"modified":"2023-07-06T09:20:11","modified_gmt":"2023-07-06T08:20:11","slug":"gil-vicente-arcos-de-valdevez","status":"publish","type":"post","link":"https:\/\/www.altominho.tv\/site\/2023\/07\/06\/gil-vicente-arcos-de-valdevez\/","title":{"rendered":"Gil Vicente cumpre est\u00e1gio de pr\u00e9-temporada em Arcos de Valdevez"},"content":{"rendered":"<p>O Gil Vicente vai efetuar o seu est\u00e1gio de pr\u00e9-temporada em Arcos de Valdevez, no distrito de Viana do Castelo, entre 9 e 15 de julho, informou \u00e0 Lusa fonte do clube da I Liga portuguesa de futebol.<\/p>\n<p>Por enquanto, ainda n\u00e3o est\u00e3o definidos os jogos de prepara\u00e7\u00e3o neste defeso, mas o plantel orientado pelo novo t\u00e9cnico V\u00edtor Campelos j\u00e1 realizou, hoje, o primeiro treino da \u00e9poca no relvado, no est\u00e1dio Cidade Barcelos, sem a presen\u00e7a de Lucas Barros, emprestado ao Tondela, e Fran Navarro, transferido para o FC Porto.<\/p>\n<p>Nesta sess\u00e3o inaugural de trabalho j\u00e1 participaram os dois \u00fanicos refor\u00e7os assegurados, o guarda-redes Vinicius Dias (ex-Volta Rendonda, do Brasil) e o defesa esquerdo Kiko Vilas Boas (ex-Sanjoanense).<\/p>\n<p>R\u00faben Fernandes, capit\u00e3o de equipa, foi o porta-voz do grupo, neste primeiro dia de trabalho, mostrando agrado com o primeiro contacto com o novo treinador V\u00edtor Campelos.<\/p>\n<p>\u201cTodos os elementos da equipa t\u00e9cnica foram muito ativos connosco e deram-nos tudo aquilo que necessitamos. Claro que os pr\u00f3ximos dias ser\u00e3o muito importantes para os conhecer melhor\u201d, disse o experiente defesa central aos meios do clube.<\/p>\n<p>R\u00faben Fernandes, que vai para a quinta temporada consecutiva no clube, frisou ainda o car\u00e1ter especial da temporada 2023\/24 pelo facto de se tratar de um ano de centen\u00e1rio para o Gil Vicente.<\/p>\n<p>\u201c\u00c9 sempre um ano muito importante para a hist\u00f3ria de qualquer clube, mas para n\u00f3s viver e fazer parte deste momento\u00a0\u00e9 muito gratificante\u201d, rematou o capit\u00e3o de equipa dos barcelenses.<\/p>\n","protected":false},"excerpt":{"rendered":"<p>O Gil Vicente vai efetuar o seu est\u00e1gio de pr\u00e9-temporada em Arcos de Valdevez, no distrito de Viana do Castelo, entre 9 e 15 de julho, informou \u00e0 Lusa fonte do clube da I Liga portuguesa de futebol. Por enquanto, ainda n\u00e3o est\u00e3o definidos os jogos de prepara\u00e7\u00e3o neste defeso, mas o plantel orientado pelo [&hellip;]<\/p>\n","protected":false},"author":13,"featured_media":94108,"comment_status":"closed","ping_status":"closed","sticky":false,"template":"","format":"standard","meta":{"_exactmetrics_skip_tracking":false,"footnotes":""},"categories":[2],"tags":[20],"class_list":["post-94106","post","type-post","status-publish","format-standard","has-post-thumbnail","hentry","category-arcos-de-valdevez","tag-desporto"],"yoast_head":"<!-- This site is optimized with the Yoast SEO Premium plugin v28.3 (Yoast SEO v28.3) - https:\/\/yoast.com\/product\/yoast-seo-premium-wordpress\/ -->\n<title>Gil Vicente cumpre est\u00e1gio de pr\u00e9-temporada em Arcos de Valdevez<\/title>\n<meta name=\"description\" content=\"O Gil Vicente vai efetuar o seu est\u00e1gio de pr\u00e9-temporada em Arcos de Valdevez, no distrito de Viana do Castelo, entre 9 e 15 de julho, informou \u00e0 Lusa fonte do clube da I Liga portuguesa de futebol.\" \/>\n<meta name=\"robots\" content=\"index, follow, max-snippet:-1, max-image-preview:large, max-video-preview:-1\" \/>\n<link rel=\"canonical\" href=\"https:\/\/www.altominho.tv\/site\/2023\/07\/06\/gil-vicente-arcos-de-valdevez\/\" \/>\n<meta property=\"og:locale\" content=\"pt_PT\" \/>\n<meta property=\"og:type\" content=\"article\" \/>\n<meta property=\"og:title\" content=\"Gil Vicente cumpre est\u00e1gio de pr\u00e9-temporada em Arcos de Valdevez\" \/>\n<meta property=\"og:description\" content=\"O Gil Vicente vai efetuar o seu est\u00e1gio de pr\u00e9-temporada em Arcos de Valdevez, no distrito de Viana do Castelo, entre 9 e 15 de julho, informou \u00e0 Lusa fonte do clube da I Liga portuguesa de futebol.\" \/>\n<meta property=\"og:url\" content=\"https:\/\/www.altominho.tv\/site\/2023\/07\/06\/gil-vicente-arcos-de-valdevez\/\" \/>\n<meta property=\"og:site_name\" content=\"Altominho.tv\" \/>\n<meta property=\"article:publisher\" content=\"https:\/\/www.facebook.com\/altominhotv\" \/>\n<meta property=\"article:published_time\" content=\"2023-07-06T08:20:06+00:00\" \/>\n<meta property=\"article:modified_time\" content=\"2023-07-06T08:20:11+00:00\" \/>\n<meta property=\"og:image\" content=\"https:\/\/www.altominho.tv\/site\/wp-content\/uploads\/2023\/07\/atletico-arcos.png\" \/>\n\t<meta property=\"og:image:width\" content=\"794\" \/>\n\t<meta property=\"og:image:height\" content=\"472\" \/>\n\t<meta property=\"og:image:type\" content=\"image\/png\" \/>\n<meta name=\"author\" content=\"Lusa\" \/>\n<meta name=\"twitter:card\" content=\"summary_large_image\" \/>\n<meta name=\"twitter:creator\" content=\"@altominhoTV\" \/>\n<meta name=\"twitter:site\" content=\"@altominhoTV\" \/>\n<meta name=\"twitter:label1\" content=\"Escrito por\" \/>\n\t<meta name=\"twitter:data1\" content=\"Lusa\" \/>\n\t<meta name=\"twitter:label2\" content=\"Tempo estimado de leitura\" \/>\n\t<meta name=\"twitter:data2\" content=\"2 minutos\" \/>\n<script type=\"application\/ld+json\" class=\"yoast-schema-graph\">{\"@context\":\"https:\\\/\\\/schema.org\",\"@graph\":[{\"@type\":\"Article\",\"@id\":\"https:\\\/\\\/www.altominho.tv\\\/site\\\/2023\\\/07\\\/06\\\/gil-vicente-arcos-de-valdevez\\\/#article\",\"isPartOf\":{\"@id\":\"https:\\\/\\\/www.altominho.tv\\\/site\\\/2023\\\/07\\\/06\\\/gil-vicente-arcos-de-valdevez\\\/\"},\"author\":{\"name\":\"Lusa\",\"@id\":\"https:\\\/\\\/www.altominho.tv\\\/site\\\/#\\\/schema\\\/person\\\/63f693da3e1899361cbe955c46f3232e\"},\"headline\":\"Gil Vicente cumpre est\u00e1gio de pr\u00e9-temporada em Arcos de Valdevez\",\"datePublished\":\"2023-07-06T08:20:06+00:00\",\"dateModified\":\"2023-07-06T08:20:11+00:00\",\"mainEntityOfPage\":{\"@id\":\"https:\\\/\\\/www.altominho.tv\\\/site\\\/2023\\\/07\\\/06\\\/gil-vicente-arcos-de-valdevez\\\/\"},\"wordCount\":275,\"image\":{\"@id\":\"https:\\\/\\\/www.altominho.tv\\\/site\\\/2023\\\/07\\\/06\\\/gil-vicente-arcos-de-valdevez\\\/#primaryimage\"},\"thumbnailUrl\":\"https:\\\/\\\/www.altominho.tv\\\/site\\\/wp-content\\\/uploads\\\/2023\\\/07\\\/atletico-arcos.png\",\"keywords\":[\"Desporto\"],\"articleSection\":[\"Arcos de Valdevez\"],\"inLanguage\":\"pt-PT\",\"copyrightYear\":\"2023\",\"copyrightHolder\":{\"@id\":\"https:\\\/\\\/www.altominho.tv\\\/site\\\/#organization\"}},{\"@type\":\"WebPage\",\"@id\":\"https:\\\/\\\/www.altominho.tv\\\/site\\\/2023\\\/07\\\/06\\\/gil-vicente-arcos-de-valdevez\\\/\",\"url\":\"https:\\\/\\\/www.altominho.tv\\\/site\\\/2023\\\/07\\\/06\\\/gil-vicente-arcos-de-valdevez\\\/\",\"name\":\"Gil Vicente cumpre est\u00e1gio de pr\u00e9-temporada em Arcos de Valdevez\",\"isPartOf\":{\"@id\":\"https:\\\/\\\/www.altominho.tv\\\/site\\\/#website\"},\"primaryImageOfPage\":{\"@id\":\"https:\\\/\\\/www.altominho.tv\\\/site\\\/2023\\\/07\\\/06\\\/gil-vicente-arcos-de-valdevez\\\/#primaryimage\"},\"image\":{\"@id\":\"https:\\\/\\\/www.altominho.tv\\\/site\\\/2023\\\/07\\\/06\\\/gil-vicente-arcos-de-valdevez\\\/#primaryimage\"},\"thumbnailUrl\":\"https:\\\/\\\/www.altominho.tv\\\/site\\\/wp-content\\\/uploads\\\/2023\\\/07\\\/atletico-arcos.png\",\"datePublished\":\"2023-07-06T08:20:06+00:00\",\"dateModified\":\"2023-07-06T08:20:11+00:00\",\"author\":{\"@id\":\"https:\\\/\\\/www.altominho.tv\\\/site\\\/#\\\/schema\\\/person\\\/63f693da3e1899361cbe955c46f3232e\"},\"description\":\"O Gil Vicente vai efetuar o seu est\u00e1gio de pr\u00e9-temporada em Arcos de Valdevez, no distrito de Viana do Castelo, entre 9 e 15 de julho, informou \u00e0 Lusa fonte do clube da I Liga portuguesa de futebol.\",\"breadcrumb\":{\"@id\":\"https:\\\/\\\/www.altominho.tv\\\/site\\\/2023\\\/07\\\/06\\\/gil-vicente-arcos-de-valdevez\\\/#breadcrumb\"},\"inLanguage\":\"pt-PT\",\"potentialAction\":[{\"@type\":\"ReadAction\",\"target\":[\"https:\\\/\\\/www.altominho.tv\\\/site\\\/2023\\\/07\\\/06\\\/gil-vicente-arcos-de-valdevez\\\/\"]}]},{\"@type\":\"ImageObject\",\"inLanguage\":\"pt-PT\",\"@id\":\"https:\\\/\\\/www.altominho.tv\\\/site\\\/2023\\\/07\\\/06\\\/gil-vicente-arcos-de-valdevez\\\/#primaryimage\",\"url\":\"https:\\\/\\\/www.altominho.tv\\\/site\\\/wp-content\\\/uploads\\\/2023\\\/07\\\/atletico-arcos.png\",\"contentUrl\":\"https:\\\/\\\/www.altominho.tv\\\/site\\\/wp-content\\\/uploads\\\/2023\\\/07\\\/atletico-arcos.png\",\"width\":794,\"height\":472,\"caption\":\"DR\"},{\"@type\":\"BreadcrumbList\",\"@id\":\"https:\\\/\\\/www.altominho.tv\\\/site\\\/2023\\\/07\\\/06\\\/gil-vicente-arcos-de-valdevez\\\/#breadcrumb\",\"itemListElement\":[{\"@type\":\"ListItem\",\"position\":1,\"name\":\"In\u00edcio\",\"item\":\"https:\\\/\\\/www.altominho.tv\\\/site\\\/\"},{\"@type\":\"ListItem\",\"position\":2,\"name\":\"Gil Vicente cumpre est\u00e1gio de pr\u00e9-temporada em Arcos de Valdevez\"}]},{\"@type\":\"WebSite\",\"@id\":\"https:\\\/\\\/www.altominho.tv\\\/site\\\/#website\",\"url\":\"https:\\\/\\\/www.altominho.tv\\\/site\\\/\",\"name\":\"Altominho.tv\",\"description\":\"A sua regi\u00e3o \u00e0 dist\u00e2ncia de um clique...\",\"potentialAction\":[{\"@type\":\"SearchAction\",\"target\":{\"@type\":\"EntryPoint\",\"urlTemplate\":\"https:\\\/\\\/www.altominho.tv\\\/site\\\/?s={search_term_string}\"},\"query-input\":{\"@type\":\"PropertyValueSpecification\",\"valueRequired\":true,\"valueName\":\"search_term_string\"}}],\"inLanguage\":\"pt-PT\"},{\"@type\":\"Person\",\"@id\":\"https:\\\/\\\/www.altominho.tv\\\/site\\\/#\\\/schema\\\/person\\\/63f693da3e1899361cbe955c46f3232e\",\"name\":\"Lusa\",\"image\":{\"@type\":\"ImageObject\",\"inLanguage\":\"pt-PT\",\"@id\":\"https:\\\/\\\/www.altominho.tv\\\/site\\\/wp-content\\\/uploads\\\/2019\\\/08\\\/LUSA_Logo.gif\",\"url\":\"https:\\\/\\\/www.altominho.tv\\\/site\\\/wp-content\\\/uploads\\\/2019\\\/08\\\/LUSA_Logo.gif\",\"contentUrl\":\"https:\\\/\\\/www.altominho.tv\\\/site\\\/wp-content\\\/uploads\\\/2019\\\/08\\\/LUSA_Logo.gif\",\"caption\":\"Lusa\"},\"sameAs\":[\"http:\\\/\\\/\\\/\\\/www.altominho.tv\\\/site\"],\"url\":\"https:\\\/\\\/www.altominho.tv\\\/site\\\/author\\\/lusa\\\/\"}]}<\/script>\n<!-- \/ Yoast SEO Premium plugin. -->","yoast_head_json":{"title":"Gil Vicente cumpre est\u00e1gio de pr\u00e9-temporada em Arcos de Valdevez","description":"O Gil Vicente vai efetuar o seu est\u00e1gio de pr\u00e9-temporada em Arcos de Valdevez, no distrito de Viana do Castelo, entre 9 e 15 de julho, informou \u00e0 Lusa fonte do clube da I Liga portuguesa de futebol.","robots":{"index":"index","follow":"follow","max-snippet":"max-snippet:-1","max-image-preview":"max-image-preview:large","max-video-preview":"max-video-preview:-1"},"canonical":"https:\/\/www.altominho.tv\/site\/2023\/07\/06\/gil-vicente-arcos-de-valdevez\/","og_locale":"pt_PT","og_type":"article","og_title":"Gil Vicente cumpre est\u00e1gio de pr\u00e9-temporada em Arcos de Valdevez","og_description":"O Gil Vicente vai efetuar o seu est\u00e1gio de pr\u00e9-temporada em Arcos de Valdevez, no distrito de Viana do Castelo, entre 9 e 15 de julho, informou \u00e0 Lusa fonte do clube da I Liga portuguesa de futebol.","og_url":"https:\/\/www.altominho.tv\/site\/2023\/07\/06\/gil-vicente-arcos-de-valdevez\/","og_site_name":"Altominho.tv","article_publisher":"https:\/\/www.facebook.com\/altominhotv","article_published_time":"2023-07-06T08:20:06+00:00","article_modified_time":"2023-07-06T08:20:11+00:00","og_image":[{"width":794,"height":472,"url":"https:\/\/www.altominho.tv\/site\/wp-content\/uploads\/2023\/07\/atletico-arcos.png","type":"image\/png"}],"author":"Lusa","twitter_card":"summary_large_image","twitter_creator":"@altominhoTV","twitter_site":"@altominhoTV","twitter_misc":{"Escrito por":"Lusa","Tempo estimado de leitura":"2 minutos"},"schema":{"@context":"https:\/\/schema.org","@graph":[{"@type":"Article","@id":"https:\/\/www.altominho.tv\/site\/2023\/07\/06\/gil-vicente-arcos-de-valdevez\/#article","isPartOf":{"@id":"https:\/\/www.altominho.tv\/site\/2023\/07\/06\/gil-vicente-arcos-de-valdevez\/"},"author":{"name":"Lusa","@id":"https:\/\/www.altominho.tv\/site\/#\/schema\/person\/63f693da3e1899361cbe955c46f3232e"},"headline":"Gil Vicente cumpre est\u00e1gio de pr\u00e9-temporada em Arcos de Valdevez","datePublished":"2023-07-06T08:20:06+00:00","dateModified":"2023-07-06T08:20:11+00:00","mainEntityOfPage":{"@id":"https:\/\/www.altominho.tv\/site\/2023\/07\/06\/gil-vicente-arcos-de-valdevez\/"},"wordCount":275,"image":{"@id":"https:\/\/www.altominho.tv\/site\/2023\/07\/06\/gil-vicente-arcos-de-valdevez\/#primaryimage"},"thumbnailUrl":"https:\/\/www.altominho.tv\/site\/wp-content\/uploads\/2023\/07\/atletico-arcos.png","keywords":["Desporto"],"articleSection":["Arcos de Valdevez"],"inLanguage":"pt-PT","copyrightYear":"2023","copyrightHolder":{"@id":"https:\/\/www.altominho.tv\/site\/#organization"}},{"@type":"WebPage","@id":"https:\/\/www.altominho.tv\/site\/2023\/07\/06\/gil-vicente-arcos-de-valdevez\/","url":"https:\/\/www.altominho.tv\/site\/2023\/07\/06\/gil-vicente-arcos-de-valdevez\/","name":"Gil Vicente cumpre est\u00e1gio de pr\u00e9-temporada em Arcos de Valdevez","isPartOf":{"@id":"https:\/\/www.altominho.tv\/site\/#website"},"primaryImageOfPage":{"@id":"https:\/\/www.altominho.tv\/site\/2023\/07\/06\/gil-vicente-arcos-de-valdevez\/#primaryimage"},"image":{"@id":"https:\/\/www.altominho.tv\/site\/2023\/07\/06\/gil-vicente-arcos-de-valdevez\/#primaryimage"},"thumbnailUrl":"https:\/\/www.altominho.tv\/site\/wp-content\/uploads\/2023\/07\/atletico-arcos.png","datePublished":"2023-07-06T08:20:06+00:00","dateModified":"2023-07-06T08:20:11+00:00","author":{"@id":"https:\/\/www.altominho.tv\/site\/#\/schema\/person\/63f693da3e1899361cbe955c46f3232e"},"description":"O Gil Vicente vai efetuar o seu est\u00e1gio de pr\u00e9-temporada em Arcos de Valdevez, no distrito de Viana do Castelo, entre 9 e 15 de julho, informou \u00e0 Lusa fonte do clube da I Liga portuguesa de futebol.","breadcrumb":{"@id":"https:\/\/www.altominho.tv\/site\/2023\/07\/06\/gil-vicente-arcos-de-valdevez\/#breadcrumb"},"inLanguage":"pt-PT","potentialAction":[{"@type":"ReadAction","target":["https:\/\/www.altominho.tv\/site\/2023\/07\/06\/gil-vicente-arcos-de-valdevez\/"]}]},{"@type":"ImageObject","inLanguage":"pt-PT","@id":"https:\/\/www.altominho.tv\/site\/2023\/07\/06\/gil-vicente-arcos-de-valdevez\/#primaryimage","url":"https:\/\/www.altominho.tv\/site\/wp-content\/uploads\/2023\/07\/atletico-arcos.png","contentUrl":"https:\/\/www.altominho.tv\/site\/wp-content\/uploads\/2023\/07\/atletico-arcos.png","width":794,"height":472,"caption":"DR"},{"@type":"BreadcrumbList","@id":"https:\/\/www.altominho.tv\/site\/2023\/07\/06\/gil-vicente-arcos-de-valdevez\/#breadcrumb","itemListElement":[{"@type":"ListItem","position":1,"name":"In\u00edcio","item":"https:\/\/www.altominho.tv\/site\/"},{"@type":"ListItem","position":2,"name":"Gil Vicente cumpre est\u00e1gio de pr\u00e9-temporada em Arcos de Valdevez"}]},{"@type":"WebSite","@id":"https:\/\/www.altominho.tv\/site\/#website","url":"https:\/\/www.altominho.tv\/site\/","name":"Altominho.tv","description":"A sua regi\u00e3o \u00e0 dist\u00e2ncia de um clique...","potentialAction":[{"@type":"SearchAction","target":{"@type":"EntryPoint","urlTemplate":"https:\/\/www.altominho.tv\/site\/?s={search_term_string}"},"query-input":{"@type":"PropertyValueSpecification","valueRequired":true,"valueName":"search_term_string"}}],"inLanguage":"pt-PT"},{"@type":"Person","@id":"https:\/\/www.altominho.tv\/site\/#\/schema\/person\/63f693da3e1899361cbe955c46f3232e","name":"Lusa","image":{"@type":"ImageObject","inLanguage":"pt-PT","@id":"https:\/\/www.altominho.tv\/site\/wp-content\/uploads\/2019\/08\/LUSA_Logo.gif","url":"https:\/\/www.altominho.tv\/site\/wp-content\/uploads\/2019\/08\/LUSA_Logo.gif","contentUrl":"https:\/\/www.altominho.tv\/site\/wp-content\/uploads\/2019\/08\/LUSA_Logo.gif","caption":"Lusa"},"sameAs":["http:\/\/\/\/www.altominho.tv\/site"],"url":"https:\/\/www.altominho.tv\/site\/author\/lusa\/"}]}},"_links":{"self":[{"href":"https:\/\/www.altominho.tv\/site\/wp-json\/wp\/v2\/posts\/94106","targetHints":{"allow":["GET"]}}],"collection":[{"href":"https:\/\/www.altominho.tv\/site\/wp-json\/wp\/v2\/posts"}],"about":[{"href":"https:\/\/www.altominho.tv\/site\/wp-json\/wp\/v2\/types\/post"}],"author":[{"embeddable":true,"href":"https:\/\/www.altominho.tv\/site\/wp-json\/wp\/v2\/users\/13"}],"replies":[{"embeddable":true,"href":"https:\/\/www.altominho.tv\/site\/wp-json\/wp\/v2\/comments?post=94106"}],"version-history":[{"count":1,"href":"https:\/\/www.altominho.tv\/site\/wp-json\/wp\/v2\/posts\/94106\/revisions"}],"predecessor-version":[{"id":94109,"href":"https:\/\/www.altominho.tv\/site\/wp-json\/wp\/v2\/posts\/94106\/revisions\/94109"}],"wp:featuredmedia":[{"embeddable":true,"href":"https:\/\/www.altominho.tv\/site\/wp-json\/wp\/v2\/media\/94108"}],"wp:attachment":[{"href":"https:\/\/www.altominho.tv\/site\/wp-json\/wp\/v2\/media?parent=94106"}],"wp:term":[{"taxonomy":"category","embeddable":true,"href":"https:\/\/www.altominho.tv\/site\/wp-json\/wp\/v2\/categories?post=94106"},{"taxonomy":"post_tag","embeddable":true,"href":"https:\/\/www.altominho.tv\/site\/wp-json\/wp\/v2\/tags?post=94106"}],"curies":[{"name":"wp","href":"https:\/\/api.w.org\/{rel}","templated":true}]}}