{"id":94090,"date":"2023-07-05T17:06:20","date_gmt":"2023-07-05T16:06:20","guid":{"rendered":"https:\/\/www.altominho.tv\/site\/?p=94090"},"modified":"2023-07-05T17:06:25","modified_gmt":"2023-07-05T16:06:25","slug":"moncao-reforca-rede-de-distribuicao-de-energia-eletrica-em-freguesias","status":"publish","type":"post","link":"https:\/\/www.altominho.tv\/site\/2023\/07\/05\/moncao-reforca-rede-de-distribuicao-de-energia-eletrica-em-freguesias\/","title":{"rendered":"Mon\u00e7\u00e3o refor\u00e7a rede de distribui\u00e7\u00e3o de energia el\u00e9trica em freguesias"},"content":{"rendered":"<p class=\"p2\">A E-Redes, empresa do grupo EDP respons\u00e1vel pela opera\u00e7\u00e3o da rede de distribui\u00e7\u00e3o de energia el\u00e9trica em Portugal Continental, instalou tr\u00eas novos postos de transforma\u00e7\u00e3o &#8211;\u00a0 PTD no concelho de Mon\u00e7\u00e3o, nas freguesias de Lara, Parada e Merufe.<\/p>\n<p class=\"p2\">Num investimento de cerca de 120 mil euros, a rede de baixa tens\u00e3o (BT) naquelas zonas foi refor\u00e7ada numa extens\u00e3o aproximada de 600 metros, implicando a instala\u00e7\u00e3o e substitui\u00e7\u00e3o de 10 apoios de BT. Assim, esta obra resulta numa melhor gest\u00e3o da rede el\u00e9trica. As estruturas j\u00e1 est\u00e3o em funcionamento.<\/p>\n<p class=\"p2\">Ontem, Ant\u00f3nio Barbosa, Presidente da C\u00e2mara Municipal de Mon\u00e7\u00e3o, acompanhado de Francisco Campilho e Miguel Pinto, representantes da E-Redes, estiveram no local das infraestruturas el\u00e9tricas.<\/p>\n<p class=\"p2\">As obras &#8220;refor\u00e7am a qualidade do servi\u00e7o e dotam a rede de maior capacidade e resili\u00eancia, ficando, tamb\u00e9m, garantida a disponibilidade de pot\u00eancia para satisfa\u00e7\u00e3o de novas solicita\u00e7\u00f5es de energia el\u00e9trica naquelas zonas&#8221; descreve a autarquia.<\/p>\n<p class=\"p2\">Resultante do compromisso assumido entre a empresa e a autarquia, o investimento efetuado enquadra-se na pol\u00edtica de efici\u00eancia energ\u00e9tica e de otimiza\u00e7\u00e3o do servi\u00e7o prestado \u00e0s popula\u00e7\u00f5es locais.<\/p>\n","protected":false},"excerpt":{"rendered":"<p>A E-Redes, empresa do grupo EDP respons\u00e1vel pela opera\u00e7\u00e3o da rede de distribui\u00e7\u00e3o de energia el\u00e9trica em Portugal Continental, instalou tr\u00eas novos postos de transforma\u00e7\u00e3o &#8211;\u00a0 PTD no concelho de Mon\u00e7\u00e3o, nas freguesias de Lara, Parada e Merufe. Num investimento de cerca de 120 mil euros, a rede de baixa tens\u00e3o (BT) naquelas zonas foi [&hellip;]<\/p>\n","protected":false},"author":28,"featured_media":94091,"comment_status":"closed","ping_status":"closed","sticky":false,"template":"","format":"standard","meta":{"_exactmetrics_skip_tracking":false,"_exactmetrics_sitenote_active":false,"_exactmetrics_sitenote_note":"","_exactmetrics_sitenote_category":0,"footnotes":""},"categories":[9],"tags":[21,27],"class_list":["post-94090","post","type-post","status-publish","format-standard","has-post-thumbnail","hentry","category-moncao","tag-economia","tag-sociedade"],"yoast_head":"<!-- This site is optimized with the Yoast SEO Premium plugin v27.5 (Yoast SEO v27.5) - https:\/\/yoast.com\/product\/yoast-seo-premium-wordpress\/ -->\n<title>Mon\u00e7\u00e3o refor\u00e7a rede de distribui\u00e7\u00e3o de energia el\u00e9trica em freguesias<\/title>\n<meta name=\"description\" content=\"A E-Redes, empresa do grupo EDP respons\u00e1vel pela opera\u00e7\u00e3o da rede de distribui\u00e7\u00e3o de energia el\u00e9trica em Portugal Continental, instalou tr\u00eas novos postos de transforma\u00e7\u00e3o -\u00a0 PTD no concelho de Mon\u00e7\u00e3o, nas freguesias de Lara, Parada e Merufe.\" \/>\n<meta name=\"robots\" content=\"index, follow, max-snippet:-1, max-image-preview:large, max-video-preview:-1\" \/>\n<link rel=\"canonical\" href=\"https:\/\/www.altominho.tv\/site\/2023\/07\/05\/moncao-reforca-rede-de-distribuicao-de-energia-eletrica-em-freguesias\/\" \/>\n<meta property=\"og:locale\" content=\"pt_PT\" \/>\n<meta property=\"og:type\" content=\"article\" \/>\n<meta property=\"og:title\" content=\"Mon\u00e7\u00e3o refor\u00e7a rede de distribui\u00e7\u00e3o de energia el\u00e9trica em freguesias\" \/>\n<meta property=\"og:description\" content=\"A E-Redes, empresa do grupo EDP respons\u00e1vel pela opera\u00e7\u00e3o da rede de distribui\u00e7\u00e3o de energia el\u00e9trica em Portugal Continental, instalou tr\u00eas novos postos de transforma\u00e7\u00e3o -\u00a0 PTD no concelho de Mon\u00e7\u00e3o, nas freguesias de Lara, Parada e Merufe.\" \/>\n<meta property=\"og:url\" content=\"https:\/\/www.altominho.tv\/site\/2023\/07\/05\/moncao-reforca-rede-de-distribuicao-de-energia-eletrica-em-freguesias\/\" \/>\n<meta property=\"og:site_name\" content=\"Altominho.tv\" \/>\n<meta property=\"article:publisher\" content=\"https:\/\/www.facebook.com\/altominhotv\" \/>\n<meta property=\"article:published_time\" content=\"2023-07-05T16:06:20+00:00\" \/>\n<meta property=\"article:modified_time\" content=\"2023-07-05T16:06:25+00:00\" \/>\n<meta property=\"og:image\" content=\"https:\/\/www.altominho.tv\/site\/wp-content\/uploads\/2023\/07\/redes_moncao03.jpg\" \/>\n\t<meta property=\"og:image:width\" content=\"2072\" \/>\n\t<meta property=\"og:image:height\" content=\"1124\" \/>\n\t<meta property=\"og:image:type\" content=\"image\/jpeg\" \/>\n<meta name=\"author\" content=\"Beatriz Lira\" \/>\n<meta name=\"twitter:card\" content=\"summary_large_image\" \/>\n<meta name=\"twitter:creator\" content=\"@altominhoTV\" \/>\n<meta name=\"twitter:site\" content=\"@altominhoTV\" \/>\n<meta name=\"twitter:label1\" content=\"Escrito por\" \/>\n\t<meta name=\"twitter:data1\" content=\"Beatriz Lira\" \/>\n\t<meta name=\"twitter:label2\" content=\"Tempo estimado de leitura\" \/>\n\t<meta name=\"twitter:data2\" content=\"1 minuto\" \/>\n<script type=\"application\/ld+json\" class=\"yoast-schema-graph\">{\"@context\":\"https:\\\/\\\/schema.org\",\"@graph\":[{\"@type\":\"Article\",\"@id\":\"https:\\\/\\\/www.altominho.tv\\\/site\\\/2023\\\/07\\\/05\\\/moncao-reforca-rede-de-distribuicao-de-energia-eletrica-em-freguesias\\\/#article\",\"isPartOf\":{\"@id\":\"https:\\\/\\\/www.altominho.tv\\\/site\\\/2023\\\/07\\\/05\\\/moncao-reforca-rede-de-distribuicao-de-energia-eletrica-em-freguesias\\\/\"},\"author\":{\"name\":\"Beatriz Lira\",\"@id\":\"https:\\\/\\\/www.altominho.tv\\\/site\\\/#\\\/schema\\\/person\\\/f95a2097796cf4462fe1e476cddc40e4\"},\"headline\":\"Mon\u00e7\u00e3o refor\u00e7a rede de distribui\u00e7\u00e3o de energia el\u00e9trica em freguesias\",\"datePublished\":\"2023-07-05T16:06:20+00:00\",\"dateModified\":\"2023-07-05T16:06:25+00:00\",\"mainEntityOfPage\":{\"@id\":\"https:\\\/\\\/www.altominho.tv\\\/site\\\/2023\\\/07\\\/05\\\/moncao-reforca-rede-de-distribuicao-de-energia-eletrica-em-freguesias\\\/\"},\"wordCount\":221,\"image\":{\"@id\":\"https:\\\/\\\/www.altominho.tv\\\/site\\\/2023\\\/07\\\/05\\\/moncao-reforca-rede-de-distribuicao-de-energia-eletrica-em-freguesias\\\/#primaryimage\"},\"thumbnailUrl\":\"https:\\\/\\\/www.altominho.tv\\\/site\\\/wp-content\\\/uploads\\\/2023\\\/07\\\/redes_moncao03.jpg\",\"keywords\":[\"Economia\",\"Sociedade\"],\"articleSection\":[\"Mon\u00e7\u00e3o\"],\"inLanguage\":\"pt-PT\",\"copyrightYear\":\"2023\",\"copyrightHolder\":{\"@id\":\"https:\\\/\\\/www.altominho.tv\\\/site\\\/#organization\"}},{\"@type\":\"WebPage\",\"@id\":\"https:\\\/\\\/www.altominho.tv\\\/site\\\/2023\\\/07\\\/05\\\/moncao-reforca-rede-de-distribuicao-de-energia-eletrica-em-freguesias\\\/\",\"url\":\"https:\\\/\\\/www.altominho.tv\\\/site\\\/2023\\\/07\\\/05\\\/moncao-reforca-rede-de-distribuicao-de-energia-eletrica-em-freguesias\\\/\",\"name\":\"Mon\u00e7\u00e3o refor\u00e7a rede de distribui\u00e7\u00e3o de energia el\u00e9trica em freguesias\",\"isPartOf\":{\"@id\":\"https:\\\/\\\/www.altominho.tv\\\/site\\\/#website\"},\"primaryImageOfPage\":{\"@id\":\"https:\\\/\\\/www.altominho.tv\\\/site\\\/2023\\\/07\\\/05\\\/moncao-reforca-rede-de-distribuicao-de-energia-eletrica-em-freguesias\\\/#primaryimage\"},\"image\":{\"@id\":\"https:\\\/\\\/www.altominho.tv\\\/site\\\/2023\\\/07\\\/05\\\/moncao-reforca-rede-de-distribuicao-de-energia-eletrica-em-freguesias\\\/#primaryimage\"},\"thumbnailUrl\":\"https:\\\/\\\/www.altominho.tv\\\/site\\\/wp-content\\\/uploads\\\/2023\\\/07\\\/redes_moncao03.jpg\",\"datePublished\":\"2023-07-05T16:06:20+00:00\",\"dateModified\":\"2023-07-05T16:06:25+00:00\",\"author\":{\"@id\":\"https:\\\/\\\/www.altominho.tv\\\/site\\\/#\\\/schema\\\/person\\\/f95a2097796cf4462fe1e476cddc40e4\"},\"description\":\"A E-Redes, empresa do grupo EDP respons\u00e1vel pela opera\u00e7\u00e3o da rede de distribui\u00e7\u00e3o de energia el\u00e9trica em Portugal Continental, instalou tr\u00eas novos postos de transforma\u00e7\u00e3o -\u00a0 PTD no concelho de Mon\u00e7\u00e3o, nas freguesias de Lara, Parada e Merufe.\",\"breadcrumb\":{\"@id\":\"https:\\\/\\\/www.altominho.tv\\\/site\\\/2023\\\/07\\\/05\\\/moncao-reforca-rede-de-distribuicao-de-energia-eletrica-em-freguesias\\\/#breadcrumb\"},\"inLanguage\":\"pt-PT\",\"potentialAction\":[{\"@type\":\"ReadAction\",\"target\":[\"https:\\\/\\\/www.altominho.tv\\\/site\\\/2023\\\/07\\\/05\\\/moncao-reforca-rede-de-distribuicao-de-energia-eletrica-em-freguesias\\\/\"]}]},{\"@type\":\"ImageObject\",\"inLanguage\":\"pt-PT\",\"@id\":\"https:\\\/\\\/www.altominho.tv\\\/site\\\/2023\\\/07\\\/05\\\/moncao-reforca-rede-de-distribuicao-de-energia-eletrica-em-freguesias\\\/#primaryimage\",\"url\":\"https:\\\/\\\/www.altominho.tv\\\/site\\\/wp-content\\\/uploads\\\/2023\\\/07\\\/redes_moncao03.jpg\",\"contentUrl\":\"https:\\\/\\\/www.altominho.tv\\\/site\\\/wp-content\\\/uploads\\\/2023\\\/07\\\/redes_moncao03.jpg\",\"width\":2072,\"height\":1124},{\"@type\":\"BreadcrumbList\",\"@id\":\"https:\\\/\\\/www.altominho.tv\\\/site\\\/2023\\\/07\\\/05\\\/moncao-reforca-rede-de-distribuicao-de-energia-eletrica-em-freguesias\\\/#breadcrumb\",\"itemListElement\":[{\"@type\":\"ListItem\",\"position\":1,\"name\":\"In\u00edcio\",\"item\":\"https:\\\/\\\/www.altominho.tv\\\/site\\\/\"},{\"@type\":\"ListItem\",\"position\":2,\"name\":\"Mon\u00e7\u00e3o refor\u00e7a rede de distribui\u00e7\u00e3o de energia el\u00e9trica em freguesias\"}]},{\"@type\":\"WebSite\",\"@id\":\"https:\\\/\\\/www.altominho.tv\\\/site\\\/#website\",\"url\":\"https:\\\/\\\/www.altominho.tv\\\/site\\\/\",\"name\":\"Altominho.tv\",\"description\":\"A sua regi\u00e3o \u00e0 dist\u00e2ncia de um clique...\",\"potentialAction\":[{\"@type\":\"SearchAction\",\"target\":{\"@type\":\"EntryPoint\",\"urlTemplate\":\"https:\\\/\\\/www.altominho.tv\\\/site\\\/?s={search_term_string}\"},\"query-input\":{\"@type\":\"PropertyValueSpecification\",\"valueRequired\":true,\"valueName\":\"search_term_string\"}}],\"inLanguage\":\"pt-PT\"},{\"@type\":\"Person\",\"@id\":\"https:\\\/\\\/www.altominho.tv\\\/site\\\/#\\\/schema\\\/person\\\/f95a2097796cf4462fe1e476cddc40e4\",\"name\":\"Beatriz Lira\",\"image\":{\"@type\":\"ImageObject\",\"inLanguage\":\"pt-PT\",\"@id\":\"https:\\\/\\\/www.altominho.tv\\\/site\\\/wp-content\\\/uploads\\\/2023\\\/03\\\/Screenshot_20230306-141220_Photos-150x150.jpg\",\"url\":\"https:\\\/\\\/www.altominho.tv\\\/site\\\/wp-content\\\/uploads\\\/2023\\\/03\\\/Screenshot_20230306-141220_Photos-150x150.jpg\",\"contentUrl\":\"https:\\\/\\\/www.altominho.tv\\\/site\\\/wp-content\\\/uploads\\\/2023\\\/03\\\/Screenshot_20230306-141220_Photos-150x150.jpg\",\"caption\":\"Beatriz Lira\"},\"url\":\"https:\\\/\\\/www.altominho.tv\\\/site\\\/author\\\/beatriz\\\/\"}]}<\/script>\n<!-- \/ Yoast SEO Premium plugin. -->","yoast_head_json":{"title":"Mon\u00e7\u00e3o refor\u00e7a rede de distribui\u00e7\u00e3o de energia el\u00e9trica em freguesias","description":"A E-Redes, empresa do grupo EDP respons\u00e1vel pela opera\u00e7\u00e3o da rede de distribui\u00e7\u00e3o de energia el\u00e9trica em Portugal Continental, instalou tr\u00eas novos postos de transforma\u00e7\u00e3o -\u00a0 PTD no concelho de Mon\u00e7\u00e3o, nas freguesias de Lara, Parada e Merufe.","robots":{"index":"index","follow":"follow","max-snippet":"max-snippet:-1","max-image-preview":"max-image-preview:large","max-video-preview":"max-video-preview:-1"},"canonical":"https:\/\/www.altominho.tv\/site\/2023\/07\/05\/moncao-reforca-rede-de-distribuicao-de-energia-eletrica-em-freguesias\/","og_locale":"pt_PT","og_type":"article","og_title":"Mon\u00e7\u00e3o refor\u00e7a rede de distribui\u00e7\u00e3o de energia el\u00e9trica em freguesias","og_description":"A E-Redes, empresa do grupo EDP respons\u00e1vel pela opera\u00e7\u00e3o da rede de distribui\u00e7\u00e3o de energia el\u00e9trica em Portugal Continental, instalou tr\u00eas novos postos de transforma\u00e7\u00e3o -\u00a0 PTD no concelho de Mon\u00e7\u00e3o, nas freguesias de Lara, Parada e Merufe.","og_url":"https:\/\/www.altominho.tv\/site\/2023\/07\/05\/moncao-reforca-rede-de-distribuicao-de-energia-eletrica-em-freguesias\/","og_site_name":"Altominho.tv","article_publisher":"https:\/\/www.facebook.com\/altominhotv","article_published_time":"2023-07-05T16:06:20+00:00","article_modified_time":"2023-07-05T16:06:25+00:00","og_image":[{"width":2072,"height":1124,"url":"https:\/\/www.altominho.tv\/site\/wp-content\/uploads\/2023\/07\/redes_moncao03.jpg","type":"image\/jpeg"}],"author":"Beatriz Lira","twitter_card":"summary_large_image","twitter_creator":"@altominhoTV","twitter_site":"@altominhoTV","twitter_misc":{"Escrito por":"Beatriz Lira","Tempo estimado de leitura":"1 minuto"},"schema":{"@context":"https:\/\/schema.org","@graph":[{"@type":"Article","@id":"https:\/\/www.altominho.tv\/site\/2023\/07\/05\/moncao-reforca-rede-de-distribuicao-de-energia-eletrica-em-freguesias\/#article","isPartOf":{"@id":"https:\/\/www.altominho.tv\/site\/2023\/07\/05\/moncao-reforca-rede-de-distribuicao-de-energia-eletrica-em-freguesias\/"},"author":{"name":"Beatriz Lira","@id":"https:\/\/www.altominho.tv\/site\/#\/schema\/person\/f95a2097796cf4462fe1e476cddc40e4"},"headline":"Mon\u00e7\u00e3o refor\u00e7a rede de distribui\u00e7\u00e3o de energia el\u00e9trica em freguesias","datePublished":"2023-07-05T16:06:20+00:00","dateModified":"2023-07-05T16:06:25+00:00","mainEntityOfPage":{"@id":"https:\/\/www.altominho.tv\/site\/2023\/07\/05\/moncao-reforca-rede-de-distribuicao-de-energia-eletrica-em-freguesias\/"},"wordCount":221,"image":{"@id":"https:\/\/www.altominho.tv\/site\/2023\/07\/05\/moncao-reforca-rede-de-distribuicao-de-energia-eletrica-em-freguesias\/#primaryimage"},"thumbnailUrl":"https:\/\/www.altominho.tv\/site\/wp-content\/uploads\/2023\/07\/redes_moncao03.jpg","keywords":["Economia","Sociedade"],"articleSection":["Mon\u00e7\u00e3o"],"inLanguage":"pt-PT","copyrightYear":"2023","copyrightHolder":{"@id":"https:\/\/www.altominho.tv\/site\/#organization"}},{"@type":"WebPage","@id":"https:\/\/www.altominho.tv\/site\/2023\/07\/05\/moncao-reforca-rede-de-distribuicao-de-energia-eletrica-em-freguesias\/","url":"https:\/\/www.altominho.tv\/site\/2023\/07\/05\/moncao-reforca-rede-de-distribuicao-de-energia-eletrica-em-freguesias\/","name":"Mon\u00e7\u00e3o refor\u00e7a rede de distribui\u00e7\u00e3o de energia el\u00e9trica em freguesias","isPartOf":{"@id":"https:\/\/www.altominho.tv\/site\/#website"},"primaryImageOfPage":{"@id":"https:\/\/www.altominho.tv\/site\/2023\/07\/05\/moncao-reforca-rede-de-distribuicao-de-energia-eletrica-em-freguesias\/#primaryimage"},"image":{"@id":"https:\/\/www.altominho.tv\/site\/2023\/07\/05\/moncao-reforca-rede-de-distribuicao-de-energia-eletrica-em-freguesias\/#primaryimage"},"thumbnailUrl":"https:\/\/www.altominho.tv\/site\/wp-content\/uploads\/2023\/07\/redes_moncao03.jpg","datePublished":"2023-07-05T16:06:20+00:00","dateModified":"2023-07-05T16:06:25+00:00","author":{"@id":"https:\/\/www.altominho.tv\/site\/#\/schema\/person\/f95a2097796cf4462fe1e476cddc40e4"},"description":"A E-Redes, empresa do grupo EDP respons\u00e1vel pela opera\u00e7\u00e3o da rede de distribui\u00e7\u00e3o de energia el\u00e9trica em Portugal Continental, instalou tr\u00eas novos postos de transforma\u00e7\u00e3o -\u00a0 PTD no concelho de Mon\u00e7\u00e3o, nas freguesias de Lara, Parada e Merufe.","breadcrumb":{"@id":"https:\/\/www.altominho.tv\/site\/2023\/07\/05\/moncao-reforca-rede-de-distribuicao-de-energia-eletrica-em-freguesias\/#breadcrumb"},"inLanguage":"pt-PT","potentialAction":[{"@type":"ReadAction","target":["https:\/\/www.altominho.tv\/site\/2023\/07\/05\/moncao-reforca-rede-de-distribuicao-de-energia-eletrica-em-freguesias\/"]}]},{"@type":"ImageObject","inLanguage":"pt-PT","@id":"https:\/\/www.altominho.tv\/site\/2023\/07\/05\/moncao-reforca-rede-de-distribuicao-de-energia-eletrica-em-freguesias\/#primaryimage","url":"https:\/\/www.altominho.tv\/site\/wp-content\/uploads\/2023\/07\/redes_moncao03.jpg","contentUrl":"https:\/\/www.altominho.tv\/site\/wp-content\/uploads\/2023\/07\/redes_moncao03.jpg","width":2072,"height":1124},{"@type":"BreadcrumbList","@id":"https:\/\/www.altominho.tv\/site\/2023\/07\/05\/moncao-reforca-rede-de-distribuicao-de-energia-eletrica-em-freguesias\/#breadcrumb","itemListElement":[{"@type":"ListItem","position":1,"name":"In\u00edcio","item":"https:\/\/www.altominho.tv\/site\/"},{"@type":"ListItem","position":2,"name":"Mon\u00e7\u00e3o refor\u00e7a rede de distribui\u00e7\u00e3o de energia el\u00e9trica em freguesias"}]},{"@type":"WebSite","@id":"https:\/\/www.altominho.tv\/site\/#website","url":"https:\/\/www.altominho.tv\/site\/","name":"Altominho.tv","description":"A sua regi\u00e3o \u00e0 dist\u00e2ncia de um clique...","potentialAction":[{"@type":"SearchAction","target":{"@type":"EntryPoint","urlTemplate":"https:\/\/www.altominho.tv\/site\/?s={search_term_string}"},"query-input":{"@type":"PropertyValueSpecification","valueRequired":true,"valueName":"search_term_string"}}],"inLanguage":"pt-PT"},{"@type":"Person","@id":"https:\/\/www.altominho.tv\/site\/#\/schema\/person\/f95a2097796cf4462fe1e476cddc40e4","name":"Beatriz Lira","image":{"@type":"ImageObject","inLanguage":"pt-PT","@id":"https:\/\/www.altominho.tv\/site\/wp-content\/uploads\/2023\/03\/Screenshot_20230306-141220_Photos-150x150.jpg","url":"https:\/\/www.altominho.tv\/site\/wp-content\/uploads\/2023\/03\/Screenshot_20230306-141220_Photos-150x150.jpg","contentUrl":"https:\/\/www.altominho.tv\/site\/wp-content\/uploads\/2023\/03\/Screenshot_20230306-141220_Photos-150x150.jpg","caption":"Beatriz Lira"},"url":"https:\/\/www.altominho.tv\/site\/author\/beatriz\/"}]}},"_links":{"self":[{"href":"https:\/\/www.altominho.tv\/site\/wp-json\/wp\/v2\/posts\/94090","targetHints":{"allow":["GET"]}}],"collection":[{"href":"https:\/\/www.altominho.tv\/site\/wp-json\/wp\/v2\/posts"}],"about":[{"href":"https:\/\/www.altominho.tv\/site\/wp-json\/wp\/v2\/types\/post"}],"author":[{"embeddable":true,"href":"https:\/\/www.altominho.tv\/site\/wp-json\/wp\/v2\/users\/28"}],"replies":[{"embeddable":true,"href":"https:\/\/www.altominho.tv\/site\/wp-json\/wp\/v2\/comments?post=94090"}],"version-history":[{"count":3,"href":"https:\/\/www.altominho.tv\/site\/wp-json\/wp\/v2\/posts\/94090\/revisions"}],"predecessor-version":[{"id":94094,"href":"https:\/\/www.altominho.tv\/site\/wp-json\/wp\/v2\/posts\/94090\/revisions\/94094"}],"wp:featuredmedia":[{"embeddable":true,"href":"https:\/\/www.altominho.tv\/site\/wp-json\/wp\/v2\/media\/94091"}],"wp:attachment":[{"href":"https:\/\/www.altominho.tv\/site\/wp-json\/wp\/v2\/media?parent=94090"}],"wp:term":[{"taxonomy":"category","embeddable":true,"href":"https:\/\/www.altominho.tv\/site\/wp-json\/wp\/v2\/categories?post=94090"},{"taxonomy":"post_tag","embeddable":true,"href":"https:\/\/www.altominho.tv\/site\/wp-json\/wp\/v2\/tags?post=94090"}],"curies":[{"name":"wp","href":"https:\/\/api.w.org\/{rel}","templated":true}]}}