{"id":94002,"date":"2023-07-03T15:53:05","date_gmt":"2023-07-03T14:53:05","guid":{"rendered":"https:\/\/www.altominho.tv\/site\/?p=94002"},"modified":"2023-07-03T15:53:09","modified_gmt":"2023-07-03T14:53:09","slug":"mundo-a-dancar-regressa-a-valenca","status":"publish","type":"post","link":"https:\/\/www.altominho.tv\/site\/2023\/07\/03\/mundo-a-dancar-regressa-a-valenca\/","title":{"rendered":"Mundo a Dan\u00e7ar regressa a Valen\u00e7a"},"content":{"rendered":"<p align=\"justify\">O Festival Internacional de Folclore &#8211; O Mundo a Dan\u00e7ar est\u00e1 de volta a Valen\u00e7a no dia 5 de agosto, \u00e0s 22h no Jardim Municipal.<\/p>\n<p align=\"justify\">Grupos de dan\u00e7a e cantares tradicionais da Bol\u00edvia, do Taiti, da Ucr\u00e2nia e da Venezuela pisam o palco desta edi\u00e7\u00e3o.<\/p>\n<p align=\"justify\">A Bol\u00edvia traz o grupo Ballet Folcl\u00f3rcio de La Paz &#8211; BAFOPAZ e o Taiti est\u00e1 representado pelo grupo Hei Show Tahiti &#8220;Ori&#8221;.<\/p>\n<p align=\"justify\">A Ucr\u00e2nia participa com o grupo Poltava Ensemble of\u00a0 Song, Music and Dance e a Venezuela est\u00e1 representada pela Compa\u00f1ia de Danzas Ballet Scorpio.<\/p>\n<p align=\"justify\">&#8220;Os protagonistas desta edi\u00e7\u00e3o que colocar\u00e1 quatro cantos do mundo a dan\u00e7ar em Valen\u00e7a&#8221; descreve a autarquia.<\/p>\n","protected":false},"excerpt":{"rendered":"<p>O Festival Internacional de Folclore &#8211; O Mundo a Dan\u00e7ar est\u00e1 de volta a Valen\u00e7a no dia 5 de agosto, \u00e0s 22h no Jardim Municipal. Grupos de dan\u00e7a e cantares tradicionais da Bol\u00edvia, do Taiti, da Ucr\u00e2nia e da Venezuela pisam o palco desta edi\u00e7\u00e3o. A Bol\u00edvia traz o grupo Ballet Folcl\u00f3rcio de La Paz [&hellip;]<\/p>\n","protected":false},"author":28,"featured_media":94003,"comment_status":"closed","ping_status":"closed","sticky":false,"template":"","format":"standard","meta":{"_exactmetrics_skip_tracking":false,"_exactmetrics_sitenote_active":false,"_exactmetrics_sitenote_note":"","_exactmetrics_sitenote_category":0,"footnotes":""},"categories":[13],"tags":[19],"class_list":["post-94002","post","type-post","status-publish","format-standard","has-post-thumbnail","hentry","category-valenca","tag-cultura"],"yoast_head":"<!-- This site is optimized with the Yoast SEO Premium plugin v27.4 (Yoast SEO v27.4) - https:\/\/yoast.com\/product\/yoast-seo-premium-wordpress\/ -->\n<title>Mundo a Dan\u00e7ar regressa a Valen\u00e7a<\/title>\n<meta name=\"description\" content=\"O Festival Internacional de Folclore - O Mundo a Dan\u00e7ar est\u00e1 de volta a Valen\u00e7a no dia 5 de agosto, \u00e0s 22h no Jardim Municipal.\" \/>\n<meta name=\"robots\" content=\"index, follow, max-snippet:-1, max-image-preview:large, max-video-preview:-1\" \/>\n<link rel=\"canonical\" href=\"https:\/\/www.altominho.tv\/site\/2023\/07\/03\/mundo-a-dancar-regressa-a-valenca\/\" \/>\n<meta property=\"og:locale\" content=\"pt_PT\" \/>\n<meta property=\"og:type\" content=\"article\" \/>\n<meta property=\"og:title\" content=\"Mundo a Dan\u00e7ar regressa a Valen\u00e7a\" \/>\n<meta property=\"og:description\" content=\"O Festival Internacional de Folclore - O Mundo a Dan\u00e7ar est\u00e1 de volta a Valen\u00e7a no dia 5 de agosto, \u00e0s 22h no Jardim Municipal.\" \/>\n<meta property=\"og:url\" content=\"https:\/\/www.altominho.tv\/site\/2023\/07\/03\/mundo-a-dancar-regressa-a-valenca\/\" \/>\n<meta property=\"og:site_name\" content=\"Altominho.tv\" \/>\n<meta property=\"article:publisher\" content=\"https:\/\/www.facebook.com\/altominhotv\" \/>\n<meta property=\"article:published_time\" content=\"2023-07-03T14:53:05+00:00\" \/>\n<meta property=\"article:modified_time\" content=\"2023-07-03T14:53:09+00:00\" \/>\n<meta property=\"og:image\" content=\"https:\/\/www.altominho.tv\/site\/wp-content\/uploads\/2023\/07\/mundovalencadancar.jpg\" \/>\n\t<meta property=\"og:image:width\" content=\"1000\" \/>\n\t<meta property=\"og:image:height\" content=\"667\" \/>\n\t<meta property=\"og:image:type\" content=\"image\/jpeg\" \/>\n<meta name=\"author\" content=\"Beatriz Lira\" \/>\n<meta name=\"twitter:card\" content=\"summary_large_image\" \/>\n<meta name=\"twitter:creator\" content=\"@altominhoTV\" \/>\n<meta name=\"twitter:site\" content=\"@altominhoTV\" \/>\n<meta name=\"twitter:label1\" content=\"Escrito por\" \/>\n\t<meta name=\"twitter:data1\" content=\"Beatriz Lira\" \/>\n\t<meta name=\"twitter:label2\" content=\"Tempo estimado de leitura\" \/>\n\t<meta name=\"twitter:data2\" content=\"1 minuto\" \/>\n<script type=\"application\/ld+json\" class=\"yoast-schema-graph\">{\"@context\":\"https:\\\/\\\/schema.org\",\"@graph\":[{\"@type\":\"Article\",\"@id\":\"https:\\\/\\\/www.altominho.tv\\\/site\\\/2023\\\/07\\\/03\\\/mundo-a-dancar-regressa-a-valenca\\\/#article\",\"isPartOf\":{\"@id\":\"https:\\\/\\\/www.altominho.tv\\\/site\\\/2023\\\/07\\\/03\\\/mundo-a-dancar-regressa-a-valenca\\\/\"},\"author\":{\"name\":\"Beatriz Lira\",\"@id\":\"https:\\\/\\\/www.altominho.tv\\\/site\\\/#\\\/schema\\\/person\\\/f95a2097796cf4462fe1e476cddc40e4\"},\"headline\":\"Mundo a Dan\u00e7ar regressa a Valen\u00e7a\",\"datePublished\":\"2023-07-03T14:53:05+00:00\",\"dateModified\":\"2023-07-03T14:53:09+00:00\",\"mainEntityOfPage\":{\"@id\":\"https:\\\/\\\/www.altominho.tv\\\/site\\\/2023\\\/07\\\/03\\\/mundo-a-dancar-regressa-a-valenca\\\/\"},\"wordCount\":129,\"image\":{\"@id\":\"https:\\\/\\\/www.altominho.tv\\\/site\\\/2023\\\/07\\\/03\\\/mundo-a-dancar-regressa-a-valenca\\\/#primaryimage\"},\"thumbnailUrl\":\"https:\\\/\\\/www.altominho.tv\\\/site\\\/wp-content\\\/uploads\\\/2023\\\/07\\\/mundovalencadancar.jpg\",\"keywords\":[\"Cultura\"],\"articleSection\":[\"Valen\u00e7a\"],\"inLanguage\":\"pt-PT\",\"copyrightYear\":\"2023\",\"copyrightHolder\":{\"@id\":\"https:\\\/\\\/www.altominho.tv\\\/site\\\/#organization\"}},{\"@type\":\"WebPage\",\"@id\":\"https:\\\/\\\/www.altominho.tv\\\/site\\\/2023\\\/07\\\/03\\\/mundo-a-dancar-regressa-a-valenca\\\/\",\"url\":\"https:\\\/\\\/www.altominho.tv\\\/site\\\/2023\\\/07\\\/03\\\/mundo-a-dancar-regressa-a-valenca\\\/\",\"name\":\"Mundo a Dan\u00e7ar regressa a Valen\u00e7a\",\"isPartOf\":{\"@id\":\"https:\\\/\\\/www.altominho.tv\\\/site\\\/#website\"},\"primaryImageOfPage\":{\"@id\":\"https:\\\/\\\/www.altominho.tv\\\/site\\\/2023\\\/07\\\/03\\\/mundo-a-dancar-regressa-a-valenca\\\/#primaryimage\"},\"image\":{\"@id\":\"https:\\\/\\\/www.altominho.tv\\\/site\\\/2023\\\/07\\\/03\\\/mundo-a-dancar-regressa-a-valenca\\\/#primaryimage\"},\"thumbnailUrl\":\"https:\\\/\\\/www.altominho.tv\\\/site\\\/wp-content\\\/uploads\\\/2023\\\/07\\\/mundovalencadancar.jpg\",\"datePublished\":\"2023-07-03T14:53:05+00:00\",\"dateModified\":\"2023-07-03T14:53:09+00:00\",\"author\":{\"@id\":\"https:\\\/\\\/www.altominho.tv\\\/site\\\/#\\\/schema\\\/person\\\/f95a2097796cf4462fe1e476cddc40e4\"},\"description\":\"O Festival Internacional de Folclore - O Mundo a Dan\u00e7ar est\u00e1 de volta a Valen\u00e7a no dia 5 de agosto, \u00e0s 22h no Jardim Municipal.\",\"breadcrumb\":{\"@id\":\"https:\\\/\\\/www.altominho.tv\\\/site\\\/2023\\\/07\\\/03\\\/mundo-a-dancar-regressa-a-valenca\\\/#breadcrumb\"},\"inLanguage\":\"pt-PT\",\"potentialAction\":[{\"@type\":\"ReadAction\",\"target\":[\"https:\\\/\\\/www.altominho.tv\\\/site\\\/2023\\\/07\\\/03\\\/mundo-a-dancar-regressa-a-valenca\\\/\"]}]},{\"@type\":\"ImageObject\",\"inLanguage\":\"pt-PT\",\"@id\":\"https:\\\/\\\/www.altominho.tv\\\/site\\\/2023\\\/07\\\/03\\\/mundo-a-dancar-regressa-a-valenca\\\/#primaryimage\",\"url\":\"https:\\\/\\\/www.altominho.tv\\\/site\\\/wp-content\\\/uploads\\\/2023\\\/07\\\/mundovalencadancar.jpg\",\"contentUrl\":\"https:\\\/\\\/www.altominho.tv\\\/site\\\/wp-content\\\/uploads\\\/2023\\\/07\\\/mundovalencadancar.jpg\",\"width\":1000,\"height\":667},{\"@type\":\"BreadcrumbList\",\"@id\":\"https:\\\/\\\/www.altominho.tv\\\/site\\\/2023\\\/07\\\/03\\\/mundo-a-dancar-regressa-a-valenca\\\/#breadcrumb\",\"itemListElement\":[{\"@type\":\"ListItem\",\"position\":1,\"name\":\"In\u00edcio\",\"item\":\"https:\\\/\\\/www.altominho.tv\\\/site\\\/\"},{\"@type\":\"ListItem\",\"position\":2,\"name\":\"Mundo a Dan\u00e7ar regressa a Valen\u00e7a\"}]},{\"@type\":\"WebSite\",\"@id\":\"https:\\\/\\\/www.altominho.tv\\\/site\\\/#website\",\"url\":\"https:\\\/\\\/www.altominho.tv\\\/site\\\/\",\"name\":\"Altominho.tv\",\"description\":\"A sua regi\u00e3o \u00e0 dist\u00e2ncia de um clique...\",\"potentialAction\":[{\"@type\":\"SearchAction\",\"target\":{\"@type\":\"EntryPoint\",\"urlTemplate\":\"https:\\\/\\\/www.altominho.tv\\\/site\\\/?s={search_term_string}\"},\"query-input\":{\"@type\":\"PropertyValueSpecification\",\"valueRequired\":true,\"valueName\":\"search_term_string\"}}],\"inLanguage\":\"pt-PT\"},{\"@type\":\"Person\",\"@id\":\"https:\\\/\\\/www.altominho.tv\\\/site\\\/#\\\/schema\\\/person\\\/f95a2097796cf4462fe1e476cddc40e4\",\"name\":\"Beatriz Lira\",\"image\":{\"@type\":\"ImageObject\",\"inLanguage\":\"pt-PT\",\"@id\":\"https:\\\/\\\/www.altominho.tv\\\/site\\\/wp-content\\\/uploads\\\/2023\\\/03\\\/Screenshot_20230306-141220_Photos-150x150.jpg\",\"url\":\"https:\\\/\\\/www.altominho.tv\\\/site\\\/wp-content\\\/uploads\\\/2023\\\/03\\\/Screenshot_20230306-141220_Photos-150x150.jpg\",\"contentUrl\":\"https:\\\/\\\/www.altominho.tv\\\/site\\\/wp-content\\\/uploads\\\/2023\\\/03\\\/Screenshot_20230306-141220_Photos-150x150.jpg\",\"caption\":\"Beatriz Lira\"},\"url\":\"https:\\\/\\\/www.altominho.tv\\\/site\\\/author\\\/beatriz\\\/\"}]}<\/script>\n<!-- \/ Yoast SEO Premium plugin. -->","yoast_head_json":{"title":"Mundo a Dan\u00e7ar regressa a Valen\u00e7a","description":"O Festival Internacional de Folclore - O Mundo a Dan\u00e7ar est\u00e1 de volta a Valen\u00e7a no dia 5 de agosto, \u00e0s 22h no Jardim Municipal.","robots":{"index":"index","follow":"follow","max-snippet":"max-snippet:-1","max-image-preview":"max-image-preview:large","max-video-preview":"max-video-preview:-1"},"canonical":"https:\/\/www.altominho.tv\/site\/2023\/07\/03\/mundo-a-dancar-regressa-a-valenca\/","og_locale":"pt_PT","og_type":"article","og_title":"Mundo a Dan\u00e7ar regressa a Valen\u00e7a","og_description":"O Festival Internacional de Folclore - O Mundo a Dan\u00e7ar est\u00e1 de volta a Valen\u00e7a no dia 5 de agosto, \u00e0s 22h no Jardim Municipal.","og_url":"https:\/\/www.altominho.tv\/site\/2023\/07\/03\/mundo-a-dancar-regressa-a-valenca\/","og_site_name":"Altominho.tv","article_publisher":"https:\/\/www.facebook.com\/altominhotv","article_published_time":"2023-07-03T14:53:05+00:00","article_modified_time":"2023-07-03T14:53:09+00:00","og_image":[{"width":1000,"height":667,"url":"https:\/\/www.altominho.tv\/site\/wp-content\/uploads\/2023\/07\/mundovalencadancar.jpg","type":"image\/jpeg"}],"author":"Beatriz Lira","twitter_card":"summary_large_image","twitter_creator":"@altominhoTV","twitter_site":"@altominhoTV","twitter_misc":{"Escrito por":"Beatriz Lira","Tempo estimado de leitura":"1 minuto"},"schema":{"@context":"https:\/\/schema.org","@graph":[{"@type":"Article","@id":"https:\/\/www.altominho.tv\/site\/2023\/07\/03\/mundo-a-dancar-regressa-a-valenca\/#article","isPartOf":{"@id":"https:\/\/www.altominho.tv\/site\/2023\/07\/03\/mundo-a-dancar-regressa-a-valenca\/"},"author":{"name":"Beatriz Lira","@id":"https:\/\/www.altominho.tv\/site\/#\/schema\/person\/f95a2097796cf4462fe1e476cddc40e4"},"headline":"Mundo a Dan\u00e7ar regressa a Valen\u00e7a","datePublished":"2023-07-03T14:53:05+00:00","dateModified":"2023-07-03T14:53:09+00:00","mainEntityOfPage":{"@id":"https:\/\/www.altominho.tv\/site\/2023\/07\/03\/mundo-a-dancar-regressa-a-valenca\/"},"wordCount":129,"image":{"@id":"https:\/\/www.altominho.tv\/site\/2023\/07\/03\/mundo-a-dancar-regressa-a-valenca\/#primaryimage"},"thumbnailUrl":"https:\/\/www.altominho.tv\/site\/wp-content\/uploads\/2023\/07\/mundovalencadancar.jpg","keywords":["Cultura"],"articleSection":["Valen\u00e7a"],"inLanguage":"pt-PT","copyrightYear":"2023","copyrightHolder":{"@id":"https:\/\/www.altominho.tv\/site\/#organization"}},{"@type":"WebPage","@id":"https:\/\/www.altominho.tv\/site\/2023\/07\/03\/mundo-a-dancar-regressa-a-valenca\/","url":"https:\/\/www.altominho.tv\/site\/2023\/07\/03\/mundo-a-dancar-regressa-a-valenca\/","name":"Mundo a Dan\u00e7ar regressa a Valen\u00e7a","isPartOf":{"@id":"https:\/\/www.altominho.tv\/site\/#website"},"primaryImageOfPage":{"@id":"https:\/\/www.altominho.tv\/site\/2023\/07\/03\/mundo-a-dancar-regressa-a-valenca\/#primaryimage"},"image":{"@id":"https:\/\/www.altominho.tv\/site\/2023\/07\/03\/mundo-a-dancar-regressa-a-valenca\/#primaryimage"},"thumbnailUrl":"https:\/\/www.altominho.tv\/site\/wp-content\/uploads\/2023\/07\/mundovalencadancar.jpg","datePublished":"2023-07-03T14:53:05+00:00","dateModified":"2023-07-03T14:53:09+00:00","author":{"@id":"https:\/\/www.altominho.tv\/site\/#\/schema\/person\/f95a2097796cf4462fe1e476cddc40e4"},"description":"O Festival Internacional de Folclore - O Mundo a Dan\u00e7ar est\u00e1 de volta a Valen\u00e7a no dia 5 de agosto, \u00e0s 22h no Jardim Municipal.","breadcrumb":{"@id":"https:\/\/www.altominho.tv\/site\/2023\/07\/03\/mundo-a-dancar-regressa-a-valenca\/#breadcrumb"},"inLanguage":"pt-PT","potentialAction":[{"@type":"ReadAction","target":["https:\/\/www.altominho.tv\/site\/2023\/07\/03\/mundo-a-dancar-regressa-a-valenca\/"]}]},{"@type":"ImageObject","inLanguage":"pt-PT","@id":"https:\/\/www.altominho.tv\/site\/2023\/07\/03\/mundo-a-dancar-regressa-a-valenca\/#primaryimage","url":"https:\/\/www.altominho.tv\/site\/wp-content\/uploads\/2023\/07\/mundovalencadancar.jpg","contentUrl":"https:\/\/www.altominho.tv\/site\/wp-content\/uploads\/2023\/07\/mundovalencadancar.jpg","width":1000,"height":667},{"@type":"BreadcrumbList","@id":"https:\/\/www.altominho.tv\/site\/2023\/07\/03\/mundo-a-dancar-regressa-a-valenca\/#breadcrumb","itemListElement":[{"@type":"ListItem","position":1,"name":"In\u00edcio","item":"https:\/\/www.altominho.tv\/site\/"},{"@type":"ListItem","position":2,"name":"Mundo a Dan\u00e7ar regressa a Valen\u00e7a"}]},{"@type":"WebSite","@id":"https:\/\/www.altominho.tv\/site\/#website","url":"https:\/\/www.altominho.tv\/site\/","name":"Altominho.tv","description":"A sua regi\u00e3o \u00e0 dist\u00e2ncia de um clique...","potentialAction":[{"@type":"SearchAction","target":{"@type":"EntryPoint","urlTemplate":"https:\/\/www.altominho.tv\/site\/?s={search_term_string}"},"query-input":{"@type":"PropertyValueSpecification","valueRequired":true,"valueName":"search_term_string"}}],"inLanguage":"pt-PT"},{"@type":"Person","@id":"https:\/\/www.altominho.tv\/site\/#\/schema\/person\/f95a2097796cf4462fe1e476cddc40e4","name":"Beatriz Lira","image":{"@type":"ImageObject","inLanguage":"pt-PT","@id":"https:\/\/www.altominho.tv\/site\/wp-content\/uploads\/2023\/03\/Screenshot_20230306-141220_Photos-150x150.jpg","url":"https:\/\/www.altominho.tv\/site\/wp-content\/uploads\/2023\/03\/Screenshot_20230306-141220_Photos-150x150.jpg","contentUrl":"https:\/\/www.altominho.tv\/site\/wp-content\/uploads\/2023\/03\/Screenshot_20230306-141220_Photos-150x150.jpg","caption":"Beatriz Lira"},"url":"https:\/\/www.altominho.tv\/site\/author\/beatriz\/"}]}},"_links":{"self":[{"href":"https:\/\/www.altominho.tv\/site\/wp-json\/wp\/v2\/posts\/94002","targetHints":{"allow":["GET"]}}],"collection":[{"href":"https:\/\/www.altominho.tv\/site\/wp-json\/wp\/v2\/posts"}],"about":[{"href":"https:\/\/www.altominho.tv\/site\/wp-json\/wp\/v2\/types\/post"}],"author":[{"embeddable":true,"href":"https:\/\/www.altominho.tv\/site\/wp-json\/wp\/v2\/users\/28"}],"replies":[{"embeddable":true,"href":"https:\/\/www.altominho.tv\/site\/wp-json\/wp\/v2\/comments?post=94002"}],"version-history":[{"count":2,"href":"https:\/\/www.altominho.tv\/site\/wp-json\/wp\/v2\/posts\/94002\/revisions"}],"predecessor-version":[{"id":94005,"href":"https:\/\/www.altominho.tv\/site\/wp-json\/wp\/v2\/posts\/94002\/revisions\/94005"}],"wp:featuredmedia":[{"embeddable":true,"href":"https:\/\/www.altominho.tv\/site\/wp-json\/wp\/v2\/media\/94003"}],"wp:attachment":[{"href":"https:\/\/www.altominho.tv\/site\/wp-json\/wp\/v2\/media?parent=94002"}],"wp:term":[{"taxonomy":"category","embeddable":true,"href":"https:\/\/www.altominho.tv\/site\/wp-json\/wp\/v2\/categories?post=94002"},{"taxonomy":"post_tag","embeddable":true,"href":"https:\/\/www.altominho.tv\/site\/wp-json\/wp\/v2\/tags?post=94002"}],"curies":[{"name":"wp","href":"https:\/\/api.w.org\/{rel}","templated":true}]}}