{"id":93994,"date":"2023-07-03T14:41:31","date_gmt":"2023-07-03T13:41:31","guid":{"rendered":"https:\/\/www.altominho.tv\/site\/?p=93994"},"modified":"2023-07-03T14:41:36","modified_gmt":"2023-07-03T13:41:36","slug":"festival-transfronteirico-celebra-70-anos-de-carreira-de-antonio-victorino-dalmeida","status":"publish","type":"post","link":"https:\/\/www.altominho.tv\/site\/2023\/07\/03\/festival-transfronteirico-celebra-70-anos-de-carreira-de-antonio-victorino-dalmeida\/","title":{"rendered":"Festival transfronteiri\u00e7o celebra 70 anos de carreira de Ant\u00f3nio Victorino d\u2019Almeida"},"content":{"rendered":"\n<p>O festival transfronteiri\u00e7o, IKFEM, est\u00e1 de regresso \u00e0 Eurocidade Valen\u00e7a-Tui entre os dias 20 a 25 de julho com a 11.\u00aa edi\u00e7\u00e3o e um dos momentos principais da programa\u00e7\u00e3o vai contar com o concerto que vai juntar em palco Ant\u00f3nio Vitorino Almeida, Katia Guerreiro e Cremilda Medina.<\/p>\n\n\n\n<p>\u201cAo longo de cinco dias, a 11.\u00aa edi\u00e7\u00e3o do IKFEM d\u00e1 destaque \u00e0 cultura portuguesa, espanhola, brasileira, cubana e cabo verdiana, em 25 espa\u00e7os de grande valor arquitet\u00f3nico e patrimonial, entre eles a Catedral de Tui e a Fortaleza de Valen\u00e7a\u201d, refere a autarquia em comunicado.<\/p>\n\n\n\n<p>Este ano, um dos momentos altos da programa\u00e7\u00e3o ser\u00e1 o concerto que vai juntar em palco<br>Ant\u00f3nio Vitorino Almeida, K\u00e1tia Guerreiro e Cremilda Medina, no Jardim Municipal de Valen\u00e7a, no dia 22 de julho.<\/p>\n\n\n\n<p>A celebrar 70 anos de carreira, o pianista faz-se acompanhar pela fadista portuguesa e pela cantora cabo-verdiana para um espet\u00e1culo sublime de fus\u00e3o e lusofonia. \u201c70 anos de carreira \u2013 Mornas &amp; Fados\u201d come\u00e7a com um solo do maestro e ser\u00e1 seguido pelas mornas de Cremilda Medina e os fados de K\u00e1tia Guerreiro. Tamb\u00e9m haver\u00e1 espa\u00e7o para as cantoras, e respetivos m\u00fasicos, apresentarem o seu trabalho, individualmente.<\/p>\n\n\n\n<p>A novidade da 11.\u00aa edi\u00e7\u00e3o \u00e9 a&nbsp;IKFEM Criativa, uma plataforma aberta aos talentos de Portugal e da Galiza nas diferentes \u00e1reas: m\u00fasica, gastronomia, dan\u00e7a, moda, pintura, literatura e teatro. Os interessados em integrar o cartaz do IKFEM devem inscrever-se&nbsp;<a href=\"https:\/\/www.ikfem.com\/\" target=\"_blank\" rel=\"noreferrer noopener\">online<\/a>&nbsp;at\u00e9 10 de julho.<br>A organiza\u00e7\u00e3o ir\u00e1 selecionar as melhores propostas a apresentar, a distribui\u00e7\u00e3o no espa\u00e7o para venda, exposi\u00e7\u00e3o e demonstra\u00e7\u00e3o ao vivo e assegurar\u00e1 as condi\u00e7\u00f5es necess\u00e1rias para a boa realiza\u00e7\u00e3o das propostas. Os candidatos de Valen\u00e7a e Tui ter\u00e3o prioridade.<\/p>\n","protected":false},"excerpt":{"rendered":"<p>O festival transfronteiri\u00e7o, IKFEM, est\u00e1 de regresso \u00e0 Eurocidade Valen\u00e7a-Tui entre os dias 20 a 25 de julho com a 11.\u00aa edi\u00e7\u00e3o e um dos momentos principais da programa\u00e7\u00e3o vai contar com o concerto que vai juntar em palco Ant\u00f3nio Vitorino Almeida, Katia Guerreiro e Cremilda Medina. \u201cAo longo de cinco dias, a 11.\u00aa edi\u00e7\u00e3o [&hellip;]<\/p>\n","protected":false},"author":29,"featured_media":93995,"comment_status":"closed","ping_status":"closed","sticky":false,"template":"","format":"standard","meta":{"_exactmetrics_skip_tracking":false,"_exactmetrics_sitenote_active":false,"_exactmetrics_sitenote_note":"","_exactmetrics_sitenote_category":0,"footnotes":""},"categories":[13],"tags":[27],"class_list":["post-93994","post","type-post","status-publish","format-standard","has-post-thumbnail","hentry","category-valenca","tag-sociedade"],"yoast_head":"<!-- This site is optimized with the Yoast SEO Premium plugin v27.4 (Yoast SEO v27.4) - https:\/\/yoast.com\/product\/yoast-seo-premium-wordpress\/ -->\n<title>Festival transfronteiri\u00e7o celebra 70 anos de carreira de Ant\u00f3nio Victorino d\u2019Almeida<\/title>\n<meta name=\"robots\" content=\"index, follow, max-snippet:-1, max-image-preview:large, max-video-preview:-1\" \/>\n<link rel=\"canonical\" href=\"https:\/\/www.altominho.tv\/site\/2023\/07\/03\/festival-transfronteirico-celebra-70-anos-de-carreira-de-antonio-victorino-dalmeida\/\" \/>\n<meta property=\"og:locale\" content=\"pt_PT\" \/>\n<meta property=\"og:type\" content=\"article\" \/>\n<meta property=\"og:title\" content=\"Festival transfronteiri\u00e7o celebra 70 anos de carreira de Ant\u00f3nio Victorino d\u2019Almeida\" \/>\n<meta property=\"og:description\" content=\"O festival transfronteiri\u00e7o, IKFEM, est\u00e1 de regresso \u00e0 Eurocidade Valen\u00e7a-Tui entre os dias 20 a 25 de julho com a 11.\u00aa edi\u00e7\u00e3o e um dos momentos principais da programa\u00e7\u00e3o vai contar com o concerto que vai juntar em palco Ant\u00f3nio Vitorino Almeida, Katia Guerreiro e Cremilda Medina. \u201cAo longo de cinco dias, a 11.\u00aa edi\u00e7\u00e3o [&hellip;]\" \/>\n<meta property=\"og:url\" content=\"https:\/\/www.altominho.tv\/site\/2023\/07\/03\/festival-transfronteirico-celebra-70-anos-de-carreira-de-antonio-victorino-dalmeida\/\" \/>\n<meta property=\"og:site_name\" content=\"Altominho.tv\" \/>\n<meta property=\"article:publisher\" content=\"https:\/\/www.facebook.com\/altominhotv\" \/>\n<meta property=\"article:published_time\" content=\"2023-07-03T13:41:31+00:00\" \/>\n<meta property=\"article:modified_time\" content=\"2023-07-03T13:41:36+00:00\" \/>\n<meta property=\"og:image\" content=\"https:\/\/www.altominho.tv\/site\/wp-content\/uploads\/2023\/07\/Antonio-Victorino-dAlmeida@Joao-Vasco-e1688391680189.jpg\" \/>\n\t<meta property=\"og:image:width\" content=\"999\" \/>\n\t<meta property=\"og:image:height\" content=\"678\" \/>\n\t<meta property=\"og:image:type\" content=\"image\/jpeg\" \/>\n<meta name=\"author\" content=\"Juliana Soares\" \/>\n<meta name=\"twitter:card\" content=\"summary_large_image\" \/>\n<meta name=\"twitter:creator\" content=\"@altominhoTV\" \/>\n<meta name=\"twitter:site\" content=\"@altominhoTV\" \/>\n<meta name=\"twitter:label1\" content=\"Escrito por\" \/>\n\t<meta name=\"twitter:data1\" content=\"Juliana Soares\" \/>\n\t<meta name=\"twitter:label2\" content=\"Tempo estimado de leitura\" \/>\n\t<meta name=\"twitter:data2\" content=\"2 minutos\" \/>\n<script type=\"application\/ld+json\" class=\"yoast-schema-graph\">{\"@context\":\"https:\\\/\\\/schema.org\",\"@graph\":[{\"@type\":\"Article\",\"@id\":\"https:\\\/\\\/www.altominho.tv\\\/site\\\/2023\\\/07\\\/03\\\/festival-transfronteirico-celebra-70-anos-de-carreira-de-antonio-victorino-dalmeida\\\/#article\",\"isPartOf\":{\"@id\":\"https:\\\/\\\/www.altominho.tv\\\/site\\\/2023\\\/07\\\/03\\\/festival-transfronteirico-celebra-70-anos-de-carreira-de-antonio-victorino-dalmeida\\\/\"},\"author\":{\"name\":\"Juliana Soares\",\"@id\":\"https:\\\/\\\/www.altominho.tv\\\/site\\\/#\\\/schema\\\/person\\\/fd922cf16ebbbd1fff2019e656be940c\"},\"headline\":\"Festival transfronteiri\u00e7o celebra 70 anos de carreira de Ant\u00f3nio Victorino d\u2019Almeida\",\"datePublished\":\"2023-07-03T13:41:31+00:00\",\"dateModified\":\"2023-07-03T13:41:36+00:00\",\"mainEntityOfPage\":{\"@id\":\"https:\\\/\\\/www.altominho.tv\\\/site\\\/2023\\\/07\\\/03\\\/festival-transfronteirico-celebra-70-anos-de-carreira-de-antonio-victorino-dalmeida\\\/\"},\"wordCount\":312,\"image\":{\"@id\":\"https:\\\/\\\/www.altominho.tv\\\/site\\\/2023\\\/07\\\/03\\\/festival-transfronteirico-celebra-70-anos-de-carreira-de-antonio-victorino-dalmeida\\\/#primaryimage\"},\"thumbnailUrl\":\"https:\\\/\\\/www.altominho.tv\\\/site\\\/wp-content\\\/uploads\\\/2023\\\/07\\\/Antonio-Victorino-dAlmeida@Joao-Vasco-e1688391680189.jpg\",\"keywords\":[\"Sociedade\"],\"articleSection\":[\"Valen\u00e7a\"],\"inLanguage\":\"pt-PT\",\"copyrightYear\":\"2023\",\"copyrightHolder\":{\"@id\":\"https:\\\/\\\/www.altominho.tv\\\/site\\\/#organization\"}},{\"@type\":\"WebPage\",\"@id\":\"https:\\\/\\\/www.altominho.tv\\\/site\\\/2023\\\/07\\\/03\\\/festival-transfronteirico-celebra-70-anos-de-carreira-de-antonio-victorino-dalmeida\\\/\",\"url\":\"https:\\\/\\\/www.altominho.tv\\\/site\\\/2023\\\/07\\\/03\\\/festival-transfronteirico-celebra-70-anos-de-carreira-de-antonio-victorino-dalmeida\\\/\",\"name\":\"Festival transfronteiri\u00e7o celebra 70 anos de carreira de Ant\u00f3nio Victorino d\u2019Almeida\",\"isPartOf\":{\"@id\":\"https:\\\/\\\/www.altominho.tv\\\/site\\\/#website\"},\"primaryImageOfPage\":{\"@id\":\"https:\\\/\\\/www.altominho.tv\\\/site\\\/2023\\\/07\\\/03\\\/festival-transfronteirico-celebra-70-anos-de-carreira-de-antonio-victorino-dalmeida\\\/#primaryimage\"},\"image\":{\"@id\":\"https:\\\/\\\/www.altominho.tv\\\/site\\\/2023\\\/07\\\/03\\\/festival-transfronteirico-celebra-70-anos-de-carreira-de-antonio-victorino-dalmeida\\\/#primaryimage\"},\"thumbnailUrl\":\"https:\\\/\\\/www.altominho.tv\\\/site\\\/wp-content\\\/uploads\\\/2023\\\/07\\\/Antonio-Victorino-dAlmeida@Joao-Vasco-e1688391680189.jpg\",\"datePublished\":\"2023-07-03T13:41:31+00:00\",\"dateModified\":\"2023-07-03T13:41:36+00:00\",\"author\":{\"@id\":\"https:\\\/\\\/www.altominho.tv\\\/site\\\/#\\\/schema\\\/person\\\/fd922cf16ebbbd1fff2019e656be940c\"},\"breadcrumb\":{\"@id\":\"https:\\\/\\\/www.altominho.tv\\\/site\\\/2023\\\/07\\\/03\\\/festival-transfronteirico-celebra-70-anos-de-carreira-de-antonio-victorino-dalmeida\\\/#breadcrumb\"},\"inLanguage\":\"pt-PT\",\"potentialAction\":[{\"@type\":\"ReadAction\",\"target\":[\"https:\\\/\\\/www.altominho.tv\\\/site\\\/2023\\\/07\\\/03\\\/festival-transfronteirico-celebra-70-anos-de-carreira-de-antonio-victorino-dalmeida\\\/\"]}]},{\"@type\":\"ImageObject\",\"inLanguage\":\"pt-PT\",\"@id\":\"https:\\\/\\\/www.altominho.tv\\\/site\\\/2023\\\/07\\\/03\\\/festival-transfronteirico-celebra-70-anos-de-carreira-de-antonio-victorino-dalmeida\\\/#primaryimage\",\"url\":\"https:\\\/\\\/www.altominho.tv\\\/site\\\/wp-content\\\/uploads\\\/2023\\\/07\\\/Antonio-Victorino-dAlmeida@Joao-Vasco-e1688391680189.jpg\",\"contentUrl\":\"https:\\\/\\\/www.altominho.tv\\\/site\\\/wp-content\\\/uploads\\\/2023\\\/07\\\/Antonio-Victorino-dAlmeida@Joao-Vasco-e1688391680189.jpg\",\"width\":999,\"height\":678},{\"@type\":\"BreadcrumbList\",\"@id\":\"https:\\\/\\\/www.altominho.tv\\\/site\\\/2023\\\/07\\\/03\\\/festival-transfronteirico-celebra-70-anos-de-carreira-de-antonio-victorino-dalmeida\\\/#breadcrumb\",\"itemListElement\":[{\"@type\":\"ListItem\",\"position\":1,\"name\":\"In\u00edcio\",\"item\":\"https:\\\/\\\/www.altominho.tv\\\/site\\\/\"},{\"@type\":\"ListItem\",\"position\":2,\"name\":\"Festival transfronteiri\u00e7o celebra 70 anos de carreira de Ant\u00f3nio Victorino d\u2019Almeida\"}]},{\"@type\":\"WebSite\",\"@id\":\"https:\\\/\\\/www.altominho.tv\\\/site\\\/#website\",\"url\":\"https:\\\/\\\/www.altominho.tv\\\/site\\\/\",\"name\":\"Altominho.tv\",\"description\":\"A sua regi\u00e3o \u00e0 dist\u00e2ncia de um clique...\",\"potentialAction\":[{\"@type\":\"SearchAction\",\"target\":{\"@type\":\"EntryPoint\",\"urlTemplate\":\"https:\\\/\\\/www.altominho.tv\\\/site\\\/?s={search_term_string}\"},\"query-input\":{\"@type\":\"PropertyValueSpecification\",\"valueRequired\":true,\"valueName\":\"search_term_string\"}}],\"inLanguage\":\"pt-PT\"},{\"@type\":\"Person\",\"@id\":\"https:\\\/\\\/www.altominho.tv\\\/site\\\/#\\\/schema\\\/person\\\/fd922cf16ebbbd1fff2019e656be940c\",\"name\":\"Juliana Soares\",\"image\":{\"@type\":\"ImageObject\",\"inLanguage\":\"pt-PT\",\"@id\":\"https:\\\/\\\/www.altominho.tv\\\/site\\\/wp-content\\\/uploads\\\/2023\\\/07\\\/Foto_Juliana-150x150.jpg\",\"url\":\"https:\\\/\\\/www.altominho.tv\\\/site\\\/wp-content\\\/uploads\\\/2023\\\/07\\\/Foto_Juliana-150x150.jpg\",\"contentUrl\":\"https:\\\/\\\/www.altominho.tv\\\/site\\\/wp-content\\\/uploads\\\/2023\\\/07\\\/Foto_Juliana-150x150.jpg\",\"caption\":\"Juliana Soares\"},\"url\":\"https:\\\/\\\/www.altominho.tv\\\/site\\\/author\\\/julianasoares\\\/\"}]}<\/script>\n<!-- \/ Yoast SEO Premium plugin. -->","yoast_head_json":{"title":"Festival transfronteiri\u00e7o celebra 70 anos de carreira de Ant\u00f3nio Victorino d\u2019Almeida","robots":{"index":"index","follow":"follow","max-snippet":"max-snippet:-1","max-image-preview":"max-image-preview:large","max-video-preview":"max-video-preview:-1"},"canonical":"https:\/\/www.altominho.tv\/site\/2023\/07\/03\/festival-transfronteirico-celebra-70-anos-de-carreira-de-antonio-victorino-dalmeida\/","og_locale":"pt_PT","og_type":"article","og_title":"Festival transfronteiri\u00e7o celebra 70 anos de carreira de Ant\u00f3nio Victorino d\u2019Almeida","og_description":"O festival transfronteiri\u00e7o, IKFEM, est\u00e1 de regresso \u00e0 Eurocidade Valen\u00e7a-Tui entre os dias 20 a 25 de julho com a 11.\u00aa edi\u00e7\u00e3o e um dos momentos principais da programa\u00e7\u00e3o vai contar com o concerto que vai juntar em palco Ant\u00f3nio Vitorino Almeida, Katia Guerreiro e Cremilda Medina. \u201cAo longo de cinco dias, a 11.\u00aa edi\u00e7\u00e3o [&hellip;]","og_url":"https:\/\/www.altominho.tv\/site\/2023\/07\/03\/festival-transfronteirico-celebra-70-anos-de-carreira-de-antonio-victorino-dalmeida\/","og_site_name":"Altominho.tv","article_publisher":"https:\/\/www.facebook.com\/altominhotv","article_published_time":"2023-07-03T13:41:31+00:00","article_modified_time":"2023-07-03T13:41:36+00:00","og_image":[{"width":999,"height":678,"url":"https:\/\/www.altominho.tv\/site\/wp-content\/uploads\/2023\/07\/Antonio-Victorino-dAlmeida@Joao-Vasco-e1688391680189.jpg","type":"image\/jpeg"}],"author":"Juliana Soares","twitter_card":"summary_large_image","twitter_creator":"@altominhoTV","twitter_site":"@altominhoTV","twitter_misc":{"Escrito por":"Juliana Soares","Tempo estimado de leitura":"2 minutos"},"schema":{"@context":"https:\/\/schema.org","@graph":[{"@type":"Article","@id":"https:\/\/www.altominho.tv\/site\/2023\/07\/03\/festival-transfronteirico-celebra-70-anos-de-carreira-de-antonio-victorino-dalmeida\/#article","isPartOf":{"@id":"https:\/\/www.altominho.tv\/site\/2023\/07\/03\/festival-transfronteirico-celebra-70-anos-de-carreira-de-antonio-victorino-dalmeida\/"},"author":{"name":"Juliana Soares","@id":"https:\/\/www.altominho.tv\/site\/#\/schema\/person\/fd922cf16ebbbd1fff2019e656be940c"},"headline":"Festival transfronteiri\u00e7o celebra 70 anos de carreira de Ant\u00f3nio Victorino d\u2019Almeida","datePublished":"2023-07-03T13:41:31+00:00","dateModified":"2023-07-03T13:41:36+00:00","mainEntityOfPage":{"@id":"https:\/\/www.altominho.tv\/site\/2023\/07\/03\/festival-transfronteirico-celebra-70-anos-de-carreira-de-antonio-victorino-dalmeida\/"},"wordCount":312,"image":{"@id":"https:\/\/www.altominho.tv\/site\/2023\/07\/03\/festival-transfronteirico-celebra-70-anos-de-carreira-de-antonio-victorino-dalmeida\/#primaryimage"},"thumbnailUrl":"https:\/\/www.altominho.tv\/site\/wp-content\/uploads\/2023\/07\/Antonio-Victorino-dAlmeida@Joao-Vasco-e1688391680189.jpg","keywords":["Sociedade"],"articleSection":["Valen\u00e7a"],"inLanguage":"pt-PT","copyrightYear":"2023","copyrightHolder":{"@id":"https:\/\/www.altominho.tv\/site\/#organization"}},{"@type":"WebPage","@id":"https:\/\/www.altominho.tv\/site\/2023\/07\/03\/festival-transfronteirico-celebra-70-anos-de-carreira-de-antonio-victorino-dalmeida\/","url":"https:\/\/www.altominho.tv\/site\/2023\/07\/03\/festival-transfronteirico-celebra-70-anos-de-carreira-de-antonio-victorino-dalmeida\/","name":"Festival transfronteiri\u00e7o celebra 70 anos de carreira de Ant\u00f3nio Victorino d\u2019Almeida","isPartOf":{"@id":"https:\/\/www.altominho.tv\/site\/#website"},"primaryImageOfPage":{"@id":"https:\/\/www.altominho.tv\/site\/2023\/07\/03\/festival-transfronteirico-celebra-70-anos-de-carreira-de-antonio-victorino-dalmeida\/#primaryimage"},"image":{"@id":"https:\/\/www.altominho.tv\/site\/2023\/07\/03\/festival-transfronteirico-celebra-70-anos-de-carreira-de-antonio-victorino-dalmeida\/#primaryimage"},"thumbnailUrl":"https:\/\/www.altominho.tv\/site\/wp-content\/uploads\/2023\/07\/Antonio-Victorino-dAlmeida@Joao-Vasco-e1688391680189.jpg","datePublished":"2023-07-03T13:41:31+00:00","dateModified":"2023-07-03T13:41:36+00:00","author":{"@id":"https:\/\/www.altominho.tv\/site\/#\/schema\/person\/fd922cf16ebbbd1fff2019e656be940c"},"breadcrumb":{"@id":"https:\/\/www.altominho.tv\/site\/2023\/07\/03\/festival-transfronteirico-celebra-70-anos-de-carreira-de-antonio-victorino-dalmeida\/#breadcrumb"},"inLanguage":"pt-PT","potentialAction":[{"@type":"ReadAction","target":["https:\/\/www.altominho.tv\/site\/2023\/07\/03\/festival-transfronteirico-celebra-70-anos-de-carreira-de-antonio-victorino-dalmeida\/"]}]},{"@type":"ImageObject","inLanguage":"pt-PT","@id":"https:\/\/www.altominho.tv\/site\/2023\/07\/03\/festival-transfronteirico-celebra-70-anos-de-carreira-de-antonio-victorino-dalmeida\/#primaryimage","url":"https:\/\/www.altominho.tv\/site\/wp-content\/uploads\/2023\/07\/Antonio-Victorino-dAlmeida@Joao-Vasco-e1688391680189.jpg","contentUrl":"https:\/\/www.altominho.tv\/site\/wp-content\/uploads\/2023\/07\/Antonio-Victorino-dAlmeida@Joao-Vasco-e1688391680189.jpg","width":999,"height":678},{"@type":"BreadcrumbList","@id":"https:\/\/www.altominho.tv\/site\/2023\/07\/03\/festival-transfronteirico-celebra-70-anos-de-carreira-de-antonio-victorino-dalmeida\/#breadcrumb","itemListElement":[{"@type":"ListItem","position":1,"name":"In\u00edcio","item":"https:\/\/www.altominho.tv\/site\/"},{"@type":"ListItem","position":2,"name":"Festival transfronteiri\u00e7o celebra 70 anos de carreira de Ant\u00f3nio Victorino d\u2019Almeida"}]},{"@type":"WebSite","@id":"https:\/\/www.altominho.tv\/site\/#website","url":"https:\/\/www.altominho.tv\/site\/","name":"Altominho.tv","description":"A sua regi\u00e3o \u00e0 dist\u00e2ncia de um clique...","potentialAction":[{"@type":"SearchAction","target":{"@type":"EntryPoint","urlTemplate":"https:\/\/www.altominho.tv\/site\/?s={search_term_string}"},"query-input":{"@type":"PropertyValueSpecification","valueRequired":true,"valueName":"search_term_string"}}],"inLanguage":"pt-PT"},{"@type":"Person","@id":"https:\/\/www.altominho.tv\/site\/#\/schema\/person\/fd922cf16ebbbd1fff2019e656be940c","name":"Juliana Soares","image":{"@type":"ImageObject","inLanguage":"pt-PT","@id":"https:\/\/www.altominho.tv\/site\/wp-content\/uploads\/2023\/07\/Foto_Juliana-150x150.jpg","url":"https:\/\/www.altominho.tv\/site\/wp-content\/uploads\/2023\/07\/Foto_Juliana-150x150.jpg","contentUrl":"https:\/\/www.altominho.tv\/site\/wp-content\/uploads\/2023\/07\/Foto_Juliana-150x150.jpg","caption":"Juliana Soares"},"url":"https:\/\/www.altominho.tv\/site\/author\/julianasoares\/"}]}},"_links":{"self":[{"href":"https:\/\/www.altominho.tv\/site\/wp-json\/wp\/v2\/posts\/93994","targetHints":{"allow":["GET"]}}],"collection":[{"href":"https:\/\/www.altominho.tv\/site\/wp-json\/wp\/v2\/posts"}],"about":[{"href":"https:\/\/www.altominho.tv\/site\/wp-json\/wp\/v2\/types\/post"}],"author":[{"embeddable":true,"href":"https:\/\/www.altominho.tv\/site\/wp-json\/wp\/v2\/users\/29"}],"replies":[{"embeddable":true,"href":"https:\/\/www.altominho.tv\/site\/wp-json\/wp\/v2\/comments?post=93994"}],"version-history":[{"count":1,"href":"https:\/\/www.altominho.tv\/site\/wp-json\/wp\/v2\/posts\/93994\/revisions"}],"predecessor-version":[{"id":93998,"href":"https:\/\/www.altominho.tv\/site\/wp-json\/wp\/v2\/posts\/93994\/revisions\/93998"}],"wp:featuredmedia":[{"embeddable":true,"href":"https:\/\/www.altominho.tv\/site\/wp-json\/wp\/v2\/media\/93995"}],"wp:attachment":[{"href":"https:\/\/www.altominho.tv\/site\/wp-json\/wp\/v2\/media?parent=93994"}],"wp:term":[{"taxonomy":"category","embeddable":true,"href":"https:\/\/www.altominho.tv\/site\/wp-json\/wp\/v2\/categories?post=93994"},{"taxonomy":"post_tag","embeddable":true,"href":"https:\/\/www.altominho.tv\/site\/wp-json\/wp\/v2\/tags?post=93994"}],"curies":[{"name":"wp","href":"https:\/\/api.w.org\/{rel}","templated":true}]}}