{"id":93992,"date":"2023-07-03T14:39:47","date_gmt":"2023-07-03T13:39:47","guid":{"rendered":"https:\/\/www.altominho.tv\/site\/?p=93992"},"modified":"2023-07-03T14:39:51","modified_gmt":"2023-07-03T13:39:51","slug":"valenca-recebe-workshops-dedicados-ao-artesanato","status":"publish","type":"post","link":"https:\/\/www.altominho.tv\/site\/2023\/07\/03\/valenca-recebe-workshops-dedicados-ao-artesanato\/","title":{"rendered":"Valen\u00e7a recebe\u00a0workshops dedicados ao\u00a0artesanato"},"content":{"rendered":"<p align=\"justify\">No \u00e2mbito do projeto PROVERE Amar o Minho &#8211; PA4, a Folk &amp; Wild dinamiza dois workshops, no pr\u00f3ximo dia 7 de julho, em Valen\u00e7a.<\/p>\n<p align=\"justify\">Ambos s\u00e3o de forma\u00e7\u00e3o gratuita.<\/p>\n<p align=\"justify\">O primeiro intitula-se de &#8220;Workshop M\u00e9dia para artes\u00e3os&#8221; e ocorre no Audit\u00f3rio da Biblioteca Municipal, entre as 09h30 e as 12h30.<\/p>\n<p>Neste workshop &#8220;vamos aprender a criar m\u00e9dia para a web com a melhor qualidade poss\u00edvel, de acordo com os meios t\u00e9cnicos que cada um possui. E tamb\u00e9m, como procurar uma linguagem comum que seja espelho da nossa hist\u00f3ria enquanto pessoas e profissionais&#8221; descreve a autarquia.<\/p>\n<p>A inscri\u00e7\u00e3o \u00e9 feita atrav\u00e9s do e-mail \u00a0<a href=\"mailto:info@folkwild.pt\" target=\"_blank\" rel=\"noopener\">info@folkwild.pt<\/a>.<\/p>\n<p>O segundo workshop denomina-se de &#8220;Workshop Broa em forno de lenha&#8221; dinamizado pelos artes\u00e3os &#8220;Broa com Hist\u00f3ria&#8221; e a acontecer entre as 14h30 e as 17h30 nas instala\u00e7\u00f5es da &#8220;Broa com hist\u00f3ria&#8221;.<\/p>\n<p>&#8220;Neste workshop iremos aprender a cozer bora em forne de lenha como antigamente, mas, como a pr\u00f3pria tradi\u00e7\u00e3o se faz todos os dias, &#8220;Broas com Hist\u00f3ria&#8221; vai-nos ensinar a pegar no passado e a dar-lhe sabores contempor\u00e2neos&#8221; revela o munic\u00edpio.<\/p>\n<p>A inscri\u00e7\u00e3o \u00e9 obrigat\u00f3ria e feita atrav\u00e9s de <a href=\"https:\/\/docs.google.com\/forms\/d\/e\/1FAIpQLSdBSWAh_iuExsEfM6kfXA_XvQ1SyIDZmWvj-WaXW4AkM2AyPw\/viewform\" target=\"_blank\" rel=\"noopener\">https:\/\/docs.google.com\/forms\/d\/e\/1FAIpQLSdBSWAh_iuExsEfM6kfXA_XvQ1SyIDZmWvj-WaXW4AkM2AyPw\/viewform<\/a><\/p>\n","protected":false},"excerpt":{"rendered":"<p>No \u00e2mbito do projeto PROVERE Amar o Minho &#8211; PA4, a Folk &amp; Wild dinamiza dois workshops, no pr\u00f3ximo dia 7 de julho, em Valen\u00e7a. Ambos s\u00e3o de forma\u00e7\u00e3o gratuita. O primeiro intitula-se de &#8220;Workshop M\u00e9dia para artes\u00e3os&#8221; e ocorre no Audit\u00f3rio da Biblioteca Municipal, entre as 09h30 e as 12h30. Neste workshop &#8220;vamos aprender [&hellip;]<\/p>\n","protected":false},"author":28,"featured_media":93996,"comment_status":"closed","ping_status":"closed","sticky":false,"template":"","format":"standard","meta":{"_exactmetrics_skip_tracking":false,"_exactmetrics_sitenote_active":false,"_exactmetrics_sitenote_note":"","_exactmetrics_sitenote_category":0,"footnotes":""},"categories":[13],"tags":[24,27],"class_list":["post-93992","post","type-post","status-publish","format-standard","has-post-thumbnail","hentry","category-valenca","tag-lazer","tag-sociedade"],"yoast_head":"<!-- This site is optimized with the Yoast SEO Premium plugin v27.4 (Yoast SEO v27.4) - https:\/\/yoast.com\/product\/yoast-seo-premium-wordpress\/ -->\n<title>Valen\u00e7a recebe\u00a0workshops dedicados ao\u00a0artesanato<\/title>\n<meta name=\"description\" content=\"No \u00e2mbito do projeto PROVERE Amar o Minho - PA4, a Folk &amp; Wild dinamiza dois workshops, no pr\u00f3ximo dia 7 de julho, em Valen\u00e7a\" \/>\n<meta name=\"robots\" content=\"index, follow, max-snippet:-1, max-image-preview:large, max-video-preview:-1\" \/>\n<link rel=\"canonical\" href=\"https:\/\/www.altominho.tv\/site\/2023\/07\/03\/valenca-recebe-workshops-dedicados-ao-artesanato\/\" \/>\n<meta property=\"og:locale\" content=\"pt_PT\" \/>\n<meta property=\"og:type\" content=\"article\" \/>\n<meta property=\"og:title\" content=\"Valen\u00e7a recebe\u00a0workshops dedicados ao\u00a0artesanato\" \/>\n<meta property=\"og:description\" content=\"No \u00e2mbito do projeto PROVERE Amar o Minho - PA4, a Folk &amp; Wild dinamiza dois workshops, no pr\u00f3ximo dia 7 de julho, em Valen\u00e7a\" \/>\n<meta property=\"og:url\" content=\"https:\/\/www.altominho.tv\/site\/2023\/07\/03\/valenca-recebe-workshops-dedicados-ao-artesanato\/\" \/>\n<meta property=\"og:site_name\" content=\"Altominho.tv\" \/>\n<meta property=\"article:publisher\" content=\"https:\/\/www.facebook.com\/altominhotv\" \/>\n<meta property=\"article:published_time\" content=\"2023-07-03T13:39:47+00:00\" \/>\n<meta property=\"article:modified_time\" content=\"2023-07-03T13:39:51+00:00\" \/>\n<meta property=\"og:image\" content=\"https:\/\/www.altominho.tv\/site\/wp-content\/uploads\/2023\/07\/Valenca-cidade-scaled-1.jpeg\" \/>\n\t<meta property=\"og:image:width\" content=\"2560\" \/>\n\t<meta property=\"og:image:height\" content=\"1440\" \/>\n\t<meta property=\"og:image:type\" content=\"image\/jpeg\" \/>\n<meta name=\"author\" content=\"Beatriz Lira\" \/>\n<meta name=\"twitter:card\" content=\"summary_large_image\" \/>\n<meta name=\"twitter:creator\" content=\"@altominhoTV\" \/>\n<meta name=\"twitter:site\" content=\"@altominhoTV\" \/>\n<meta name=\"twitter:label1\" content=\"Escrito por\" \/>\n\t<meta name=\"twitter:data1\" content=\"Beatriz Lira\" \/>\n\t<meta name=\"twitter:label2\" content=\"Tempo estimado de leitura\" \/>\n\t<meta name=\"twitter:data2\" content=\"2 minutos\" \/>\n<script type=\"application\/ld+json\" class=\"yoast-schema-graph\">{\"@context\":\"https:\\\/\\\/schema.org\",\"@graph\":[{\"@type\":\"Article\",\"@id\":\"https:\\\/\\\/www.altominho.tv\\\/site\\\/2023\\\/07\\\/03\\\/valenca-recebe-workshops-dedicados-ao-artesanato\\\/#article\",\"isPartOf\":{\"@id\":\"https:\\\/\\\/www.altominho.tv\\\/site\\\/2023\\\/07\\\/03\\\/valenca-recebe-workshops-dedicados-ao-artesanato\\\/\"},\"author\":{\"name\":\"Beatriz Lira\",\"@id\":\"https:\\\/\\\/www.altominho.tv\\\/site\\\/#\\\/schema\\\/person\\\/f95a2097796cf4462fe1e476cddc40e4\"},\"headline\":\"Valen\u00e7a recebe\u00a0workshops dedicados ao\u00a0artesanato\",\"datePublished\":\"2023-07-03T13:39:47+00:00\",\"dateModified\":\"2023-07-03T13:39:51+00:00\",\"mainEntityOfPage\":{\"@id\":\"https:\\\/\\\/www.altominho.tv\\\/site\\\/2023\\\/07\\\/03\\\/valenca-recebe-workshops-dedicados-ao-artesanato\\\/\"},\"wordCount\":231,\"image\":{\"@id\":\"https:\\\/\\\/www.altominho.tv\\\/site\\\/2023\\\/07\\\/03\\\/valenca-recebe-workshops-dedicados-ao-artesanato\\\/#primaryimage\"},\"thumbnailUrl\":\"https:\\\/\\\/www.altominho.tv\\\/site\\\/wp-content\\\/uploads\\\/2023\\\/07\\\/Valenca-cidade-scaled-1.jpeg\",\"keywords\":[\"Lazer\",\"Sociedade\"],\"articleSection\":[\"Valen\u00e7a\"],\"inLanguage\":\"pt-PT\",\"copyrightYear\":\"2023\",\"copyrightHolder\":{\"@id\":\"https:\\\/\\\/www.altominho.tv\\\/site\\\/#organization\"}},{\"@type\":\"WebPage\",\"@id\":\"https:\\\/\\\/www.altominho.tv\\\/site\\\/2023\\\/07\\\/03\\\/valenca-recebe-workshops-dedicados-ao-artesanato\\\/\",\"url\":\"https:\\\/\\\/www.altominho.tv\\\/site\\\/2023\\\/07\\\/03\\\/valenca-recebe-workshops-dedicados-ao-artesanato\\\/\",\"name\":\"Valen\u00e7a recebe\u00a0workshops dedicados ao\u00a0artesanato\",\"isPartOf\":{\"@id\":\"https:\\\/\\\/www.altominho.tv\\\/site\\\/#website\"},\"primaryImageOfPage\":{\"@id\":\"https:\\\/\\\/www.altominho.tv\\\/site\\\/2023\\\/07\\\/03\\\/valenca-recebe-workshops-dedicados-ao-artesanato\\\/#primaryimage\"},\"image\":{\"@id\":\"https:\\\/\\\/www.altominho.tv\\\/site\\\/2023\\\/07\\\/03\\\/valenca-recebe-workshops-dedicados-ao-artesanato\\\/#primaryimage\"},\"thumbnailUrl\":\"https:\\\/\\\/www.altominho.tv\\\/site\\\/wp-content\\\/uploads\\\/2023\\\/07\\\/Valenca-cidade-scaled-1.jpeg\",\"datePublished\":\"2023-07-03T13:39:47+00:00\",\"dateModified\":\"2023-07-03T13:39:51+00:00\",\"author\":{\"@id\":\"https:\\\/\\\/www.altominho.tv\\\/site\\\/#\\\/schema\\\/person\\\/f95a2097796cf4462fe1e476cddc40e4\"},\"description\":\"No \u00e2mbito do projeto PROVERE Amar o Minho - PA4, a Folk & Wild dinamiza dois workshops, no pr\u00f3ximo dia 7 de julho, em Valen\u00e7a\",\"breadcrumb\":{\"@id\":\"https:\\\/\\\/www.altominho.tv\\\/site\\\/2023\\\/07\\\/03\\\/valenca-recebe-workshops-dedicados-ao-artesanato\\\/#breadcrumb\"},\"inLanguage\":\"pt-PT\",\"potentialAction\":[{\"@type\":\"ReadAction\",\"target\":[\"https:\\\/\\\/www.altominho.tv\\\/site\\\/2023\\\/07\\\/03\\\/valenca-recebe-workshops-dedicados-ao-artesanato\\\/\"]}]},{\"@type\":\"ImageObject\",\"inLanguage\":\"pt-PT\",\"@id\":\"https:\\\/\\\/www.altominho.tv\\\/site\\\/2023\\\/07\\\/03\\\/valenca-recebe-workshops-dedicados-ao-artesanato\\\/#primaryimage\",\"url\":\"https:\\\/\\\/www.altominho.tv\\\/site\\\/wp-content\\\/uploads\\\/2023\\\/07\\\/Valenca-cidade-scaled-1.jpeg\",\"contentUrl\":\"https:\\\/\\\/www.altominho.tv\\\/site\\\/wp-content\\\/uploads\\\/2023\\\/07\\\/Valenca-cidade-scaled-1.jpeg\",\"width\":2560,\"height\":1440},{\"@type\":\"BreadcrumbList\",\"@id\":\"https:\\\/\\\/www.altominho.tv\\\/site\\\/2023\\\/07\\\/03\\\/valenca-recebe-workshops-dedicados-ao-artesanato\\\/#breadcrumb\",\"itemListElement\":[{\"@type\":\"ListItem\",\"position\":1,\"name\":\"In\u00edcio\",\"item\":\"https:\\\/\\\/www.altominho.tv\\\/site\\\/\"},{\"@type\":\"ListItem\",\"position\":2,\"name\":\"Valen\u00e7a recebe\u00a0workshops dedicados ao\u00a0artesanato\"}]},{\"@type\":\"WebSite\",\"@id\":\"https:\\\/\\\/www.altominho.tv\\\/site\\\/#website\",\"url\":\"https:\\\/\\\/www.altominho.tv\\\/site\\\/\",\"name\":\"Altominho.tv\",\"description\":\"A sua regi\u00e3o \u00e0 dist\u00e2ncia de um clique...\",\"potentialAction\":[{\"@type\":\"SearchAction\",\"target\":{\"@type\":\"EntryPoint\",\"urlTemplate\":\"https:\\\/\\\/www.altominho.tv\\\/site\\\/?s={search_term_string}\"},\"query-input\":{\"@type\":\"PropertyValueSpecification\",\"valueRequired\":true,\"valueName\":\"search_term_string\"}}],\"inLanguage\":\"pt-PT\"},{\"@type\":\"Person\",\"@id\":\"https:\\\/\\\/www.altominho.tv\\\/site\\\/#\\\/schema\\\/person\\\/f95a2097796cf4462fe1e476cddc40e4\",\"name\":\"Beatriz Lira\",\"image\":{\"@type\":\"ImageObject\",\"inLanguage\":\"pt-PT\",\"@id\":\"https:\\\/\\\/www.altominho.tv\\\/site\\\/wp-content\\\/uploads\\\/2023\\\/03\\\/Screenshot_20230306-141220_Photos-150x150.jpg\",\"url\":\"https:\\\/\\\/www.altominho.tv\\\/site\\\/wp-content\\\/uploads\\\/2023\\\/03\\\/Screenshot_20230306-141220_Photos-150x150.jpg\",\"contentUrl\":\"https:\\\/\\\/www.altominho.tv\\\/site\\\/wp-content\\\/uploads\\\/2023\\\/03\\\/Screenshot_20230306-141220_Photos-150x150.jpg\",\"caption\":\"Beatriz Lira\"},\"url\":\"https:\\\/\\\/www.altominho.tv\\\/site\\\/author\\\/beatriz\\\/\"}]}<\/script>\n<!-- \/ Yoast SEO Premium plugin. -->","yoast_head_json":{"title":"Valen\u00e7a recebe\u00a0workshops dedicados ao\u00a0artesanato","description":"No \u00e2mbito do projeto PROVERE Amar o Minho - PA4, a Folk & Wild dinamiza dois workshops, no pr\u00f3ximo dia 7 de julho, em Valen\u00e7a","robots":{"index":"index","follow":"follow","max-snippet":"max-snippet:-1","max-image-preview":"max-image-preview:large","max-video-preview":"max-video-preview:-1"},"canonical":"https:\/\/www.altominho.tv\/site\/2023\/07\/03\/valenca-recebe-workshops-dedicados-ao-artesanato\/","og_locale":"pt_PT","og_type":"article","og_title":"Valen\u00e7a recebe\u00a0workshops dedicados ao\u00a0artesanato","og_description":"No \u00e2mbito do projeto PROVERE Amar o Minho - PA4, a Folk & Wild dinamiza dois workshops, no pr\u00f3ximo dia 7 de julho, em Valen\u00e7a","og_url":"https:\/\/www.altominho.tv\/site\/2023\/07\/03\/valenca-recebe-workshops-dedicados-ao-artesanato\/","og_site_name":"Altominho.tv","article_publisher":"https:\/\/www.facebook.com\/altominhotv","article_published_time":"2023-07-03T13:39:47+00:00","article_modified_time":"2023-07-03T13:39:51+00:00","og_image":[{"width":2560,"height":1440,"url":"https:\/\/www.altominho.tv\/site\/wp-content\/uploads\/2023\/07\/Valenca-cidade-scaled-1.jpeg","type":"image\/jpeg"}],"author":"Beatriz Lira","twitter_card":"summary_large_image","twitter_creator":"@altominhoTV","twitter_site":"@altominhoTV","twitter_misc":{"Escrito por":"Beatriz Lira","Tempo estimado de leitura":"2 minutos"},"schema":{"@context":"https:\/\/schema.org","@graph":[{"@type":"Article","@id":"https:\/\/www.altominho.tv\/site\/2023\/07\/03\/valenca-recebe-workshops-dedicados-ao-artesanato\/#article","isPartOf":{"@id":"https:\/\/www.altominho.tv\/site\/2023\/07\/03\/valenca-recebe-workshops-dedicados-ao-artesanato\/"},"author":{"name":"Beatriz Lira","@id":"https:\/\/www.altominho.tv\/site\/#\/schema\/person\/f95a2097796cf4462fe1e476cddc40e4"},"headline":"Valen\u00e7a recebe\u00a0workshops dedicados ao\u00a0artesanato","datePublished":"2023-07-03T13:39:47+00:00","dateModified":"2023-07-03T13:39:51+00:00","mainEntityOfPage":{"@id":"https:\/\/www.altominho.tv\/site\/2023\/07\/03\/valenca-recebe-workshops-dedicados-ao-artesanato\/"},"wordCount":231,"image":{"@id":"https:\/\/www.altominho.tv\/site\/2023\/07\/03\/valenca-recebe-workshops-dedicados-ao-artesanato\/#primaryimage"},"thumbnailUrl":"https:\/\/www.altominho.tv\/site\/wp-content\/uploads\/2023\/07\/Valenca-cidade-scaled-1.jpeg","keywords":["Lazer","Sociedade"],"articleSection":["Valen\u00e7a"],"inLanguage":"pt-PT","copyrightYear":"2023","copyrightHolder":{"@id":"https:\/\/www.altominho.tv\/site\/#organization"}},{"@type":"WebPage","@id":"https:\/\/www.altominho.tv\/site\/2023\/07\/03\/valenca-recebe-workshops-dedicados-ao-artesanato\/","url":"https:\/\/www.altominho.tv\/site\/2023\/07\/03\/valenca-recebe-workshops-dedicados-ao-artesanato\/","name":"Valen\u00e7a recebe\u00a0workshops dedicados ao\u00a0artesanato","isPartOf":{"@id":"https:\/\/www.altominho.tv\/site\/#website"},"primaryImageOfPage":{"@id":"https:\/\/www.altominho.tv\/site\/2023\/07\/03\/valenca-recebe-workshops-dedicados-ao-artesanato\/#primaryimage"},"image":{"@id":"https:\/\/www.altominho.tv\/site\/2023\/07\/03\/valenca-recebe-workshops-dedicados-ao-artesanato\/#primaryimage"},"thumbnailUrl":"https:\/\/www.altominho.tv\/site\/wp-content\/uploads\/2023\/07\/Valenca-cidade-scaled-1.jpeg","datePublished":"2023-07-03T13:39:47+00:00","dateModified":"2023-07-03T13:39:51+00:00","author":{"@id":"https:\/\/www.altominho.tv\/site\/#\/schema\/person\/f95a2097796cf4462fe1e476cddc40e4"},"description":"No \u00e2mbito do projeto PROVERE Amar o Minho - PA4, a Folk & Wild dinamiza dois workshops, no pr\u00f3ximo dia 7 de julho, em Valen\u00e7a","breadcrumb":{"@id":"https:\/\/www.altominho.tv\/site\/2023\/07\/03\/valenca-recebe-workshops-dedicados-ao-artesanato\/#breadcrumb"},"inLanguage":"pt-PT","potentialAction":[{"@type":"ReadAction","target":["https:\/\/www.altominho.tv\/site\/2023\/07\/03\/valenca-recebe-workshops-dedicados-ao-artesanato\/"]}]},{"@type":"ImageObject","inLanguage":"pt-PT","@id":"https:\/\/www.altominho.tv\/site\/2023\/07\/03\/valenca-recebe-workshops-dedicados-ao-artesanato\/#primaryimage","url":"https:\/\/www.altominho.tv\/site\/wp-content\/uploads\/2023\/07\/Valenca-cidade-scaled-1.jpeg","contentUrl":"https:\/\/www.altominho.tv\/site\/wp-content\/uploads\/2023\/07\/Valenca-cidade-scaled-1.jpeg","width":2560,"height":1440},{"@type":"BreadcrumbList","@id":"https:\/\/www.altominho.tv\/site\/2023\/07\/03\/valenca-recebe-workshops-dedicados-ao-artesanato\/#breadcrumb","itemListElement":[{"@type":"ListItem","position":1,"name":"In\u00edcio","item":"https:\/\/www.altominho.tv\/site\/"},{"@type":"ListItem","position":2,"name":"Valen\u00e7a recebe\u00a0workshops dedicados ao\u00a0artesanato"}]},{"@type":"WebSite","@id":"https:\/\/www.altominho.tv\/site\/#website","url":"https:\/\/www.altominho.tv\/site\/","name":"Altominho.tv","description":"A sua regi\u00e3o \u00e0 dist\u00e2ncia de um clique...","potentialAction":[{"@type":"SearchAction","target":{"@type":"EntryPoint","urlTemplate":"https:\/\/www.altominho.tv\/site\/?s={search_term_string}"},"query-input":{"@type":"PropertyValueSpecification","valueRequired":true,"valueName":"search_term_string"}}],"inLanguage":"pt-PT"},{"@type":"Person","@id":"https:\/\/www.altominho.tv\/site\/#\/schema\/person\/f95a2097796cf4462fe1e476cddc40e4","name":"Beatriz Lira","image":{"@type":"ImageObject","inLanguage":"pt-PT","@id":"https:\/\/www.altominho.tv\/site\/wp-content\/uploads\/2023\/03\/Screenshot_20230306-141220_Photos-150x150.jpg","url":"https:\/\/www.altominho.tv\/site\/wp-content\/uploads\/2023\/03\/Screenshot_20230306-141220_Photos-150x150.jpg","contentUrl":"https:\/\/www.altominho.tv\/site\/wp-content\/uploads\/2023\/03\/Screenshot_20230306-141220_Photos-150x150.jpg","caption":"Beatriz Lira"},"url":"https:\/\/www.altominho.tv\/site\/author\/beatriz\/"}]}},"_links":{"self":[{"href":"https:\/\/www.altominho.tv\/site\/wp-json\/wp\/v2\/posts\/93992","targetHints":{"allow":["GET"]}}],"collection":[{"href":"https:\/\/www.altominho.tv\/site\/wp-json\/wp\/v2\/posts"}],"about":[{"href":"https:\/\/www.altominho.tv\/site\/wp-json\/wp\/v2\/types\/post"}],"author":[{"embeddable":true,"href":"https:\/\/www.altominho.tv\/site\/wp-json\/wp\/v2\/users\/28"}],"replies":[{"embeddable":true,"href":"https:\/\/www.altominho.tv\/site\/wp-json\/wp\/v2\/comments?post=93992"}],"version-history":[{"count":1,"href":"https:\/\/www.altominho.tv\/site\/wp-json\/wp\/v2\/posts\/93992\/revisions"}],"predecessor-version":[{"id":93997,"href":"https:\/\/www.altominho.tv\/site\/wp-json\/wp\/v2\/posts\/93992\/revisions\/93997"}],"wp:featuredmedia":[{"embeddable":true,"href":"https:\/\/www.altominho.tv\/site\/wp-json\/wp\/v2\/media\/93996"}],"wp:attachment":[{"href":"https:\/\/www.altominho.tv\/site\/wp-json\/wp\/v2\/media?parent=93992"}],"wp:term":[{"taxonomy":"category","embeddable":true,"href":"https:\/\/www.altominho.tv\/site\/wp-json\/wp\/v2\/categories?post=93992"},{"taxonomy":"post_tag","embeddable":true,"href":"https:\/\/www.altominho.tv\/site\/wp-json\/wp\/v2\/tags?post=93992"}],"curies":[{"name":"wp","href":"https:\/\/api.w.org\/{rel}","templated":true}]}}