{"id":93980,"date":"2023-07-03T12:35:45","date_gmt":"2023-07-03T11:35:45","guid":{"rendered":"https:\/\/www.altominho.tv\/site\/?p=93980"},"modified":"2023-07-03T12:55:20","modified_gmt":"2023-07-03T11:55:20","slug":"cinema-as-quintas-regressa-ao-jardim-municipal-de-valenca","status":"publish","type":"post","link":"https:\/\/www.altominho.tv\/site\/2023\/07\/03\/cinema-as-quintas-regressa-ao-jardim-municipal-de-valenca\/","title":{"rendered":"\u201cCinema \u00e0s Quintas\u201d regressa ao Jardim Municipal de Valen\u00e7a"},"content":{"rendered":"<p>A segunda edi\u00e7\u00e3o de \u201cCinema \u00e0s Quintas\u201d vai realizar-se novamente no Jardim Municipal de Valen\u00e7a todas as quintas-feiras, pelas 22h00.<\/p>\n<p>A iniciativa \u201cCinema \u00e0s Quintas\u201d vai exibir quatro filmes que \u201cprometem voltar a lotar a \u2018sala de cinema\u2019 ao ar livre&#8221; e a primeira sess\u00e3o acontece j\u00e1 no dia 6 de julho com o filme \u201cCurral de Moinas, os banqueiros do povo\u201d, uma com\u00e9dia de Miguel Cadilhe, de 2022.<\/p>\n<p>A segunda e terceira sess\u00f5es de cinema v\u00e3o decorrer, respetivamente, nos dias 13 e 20 de julho, onde ser\u00e3o apresentados os filmes \u201cO Pai Tirano\u201d, uma com\u00e9dia do realizador Jo\u00e3o Gomes, e o \u201cPin\u00f3quio\u201d, de Bruno Gascon.<\/p>\n<p>O filme \u201cThe 355\u201d, de Simon Kinberg, vai encerrar esta edi\u00e7\u00e3o no dia 27 de julho.<\/p>\n<p>Todas as sess\u00f5es de cinema s\u00e3o gratuitas e esta iniciativa pretende convidar as pessoas \u201ca viver a experi\u00eancia \u00fanica de assistir a cinema de qualidade, ao ar livre\u201d.<\/p>\n","protected":false},"excerpt":{"rendered":"<p>A segunda edi\u00e7\u00e3o de \u201cCinema \u00e0s Quintas\u201d vai realizar-se novamente no Jardim Municipal de Valen\u00e7a todas as quintas-feiras, pelas 22h00. A iniciativa \u201cCinema \u00e0s Quintas\u201d vai exibir quatro filmes que \u201cprometem voltar a lotar a \u2018sala de cinema\u2019 ao ar livre&#8221; e a primeira sess\u00e3o acontece j\u00e1 no dia 6 de julho com o filme [&hellip;]<\/p>\n","protected":false},"author":29,"featured_media":93983,"comment_status":"closed","ping_status":"closed","sticky":false,"template":"","format":"standard","meta":{"_exactmetrics_skip_tracking":false,"_exactmetrics_sitenote_active":false,"_exactmetrics_sitenote_note":"","_exactmetrics_sitenote_category":0,"footnotes":""},"categories":[13],"tags":[19,27],"class_list":["post-93980","post","type-post","status-publish","format-standard","has-post-thumbnail","hentry","category-valenca","tag-cultura","tag-sociedade"],"yoast_head":"<!-- This site is optimized with the Yoast SEO Premium plugin v27.4 (Yoast SEO v27.4) - https:\/\/yoast.com\/product\/yoast-seo-premium-wordpress\/ -->\n<title>\u201cCinema \u00e0s Quintas\u201d regressa ao Jardim Municipal de Valen\u00e7a<\/title>\n<meta name=\"description\" content=\"A segunda edi\u00e7\u00e3o de \u201cCinema \u00e0s Quintas\u201d vai realizar-se novamente no Jardim Municipal de Valen\u00e7a todas as quintas-feiras, pelas 22h00.\" \/>\n<meta name=\"robots\" content=\"index, follow, max-snippet:-1, max-image-preview:large, max-video-preview:-1\" \/>\n<link rel=\"canonical\" href=\"https:\/\/www.altominho.tv\/site\/2023\/07\/03\/cinema-as-quintas-regressa-ao-jardim-municipal-de-valenca\/\" \/>\n<meta property=\"og:locale\" content=\"pt_PT\" \/>\n<meta property=\"og:type\" content=\"article\" \/>\n<meta property=\"og:title\" content=\"\u201cCinema \u00e0s Quintas\u201d regressa ao Jardim Municipal de Valen\u00e7a\" \/>\n<meta property=\"og:description\" content=\"A segunda edi\u00e7\u00e3o de \u201cCinema \u00e0s Quintas\u201d vai realizar-se novamente no Jardim Municipal de Valen\u00e7a todas as quintas-feiras, pelas 22h00.\" \/>\n<meta property=\"og:url\" content=\"https:\/\/www.altominho.tv\/site\/2023\/07\/03\/cinema-as-quintas-regressa-ao-jardim-municipal-de-valenca\/\" \/>\n<meta property=\"og:site_name\" content=\"Altominho.tv\" \/>\n<meta property=\"article:publisher\" content=\"https:\/\/www.facebook.com\/altominhotv\" \/>\n<meta property=\"article:published_time\" content=\"2023-07-03T11:35:45+00:00\" \/>\n<meta property=\"article:modified_time\" content=\"2023-07-03T11:55:20+00:00\" \/>\n<meta property=\"og:image\" content=\"https:\/\/www.altominho.tv\/site\/wp-content\/uploads\/2023\/07\/cinema--scaled.jpg\" \/>\n\t<meta property=\"og:image:width\" content=\"2560\" \/>\n\t<meta property=\"og:image:height\" content=\"1440\" \/>\n\t<meta property=\"og:image:type\" content=\"image\/jpeg\" \/>\n<meta name=\"author\" content=\"Juliana Soares\" \/>\n<meta name=\"twitter:card\" content=\"summary_large_image\" \/>\n<meta name=\"twitter:creator\" content=\"@altominhoTV\" \/>\n<meta name=\"twitter:site\" content=\"@altominhoTV\" \/>\n<meta name=\"twitter:label1\" content=\"Escrito por\" \/>\n\t<meta name=\"twitter:data1\" content=\"Juliana Soares\" \/>\n\t<meta name=\"twitter:label2\" content=\"Tempo estimado de leitura\" \/>\n\t<meta name=\"twitter:data2\" content=\"1 minuto\" \/>\n<script type=\"application\/ld+json\" class=\"yoast-schema-graph\">{\"@context\":\"https:\\\/\\\/schema.org\",\"@graph\":[{\"@type\":\"Article\",\"@id\":\"https:\\\/\\\/www.altominho.tv\\\/site\\\/2023\\\/07\\\/03\\\/cinema-as-quintas-regressa-ao-jardim-municipal-de-valenca\\\/#article\",\"isPartOf\":{\"@id\":\"https:\\\/\\\/www.altominho.tv\\\/site\\\/2023\\\/07\\\/03\\\/cinema-as-quintas-regressa-ao-jardim-municipal-de-valenca\\\/\"},\"author\":{\"name\":\"Juliana Soares\",\"@id\":\"https:\\\/\\\/www.altominho.tv\\\/site\\\/#\\\/schema\\\/person\\\/fd922cf16ebbbd1fff2019e656be940c\"},\"headline\":\"\u201cCinema \u00e0s Quintas\u201d regressa ao Jardim Municipal de Valen\u00e7a\",\"datePublished\":\"2023-07-03T11:35:45+00:00\",\"dateModified\":\"2023-07-03T11:55:20+00:00\",\"mainEntityOfPage\":{\"@id\":\"https:\\\/\\\/www.altominho.tv\\\/site\\\/2023\\\/07\\\/03\\\/cinema-as-quintas-regressa-ao-jardim-municipal-de-valenca\\\/\"},\"wordCount\":168,\"image\":{\"@id\":\"https:\\\/\\\/www.altominho.tv\\\/site\\\/2023\\\/07\\\/03\\\/cinema-as-quintas-regressa-ao-jardim-municipal-de-valenca\\\/#primaryimage\"},\"thumbnailUrl\":\"https:\\\/\\\/www.altominho.tv\\\/site\\\/wp-content\\\/uploads\\\/2023\\\/07\\\/cinema--scaled.jpg\",\"keywords\":[\"Cultura\",\"Sociedade\"],\"articleSection\":[\"Valen\u00e7a\"],\"inLanguage\":\"pt-PT\",\"copyrightYear\":\"2023\",\"copyrightHolder\":{\"@id\":\"https:\\\/\\\/www.altominho.tv\\\/site\\\/#organization\"}},{\"@type\":\"WebPage\",\"@id\":\"https:\\\/\\\/www.altominho.tv\\\/site\\\/2023\\\/07\\\/03\\\/cinema-as-quintas-regressa-ao-jardim-municipal-de-valenca\\\/\",\"url\":\"https:\\\/\\\/www.altominho.tv\\\/site\\\/2023\\\/07\\\/03\\\/cinema-as-quintas-regressa-ao-jardim-municipal-de-valenca\\\/\",\"name\":\"\u201cCinema \u00e0s Quintas\u201d regressa ao Jardim Municipal de Valen\u00e7a\",\"isPartOf\":{\"@id\":\"https:\\\/\\\/www.altominho.tv\\\/site\\\/#website\"},\"primaryImageOfPage\":{\"@id\":\"https:\\\/\\\/www.altominho.tv\\\/site\\\/2023\\\/07\\\/03\\\/cinema-as-quintas-regressa-ao-jardim-municipal-de-valenca\\\/#primaryimage\"},\"image\":{\"@id\":\"https:\\\/\\\/www.altominho.tv\\\/site\\\/2023\\\/07\\\/03\\\/cinema-as-quintas-regressa-ao-jardim-municipal-de-valenca\\\/#primaryimage\"},\"thumbnailUrl\":\"https:\\\/\\\/www.altominho.tv\\\/site\\\/wp-content\\\/uploads\\\/2023\\\/07\\\/cinema--scaled.jpg\",\"datePublished\":\"2023-07-03T11:35:45+00:00\",\"dateModified\":\"2023-07-03T11:55:20+00:00\",\"author\":{\"@id\":\"https:\\\/\\\/www.altominho.tv\\\/site\\\/#\\\/schema\\\/person\\\/fd922cf16ebbbd1fff2019e656be940c\"},\"description\":\"A segunda edi\u00e7\u00e3o de \u201cCinema \u00e0s Quintas\u201d vai realizar-se novamente no Jardim Municipal de Valen\u00e7a todas as quintas-feiras, pelas 22h00.\",\"breadcrumb\":{\"@id\":\"https:\\\/\\\/www.altominho.tv\\\/site\\\/2023\\\/07\\\/03\\\/cinema-as-quintas-regressa-ao-jardim-municipal-de-valenca\\\/#breadcrumb\"},\"inLanguage\":\"pt-PT\",\"potentialAction\":[{\"@type\":\"ReadAction\",\"target\":[\"https:\\\/\\\/www.altominho.tv\\\/site\\\/2023\\\/07\\\/03\\\/cinema-as-quintas-regressa-ao-jardim-municipal-de-valenca\\\/\"]}]},{\"@type\":\"ImageObject\",\"inLanguage\":\"pt-PT\",\"@id\":\"https:\\\/\\\/www.altominho.tv\\\/site\\\/2023\\\/07\\\/03\\\/cinema-as-quintas-regressa-ao-jardim-municipal-de-valenca\\\/#primaryimage\",\"url\":\"https:\\\/\\\/www.altominho.tv\\\/site\\\/wp-content\\\/uploads\\\/2023\\\/07\\\/cinema--scaled.jpg\",\"contentUrl\":\"https:\\\/\\\/www.altominho.tv\\\/site\\\/wp-content\\\/uploads\\\/2023\\\/07\\\/cinema--scaled.jpg\",\"width\":2560,\"height\":1440},{\"@type\":\"BreadcrumbList\",\"@id\":\"https:\\\/\\\/www.altominho.tv\\\/site\\\/2023\\\/07\\\/03\\\/cinema-as-quintas-regressa-ao-jardim-municipal-de-valenca\\\/#breadcrumb\",\"itemListElement\":[{\"@type\":\"ListItem\",\"position\":1,\"name\":\"In\u00edcio\",\"item\":\"https:\\\/\\\/www.altominho.tv\\\/site\\\/\"},{\"@type\":\"ListItem\",\"position\":2,\"name\":\"\u201cCinema \u00e0s Quintas\u201d regressa ao Jardim Municipal de Valen\u00e7a\"}]},{\"@type\":\"WebSite\",\"@id\":\"https:\\\/\\\/www.altominho.tv\\\/site\\\/#website\",\"url\":\"https:\\\/\\\/www.altominho.tv\\\/site\\\/\",\"name\":\"Altominho.tv\",\"description\":\"A sua regi\u00e3o \u00e0 dist\u00e2ncia de um clique...\",\"potentialAction\":[{\"@type\":\"SearchAction\",\"target\":{\"@type\":\"EntryPoint\",\"urlTemplate\":\"https:\\\/\\\/www.altominho.tv\\\/site\\\/?s={search_term_string}\"},\"query-input\":{\"@type\":\"PropertyValueSpecification\",\"valueRequired\":true,\"valueName\":\"search_term_string\"}}],\"inLanguage\":\"pt-PT\"},{\"@type\":\"Person\",\"@id\":\"https:\\\/\\\/www.altominho.tv\\\/site\\\/#\\\/schema\\\/person\\\/fd922cf16ebbbd1fff2019e656be940c\",\"name\":\"Juliana Soares\",\"image\":{\"@type\":\"ImageObject\",\"inLanguage\":\"pt-PT\",\"@id\":\"https:\\\/\\\/www.altominho.tv\\\/site\\\/wp-content\\\/uploads\\\/2023\\\/07\\\/Foto_Juliana-150x150.jpg\",\"url\":\"https:\\\/\\\/www.altominho.tv\\\/site\\\/wp-content\\\/uploads\\\/2023\\\/07\\\/Foto_Juliana-150x150.jpg\",\"contentUrl\":\"https:\\\/\\\/www.altominho.tv\\\/site\\\/wp-content\\\/uploads\\\/2023\\\/07\\\/Foto_Juliana-150x150.jpg\",\"caption\":\"Juliana Soares\"},\"url\":\"https:\\\/\\\/www.altominho.tv\\\/site\\\/author\\\/julianasoares\\\/\"}]}<\/script>\n<!-- \/ Yoast SEO Premium plugin. -->","yoast_head_json":{"title":"\u201cCinema \u00e0s Quintas\u201d regressa ao Jardim Municipal de Valen\u00e7a","description":"A segunda edi\u00e7\u00e3o de \u201cCinema \u00e0s Quintas\u201d vai realizar-se novamente no Jardim Municipal de Valen\u00e7a todas as quintas-feiras, pelas 22h00.","robots":{"index":"index","follow":"follow","max-snippet":"max-snippet:-1","max-image-preview":"max-image-preview:large","max-video-preview":"max-video-preview:-1"},"canonical":"https:\/\/www.altominho.tv\/site\/2023\/07\/03\/cinema-as-quintas-regressa-ao-jardim-municipal-de-valenca\/","og_locale":"pt_PT","og_type":"article","og_title":"\u201cCinema \u00e0s Quintas\u201d regressa ao Jardim Municipal de Valen\u00e7a","og_description":"A segunda edi\u00e7\u00e3o de \u201cCinema \u00e0s Quintas\u201d vai realizar-se novamente no Jardim Municipal de Valen\u00e7a todas as quintas-feiras, pelas 22h00.","og_url":"https:\/\/www.altominho.tv\/site\/2023\/07\/03\/cinema-as-quintas-regressa-ao-jardim-municipal-de-valenca\/","og_site_name":"Altominho.tv","article_publisher":"https:\/\/www.facebook.com\/altominhotv","article_published_time":"2023-07-03T11:35:45+00:00","article_modified_time":"2023-07-03T11:55:20+00:00","og_image":[{"width":2560,"height":1440,"url":"https:\/\/www.altominho.tv\/site\/wp-content\/uploads\/2023\/07\/cinema--scaled.jpg","type":"image\/jpeg"}],"author":"Juliana Soares","twitter_card":"summary_large_image","twitter_creator":"@altominhoTV","twitter_site":"@altominhoTV","twitter_misc":{"Escrito por":"Juliana Soares","Tempo estimado de leitura":"1 minuto"},"schema":{"@context":"https:\/\/schema.org","@graph":[{"@type":"Article","@id":"https:\/\/www.altominho.tv\/site\/2023\/07\/03\/cinema-as-quintas-regressa-ao-jardim-municipal-de-valenca\/#article","isPartOf":{"@id":"https:\/\/www.altominho.tv\/site\/2023\/07\/03\/cinema-as-quintas-regressa-ao-jardim-municipal-de-valenca\/"},"author":{"name":"Juliana Soares","@id":"https:\/\/www.altominho.tv\/site\/#\/schema\/person\/fd922cf16ebbbd1fff2019e656be940c"},"headline":"\u201cCinema \u00e0s Quintas\u201d regressa ao Jardim Municipal de Valen\u00e7a","datePublished":"2023-07-03T11:35:45+00:00","dateModified":"2023-07-03T11:55:20+00:00","mainEntityOfPage":{"@id":"https:\/\/www.altominho.tv\/site\/2023\/07\/03\/cinema-as-quintas-regressa-ao-jardim-municipal-de-valenca\/"},"wordCount":168,"image":{"@id":"https:\/\/www.altominho.tv\/site\/2023\/07\/03\/cinema-as-quintas-regressa-ao-jardim-municipal-de-valenca\/#primaryimage"},"thumbnailUrl":"https:\/\/www.altominho.tv\/site\/wp-content\/uploads\/2023\/07\/cinema--scaled.jpg","keywords":["Cultura","Sociedade"],"articleSection":["Valen\u00e7a"],"inLanguage":"pt-PT","copyrightYear":"2023","copyrightHolder":{"@id":"https:\/\/www.altominho.tv\/site\/#organization"}},{"@type":"WebPage","@id":"https:\/\/www.altominho.tv\/site\/2023\/07\/03\/cinema-as-quintas-regressa-ao-jardim-municipal-de-valenca\/","url":"https:\/\/www.altominho.tv\/site\/2023\/07\/03\/cinema-as-quintas-regressa-ao-jardim-municipal-de-valenca\/","name":"\u201cCinema \u00e0s Quintas\u201d regressa ao Jardim Municipal de Valen\u00e7a","isPartOf":{"@id":"https:\/\/www.altominho.tv\/site\/#website"},"primaryImageOfPage":{"@id":"https:\/\/www.altominho.tv\/site\/2023\/07\/03\/cinema-as-quintas-regressa-ao-jardim-municipal-de-valenca\/#primaryimage"},"image":{"@id":"https:\/\/www.altominho.tv\/site\/2023\/07\/03\/cinema-as-quintas-regressa-ao-jardim-municipal-de-valenca\/#primaryimage"},"thumbnailUrl":"https:\/\/www.altominho.tv\/site\/wp-content\/uploads\/2023\/07\/cinema--scaled.jpg","datePublished":"2023-07-03T11:35:45+00:00","dateModified":"2023-07-03T11:55:20+00:00","author":{"@id":"https:\/\/www.altominho.tv\/site\/#\/schema\/person\/fd922cf16ebbbd1fff2019e656be940c"},"description":"A segunda edi\u00e7\u00e3o de \u201cCinema \u00e0s Quintas\u201d vai realizar-se novamente no Jardim Municipal de Valen\u00e7a todas as quintas-feiras, pelas 22h00.","breadcrumb":{"@id":"https:\/\/www.altominho.tv\/site\/2023\/07\/03\/cinema-as-quintas-regressa-ao-jardim-municipal-de-valenca\/#breadcrumb"},"inLanguage":"pt-PT","potentialAction":[{"@type":"ReadAction","target":["https:\/\/www.altominho.tv\/site\/2023\/07\/03\/cinema-as-quintas-regressa-ao-jardim-municipal-de-valenca\/"]}]},{"@type":"ImageObject","inLanguage":"pt-PT","@id":"https:\/\/www.altominho.tv\/site\/2023\/07\/03\/cinema-as-quintas-regressa-ao-jardim-municipal-de-valenca\/#primaryimage","url":"https:\/\/www.altominho.tv\/site\/wp-content\/uploads\/2023\/07\/cinema--scaled.jpg","contentUrl":"https:\/\/www.altominho.tv\/site\/wp-content\/uploads\/2023\/07\/cinema--scaled.jpg","width":2560,"height":1440},{"@type":"BreadcrumbList","@id":"https:\/\/www.altominho.tv\/site\/2023\/07\/03\/cinema-as-quintas-regressa-ao-jardim-municipal-de-valenca\/#breadcrumb","itemListElement":[{"@type":"ListItem","position":1,"name":"In\u00edcio","item":"https:\/\/www.altominho.tv\/site\/"},{"@type":"ListItem","position":2,"name":"\u201cCinema \u00e0s Quintas\u201d regressa ao Jardim Municipal de Valen\u00e7a"}]},{"@type":"WebSite","@id":"https:\/\/www.altominho.tv\/site\/#website","url":"https:\/\/www.altominho.tv\/site\/","name":"Altominho.tv","description":"A sua regi\u00e3o \u00e0 dist\u00e2ncia de um clique...","potentialAction":[{"@type":"SearchAction","target":{"@type":"EntryPoint","urlTemplate":"https:\/\/www.altominho.tv\/site\/?s={search_term_string}"},"query-input":{"@type":"PropertyValueSpecification","valueRequired":true,"valueName":"search_term_string"}}],"inLanguage":"pt-PT"},{"@type":"Person","@id":"https:\/\/www.altominho.tv\/site\/#\/schema\/person\/fd922cf16ebbbd1fff2019e656be940c","name":"Juliana Soares","image":{"@type":"ImageObject","inLanguage":"pt-PT","@id":"https:\/\/www.altominho.tv\/site\/wp-content\/uploads\/2023\/07\/Foto_Juliana-150x150.jpg","url":"https:\/\/www.altominho.tv\/site\/wp-content\/uploads\/2023\/07\/Foto_Juliana-150x150.jpg","contentUrl":"https:\/\/www.altominho.tv\/site\/wp-content\/uploads\/2023\/07\/Foto_Juliana-150x150.jpg","caption":"Juliana Soares"},"url":"https:\/\/www.altominho.tv\/site\/author\/julianasoares\/"}]}},"_links":{"self":[{"href":"https:\/\/www.altominho.tv\/site\/wp-json\/wp\/v2\/posts\/93980","targetHints":{"allow":["GET"]}}],"collection":[{"href":"https:\/\/www.altominho.tv\/site\/wp-json\/wp\/v2\/posts"}],"about":[{"href":"https:\/\/www.altominho.tv\/site\/wp-json\/wp\/v2\/types\/post"}],"author":[{"embeddable":true,"href":"https:\/\/www.altominho.tv\/site\/wp-json\/wp\/v2\/users\/29"}],"replies":[{"embeddable":true,"href":"https:\/\/www.altominho.tv\/site\/wp-json\/wp\/v2\/comments?post=93980"}],"version-history":[{"count":2,"href":"https:\/\/www.altominho.tv\/site\/wp-json\/wp\/v2\/posts\/93980\/revisions"}],"predecessor-version":[{"id":93985,"href":"https:\/\/www.altominho.tv\/site\/wp-json\/wp\/v2\/posts\/93980\/revisions\/93985"}],"wp:featuredmedia":[{"embeddable":true,"href":"https:\/\/www.altominho.tv\/site\/wp-json\/wp\/v2\/media\/93983"}],"wp:attachment":[{"href":"https:\/\/www.altominho.tv\/site\/wp-json\/wp\/v2\/media?parent=93980"}],"wp:term":[{"taxonomy":"category","embeddable":true,"href":"https:\/\/www.altominho.tv\/site\/wp-json\/wp\/v2\/categories?post=93980"},{"taxonomy":"post_tag","embeddable":true,"href":"https:\/\/www.altominho.tv\/site\/wp-json\/wp\/v2\/tags?post=93980"}],"curies":[{"name":"wp","href":"https:\/\/api.w.org\/{rel}","templated":true}]}}