{"id":93917,"date":"2023-07-01T10:31:37","date_gmt":"2023-07-01T09:31:37","guid":{"rendered":"https:\/\/www.altominho.tv\/site\/?p=93917"},"modified":"2023-07-01T16:32:06","modified_gmt":"2023-07-01T15:32:06","slug":"paredes-de-coura-recebe-este-domingo-o-6o-btt-dhu","status":"publish","type":"post","link":"https:\/\/www.altominho.tv\/site\/2023\/07\/01\/paredes-de-coura-recebe-este-domingo-o-6o-btt-dhu\/","title":{"rendered":"Paredes de Coura recebe este domingo o 6\u00ba BTT DHU"},"content":{"rendered":"<p style=\"font-weight: 400\">Paredes de Coura recebe este domingo, 2 de julho, a partir das 9h00, o 6.\u00ba BTT DHU, que conta com os principais pilotos nacionais e vizinhos galegos.<\/p>\n<p style=\"font-weight: 400\">A contar para o Trof\u00e9u Nacional de DHU,&nbsp;o 6.\u00ba BTT DHU de Paredes de Coura \u00e9 um importante teste \u00e0 competitividade dos mais ex\u00edmios pilotos, numa prova que tem como principal aliciante o facto de disputar-se no centro da vila.<\/p>\n<p style=\"font-weight: 400\">A edi\u00e7\u00e3o do ano passado foi ganha por Filipe Silva, da Bike House DH Team\/Guimar\u00e3es, e profundo conhecedor das particularidades da prova courense.<\/p>\n<p style=\"font-weight: 400\">Em declara\u00e7\u00f5es \u00e0 p\u00e1gina oficial da Associa\u00e7\u00e3o de Ciclismo do Minho, que com o Munic\u00edpio de Paredes de Coura&nbsp;&nbsp;organiza esta prova que tem o apoio da Federa\u00e7\u00e3o Portuguesa de Ciclismo, Filipe Silva explicou que o Downhill Urbano \u201c\u00e9 uma forma bastante diferente de fazer Downhill. Passarmos do habitual piso de terra para o piso de alcatr\u00e3o e escadas. Tudo muito diferente desde a bicicleta, \u00e0 forma de encarar os obst\u00e1culos e de correr\u201d, garantido, contudo, que \u201cn\u00e3o deixa de ser cativante para quem pratica e para quem assiste. Trata-se de uma vertente espet\u00e1culo para o p\u00fablico, sem p\u00f3, feita no meio da vila, numa envolvente completamente distinta\u201d.<\/p>\n<p style=\"font-weight: 400\">O 6.\u00ba BTT DHU de Paredes de Coura arranca \u00e0s 9h00 de domingo com a abertura da pista para treinos oficiais. A manga de qualifica\u00e7\u00e3o est\u00e1 marcada para as 14h00 e \u00e0s 15h30 realiza-se a manga de classifica\u00e7\u00e3o.<\/p>\n","protected":false},"excerpt":{"rendered":"<p>Paredes de Coura recebe este domingo, 2 de julho, a partir das 9h00, o 6.\u00ba BTT DHU, que conta com os principais pilotos nacionais e vizinhos galegos. A contar para o Trof\u00e9u Nacional de DHU,&nbsp;o 6.\u00ba BTT DHU de Paredes de Coura \u00e9 um importante teste \u00e0 competitividade dos mais ex\u00edmios pilotos, numa prova que [&hellip;]<\/p>\n","protected":false},"author":1,"featured_media":93919,"comment_status":"closed","ping_status":"closed","sticky":false,"template":"","format":"standard","meta":{"_exactmetrics_skip_tracking":false,"_exactmetrics_sitenote_active":false,"_exactmetrics_sitenote_note":"","_exactmetrics_sitenote_category":0,"footnotes":""},"categories":[10],"tags":[20],"class_list":["post-93917","post","type-post","status-publish","format-standard","has-post-thumbnail","hentry","category-paredes-de-coura","tag-desporto"],"yoast_head":"<!-- This site is optimized with the Yoast SEO Premium plugin v27.5 (Yoast SEO v27.5) - https:\/\/yoast.com\/product\/yoast-seo-premium-wordpress\/ -->\n<title>Paredes de Coura recebe este domingo o 6\u00ba BTT DHU<\/title>\n<meta name=\"robots\" content=\"index, follow, max-snippet:-1, max-image-preview:large, max-video-preview:-1\" \/>\n<link rel=\"canonical\" href=\"https:\/\/www.altominho.tv\/site\/2023\/07\/01\/paredes-de-coura-recebe-este-domingo-o-6o-btt-dhu\/\" \/>\n<meta property=\"og:locale\" content=\"pt_PT\" \/>\n<meta property=\"og:type\" content=\"article\" \/>\n<meta property=\"og:title\" content=\"Paredes de Coura recebe este domingo o 6\u00ba BTT DHU\" \/>\n<meta property=\"og:description\" content=\"Paredes de Coura recebe este domingo, 2 de julho, a partir das 9h00, o 6.\u00ba BTT DHU, que conta com os principais pilotos nacionais e vizinhos galegos. A contar para o Trof\u00e9u Nacional de DHU,&nbsp;o 6.\u00ba BTT DHU de Paredes de Coura \u00e9 um importante teste \u00e0 competitividade dos mais ex\u00edmios pilotos, numa prova que [&hellip;]\" \/>\n<meta property=\"og:url\" content=\"https:\/\/www.altominho.tv\/site\/2023\/07\/01\/paredes-de-coura-recebe-este-domingo-o-6o-btt-dhu\/\" \/>\n<meta property=\"og:site_name\" content=\"Altominho.tv\" \/>\n<meta property=\"article:publisher\" content=\"https:\/\/www.facebook.com\/altominhotv\" \/>\n<meta property=\"article:published_time\" content=\"2023-07-01T09:31:37+00:00\" \/>\n<meta property=\"article:modified_time\" content=\"2023-07-01T15:32:06+00:00\" \/>\n<meta property=\"og:image\" content=\"https:\/\/www.altominho.tv\/site\/wp-content\/uploads\/2023\/07\/btt.jpg\" \/>\n\t<meta property=\"og:image:width\" content=\"1654\" \/>\n\t<meta property=\"og:image:height\" content=\"984\" \/>\n\t<meta property=\"og:image:type\" content=\"image\/jpeg\" \/>\n<meta name=\"author\" content=\"Altominho.tv\" \/>\n<meta name=\"twitter:card\" content=\"summary_large_image\" \/>\n<meta name=\"twitter:creator\" content=\"@altominhoTV\" \/>\n<meta name=\"twitter:site\" content=\"@altominhoTV\" \/>\n<meta name=\"twitter:label1\" content=\"Escrito por\" \/>\n\t<meta name=\"twitter:data1\" content=\"Altominho.tv\" \/>\n\t<meta name=\"twitter:label2\" content=\"Tempo estimado de leitura\" \/>\n\t<meta name=\"twitter:data2\" content=\"2 minutos\" \/>\n<script type=\"application\/ld+json\" class=\"yoast-schema-graph\">{\"@context\":\"https:\\\/\\\/schema.org\",\"@graph\":[{\"@type\":\"Article\",\"@id\":\"https:\\\/\\\/www.altominho.tv\\\/site\\\/2023\\\/07\\\/01\\\/paredes-de-coura-recebe-este-domingo-o-6o-btt-dhu\\\/#article\",\"isPartOf\":{\"@id\":\"https:\\\/\\\/www.altominho.tv\\\/site\\\/2023\\\/07\\\/01\\\/paredes-de-coura-recebe-este-domingo-o-6o-btt-dhu\\\/\"},\"author\":{\"name\":\"Altominho.tv\",\"@id\":\"https:\\\/\\\/www.altominho.tv\\\/site\\\/#\\\/schema\\\/person\\\/4e536851627d7914baf3dac752b6af22\"},\"headline\":\"Paredes de Coura recebe este domingo o 6\u00ba BTT DHU\",\"datePublished\":\"2023-07-01T09:31:37+00:00\",\"dateModified\":\"2023-07-01T15:32:06+00:00\",\"mainEntityOfPage\":{\"@id\":\"https:\\\/\\\/www.altominho.tv\\\/site\\\/2023\\\/07\\\/01\\\/paredes-de-coura-recebe-este-domingo-o-6o-btt-dhu\\\/\"},\"wordCount\":257,\"image\":{\"@id\":\"https:\\\/\\\/www.altominho.tv\\\/site\\\/2023\\\/07\\\/01\\\/paredes-de-coura-recebe-este-domingo-o-6o-btt-dhu\\\/#primaryimage\"},\"thumbnailUrl\":\"https:\\\/\\\/www.altominho.tv\\\/site\\\/wp-content\\\/uploads\\\/2023\\\/07\\\/btt.jpg\",\"keywords\":[\"Desporto\"],\"articleSection\":[\"Paredes de Coura\"],\"inLanguage\":\"pt-PT\",\"copyrightYear\":\"2023\",\"copyrightHolder\":{\"@id\":\"https:\\\/\\\/www.altominho.tv\\\/site\\\/#organization\"}},{\"@type\":\"WebPage\",\"@id\":\"https:\\\/\\\/www.altominho.tv\\\/site\\\/2023\\\/07\\\/01\\\/paredes-de-coura-recebe-este-domingo-o-6o-btt-dhu\\\/\",\"url\":\"https:\\\/\\\/www.altominho.tv\\\/site\\\/2023\\\/07\\\/01\\\/paredes-de-coura-recebe-este-domingo-o-6o-btt-dhu\\\/\",\"name\":\"Paredes de Coura recebe este domingo o 6\u00ba BTT DHU\",\"isPartOf\":{\"@id\":\"https:\\\/\\\/www.altominho.tv\\\/site\\\/#website\"},\"primaryImageOfPage\":{\"@id\":\"https:\\\/\\\/www.altominho.tv\\\/site\\\/2023\\\/07\\\/01\\\/paredes-de-coura-recebe-este-domingo-o-6o-btt-dhu\\\/#primaryimage\"},\"image\":{\"@id\":\"https:\\\/\\\/www.altominho.tv\\\/site\\\/2023\\\/07\\\/01\\\/paredes-de-coura-recebe-este-domingo-o-6o-btt-dhu\\\/#primaryimage\"},\"thumbnailUrl\":\"https:\\\/\\\/www.altominho.tv\\\/site\\\/wp-content\\\/uploads\\\/2023\\\/07\\\/btt.jpg\",\"datePublished\":\"2023-07-01T09:31:37+00:00\",\"dateModified\":\"2023-07-01T15:32:06+00:00\",\"author\":{\"@id\":\"https:\\\/\\\/www.altominho.tv\\\/site\\\/#\\\/schema\\\/person\\\/4e536851627d7914baf3dac752b6af22\"},\"breadcrumb\":{\"@id\":\"https:\\\/\\\/www.altominho.tv\\\/site\\\/2023\\\/07\\\/01\\\/paredes-de-coura-recebe-este-domingo-o-6o-btt-dhu\\\/#breadcrumb\"},\"inLanguage\":\"pt-PT\",\"potentialAction\":[{\"@type\":\"ReadAction\",\"target\":[\"https:\\\/\\\/www.altominho.tv\\\/site\\\/2023\\\/07\\\/01\\\/paredes-de-coura-recebe-este-domingo-o-6o-btt-dhu\\\/\"]}]},{\"@type\":\"ImageObject\",\"inLanguage\":\"pt-PT\",\"@id\":\"https:\\\/\\\/www.altominho.tv\\\/site\\\/2023\\\/07\\\/01\\\/paredes-de-coura-recebe-este-domingo-o-6o-btt-dhu\\\/#primaryimage\",\"url\":\"https:\\\/\\\/www.altominho.tv\\\/site\\\/wp-content\\\/uploads\\\/2023\\\/07\\\/btt.jpg\",\"contentUrl\":\"https:\\\/\\\/www.altominho.tv\\\/site\\\/wp-content\\\/uploads\\\/2023\\\/07\\\/btt.jpg\",\"width\":1654,\"height\":984},{\"@type\":\"BreadcrumbList\",\"@id\":\"https:\\\/\\\/www.altominho.tv\\\/site\\\/2023\\\/07\\\/01\\\/paredes-de-coura-recebe-este-domingo-o-6o-btt-dhu\\\/#breadcrumb\",\"itemListElement\":[{\"@type\":\"ListItem\",\"position\":1,\"name\":\"In\u00edcio\",\"item\":\"https:\\\/\\\/www.altominho.tv\\\/site\\\/\"},{\"@type\":\"ListItem\",\"position\":2,\"name\":\"Paredes de Coura recebe este domingo o 6\u00ba BTT DHU\"}]},{\"@type\":\"WebSite\",\"@id\":\"https:\\\/\\\/www.altominho.tv\\\/site\\\/#website\",\"url\":\"https:\\\/\\\/www.altominho.tv\\\/site\\\/\",\"name\":\"Altominho.tv\",\"description\":\"A sua regi\u00e3o \u00e0 dist\u00e2ncia de um clique...\",\"potentialAction\":[{\"@type\":\"SearchAction\",\"target\":{\"@type\":\"EntryPoint\",\"urlTemplate\":\"https:\\\/\\\/www.altominho.tv\\\/site\\\/?s={search_term_string}\"},\"query-input\":{\"@type\":\"PropertyValueSpecification\",\"valueRequired\":true,\"valueName\":\"search_term_string\"}}],\"inLanguage\":\"pt-PT\"},{\"@type\":\"Person\",\"@id\":\"https:\\\/\\\/www.altominho.tv\\\/site\\\/#\\\/schema\\\/person\\\/4e536851627d7914baf3dac752b6af22\",\"name\":\"Altominho.tv\",\"image\":{\"@type\":\"ImageObject\",\"inLanguage\":\"pt-PT\",\"@id\":\"https:\\\/\\\/www.altominho.tv\\\/site\\\/wp-content\\\/uploads\\\/2019\\\/11\\\/Logo_Avatar_2-150x150.jpg\",\"url\":\"https:\\\/\\\/www.altominho.tv\\\/site\\\/wp-content\\\/uploads\\\/2019\\\/11\\\/Logo_Avatar_2-150x150.jpg\",\"contentUrl\":\"https:\\\/\\\/www.altominho.tv\\\/site\\\/wp-content\\\/uploads\\\/2019\\\/11\\\/Logo_Avatar_2-150x150.jpg\",\"caption\":\"Altominho.tv\"},\"url\":\"https:\\\/\\\/www.altominho.tv\\\/site\\\/author\\\/altominhotv-tecnico\\\/\"}]}<\/script>\n<!-- \/ Yoast SEO Premium plugin. -->","yoast_head_json":{"title":"Paredes de Coura recebe este domingo o 6\u00ba BTT DHU","robots":{"index":"index","follow":"follow","max-snippet":"max-snippet:-1","max-image-preview":"max-image-preview:large","max-video-preview":"max-video-preview:-1"},"canonical":"https:\/\/www.altominho.tv\/site\/2023\/07\/01\/paredes-de-coura-recebe-este-domingo-o-6o-btt-dhu\/","og_locale":"pt_PT","og_type":"article","og_title":"Paredes de Coura recebe este domingo o 6\u00ba BTT DHU","og_description":"Paredes de Coura recebe este domingo, 2 de julho, a partir das 9h00, o 6.\u00ba BTT DHU, que conta com os principais pilotos nacionais e vizinhos galegos. A contar para o Trof\u00e9u Nacional de DHU,&nbsp;o 6.\u00ba BTT DHU de Paredes de Coura \u00e9 um importante teste \u00e0 competitividade dos mais ex\u00edmios pilotos, numa prova que [&hellip;]","og_url":"https:\/\/www.altominho.tv\/site\/2023\/07\/01\/paredes-de-coura-recebe-este-domingo-o-6o-btt-dhu\/","og_site_name":"Altominho.tv","article_publisher":"https:\/\/www.facebook.com\/altominhotv","article_published_time":"2023-07-01T09:31:37+00:00","article_modified_time":"2023-07-01T15:32:06+00:00","og_image":[{"width":1654,"height":984,"url":"https:\/\/www.altominho.tv\/site\/wp-content\/uploads\/2023\/07\/btt.jpg","type":"image\/jpeg"}],"author":"Altominho.tv","twitter_card":"summary_large_image","twitter_creator":"@altominhoTV","twitter_site":"@altominhoTV","twitter_misc":{"Escrito por":"Altominho.tv","Tempo estimado de leitura":"2 minutos"},"schema":{"@context":"https:\/\/schema.org","@graph":[{"@type":"Article","@id":"https:\/\/www.altominho.tv\/site\/2023\/07\/01\/paredes-de-coura-recebe-este-domingo-o-6o-btt-dhu\/#article","isPartOf":{"@id":"https:\/\/www.altominho.tv\/site\/2023\/07\/01\/paredes-de-coura-recebe-este-domingo-o-6o-btt-dhu\/"},"author":{"name":"Altominho.tv","@id":"https:\/\/www.altominho.tv\/site\/#\/schema\/person\/4e536851627d7914baf3dac752b6af22"},"headline":"Paredes de Coura recebe este domingo o 6\u00ba BTT DHU","datePublished":"2023-07-01T09:31:37+00:00","dateModified":"2023-07-01T15:32:06+00:00","mainEntityOfPage":{"@id":"https:\/\/www.altominho.tv\/site\/2023\/07\/01\/paredes-de-coura-recebe-este-domingo-o-6o-btt-dhu\/"},"wordCount":257,"image":{"@id":"https:\/\/www.altominho.tv\/site\/2023\/07\/01\/paredes-de-coura-recebe-este-domingo-o-6o-btt-dhu\/#primaryimage"},"thumbnailUrl":"https:\/\/www.altominho.tv\/site\/wp-content\/uploads\/2023\/07\/btt.jpg","keywords":["Desporto"],"articleSection":["Paredes de Coura"],"inLanguage":"pt-PT","copyrightYear":"2023","copyrightHolder":{"@id":"https:\/\/www.altominho.tv\/site\/#organization"}},{"@type":"WebPage","@id":"https:\/\/www.altominho.tv\/site\/2023\/07\/01\/paredes-de-coura-recebe-este-domingo-o-6o-btt-dhu\/","url":"https:\/\/www.altominho.tv\/site\/2023\/07\/01\/paredes-de-coura-recebe-este-domingo-o-6o-btt-dhu\/","name":"Paredes de Coura recebe este domingo o 6\u00ba BTT DHU","isPartOf":{"@id":"https:\/\/www.altominho.tv\/site\/#website"},"primaryImageOfPage":{"@id":"https:\/\/www.altominho.tv\/site\/2023\/07\/01\/paredes-de-coura-recebe-este-domingo-o-6o-btt-dhu\/#primaryimage"},"image":{"@id":"https:\/\/www.altominho.tv\/site\/2023\/07\/01\/paredes-de-coura-recebe-este-domingo-o-6o-btt-dhu\/#primaryimage"},"thumbnailUrl":"https:\/\/www.altominho.tv\/site\/wp-content\/uploads\/2023\/07\/btt.jpg","datePublished":"2023-07-01T09:31:37+00:00","dateModified":"2023-07-01T15:32:06+00:00","author":{"@id":"https:\/\/www.altominho.tv\/site\/#\/schema\/person\/4e536851627d7914baf3dac752b6af22"},"breadcrumb":{"@id":"https:\/\/www.altominho.tv\/site\/2023\/07\/01\/paredes-de-coura-recebe-este-domingo-o-6o-btt-dhu\/#breadcrumb"},"inLanguage":"pt-PT","potentialAction":[{"@type":"ReadAction","target":["https:\/\/www.altominho.tv\/site\/2023\/07\/01\/paredes-de-coura-recebe-este-domingo-o-6o-btt-dhu\/"]}]},{"@type":"ImageObject","inLanguage":"pt-PT","@id":"https:\/\/www.altominho.tv\/site\/2023\/07\/01\/paredes-de-coura-recebe-este-domingo-o-6o-btt-dhu\/#primaryimage","url":"https:\/\/www.altominho.tv\/site\/wp-content\/uploads\/2023\/07\/btt.jpg","contentUrl":"https:\/\/www.altominho.tv\/site\/wp-content\/uploads\/2023\/07\/btt.jpg","width":1654,"height":984},{"@type":"BreadcrumbList","@id":"https:\/\/www.altominho.tv\/site\/2023\/07\/01\/paredes-de-coura-recebe-este-domingo-o-6o-btt-dhu\/#breadcrumb","itemListElement":[{"@type":"ListItem","position":1,"name":"In\u00edcio","item":"https:\/\/www.altominho.tv\/site\/"},{"@type":"ListItem","position":2,"name":"Paredes de Coura recebe este domingo o 6\u00ba BTT DHU"}]},{"@type":"WebSite","@id":"https:\/\/www.altominho.tv\/site\/#website","url":"https:\/\/www.altominho.tv\/site\/","name":"Altominho.tv","description":"A sua regi\u00e3o \u00e0 dist\u00e2ncia de um clique...","potentialAction":[{"@type":"SearchAction","target":{"@type":"EntryPoint","urlTemplate":"https:\/\/www.altominho.tv\/site\/?s={search_term_string}"},"query-input":{"@type":"PropertyValueSpecification","valueRequired":true,"valueName":"search_term_string"}}],"inLanguage":"pt-PT"},{"@type":"Person","@id":"https:\/\/www.altominho.tv\/site\/#\/schema\/person\/4e536851627d7914baf3dac752b6af22","name":"Altominho.tv","image":{"@type":"ImageObject","inLanguage":"pt-PT","@id":"https:\/\/www.altominho.tv\/site\/wp-content\/uploads\/2019\/11\/Logo_Avatar_2-150x150.jpg","url":"https:\/\/www.altominho.tv\/site\/wp-content\/uploads\/2019\/11\/Logo_Avatar_2-150x150.jpg","contentUrl":"https:\/\/www.altominho.tv\/site\/wp-content\/uploads\/2019\/11\/Logo_Avatar_2-150x150.jpg","caption":"Altominho.tv"},"url":"https:\/\/www.altominho.tv\/site\/author\/altominhotv-tecnico\/"}]}},"_links":{"self":[{"href":"https:\/\/www.altominho.tv\/site\/wp-json\/wp\/v2\/posts\/93917","targetHints":{"allow":["GET"]}}],"collection":[{"href":"https:\/\/www.altominho.tv\/site\/wp-json\/wp\/v2\/posts"}],"about":[{"href":"https:\/\/www.altominho.tv\/site\/wp-json\/wp\/v2\/types\/post"}],"author":[{"embeddable":true,"href":"https:\/\/www.altominho.tv\/site\/wp-json\/wp\/v2\/users\/1"}],"replies":[{"embeddable":true,"href":"https:\/\/www.altominho.tv\/site\/wp-json\/wp\/v2\/comments?post=93917"}],"version-history":[{"count":2,"href":"https:\/\/www.altominho.tv\/site\/wp-json\/wp\/v2\/posts\/93917\/revisions"}],"predecessor-version":[{"id":93937,"href":"https:\/\/www.altominho.tv\/site\/wp-json\/wp\/v2\/posts\/93917\/revisions\/93937"}],"wp:featuredmedia":[{"embeddable":true,"href":"https:\/\/www.altominho.tv\/site\/wp-json\/wp\/v2\/media\/93919"}],"wp:attachment":[{"href":"https:\/\/www.altominho.tv\/site\/wp-json\/wp\/v2\/media?parent=93917"}],"wp:term":[{"taxonomy":"category","embeddable":true,"href":"https:\/\/www.altominho.tv\/site\/wp-json\/wp\/v2\/categories?post=93917"},{"taxonomy":"post_tag","embeddable":true,"href":"https:\/\/www.altominho.tv\/site\/wp-json\/wp\/v2\/tags?post=93917"}],"curies":[{"name":"wp","href":"https:\/\/api.w.org\/{rel}","templated":true}]}}