{"id":93897,"date":"2023-06-30T15:39:17","date_gmt":"2023-06-30T14:39:17","guid":{"rendered":"https:\/\/www.altominho.tv\/site\/?p=93897"},"modified":"2023-06-30T15:50:35","modified_gmt":"2023-06-30T14:50:35","slug":"courenses-da-hugo-band-atuaram-para-multidao-de-14-mil-pessoas-em-franca","status":"publish","type":"post","link":"https:\/\/www.altominho.tv\/site\/2023\/06\/30\/courenses-da-hugo-band-atuaram-para-multidao-de-14-mil-pessoas-em-franca\/","title":{"rendered":"Courenses da Hugo Band atuaram para multid\u00e3o de 14 mil pessoas em Fran\u00e7a"},"content":{"rendered":"<p>A Hugo Band, de Paredes de Coura, teve no \u00faltimo s\u00e1bado um dos seus espet\u00e1culos mais memor\u00e1veis. Em Clermont-Ferrand, uma cidade francesa com uma grande presen\u00e7a de emigrantes courenses, aquela que \u00e9 uma das bandas mais populares do Alto Minho atuou para cerca de 14 mil pessoas nas Festas de Saint-Jean.<\/p>\n<p>\u201cUma noite impressionante com lota\u00e7\u00e3o esgotada. Uma imagem vale mais que mil palavras &#8230; Obrigado a todos que participaram nesta noite m\u00e1gica\u201d, podia ler-se numa publica\u00e7\u00e3o da banda nas redes sociais.<\/p>\n<p>Al\u00e9m do grupo courense, as festas daquela localidade, organizadas pela Associa\u00e7\u00e3o Os Camponeses Minhotos, contaram tamb\u00e9m com as atua\u00e7\u00f5es de Jos\u00e9 Malhoa, da Orquestra de Philippe Martins e de uma banda de tributo aos ABBA.<\/p>\n<p>Fundada em 1996 por Hugo Pereira, a Hugo Band \u00e9 o grupo musical mais antigo do concelho de Paredes de Coura.<\/p>\n<p>As pr\u00f3ximas atua\u00e7\u00f5es ser\u00e3o em Vilarelho (Caminha, 15 julho), Nogueira (V.N.Cerveira, 21\/7), Padornelo (P. Coura, 22\/7) e Grovelas (P. Barca, 29\/7).<\/p>\n","protected":false},"excerpt":{"rendered":"<p>A Hugo Band, de Paredes de Coura, teve no \u00faltimo s\u00e1bado um dos seus espet\u00e1culos mais memor\u00e1veis. Em Clermont-Ferrand, uma cidade francesa com uma grande presen\u00e7a de emigrantes courenses, aquela que \u00e9 uma das bandas mais populares do Alto Minho atuou para cerca de 14 mil pessoas nas Festas de Saint-Jean. \u201cUma noite impressionante com [&hellip;]<\/p>\n","protected":false},"author":1,"featured_media":93896,"comment_status":"closed","ping_status":"closed","sticky":false,"template":"","format":"standard","meta":{"_exactmetrics_skip_tracking":false,"_exactmetrics_sitenote_active":false,"_exactmetrics_sitenote_note":"","_exactmetrics_sitenote_category":0,"footnotes":""},"categories":[10],"tags":[24],"class_list":["post-93897","post","type-post","status-publish","format-standard","has-post-thumbnail","hentry","category-paredes-de-coura","tag-lazer"],"yoast_head":"<!-- This site is optimized with the Yoast SEO Premium plugin v27.5 (Yoast SEO v27.5) - https:\/\/yoast.com\/product\/yoast-seo-premium-wordpress\/ -->\n<title>Courenses da Hugo Band atuaram para multid\u00e3o de 14 mil pessoas em Fran\u00e7a<\/title>\n<meta name=\"description\" content=\"A Hugo Band, de Paredes de Coura, teve no \u00faltimo s\u00e1bado um dos seus espet\u00e1culos mais memor\u00e1veis. Em Clermont-Ferrand, uma cidade francesa com uma grande presen\u00e7a de emigrantes courenses, aquela que \u00e9 uma das bandas mais populares do Alto Minho atuou para cerca de 14 mil pessoas nas Festas de Saint-Jean.\" \/>\n<meta name=\"robots\" content=\"index, follow, max-snippet:-1, max-image-preview:large, max-video-preview:-1\" \/>\n<link rel=\"canonical\" href=\"https:\/\/www.altominho.tv\/site\/2023\/06\/30\/courenses-da-hugo-band-atuaram-para-multidao-de-14-mil-pessoas-em-franca\/\" \/>\n<meta property=\"og:locale\" content=\"pt_PT\" \/>\n<meta property=\"og:type\" content=\"article\" \/>\n<meta property=\"og:title\" content=\"Courenses da Hugo Band atuaram para multid\u00e3o de 14 mil pessoas em Fran\u00e7a\" \/>\n<meta property=\"og:description\" content=\"A Hugo Band, de Paredes de Coura, teve no \u00faltimo s\u00e1bado um dos seus espet\u00e1culos mais memor\u00e1veis. Em Clermont-Ferrand, uma cidade francesa com uma grande presen\u00e7a de emigrantes courenses, aquela que \u00e9 uma das bandas mais populares do Alto Minho atuou para cerca de 14 mil pessoas nas Festas de Saint-Jean.\" \/>\n<meta property=\"og:url\" content=\"https:\/\/www.altominho.tv\/site\/2023\/06\/30\/courenses-da-hugo-band-atuaram-para-multidao-de-14-mil-pessoas-em-franca\/\" \/>\n<meta property=\"og:site_name\" content=\"Altominho.tv\" \/>\n<meta property=\"article:publisher\" content=\"https:\/\/www.facebook.com\/altominhotv\" \/>\n<meta property=\"article:published_time\" content=\"2023-06-30T14:39:17+00:00\" \/>\n<meta property=\"article:modified_time\" content=\"2023-06-30T14:50:35+00:00\" \/>\n<meta property=\"og:image\" content=\"https:\/\/www.altominho.tv\/site\/wp-content\/uploads\/2023\/06\/hugo-band.jpg\" \/>\n\t<meta property=\"og:image:width\" content=\"1890\" \/>\n\t<meta property=\"og:image:height\" content=\"1063\" \/>\n\t<meta property=\"og:image:type\" content=\"image\/jpeg\" \/>\n<meta name=\"author\" content=\"Altominho.tv\" \/>\n<meta name=\"twitter:card\" content=\"summary_large_image\" \/>\n<meta name=\"twitter:creator\" content=\"@altominhoTV\" \/>\n<meta name=\"twitter:site\" content=\"@altominhoTV\" \/>\n<meta name=\"twitter:label1\" content=\"Escrito por\" \/>\n\t<meta name=\"twitter:data1\" content=\"Altominho.tv\" \/>\n\t<meta name=\"twitter:label2\" content=\"Tempo estimado de leitura\" \/>\n\t<meta name=\"twitter:data2\" content=\"1 minuto\" \/>\n<script type=\"application\/ld+json\" class=\"yoast-schema-graph\">{\"@context\":\"https:\\\/\\\/schema.org\",\"@graph\":[{\"@type\":\"Article\",\"@id\":\"https:\\\/\\\/www.altominho.tv\\\/site\\\/2023\\\/06\\\/30\\\/courenses-da-hugo-band-atuaram-para-multidao-de-14-mil-pessoas-em-franca\\\/#article\",\"isPartOf\":{\"@id\":\"https:\\\/\\\/www.altominho.tv\\\/site\\\/2023\\\/06\\\/30\\\/courenses-da-hugo-band-atuaram-para-multidao-de-14-mil-pessoas-em-franca\\\/\"},\"author\":{\"name\":\"Altominho.tv\",\"@id\":\"https:\\\/\\\/www.altominho.tv\\\/site\\\/#\\\/schema\\\/person\\\/4e536851627d7914baf3dac752b6af22\"},\"headline\":\"Courenses da Hugo Band atuaram para multid\u00e3o de 14 mil pessoas em Fran\u00e7a\",\"datePublished\":\"2023-06-30T14:39:17+00:00\",\"dateModified\":\"2023-06-30T14:50:35+00:00\",\"mainEntityOfPage\":{\"@id\":\"https:\\\/\\\/www.altominho.tv\\\/site\\\/2023\\\/06\\\/30\\\/courenses-da-hugo-band-atuaram-para-multidao-de-14-mil-pessoas-em-franca\\\/\"},\"wordCount\":180,\"image\":{\"@id\":\"https:\\\/\\\/www.altominho.tv\\\/site\\\/2023\\\/06\\\/30\\\/courenses-da-hugo-band-atuaram-para-multidao-de-14-mil-pessoas-em-franca\\\/#primaryimage\"},\"thumbnailUrl\":\"https:\\\/\\\/www.altominho.tv\\\/site\\\/wp-content\\\/uploads\\\/2023\\\/06\\\/hugo-band.jpg\",\"keywords\":[\"Lazer\"],\"articleSection\":[\"Paredes de Coura\"],\"inLanguage\":\"pt-PT\",\"copyrightYear\":\"2023\",\"copyrightHolder\":{\"@id\":\"https:\\\/\\\/www.altominho.tv\\\/site\\\/#organization\"}},{\"@type\":\"WebPage\",\"@id\":\"https:\\\/\\\/www.altominho.tv\\\/site\\\/2023\\\/06\\\/30\\\/courenses-da-hugo-band-atuaram-para-multidao-de-14-mil-pessoas-em-franca\\\/\",\"url\":\"https:\\\/\\\/www.altominho.tv\\\/site\\\/2023\\\/06\\\/30\\\/courenses-da-hugo-band-atuaram-para-multidao-de-14-mil-pessoas-em-franca\\\/\",\"name\":\"Courenses da Hugo Band atuaram para multid\u00e3o de 14 mil pessoas em Fran\u00e7a\",\"isPartOf\":{\"@id\":\"https:\\\/\\\/www.altominho.tv\\\/site\\\/#website\"},\"primaryImageOfPage\":{\"@id\":\"https:\\\/\\\/www.altominho.tv\\\/site\\\/2023\\\/06\\\/30\\\/courenses-da-hugo-band-atuaram-para-multidao-de-14-mil-pessoas-em-franca\\\/#primaryimage\"},\"image\":{\"@id\":\"https:\\\/\\\/www.altominho.tv\\\/site\\\/2023\\\/06\\\/30\\\/courenses-da-hugo-band-atuaram-para-multidao-de-14-mil-pessoas-em-franca\\\/#primaryimage\"},\"thumbnailUrl\":\"https:\\\/\\\/www.altominho.tv\\\/site\\\/wp-content\\\/uploads\\\/2023\\\/06\\\/hugo-band.jpg\",\"datePublished\":\"2023-06-30T14:39:17+00:00\",\"dateModified\":\"2023-06-30T14:50:35+00:00\",\"author\":{\"@id\":\"https:\\\/\\\/www.altominho.tv\\\/site\\\/#\\\/schema\\\/person\\\/4e536851627d7914baf3dac752b6af22\"},\"description\":\"A Hugo Band, de Paredes de Coura, teve no \u00faltimo s\u00e1bado um dos seus espet\u00e1culos mais memor\u00e1veis. Em Clermont-Ferrand, uma cidade francesa com uma grande presen\u00e7a de emigrantes courenses, aquela que \u00e9 uma das bandas mais populares do Alto Minho atuou para cerca de 14 mil pessoas nas Festas de Saint-Jean.\",\"breadcrumb\":{\"@id\":\"https:\\\/\\\/www.altominho.tv\\\/site\\\/2023\\\/06\\\/30\\\/courenses-da-hugo-band-atuaram-para-multidao-de-14-mil-pessoas-em-franca\\\/#breadcrumb\"},\"inLanguage\":\"pt-PT\",\"potentialAction\":[{\"@type\":\"ReadAction\",\"target\":[\"https:\\\/\\\/www.altominho.tv\\\/site\\\/2023\\\/06\\\/30\\\/courenses-da-hugo-band-atuaram-para-multidao-de-14-mil-pessoas-em-franca\\\/\"]}]},{\"@type\":\"ImageObject\",\"inLanguage\":\"pt-PT\",\"@id\":\"https:\\\/\\\/www.altominho.tv\\\/site\\\/2023\\\/06\\\/30\\\/courenses-da-hugo-band-atuaram-para-multidao-de-14-mil-pessoas-em-franca\\\/#primaryimage\",\"url\":\"https:\\\/\\\/www.altominho.tv\\\/site\\\/wp-content\\\/uploads\\\/2023\\\/06\\\/hugo-band.jpg\",\"contentUrl\":\"https:\\\/\\\/www.altominho.tv\\\/site\\\/wp-content\\\/uploads\\\/2023\\\/06\\\/hugo-band.jpg\",\"width\":1890,\"height\":1063},{\"@type\":\"BreadcrumbList\",\"@id\":\"https:\\\/\\\/www.altominho.tv\\\/site\\\/2023\\\/06\\\/30\\\/courenses-da-hugo-band-atuaram-para-multidao-de-14-mil-pessoas-em-franca\\\/#breadcrumb\",\"itemListElement\":[{\"@type\":\"ListItem\",\"position\":1,\"name\":\"In\u00edcio\",\"item\":\"https:\\\/\\\/www.altominho.tv\\\/site\\\/\"},{\"@type\":\"ListItem\",\"position\":2,\"name\":\"Courenses da Hugo Band atuaram para multid\u00e3o de 14 mil pessoas em Fran\u00e7a\"}]},{\"@type\":\"WebSite\",\"@id\":\"https:\\\/\\\/www.altominho.tv\\\/site\\\/#website\",\"url\":\"https:\\\/\\\/www.altominho.tv\\\/site\\\/\",\"name\":\"Altominho.tv\",\"description\":\"A sua regi\u00e3o \u00e0 dist\u00e2ncia de um clique...\",\"potentialAction\":[{\"@type\":\"SearchAction\",\"target\":{\"@type\":\"EntryPoint\",\"urlTemplate\":\"https:\\\/\\\/www.altominho.tv\\\/site\\\/?s={search_term_string}\"},\"query-input\":{\"@type\":\"PropertyValueSpecification\",\"valueRequired\":true,\"valueName\":\"search_term_string\"}}],\"inLanguage\":\"pt-PT\"},{\"@type\":\"Person\",\"@id\":\"https:\\\/\\\/www.altominho.tv\\\/site\\\/#\\\/schema\\\/person\\\/4e536851627d7914baf3dac752b6af22\",\"name\":\"Altominho.tv\",\"image\":{\"@type\":\"ImageObject\",\"inLanguage\":\"pt-PT\",\"@id\":\"https:\\\/\\\/www.altominho.tv\\\/site\\\/wp-content\\\/uploads\\\/2019\\\/11\\\/Logo_Avatar_2-150x150.jpg\",\"url\":\"https:\\\/\\\/www.altominho.tv\\\/site\\\/wp-content\\\/uploads\\\/2019\\\/11\\\/Logo_Avatar_2-150x150.jpg\",\"contentUrl\":\"https:\\\/\\\/www.altominho.tv\\\/site\\\/wp-content\\\/uploads\\\/2019\\\/11\\\/Logo_Avatar_2-150x150.jpg\",\"caption\":\"Altominho.tv\"},\"url\":\"https:\\\/\\\/www.altominho.tv\\\/site\\\/author\\\/altominhotv-tecnico\\\/\"}]}<\/script>\n<!-- \/ Yoast SEO Premium plugin. -->","yoast_head_json":{"title":"Courenses da Hugo Band atuaram para multid\u00e3o de 14 mil pessoas em Fran\u00e7a","description":"A Hugo Band, de Paredes de Coura, teve no \u00faltimo s\u00e1bado um dos seus espet\u00e1culos mais memor\u00e1veis. Em Clermont-Ferrand, uma cidade francesa com uma grande presen\u00e7a de emigrantes courenses, aquela que \u00e9 uma das bandas mais populares do Alto Minho atuou para cerca de 14 mil pessoas nas Festas de Saint-Jean.","robots":{"index":"index","follow":"follow","max-snippet":"max-snippet:-1","max-image-preview":"max-image-preview:large","max-video-preview":"max-video-preview:-1"},"canonical":"https:\/\/www.altominho.tv\/site\/2023\/06\/30\/courenses-da-hugo-band-atuaram-para-multidao-de-14-mil-pessoas-em-franca\/","og_locale":"pt_PT","og_type":"article","og_title":"Courenses da Hugo Band atuaram para multid\u00e3o de 14 mil pessoas em Fran\u00e7a","og_description":"A Hugo Band, de Paredes de Coura, teve no \u00faltimo s\u00e1bado um dos seus espet\u00e1culos mais memor\u00e1veis. Em Clermont-Ferrand, uma cidade francesa com uma grande presen\u00e7a de emigrantes courenses, aquela que \u00e9 uma das bandas mais populares do Alto Minho atuou para cerca de 14 mil pessoas nas Festas de Saint-Jean.","og_url":"https:\/\/www.altominho.tv\/site\/2023\/06\/30\/courenses-da-hugo-band-atuaram-para-multidao-de-14-mil-pessoas-em-franca\/","og_site_name":"Altominho.tv","article_publisher":"https:\/\/www.facebook.com\/altominhotv","article_published_time":"2023-06-30T14:39:17+00:00","article_modified_time":"2023-06-30T14:50:35+00:00","og_image":[{"width":1890,"height":1063,"url":"https:\/\/www.altominho.tv\/site\/wp-content\/uploads\/2023\/06\/hugo-band.jpg","type":"image\/jpeg"}],"author":"Altominho.tv","twitter_card":"summary_large_image","twitter_creator":"@altominhoTV","twitter_site":"@altominhoTV","twitter_misc":{"Escrito por":"Altominho.tv","Tempo estimado de leitura":"1 minuto"},"schema":{"@context":"https:\/\/schema.org","@graph":[{"@type":"Article","@id":"https:\/\/www.altominho.tv\/site\/2023\/06\/30\/courenses-da-hugo-band-atuaram-para-multidao-de-14-mil-pessoas-em-franca\/#article","isPartOf":{"@id":"https:\/\/www.altominho.tv\/site\/2023\/06\/30\/courenses-da-hugo-band-atuaram-para-multidao-de-14-mil-pessoas-em-franca\/"},"author":{"name":"Altominho.tv","@id":"https:\/\/www.altominho.tv\/site\/#\/schema\/person\/4e536851627d7914baf3dac752b6af22"},"headline":"Courenses da Hugo Band atuaram para multid\u00e3o de 14 mil pessoas em Fran\u00e7a","datePublished":"2023-06-30T14:39:17+00:00","dateModified":"2023-06-30T14:50:35+00:00","mainEntityOfPage":{"@id":"https:\/\/www.altominho.tv\/site\/2023\/06\/30\/courenses-da-hugo-band-atuaram-para-multidao-de-14-mil-pessoas-em-franca\/"},"wordCount":180,"image":{"@id":"https:\/\/www.altominho.tv\/site\/2023\/06\/30\/courenses-da-hugo-band-atuaram-para-multidao-de-14-mil-pessoas-em-franca\/#primaryimage"},"thumbnailUrl":"https:\/\/www.altominho.tv\/site\/wp-content\/uploads\/2023\/06\/hugo-band.jpg","keywords":["Lazer"],"articleSection":["Paredes de Coura"],"inLanguage":"pt-PT","copyrightYear":"2023","copyrightHolder":{"@id":"https:\/\/www.altominho.tv\/site\/#organization"}},{"@type":"WebPage","@id":"https:\/\/www.altominho.tv\/site\/2023\/06\/30\/courenses-da-hugo-band-atuaram-para-multidao-de-14-mil-pessoas-em-franca\/","url":"https:\/\/www.altominho.tv\/site\/2023\/06\/30\/courenses-da-hugo-band-atuaram-para-multidao-de-14-mil-pessoas-em-franca\/","name":"Courenses da Hugo Band atuaram para multid\u00e3o de 14 mil pessoas em Fran\u00e7a","isPartOf":{"@id":"https:\/\/www.altominho.tv\/site\/#website"},"primaryImageOfPage":{"@id":"https:\/\/www.altominho.tv\/site\/2023\/06\/30\/courenses-da-hugo-band-atuaram-para-multidao-de-14-mil-pessoas-em-franca\/#primaryimage"},"image":{"@id":"https:\/\/www.altominho.tv\/site\/2023\/06\/30\/courenses-da-hugo-band-atuaram-para-multidao-de-14-mil-pessoas-em-franca\/#primaryimage"},"thumbnailUrl":"https:\/\/www.altominho.tv\/site\/wp-content\/uploads\/2023\/06\/hugo-band.jpg","datePublished":"2023-06-30T14:39:17+00:00","dateModified":"2023-06-30T14:50:35+00:00","author":{"@id":"https:\/\/www.altominho.tv\/site\/#\/schema\/person\/4e536851627d7914baf3dac752b6af22"},"description":"A Hugo Band, de Paredes de Coura, teve no \u00faltimo s\u00e1bado um dos seus espet\u00e1culos mais memor\u00e1veis. Em Clermont-Ferrand, uma cidade francesa com uma grande presen\u00e7a de emigrantes courenses, aquela que \u00e9 uma das bandas mais populares do Alto Minho atuou para cerca de 14 mil pessoas nas Festas de Saint-Jean.","breadcrumb":{"@id":"https:\/\/www.altominho.tv\/site\/2023\/06\/30\/courenses-da-hugo-band-atuaram-para-multidao-de-14-mil-pessoas-em-franca\/#breadcrumb"},"inLanguage":"pt-PT","potentialAction":[{"@type":"ReadAction","target":["https:\/\/www.altominho.tv\/site\/2023\/06\/30\/courenses-da-hugo-band-atuaram-para-multidao-de-14-mil-pessoas-em-franca\/"]}]},{"@type":"ImageObject","inLanguage":"pt-PT","@id":"https:\/\/www.altominho.tv\/site\/2023\/06\/30\/courenses-da-hugo-band-atuaram-para-multidao-de-14-mil-pessoas-em-franca\/#primaryimage","url":"https:\/\/www.altominho.tv\/site\/wp-content\/uploads\/2023\/06\/hugo-band.jpg","contentUrl":"https:\/\/www.altominho.tv\/site\/wp-content\/uploads\/2023\/06\/hugo-band.jpg","width":1890,"height":1063},{"@type":"BreadcrumbList","@id":"https:\/\/www.altominho.tv\/site\/2023\/06\/30\/courenses-da-hugo-band-atuaram-para-multidao-de-14-mil-pessoas-em-franca\/#breadcrumb","itemListElement":[{"@type":"ListItem","position":1,"name":"In\u00edcio","item":"https:\/\/www.altominho.tv\/site\/"},{"@type":"ListItem","position":2,"name":"Courenses da Hugo Band atuaram para multid\u00e3o de 14 mil pessoas em Fran\u00e7a"}]},{"@type":"WebSite","@id":"https:\/\/www.altominho.tv\/site\/#website","url":"https:\/\/www.altominho.tv\/site\/","name":"Altominho.tv","description":"A sua regi\u00e3o \u00e0 dist\u00e2ncia de um clique...","potentialAction":[{"@type":"SearchAction","target":{"@type":"EntryPoint","urlTemplate":"https:\/\/www.altominho.tv\/site\/?s={search_term_string}"},"query-input":{"@type":"PropertyValueSpecification","valueRequired":true,"valueName":"search_term_string"}}],"inLanguage":"pt-PT"},{"@type":"Person","@id":"https:\/\/www.altominho.tv\/site\/#\/schema\/person\/4e536851627d7914baf3dac752b6af22","name":"Altominho.tv","image":{"@type":"ImageObject","inLanguage":"pt-PT","@id":"https:\/\/www.altominho.tv\/site\/wp-content\/uploads\/2019\/11\/Logo_Avatar_2-150x150.jpg","url":"https:\/\/www.altominho.tv\/site\/wp-content\/uploads\/2019\/11\/Logo_Avatar_2-150x150.jpg","contentUrl":"https:\/\/www.altominho.tv\/site\/wp-content\/uploads\/2019\/11\/Logo_Avatar_2-150x150.jpg","caption":"Altominho.tv"},"url":"https:\/\/www.altominho.tv\/site\/author\/altominhotv-tecnico\/"}]}},"_links":{"self":[{"href":"https:\/\/www.altominho.tv\/site\/wp-json\/wp\/v2\/posts\/93897","targetHints":{"allow":["GET"]}}],"collection":[{"href":"https:\/\/www.altominho.tv\/site\/wp-json\/wp\/v2\/posts"}],"about":[{"href":"https:\/\/www.altominho.tv\/site\/wp-json\/wp\/v2\/types\/post"}],"author":[{"embeddable":true,"href":"https:\/\/www.altominho.tv\/site\/wp-json\/wp\/v2\/users\/1"}],"replies":[{"embeddable":true,"href":"https:\/\/www.altominho.tv\/site\/wp-json\/wp\/v2\/comments?post=93897"}],"version-history":[{"count":3,"href":"https:\/\/www.altominho.tv\/site\/wp-json\/wp\/v2\/posts\/93897\/revisions"}],"predecessor-version":[{"id":93901,"href":"https:\/\/www.altominho.tv\/site\/wp-json\/wp\/v2\/posts\/93897\/revisions\/93901"}],"wp:featuredmedia":[{"embeddable":true,"href":"https:\/\/www.altominho.tv\/site\/wp-json\/wp\/v2\/media\/93896"}],"wp:attachment":[{"href":"https:\/\/www.altominho.tv\/site\/wp-json\/wp\/v2\/media?parent=93897"}],"wp:term":[{"taxonomy":"category","embeddable":true,"href":"https:\/\/www.altominho.tv\/site\/wp-json\/wp\/v2\/categories?post=93897"},{"taxonomy":"post_tag","embeddable":true,"href":"https:\/\/www.altominho.tv\/site\/wp-json\/wp\/v2\/tags?post=93897"}],"curies":[{"name":"wp","href":"https:\/\/api.w.org\/{rel}","templated":true}]}}