{"id":93885,"date":"2023-06-30T10:02:54","date_gmt":"2023-06-30T09:02:54","guid":{"rendered":"https:\/\/www.altominho.tv\/site\/?p=93885"},"modified":"2023-06-30T10:04:25","modified_gmt":"2023-06-30T09:04:25","slug":"paredes-de-coura-retoma-passeio-senior","status":"publish","type":"post","link":"https:\/\/www.altominho.tv\/site\/2023\/06\/30\/paredes-de-coura-retoma-passeio-senior\/","title":{"rendered":"Paredes de Coura retomou Passeio S\u00e9nior com visita ao Ger\u00eas"},"content":{"rendered":"<p>Uma visita ao Santu\u00e1rio de S\u00e3o Bento da Porta Aberta, em Terras do Bouro, no Ger\u00eas, bem como o almo\u00e7o numa unidade hoteleira da Ponte da Barca serviu para Paredes de Coura retomar este ano o Passeio S\u00e9nior, depois da pausa de tr\u00eas anos na sequ\u00eancia da pandemia pela Covid-19.<\/p>\n<p>\u201cEsta \u00e9 uma forma de reconhecer a import\u00e2ncia que os mais idosos t\u00eam na nossa comunidade\u201d, sublinhou Vitor Paulo Pereira, para quem \u201c\u00e9 tamb\u00e9m um gesto simples de gratid\u00e3o para quem tanto trabalhou e investiu tempo e esfor\u00e7o na educa\u00e7\u00e3o dos filhos e na constru\u00e7\u00e3o da nossa terra\u201d.<\/p>\n<p>Cerca de mil courenses, divididos por dois dias \u2013 primeiro das Freguesias e Uni\u00f5es de Freguesia de Vasc\u00f5es, Bico e Cristelo, Paredes de Coura e Resende, Insalde e Porreiras, Castanheira, Moselos e Parada, e depois das de Cunha, Agualonga, S\u00e3o Martinho de Coura, Romarig\u00e3es, Rubi\u00e3es, Cossourado e Linhares, Formariz e Ferreira, e Infesta -, partilharam momentos de festa e grande confraterniza\u00e7\u00e3o, permitindo reviver amigos e trocar conversas entre agrad\u00e1veis per\u00edodos de lazer e f\u00e9.<\/p>\n<p>As celebra\u00e7\u00f5es eucar\u00edsticas foram conduzidas pelos padres courenses Nogueira, Alberto, Moreira e Joel. Por sua vez, a anima\u00e7\u00e3o e entretenimento na unidade hoteleira esteve a cargo de Nuno Pacheco.<\/p>\n<p>Mais uma vez, o Passeio S\u00e9nior de Paredes de Coura contou tamb\u00e9m com a presen\u00e7a dos presidentes de Junta e Uni\u00f5es de Freguesia ou seus representantes, bem como o pessoal auxiliar e t\u00e9cnico das IPSS do concelho, que acompanharam os seus utentes.<\/p>\n","protected":false},"excerpt":{"rendered":"<p>Uma visita ao Santu\u00e1rio de S\u00e3o Bento da Porta Aberta, em Terras do Bouro, no Ger\u00eas, bem como o almo\u00e7o numa unidade hoteleira da Ponte da Barca serviu para Paredes de Coura retomar este ano o Passeio S\u00e9nior, depois da pausa de tr\u00eas anos na sequ\u00eancia da pandemia pela Covid-19. \u201cEsta \u00e9 uma forma de [&hellip;]<\/p>\n","protected":false},"author":1,"featured_media":93886,"comment_status":"closed","ping_status":"closed","sticky":false,"template":"","format":"standard","meta":{"_exactmetrics_skip_tracking":false,"_exactmetrics_sitenote_active":false,"_exactmetrics_sitenote_note":"","_exactmetrics_sitenote_category":0,"footnotes":""},"categories":[10],"tags":[27],"class_list":["post-93885","post","type-post","status-publish","format-standard","has-post-thumbnail","hentry","category-paredes-de-coura","tag-sociedade"],"yoast_head":"<!-- This site is optimized with the Yoast SEO Premium plugin v27.5 (Yoast SEO v27.5) - https:\/\/yoast.com\/product\/yoast-seo-premium-wordpress\/ -->\n<title>Paredes de Coura retomou Passeio S\u00e9nior com visita ao Ger\u00eas<\/title>\n<meta name=\"description\" content=\"Uma visita ao Santu\u00e1rio de S\u00e3o Bento da Porta Aberta, em Terras do Bouro, no Ger\u00eas, bem como o almo\u00e7o numa unidade hoteleira da Ponte da Barca serviu para Paredes de Coura retomar este ano o Passeio S\u00e9nior, depois da pausa de tr\u00eas anos na sequ\u00eancia da pandemia pela Covid-19.\" \/>\n<meta name=\"robots\" content=\"index, follow, max-snippet:-1, max-image-preview:large, max-video-preview:-1\" \/>\n<link rel=\"canonical\" href=\"https:\/\/www.altominho.tv\/site\/2023\/06\/30\/paredes-de-coura-retoma-passeio-senior\/\" \/>\n<meta property=\"og:locale\" content=\"pt_PT\" \/>\n<meta property=\"og:type\" content=\"article\" \/>\n<meta property=\"og:title\" content=\"Paredes de Coura retomou Passeio S\u00e9nior com visita ao Ger\u00eas\" \/>\n<meta property=\"og:description\" content=\"Uma visita ao Santu\u00e1rio de S\u00e3o Bento da Porta Aberta, em Terras do Bouro, no Ger\u00eas, bem como o almo\u00e7o numa unidade hoteleira da Ponte da Barca serviu para Paredes de Coura retomar este ano o Passeio S\u00e9nior, depois da pausa de tr\u00eas anos na sequ\u00eancia da pandemia pela Covid-19.\" \/>\n<meta property=\"og:url\" content=\"https:\/\/www.altominho.tv\/site\/2023\/06\/30\/paredes-de-coura-retoma-passeio-senior\/\" \/>\n<meta property=\"og:site_name\" content=\"Altominho.tv\" \/>\n<meta property=\"article:publisher\" content=\"https:\/\/www.facebook.com\/altominhotv\" \/>\n<meta property=\"article:published_time\" content=\"2023-06-30T09:02:54+00:00\" \/>\n<meta property=\"article:modified_time\" content=\"2023-06-30T09:04:25+00:00\" \/>\n<meta property=\"og:image\" content=\"https:\/\/www.altominho.tv\/site\/wp-content\/uploads\/2023\/06\/Passeio-senior-2023.png\" \/>\n\t<meta property=\"og:image:width\" content=\"860\" \/>\n\t<meta property=\"og:image:height\" content=\"496\" \/>\n\t<meta property=\"og:image:type\" content=\"image\/png\" \/>\n<meta name=\"author\" content=\"Altominho.tv\" \/>\n<meta name=\"twitter:card\" content=\"summary_large_image\" \/>\n<meta name=\"twitter:creator\" content=\"@altominhoTV\" \/>\n<meta name=\"twitter:site\" content=\"@altominhoTV\" \/>\n<meta name=\"twitter:label1\" content=\"Escrito por\" \/>\n\t<meta name=\"twitter:data1\" content=\"Altominho.tv\" \/>\n\t<meta name=\"twitter:label2\" content=\"Tempo estimado de leitura\" \/>\n\t<meta name=\"twitter:data2\" content=\"2 minutos\" \/>\n<script type=\"application\/ld+json\" class=\"yoast-schema-graph\">{\"@context\":\"https:\\\/\\\/schema.org\",\"@graph\":[{\"@type\":\"Article\",\"@id\":\"https:\\\/\\\/www.altominho.tv\\\/site\\\/2023\\\/06\\\/30\\\/paredes-de-coura-retoma-passeio-senior\\\/#article\",\"isPartOf\":{\"@id\":\"https:\\\/\\\/www.altominho.tv\\\/site\\\/2023\\\/06\\\/30\\\/paredes-de-coura-retoma-passeio-senior\\\/\"},\"author\":{\"name\":\"Altominho.tv\",\"@id\":\"https:\\\/\\\/www.altominho.tv\\\/site\\\/#\\\/schema\\\/person\\\/4e536851627d7914baf3dac752b6af22\"},\"headline\":\"Paredes de Coura retomou Passeio S\u00e9nior com visita ao Ger\u00eas\",\"datePublished\":\"2023-06-30T09:02:54+00:00\",\"dateModified\":\"2023-06-30T09:04:25+00:00\",\"mainEntityOfPage\":{\"@id\":\"https:\\\/\\\/www.altominho.tv\\\/site\\\/2023\\\/06\\\/30\\\/paredes-de-coura-retoma-passeio-senior\\\/\"},\"wordCount\":282,\"image\":{\"@id\":\"https:\\\/\\\/www.altominho.tv\\\/site\\\/2023\\\/06\\\/30\\\/paredes-de-coura-retoma-passeio-senior\\\/#primaryimage\"},\"thumbnailUrl\":\"https:\\\/\\\/www.altominho.tv\\\/site\\\/wp-content\\\/uploads\\\/2023\\\/06\\\/Passeio-senior-2023.png\",\"keywords\":[\"Sociedade\"],\"articleSection\":[\"Paredes de Coura\"],\"inLanguage\":\"pt-PT\",\"copyrightYear\":\"2023\",\"copyrightHolder\":{\"@id\":\"https:\\\/\\\/www.altominho.tv\\\/site\\\/#organization\"}},{\"@type\":\"WebPage\",\"@id\":\"https:\\\/\\\/www.altominho.tv\\\/site\\\/2023\\\/06\\\/30\\\/paredes-de-coura-retoma-passeio-senior\\\/\",\"url\":\"https:\\\/\\\/www.altominho.tv\\\/site\\\/2023\\\/06\\\/30\\\/paredes-de-coura-retoma-passeio-senior\\\/\",\"name\":\"Paredes de Coura retomou Passeio S\u00e9nior com visita ao Ger\u00eas\",\"isPartOf\":{\"@id\":\"https:\\\/\\\/www.altominho.tv\\\/site\\\/#website\"},\"primaryImageOfPage\":{\"@id\":\"https:\\\/\\\/www.altominho.tv\\\/site\\\/2023\\\/06\\\/30\\\/paredes-de-coura-retoma-passeio-senior\\\/#primaryimage\"},\"image\":{\"@id\":\"https:\\\/\\\/www.altominho.tv\\\/site\\\/2023\\\/06\\\/30\\\/paredes-de-coura-retoma-passeio-senior\\\/#primaryimage\"},\"thumbnailUrl\":\"https:\\\/\\\/www.altominho.tv\\\/site\\\/wp-content\\\/uploads\\\/2023\\\/06\\\/Passeio-senior-2023.png\",\"datePublished\":\"2023-06-30T09:02:54+00:00\",\"dateModified\":\"2023-06-30T09:04:25+00:00\",\"author\":{\"@id\":\"https:\\\/\\\/www.altominho.tv\\\/site\\\/#\\\/schema\\\/person\\\/4e536851627d7914baf3dac752b6af22\"},\"description\":\"Uma visita ao Santu\u00e1rio de S\u00e3o Bento da Porta Aberta, em Terras do Bouro, no Ger\u00eas, bem como o almo\u00e7o numa unidade hoteleira da Ponte da Barca serviu para Paredes de Coura retomar este ano o Passeio S\u00e9nior, depois da pausa de tr\u00eas anos na sequ\u00eancia da pandemia pela Covid-19.\",\"breadcrumb\":{\"@id\":\"https:\\\/\\\/www.altominho.tv\\\/site\\\/2023\\\/06\\\/30\\\/paredes-de-coura-retoma-passeio-senior\\\/#breadcrumb\"},\"inLanguage\":\"pt-PT\",\"potentialAction\":[{\"@type\":\"ReadAction\",\"target\":[\"https:\\\/\\\/www.altominho.tv\\\/site\\\/2023\\\/06\\\/30\\\/paredes-de-coura-retoma-passeio-senior\\\/\"]}]},{\"@type\":\"ImageObject\",\"inLanguage\":\"pt-PT\",\"@id\":\"https:\\\/\\\/www.altominho.tv\\\/site\\\/2023\\\/06\\\/30\\\/paredes-de-coura-retoma-passeio-senior\\\/#primaryimage\",\"url\":\"https:\\\/\\\/www.altominho.tv\\\/site\\\/wp-content\\\/uploads\\\/2023\\\/06\\\/Passeio-senior-2023.png\",\"contentUrl\":\"https:\\\/\\\/www.altominho.tv\\\/site\\\/wp-content\\\/uploads\\\/2023\\\/06\\\/Passeio-senior-2023.png\",\"width\":860,\"height\":496,\"caption\":\"DR\"},{\"@type\":\"BreadcrumbList\",\"@id\":\"https:\\\/\\\/www.altominho.tv\\\/site\\\/2023\\\/06\\\/30\\\/paredes-de-coura-retoma-passeio-senior\\\/#breadcrumb\",\"itemListElement\":[{\"@type\":\"ListItem\",\"position\":1,\"name\":\"In\u00edcio\",\"item\":\"https:\\\/\\\/www.altominho.tv\\\/site\\\/\"},{\"@type\":\"ListItem\",\"position\":2,\"name\":\"Paredes de Coura retomou Passeio S\u00e9nior com visita ao Ger\u00eas\"}]},{\"@type\":\"WebSite\",\"@id\":\"https:\\\/\\\/www.altominho.tv\\\/site\\\/#website\",\"url\":\"https:\\\/\\\/www.altominho.tv\\\/site\\\/\",\"name\":\"Altominho.tv\",\"description\":\"A sua regi\u00e3o \u00e0 dist\u00e2ncia de um clique...\",\"potentialAction\":[{\"@type\":\"SearchAction\",\"target\":{\"@type\":\"EntryPoint\",\"urlTemplate\":\"https:\\\/\\\/www.altominho.tv\\\/site\\\/?s={search_term_string}\"},\"query-input\":{\"@type\":\"PropertyValueSpecification\",\"valueRequired\":true,\"valueName\":\"search_term_string\"}}],\"inLanguage\":\"pt-PT\"},{\"@type\":\"Person\",\"@id\":\"https:\\\/\\\/www.altominho.tv\\\/site\\\/#\\\/schema\\\/person\\\/4e536851627d7914baf3dac752b6af22\",\"name\":\"Altominho.tv\",\"image\":{\"@type\":\"ImageObject\",\"inLanguage\":\"pt-PT\",\"@id\":\"https:\\\/\\\/www.altominho.tv\\\/site\\\/wp-content\\\/uploads\\\/2019\\\/11\\\/Logo_Avatar_2-150x150.jpg\",\"url\":\"https:\\\/\\\/www.altominho.tv\\\/site\\\/wp-content\\\/uploads\\\/2019\\\/11\\\/Logo_Avatar_2-150x150.jpg\",\"contentUrl\":\"https:\\\/\\\/www.altominho.tv\\\/site\\\/wp-content\\\/uploads\\\/2019\\\/11\\\/Logo_Avatar_2-150x150.jpg\",\"caption\":\"Altominho.tv\"},\"url\":\"https:\\\/\\\/www.altominho.tv\\\/site\\\/author\\\/altominhotv-tecnico\\\/\"}]}<\/script>\n<!-- \/ Yoast SEO Premium plugin. -->","yoast_head_json":{"title":"Paredes de Coura retomou Passeio S\u00e9nior com visita ao Ger\u00eas","description":"Uma visita ao Santu\u00e1rio de S\u00e3o Bento da Porta Aberta, em Terras do Bouro, no Ger\u00eas, bem como o almo\u00e7o numa unidade hoteleira da Ponte da Barca serviu para Paredes de Coura retomar este ano o Passeio S\u00e9nior, depois da pausa de tr\u00eas anos na sequ\u00eancia da pandemia pela Covid-19.","robots":{"index":"index","follow":"follow","max-snippet":"max-snippet:-1","max-image-preview":"max-image-preview:large","max-video-preview":"max-video-preview:-1"},"canonical":"https:\/\/www.altominho.tv\/site\/2023\/06\/30\/paredes-de-coura-retoma-passeio-senior\/","og_locale":"pt_PT","og_type":"article","og_title":"Paredes de Coura retomou Passeio S\u00e9nior com visita ao Ger\u00eas","og_description":"Uma visita ao Santu\u00e1rio de S\u00e3o Bento da Porta Aberta, em Terras do Bouro, no Ger\u00eas, bem como o almo\u00e7o numa unidade hoteleira da Ponte da Barca serviu para Paredes de Coura retomar este ano o Passeio S\u00e9nior, depois da pausa de tr\u00eas anos na sequ\u00eancia da pandemia pela Covid-19.","og_url":"https:\/\/www.altominho.tv\/site\/2023\/06\/30\/paredes-de-coura-retoma-passeio-senior\/","og_site_name":"Altominho.tv","article_publisher":"https:\/\/www.facebook.com\/altominhotv","article_published_time":"2023-06-30T09:02:54+00:00","article_modified_time":"2023-06-30T09:04:25+00:00","og_image":[{"width":860,"height":496,"url":"https:\/\/www.altominho.tv\/site\/wp-content\/uploads\/2023\/06\/Passeio-senior-2023.png","type":"image\/png"}],"author":"Altominho.tv","twitter_card":"summary_large_image","twitter_creator":"@altominhoTV","twitter_site":"@altominhoTV","twitter_misc":{"Escrito por":"Altominho.tv","Tempo estimado de leitura":"2 minutos"},"schema":{"@context":"https:\/\/schema.org","@graph":[{"@type":"Article","@id":"https:\/\/www.altominho.tv\/site\/2023\/06\/30\/paredes-de-coura-retoma-passeio-senior\/#article","isPartOf":{"@id":"https:\/\/www.altominho.tv\/site\/2023\/06\/30\/paredes-de-coura-retoma-passeio-senior\/"},"author":{"name":"Altominho.tv","@id":"https:\/\/www.altominho.tv\/site\/#\/schema\/person\/4e536851627d7914baf3dac752b6af22"},"headline":"Paredes de Coura retomou Passeio S\u00e9nior com visita ao Ger\u00eas","datePublished":"2023-06-30T09:02:54+00:00","dateModified":"2023-06-30T09:04:25+00:00","mainEntityOfPage":{"@id":"https:\/\/www.altominho.tv\/site\/2023\/06\/30\/paredes-de-coura-retoma-passeio-senior\/"},"wordCount":282,"image":{"@id":"https:\/\/www.altominho.tv\/site\/2023\/06\/30\/paredes-de-coura-retoma-passeio-senior\/#primaryimage"},"thumbnailUrl":"https:\/\/www.altominho.tv\/site\/wp-content\/uploads\/2023\/06\/Passeio-senior-2023.png","keywords":["Sociedade"],"articleSection":["Paredes de Coura"],"inLanguage":"pt-PT","copyrightYear":"2023","copyrightHolder":{"@id":"https:\/\/www.altominho.tv\/site\/#organization"}},{"@type":"WebPage","@id":"https:\/\/www.altominho.tv\/site\/2023\/06\/30\/paredes-de-coura-retoma-passeio-senior\/","url":"https:\/\/www.altominho.tv\/site\/2023\/06\/30\/paredes-de-coura-retoma-passeio-senior\/","name":"Paredes de Coura retomou Passeio S\u00e9nior com visita ao Ger\u00eas","isPartOf":{"@id":"https:\/\/www.altominho.tv\/site\/#website"},"primaryImageOfPage":{"@id":"https:\/\/www.altominho.tv\/site\/2023\/06\/30\/paredes-de-coura-retoma-passeio-senior\/#primaryimage"},"image":{"@id":"https:\/\/www.altominho.tv\/site\/2023\/06\/30\/paredes-de-coura-retoma-passeio-senior\/#primaryimage"},"thumbnailUrl":"https:\/\/www.altominho.tv\/site\/wp-content\/uploads\/2023\/06\/Passeio-senior-2023.png","datePublished":"2023-06-30T09:02:54+00:00","dateModified":"2023-06-30T09:04:25+00:00","author":{"@id":"https:\/\/www.altominho.tv\/site\/#\/schema\/person\/4e536851627d7914baf3dac752b6af22"},"description":"Uma visita ao Santu\u00e1rio de S\u00e3o Bento da Porta Aberta, em Terras do Bouro, no Ger\u00eas, bem como o almo\u00e7o numa unidade hoteleira da Ponte da Barca serviu para Paredes de Coura retomar este ano o Passeio S\u00e9nior, depois da pausa de tr\u00eas anos na sequ\u00eancia da pandemia pela Covid-19.","breadcrumb":{"@id":"https:\/\/www.altominho.tv\/site\/2023\/06\/30\/paredes-de-coura-retoma-passeio-senior\/#breadcrumb"},"inLanguage":"pt-PT","potentialAction":[{"@type":"ReadAction","target":["https:\/\/www.altominho.tv\/site\/2023\/06\/30\/paredes-de-coura-retoma-passeio-senior\/"]}]},{"@type":"ImageObject","inLanguage":"pt-PT","@id":"https:\/\/www.altominho.tv\/site\/2023\/06\/30\/paredes-de-coura-retoma-passeio-senior\/#primaryimage","url":"https:\/\/www.altominho.tv\/site\/wp-content\/uploads\/2023\/06\/Passeio-senior-2023.png","contentUrl":"https:\/\/www.altominho.tv\/site\/wp-content\/uploads\/2023\/06\/Passeio-senior-2023.png","width":860,"height":496,"caption":"DR"},{"@type":"BreadcrumbList","@id":"https:\/\/www.altominho.tv\/site\/2023\/06\/30\/paredes-de-coura-retoma-passeio-senior\/#breadcrumb","itemListElement":[{"@type":"ListItem","position":1,"name":"In\u00edcio","item":"https:\/\/www.altominho.tv\/site\/"},{"@type":"ListItem","position":2,"name":"Paredes de Coura retomou Passeio S\u00e9nior com visita ao Ger\u00eas"}]},{"@type":"WebSite","@id":"https:\/\/www.altominho.tv\/site\/#website","url":"https:\/\/www.altominho.tv\/site\/","name":"Altominho.tv","description":"A sua regi\u00e3o \u00e0 dist\u00e2ncia de um clique...","potentialAction":[{"@type":"SearchAction","target":{"@type":"EntryPoint","urlTemplate":"https:\/\/www.altominho.tv\/site\/?s={search_term_string}"},"query-input":{"@type":"PropertyValueSpecification","valueRequired":true,"valueName":"search_term_string"}}],"inLanguage":"pt-PT"},{"@type":"Person","@id":"https:\/\/www.altominho.tv\/site\/#\/schema\/person\/4e536851627d7914baf3dac752b6af22","name":"Altominho.tv","image":{"@type":"ImageObject","inLanguage":"pt-PT","@id":"https:\/\/www.altominho.tv\/site\/wp-content\/uploads\/2019\/11\/Logo_Avatar_2-150x150.jpg","url":"https:\/\/www.altominho.tv\/site\/wp-content\/uploads\/2019\/11\/Logo_Avatar_2-150x150.jpg","contentUrl":"https:\/\/www.altominho.tv\/site\/wp-content\/uploads\/2019\/11\/Logo_Avatar_2-150x150.jpg","caption":"Altominho.tv"},"url":"https:\/\/www.altominho.tv\/site\/author\/altominhotv-tecnico\/"}]}},"_links":{"self":[{"href":"https:\/\/www.altominho.tv\/site\/wp-json\/wp\/v2\/posts\/93885","targetHints":{"allow":["GET"]}}],"collection":[{"href":"https:\/\/www.altominho.tv\/site\/wp-json\/wp\/v2\/posts"}],"about":[{"href":"https:\/\/www.altominho.tv\/site\/wp-json\/wp\/v2\/types\/post"}],"author":[{"embeddable":true,"href":"https:\/\/www.altominho.tv\/site\/wp-json\/wp\/v2\/users\/1"}],"replies":[{"embeddable":true,"href":"https:\/\/www.altominho.tv\/site\/wp-json\/wp\/v2\/comments?post=93885"}],"version-history":[{"count":1,"href":"https:\/\/www.altominho.tv\/site\/wp-json\/wp\/v2\/posts\/93885\/revisions"}],"predecessor-version":[{"id":93887,"href":"https:\/\/www.altominho.tv\/site\/wp-json\/wp\/v2\/posts\/93885\/revisions\/93887"}],"wp:featuredmedia":[{"embeddable":true,"href":"https:\/\/www.altominho.tv\/site\/wp-json\/wp\/v2\/media\/93886"}],"wp:attachment":[{"href":"https:\/\/www.altominho.tv\/site\/wp-json\/wp\/v2\/media?parent=93885"}],"wp:term":[{"taxonomy":"category","embeddable":true,"href":"https:\/\/www.altominho.tv\/site\/wp-json\/wp\/v2\/categories?post=93885"},{"taxonomy":"post_tag","embeddable":true,"href":"https:\/\/www.altominho.tv\/site\/wp-json\/wp\/v2\/tags?post=93885"}],"curies":[{"name":"wp","href":"https:\/\/api.w.org\/{rel}","templated":true}]}}