{"id":93802,"date":"2023-06-27T14:40:07","date_gmt":"2023-06-27T13:40:07","guid":{"rendered":"https:\/\/www.altominho.tv\/site\/?p=93802"},"modified":"2023-06-27T14:40:11","modified_gmt":"2023-06-27T13:40:11","slug":"valenciano-filipe-amoedo-participa-evento-boxe-tomino","status":"publish","type":"post","link":"https:\/\/www.altominho.tv\/site\/2023\/06\/27\/valenciano-filipe-amoedo-participa-evento-boxe-tomino\/","title":{"rendered":"Valenciano Filipe Amoedo vai combater em Tomi\u00f1o a 8 de julho"},"content":{"rendered":"<p>Filipe Amoedo, natural de Valen\u00e7a, vai participar num evento de boxe que se realizar\u00e1 no Pavilh\u00e3o de Goi\u00e1n, em Tomi\u00f1o, no pr\u00f3ximo dia 8 de julho, pelas 20h30.<\/p>\n<p>O pugilista de 30 anos lutar\u00e1 na categoria de 71kg, naquele que ser\u00e1 o seu d\u00e9cimo combate.<\/p>\n<p>Praticante de artes marciais h\u00e1 cerca de 10 anos, Filipe Amoedo dedicou-se ao boxe h\u00e1 quatro anos, quando se juntou ao clube Spartan Team, de Goi\u00e1n.<\/p>\n<p>No curr\u00edculo conta j\u00e1 com duas medalhas de ouro: no campeonato galego, em 2022, e no Torneio de Mar\u00edn, em 2023. Em 2021, alcan\u00e7ou a prata no campeonato galego.<\/p>\n<p>O evento organizado pela Spartan Team e pela CKM Combat Academy contar\u00e1 com um total de oito combates de boxe.<\/p>\n<p>Para mais informa\u00e7\u00f5es sobre os bilhetes, basta consultar @spartanteamk1.<\/p>\n","protected":false},"excerpt":{"rendered":"<p>Filipe Amoedo, natural de Valen\u00e7a, vai participar num evento de boxe que se realizar\u00e1 no Pavilh\u00e3o de Goi\u00e1n, em Tomi\u00f1o, no pr\u00f3ximo dia 8 de julho, pelas 20h30. O pugilista de 30 anos lutar\u00e1 na categoria de 71kg, naquele que ser\u00e1 o seu d\u00e9cimo combate. Praticante de artes marciais h\u00e1 cerca de 10 anos, Filipe [&hellip;]<\/p>\n","protected":false},"author":24,"featured_media":93799,"comment_status":"closed","ping_status":"closed","sticky":false,"template":"","format":"standard","meta":{"_exactmetrics_skip_tracking":false,"_exactmetrics_sitenote_active":false,"_exactmetrics_sitenote_note":"","_exactmetrics_sitenote_category":0,"footnotes":""},"categories":[13],"tags":[20],"class_list":["post-93802","post","type-post","status-publish","format-standard","has-post-thumbnail","hentry","category-valenca","tag-desporto"],"yoast_head":"<!-- This site is optimized with the Yoast SEO Premium plugin v27.4 (Yoast SEO v27.4) - https:\/\/yoast.com\/product\/yoast-seo-premium-wordpress\/ -->\n<title>Valenciano Filipe Amoedo vai combater em Tomi\u00f1o a 8 de julho<\/title>\n<meta name=\"description\" content=\"Filipe Amoedo, natural de Valen\u00e7a, vai participar num evento de boxe no Pavilh\u00e3o de Goi\u00e1n, em Tomi\u00f1o, no pr\u00f3ximo dia 8 de julho, pelas 20h30.\" \/>\n<meta name=\"robots\" content=\"index, follow, max-snippet:-1, max-image-preview:large, max-video-preview:-1\" \/>\n<link rel=\"canonical\" href=\"https:\/\/www.altominho.tv\/site\/2023\/06\/27\/valenciano-filipe-amoedo-participa-evento-boxe-tomino\/\" \/>\n<meta property=\"og:locale\" content=\"pt_PT\" \/>\n<meta property=\"og:type\" content=\"article\" \/>\n<meta property=\"og:title\" content=\"Valenciano Filipe Amoedo vai combater em Tomi\u00f1o a 8 de julho\" \/>\n<meta property=\"og:description\" content=\"Filipe Amoedo, natural de Valen\u00e7a, vai participar num evento de boxe no Pavilh\u00e3o de Goi\u00e1n, em Tomi\u00f1o, no pr\u00f3ximo dia 8 de julho, pelas 20h30.\" \/>\n<meta property=\"og:url\" content=\"https:\/\/www.altominho.tv\/site\/2023\/06\/27\/valenciano-filipe-amoedo-participa-evento-boxe-tomino\/\" \/>\n<meta property=\"og:site_name\" content=\"Altominho.tv\" \/>\n<meta property=\"article:publisher\" content=\"https:\/\/www.facebook.com\/altominhotv\" \/>\n<meta property=\"article:published_time\" content=\"2023-06-27T13:40:07+00:00\" \/>\n<meta property=\"article:modified_time\" content=\"2023-06-27T13:40:11+00:00\" \/>\n<meta property=\"og:image\" content=\"https:\/\/www.altominho.tv\/site\/wp-content\/uploads\/2023\/06\/filipe-amoedo.jpg\" \/>\n\t<meta property=\"og:image:width\" content=\"1890\" \/>\n\t<meta property=\"og:image:height\" content=\"1063\" \/>\n\t<meta property=\"og:image:type\" content=\"image\/jpeg\" \/>\n<meta name=\"author\" content=\"Cesar Lopes\" \/>\n<meta name=\"twitter:card\" content=\"summary_large_image\" \/>\n<meta name=\"twitter:creator\" content=\"@altominhoTV\" \/>\n<meta name=\"twitter:site\" content=\"@altominhoTV\" \/>\n<meta name=\"twitter:label1\" content=\"Escrito por\" \/>\n\t<meta name=\"twitter:data1\" content=\"Cesar Lopes\" \/>\n\t<meta name=\"twitter:label2\" content=\"Tempo estimado de leitura\" \/>\n\t<meta name=\"twitter:data2\" content=\"1 minuto\" \/>\n<script type=\"application\/ld+json\" class=\"yoast-schema-graph\">{\"@context\":\"https:\\\/\\\/schema.org\",\"@graph\":[{\"@type\":\"Article\",\"@id\":\"https:\\\/\\\/www.altominho.tv\\\/site\\\/2023\\\/06\\\/27\\\/valenciano-filipe-amoedo-participa-evento-boxe-tomino\\\/#article\",\"isPartOf\":{\"@id\":\"https:\\\/\\\/www.altominho.tv\\\/site\\\/2023\\\/06\\\/27\\\/valenciano-filipe-amoedo-participa-evento-boxe-tomino\\\/\"},\"author\":{\"name\":\"Cesar Lopes\",\"@id\":\"https:\\\/\\\/www.altominho.tv\\\/site\\\/#\\\/schema\\\/person\\\/c5570e5afb933b8d08c43373326ef1b1\"},\"headline\":\"Valenciano Filipe Amoedo vai combater em Tomi\u00f1o a 8 de julho\",\"datePublished\":\"2023-06-27T13:40:07+00:00\",\"dateModified\":\"2023-06-27T13:40:11+00:00\",\"mainEntityOfPage\":{\"@id\":\"https:\\\/\\\/www.altominho.tv\\\/site\\\/2023\\\/06\\\/27\\\/valenciano-filipe-amoedo-participa-evento-boxe-tomino\\\/\"},\"wordCount\":145,\"image\":{\"@id\":\"https:\\\/\\\/www.altominho.tv\\\/site\\\/2023\\\/06\\\/27\\\/valenciano-filipe-amoedo-participa-evento-boxe-tomino\\\/#primaryimage\"},\"thumbnailUrl\":\"https:\\\/\\\/www.altominho.tv\\\/site\\\/wp-content\\\/uploads\\\/2023\\\/06\\\/filipe-amoedo.jpg\",\"keywords\":[\"Desporto\"],\"articleSection\":[\"Valen\u00e7a\"],\"inLanguage\":\"pt-PT\",\"copyrightYear\":\"2023\",\"copyrightHolder\":{\"@id\":\"https:\\\/\\\/www.altominho.tv\\\/site\\\/#organization\"}},{\"@type\":\"WebPage\",\"@id\":\"https:\\\/\\\/www.altominho.tv\\\/site\\\/2023\\\/06\\\/27\\\/valenciano-filipe-amoedo-participa-evento-boxe-tomino\\\/\",\"url\":\"https:\\\/\\\/www.altominho.tv\\\/site\\\/2023\\\/06\\\/27\\\/valenciano-filipe-amoedo-participa-evento-boxe-tomino\\\/\",\"name\":\"Valenciano Filipe Amoedo vai combater em Tomi\u00f1o a 8 de julho\",\"isPartOf\":{\"@id\":\"https:\\\/\\\/www.altominho.tv\\\/site\\\/#website\"},\"primaryImageOfPage\":{\"@id\":\"https:\\\/\\\/www.altominho.tv\\\/site\\\/2023\\\/06\\\/27\\\/valenciano-filipe-amoedo-participa-evento-boxe-tomino\\\/#primaryimage\"},\"image\":{\"@id\":\"https:\\\/\\\/www.altominho.tv\\\/site\\\/2023\\\/06\\\/27\\\/valenciano-filipe-amoedo-participa-evento-boxe-tomino\\\/#primaryimage\"},\"thumbnailUrl\":\"https:\\\/\\\/www.altominho.tv\\\/site\\\/wp-content\\\/uploads\\\/2023\\\/06\\\/filipe-amoedo.jpg\",\"datePublished\":\"2023-06-27T13:40:07+00:00\",\"dateModified\":\"2023-06-27T13:40:11+00:00\",\"author\":{\"@id\":\"https:\\\/\\\/www.altominho.tv\\\/site\\\/#\\\/schema\\\/person\\\/c5570e5afb933b8d08c43373326ef1b1\"},\"description\":\"Filipe Amoedo, natural de Valen\u00e7a, vai participar num evento de boxe no Pavilh\u00e3o de Goi\u00e1n, em Tomi\u00f1o, no pr\u00f3ximo dia 8 de julho, pelas 20h30.\",\"breadcrumb\":{\"@id\":\"https:\\\/\\\/www.altominho.tv\\\/site\\\/2023\\\/06\\\/27\\\/valenciano-filipe-amoedo-participa-evento-boxe-tomino\\\/#breadcrumb\"},\"inLanguage\":\"pt-PT\",\"potentialAction\":[{\"@type\":\"ReadAction\",\"target\":[\"https:\\\/\\\/www.altominho.tv\\\/site\\\/2023\\\/06\\\/27\\\/valenciano-filipe-amoedo-participa-evento-boxe-tomino\\\/\"]}]},{\"@type\":\"ImageObject\",\"inLanguage\":\"pt-PT\",\"@id\":\"https:\\\/\\\/www.altominho.tv\\\/site\\\/2023\\\/06\\\/27\\\/valenciano-filipe-amoedo-participa-evento-boxe-tomino\\\/#primaryimage\",\"url\":\"https:\\\/\\\/www.altominho.tv\\\/site\\\/wp-content\\\/uploads\\\/2023\\\/06\\\/filipe-amoedo.jpg\",\"contentUrl\":\"https:\\\/\\\/www.altominho.tv\\\/site\\\/wp-content\\\/uploads\\\/2023\\\/06\\\/filipe-amoedo.jpg\",\"width\":1890,\"height\":1063,\"caption\":\"Filipe Amoedo\"},{\"@type\":\"BreadcrumbList\",\"@id\":\"https:\\\/\\\/www.altominho.tv\\\/site\\\/2023\\\/06\\\/27\\\/valenciano-filipe-amoedo-participa-evento-boxe-tomino\\\/#breadcrumb\",\"itemListElement\":[{\"@type\":\"ListItem\",\"position\":1,\"name\":\"In\u00edcio\",\"item\":\"https:\\\/\\\/www.altominho.tv\\\/site\\\/\"},{\"@type\":\"ListItem\",\"position\":2,\"name\":\"Valenciano Filipe Amoedo vai combater em Tomi\u00f1o a 8 de julho\"}]},{\"@type\":\"WebSite\",\"@id\":\"https:\\\/\\\/www.altominho.tv\\\/site\\\/#website\",\"url\":\"https:\\\/\\\/www.altominho.tv\\\/site\\\/\",\"name\":\"Altominho.tv\",\"description\":\"A sua regi\u00e3o \u00e0 dist\u00e2ncia de um clique...\",\"potentialAction\":[{\"@type\":\"SearchAction\",\"target\":{\"@type\":\"EntryPoint\",\"urlTemplate\":\"https:\\\/\\\/www.altominho.tv\\\/site\\\/?s={search_term_string}\"},\"query-input\":{\"@type\":\"PropertyValueSpecification\",\"valueRequired\":true,\"valueName\":\"search_term_string\"}}],\"inLanguage\":\"pt-PT\"},{\"@type\":\"Person\",\"@id\":\"https:\\\/\\\/www.altominho.tv\\\/site\\\/#\\\/schema\\\/person\\\/c5570e5afb933b8d08c43373326ef1b1\",\"name\":\"Cesar Lopes\",\"image\":{\"@type\":\"ImageObject\",\"inLanguage\":\"pt-PT\",\"@id\":\"https:\\\/\\\/www.altominho.tv\\\/site\\\/wp-content\\\/uploads\\\/2022\\\/10\\\/Sem-Titulo-150x150.jpg\",\"url\":\"https:\\\/\\\/www.altominho.tv\\\/site\\\/wp-content\\\/uploads\\\/2022\\\/10\\\/Sem-Titulo-150x150.jpg\",\"contentUrl\":\"https:\\\/\\\/www.altominho.tv\\\/site\\\/wp-content\\\/uploads\\\/2022\\\/10\\\/Sem-Titulo-150x150.jpg\",\"caption\":\"Cesar Lopes\"},\"url\":\"https:\\\/\\\/www.altominho.tv\\\/site\\\/author\\\/cesarlopes\\\/\"}]}<\/script>\n<!-- \/ Yoast SEO Premium plugin. -->","yoast_head_json":{"title":"Valenciano Filipe Amoedo vai combater em Tomi\u00f1o a 8 de julho","description":"Filipe Amoedo, natural de Valen\u00e7a, vai participar num evento de boxe no Pavilh\u00e3o de Goi\u00e1n, em Tomi\u00f1o, no pr\u00f3ximo dia 8 de julho, pelas 20h30.","robots":{"index":"index","follow":"follow","max-snippet":"max-snippet:-1","max-image-preview":"max-image-preview:large","max-video-preview":"max-video-preview:-1"},"canonical":"https:\/\/www.altominho.tv\/site\/2023\/06\/27\/valenciano-filipe-amoedo-participa-evento-boxe-tomino\/","og_locale":"pt_PT","og_type":"article","og_title":"Valenciano Filipe Amoedo vai combater em Tomi\u00f1o a 8 de julho","og_description":"Filipe Amoedo, natural de Valen\u00e7a, vai participar num evento de boxe no Pavilh\u00e3o de Goi\u00e1n, em Tomi\u00f1o, no pr\u00f3ximo dia 8 de julho, pelas 20h30.","og_url":"https:\/\/www.altominho.tv\/site\/2023\/06\/27\/valenciano-filipe-amoedo-participa-evento-boxe-tomino\/","og_site_name":"Altominho.tv","article_publisher":"https:\/\/www.facebook.com\/altominhotv","article_published_time":"2023-06-27T13:40:07+00:00","article_modified_time":"2023-06-27T13:40:11+00:00","og_image":[{"width":1890,"height":1063,"url":"https:\/\/www.altominho.tv\/site\/wp-content\/uploads\/2023\/06\/filipe-amoedo.jpg","type":"image\/jpeg"}],"author":"Cesar Lopes","twitter_card":"summary_large_image","twitter_creator":"@altominhoTV","twitter_site":"@altominhoTV","twitter_misc":{"Escrito por":"Cesar Lopes","Tempo estimado de leitura":"1 minuto"},"schema":{"@context":"https:\/\/schema.org","@graph":[{"@type":"Article","@id":"https:\/\/www.altominho.tv\/site\/2023\/06\/27\/valenciano-filipe-amoedo-participa-evento-boxe-tomino\/#article","isPartOf":{"@id":"https:\/\/www.altominho.tv\/site\/2023\/06\/27\/valenciano-filipe-amoedo-participa-evento-boxe-tomino\/"},"author":{"name":"Cesar Lopes","@id":"https:\/\/www.altominho.tv\/site\/#\/schema\/person\/c5570e5afb933b8d08c43373326ef1b1"},"headline":"Valenciano Filipe Amoedo vai combater em Tomi\u00f1o a 8 de julho","datePublished":"2023-06-27T13:40:07+00:00","dateModified":"2023-06-27T13:40:11+00:00","mainEntityOfPage":{"@id":"https:\/\/www.altominho.tv\/site\/2023\/06\/27\/valenciano-filipe-amoedo-participa-evento-boxe-tomino\/"},"wordCount":145,"image":{"@id":"https:\/\/www.altominho.tv\/site\/2023\/06\/27\/valenciano-filipe-amoedo-participa-evento-boxe-tomino\/#primaryimage"},"thumbnailUrl":"https:\/\/www.altominho.tv\/site\/wp-content\/uploads\/2023\/06\/filipe-amoedo.jpg","keywords":["Desporto"],"articleSection":["Valen\u00e7a"],"inLanguage":"pt-PT","copyrightYear":"2023","copyrightHolder":{"@id":"https:\/\/www.altominho.tv\/site\/#organization"}},{"@type":"WebPage","@id":"https:\/\/www.altominho.tv\/site\/2023\/06\/27\/valenciano-filipe-amoedo-participa-evento-boxe-tomino\/","url":"https:\/\/www.altominho.tv\/site\/2023\/06\/27\/valenciano-filipe-amoedo-participa-evento-boxe-tomino\/","name":"Valenciano Filipe Amoedo vai combater em Tomi\u00f1o a 8 de julho","isPartOf":{"@id":"https:\/\/www.altominho.tv\/site\/#website"},"primaryImageOfPage":{"@id":"https:\/\/www.altominho.tv\/site\/2023\/06\/27\/valenciano-filipe-amoedo-participa-evento-boxe-tomino\/#primaryimage"},"image":{"@id":"https:\/\/www.altominho.tv\/site\/2023\/06\/27\/valenciano-filipe-amoedo-participa-evento-boxe-tomino\/#primaryimage"},"thumbnailUrl":"https:\/\/www.altominho.tv\/site\/wp-content\/uploads\/2023\/06\/filipe-amoedo.jpg","datePublished":"2023-06-27T13:40:07+00:00","dateModified":"2023-06-27T13:40:11+00:00","author":{"@id":"https:\/\/www.altominho.tv\/site\/#\/schema\/person\/c5570e5afb933b8d08c43373326ef1b1"},"description":"Filipe Amoedo, natural de Valen\u00e7a, vai participar num evento de boxe no Pavilh\u00e3o de Goi\u00e1n, em Tomi\u00f1o, no pr\u00f3ximo dia 8 de julho, pelas 20h30.","breadcrumb":{"@id":"https:\/\/www.altominho.tv\/site\/2023\/06\/27\/valenciano-filipe-amoedo-participa-evento-boxe-tomino\/#breadcrumb"},"inLanguage":"pt-PT","potentialAction":[{"@type":"ReadAction","target":["https:\/\/www.altominho.tv\/site\/2023\/06\/27\/valenciano-filipe-amoedo-participa-evento-boxe-tomino\/"]}]},{"@type":"ImageObject","inLanguage":"pt-PT","@id":"https:\/\/www.altominho.tv\/site\/2023\/06\/27\/valenciano-filipe-amoedo-participa-evento-boxe-tomino\/#primaryimage","url":"https:\/\/www.altominho.tv\/site\/wp-content\/uploads\/2023\/06\/filipe-amoedo.jpg","contentUrl":"https:\/\/www.altominho.tv\/site\/wp-content\/uploads\/2023\/06\/filipe-amoedo.jpg","width":1890,"height":1063,"caption":"Filipe Amoedo"},{"@type":"BreadcrumbList","@id":"https:\/\/www.altominho.tv\/site\/2023\/06\/27\/valenciano-filipe-amoedo-participa-evento-boxe-tomino\/#breadcrumb","itemListElement":[{"@type":"ListItem","position":1,"name":"In\u00edcio","item":"https:\/\/www.altominho.tv\/site\/"},{"@type":"ListItem","position":2,"name":"Valenciano Filipe Amoedo vai combater em Tomi\u00f1o a 8 de julho"}]},{"@type":"WebSite","@id":"https:\/\/www.altominho.tv\/site\/#website","url":"https:\/\/www.altominho.tv\/site\/","name":"Altominho.tv","description":"A sua regi\u00e3o \u00e0 dist\u00e2ncia de um clique...","potentialAction":[{"@type":"SearchAction","target":{"@type":"EntryPoint","urlTemplate":"https:\/\/www.altominho.tv\/site\/?s={search_term_string}"},"query-input":{"@type":"PropertyValueSpecification","valueRequired":true,"valueName":"search_term_string"}}],"inLanguage":"pt-PT"},{"@type":"Person","@id":"https:\/\/www.altominho.tv\/site\/#\/schema\/person\/c5570e5afb933b8d08c43373326ef1b1","name":"Cesar Lopes","image":{"@type":"ImageObject","inLanguage":"pt-PT","@id":"https:\/\/www.altominho.tv\/site\/wp-content\/uploads\/2022\/10\/Sem-Titulo-150x150.jpg","url":"https:\/\/www.altominho.tv\/site\/wp-content\/uploads\/2022\/10\/Sem-Titulo-150x150.jpg","contentUrl":"https:\/\/www.altominho.tv\/site\/wp-content\/uploads\/2022\/10\/Sem-Titulo-150x150.jpg","caption":"Cesar Lopes"},"url":"https:\/\/www.altominho.tv\/site\/author\/cesarlopes\/"}]}},"_links":{"self":[{"href":"https:\/\/www.altominho.tv\/site\/wp-json\/wp\/v2\/posts\/93802","targetHints":{"allow":["GET"]}}],"collection":[{"href":"https:\/\/www.altominho.tv\/site\/wp-json\/wp\/v2\/posts"}],"about":[{"href":"https:\/\/www.altominho.tv\/site\/wp-json\/wp\/v2\/types\/post"}],"author":[{"embeddable":true,"href":"https:\/\/www.altominho.tv\/site\/wp-json\/wp\/v2\/users\/24"}],"replies":[{"embeddable":true,"href":"https:\/\/www.altominho.tv\/site\/wp-json\/wp\/v2\/comments?post=93802"}],"version-history":[{"count":1,"href":"https:\/\/www.altominho.tv\/site\/wp-json\/wp\/v2\/posts\/93802\/revisions"}],"predecessor-version":[{"id":93803,"href":"https:\/\/www.altominho.tv\/site\/wp-json\/wp\/v2\/posts\/93802\/revisions\/93803"}],"wp:featuredmedia":[{"embeddable":true,"href":"https:\/\/www.altominho.tv\/site\/wp-json\/wp\/v2\/media\/93799"}],"wp:attachment":[{"href":"https:\/\/www.altominho.tv\/site\/wp-json\/wp\/v2\/media?parent=93802"}],"wp:term":[{"taxonomy":"category","embeddable":true,"href":"https:\/\/www.altominho.tv\/site\/wp-json\/wp\/v2\/categories?post=93802"},{"taxonomy":"post_tag","embeddable":true,"href":"https:\/\/www.altominho.tv\/site\/wp-json\/wp\/v2\/tags?post=93802"}],"curies":[{"name":"wp","href":"https:\/\/api.w.org\/{rel}","templated":true}]}}