{"id":9376,"date":"2018-02-08T13:15:44","date_gmt":"2018-02-08T13:15:44","guid":{"rendered":"http:\/\/www.altominho.tv\/site\/?p=9376"},"modified":"2018-02-08T13:15:44","modified_gmt":"2018-02-08T13:15:44","slug":"melgaco-realiza-no-dia-19-de-fevereiro-a-segunda-reuniao-de-camara-descentralizada","status":"publish","type":"post","link":"https:\/\/www.altominho.tv\/site\/2018\/02\/08\/melgaco-realiza-no-dia-19-de-fevereiro-a-segunda-reuniao-de-camara-descentralizada\/","title":{"rendered":"Melga\u00e7o realiza no dia 19 de fevereiro a segunda reuni\u00e3o de c\u00e2mara descentralizada"},"content":{"rendered":"<p>A C\u00e2mara Municipal de Melga\u00e7o, informou que vai realizar no dia 19 de fevereiro a segunda reuni\u00e3o de c\u00e2mara descentralizada.<\/p>\n<p>A sess\u00e3o ter\u00e1 lugar no Centro de Conv\u00edvio da freguesia de Penso, pelas 14h30.<\/p>\n<p>&#8220;Dando cumprimento do que havia assumido publicamente, o Presidente de C\u00e2mara, Manoel Batista, anunciou que ir\u00e3o ser realizadas, bimestralmente, reuni\u00f5es p\u00fablicas nas v\u00e1rias freguesias do concelho, com o prop\u00f3sito de envolver a popula\u00e7\u00e3o, proporcionando-lhes assim uma maior possibilidade de participa\u00e7\u00e3o na gest\u00e3o do territ\u00f3rio&#8221;, informou em comunicado o Munic\u00edpio.<\/p>\n<p>\u2018Queremos estar ainda mais pr\u00f3ximos da popula\u00e7\u00e3o e que esta intervenha e exponha as suas d\u00favidas para que possamos, juntos, potenciar Melga\u00e7o\u2019, considera o autarca.<\/p>\n<p>A primeira reuni\u00e3o descentralizada aconteceu em dezembro passado, em Castro Laboreiro.<\/p>\n<p>&nbsp;<\/p>\n","protected":false},"excerpt":{"rendered":"<p>A C\u00e2mara Municipal de Melga\u00e7o, informou que vai realizar no dia 19 de fevereiro a segunda reuni\u00e3o de c\u00e2mara descentralizada. A sess\u00e3o ter\u00e1 lugar no Centro de Conv\u00edvio da freguesia de Penso, pelas 14h30. &#8220;Dando cumprimento do que havia assumido publicamente, o Presidente de C\u00e2mara, Manoel Batista, anunciou que ir\u00e3o ser realizadas, bimestralmente, reuni\u00f5es p\u00fablicas [&hellip;]<\/p>\n","protected":false},"author":7,"featured_media":9377,"comment_status":"closed","ping_status":"closed","sticky":false,"template":"","format":"standard","meta":{"_exactmetrics_skip_tracking":false,"_exactmetrics_sitenote_active":false,"_exactmetrics_sitenote_note":"","_exactmetrics_sitenote_category":0,"footnotes":""},"categories":[8],"tags":[27],"class_list":["post-9376","post","type-post","status-publish","format-standard","has-post-thumbnail","hentry","category-melgaco","tag-sociedade"],"yoast_head":"<!-- This site is optimized with the Yoast SEO Premium plugin v27.5 (Yoast SEO v27.5) - https:\/\/yoast.com\/product\/yoast-seo-premium-wordpress\/ -->\n<title>Melga\u00e7o realiza no dia 19 de fevereiro a segunda reuni\u00e3o de c\u00e2mara descentralizada<\/title>\n<meta name=\"robots\" content=\"index, follow, max-snippet:-1, max-image-preview:large, max-video-preview:-1\" \/>\n<link rel=\"canonical\" href=\"https:\/\/www.altominho.tv\/site\/2018\/02\/08\/melgaco-realiza-no-dia-19-de-fevereiro-a-segunda-reuniao-de-camara-descentralizada\/\" \/>\n<meta property=\"og:locale\" content=\"pt_PT\" \/>\n<meta property=\"og:type\" content=\"article\" \/>\n<meta property=\"og:title\" content=\"Melga\u00e7o realiza no dia 19 de fevereiro a segunda reuni\u00e3o de c\u00e2mara descentralizada\" \/>\n<meta property=\"og:description\" content=\"A C\u00e2mara Municipal de Melga\u00e7o, informou que vai realizar no dia 19 de fevereiro a segunda reuni\u00e3o de c\u00e2mara descentralizada. A sess\u00e3o ter\u00e1 lugar no Centro de Conv\u00edvio da freguesia de Penso, pelas 14h30. &#8220;Dando cumprimento do que havia assumido publicamente, o Presidente de C\u00e2mara, Manoel Batista, anunciou que ir\u00e3o ser realizadas, bimestralmente, reuni\u00f5es p\u00fablicas [&hellip;]\" \/>\n<meta property=\"og:url\" content=\"https:\/\/www.altominho.tv\/site\/2018\/02\/08\/melgaco-realiza-no-dia-19-de-fevereiro-a-segunda-reuniao-de-camara-descentralizada\/\" \/>\n<meta property=\"og:site_name\" content=\"Altominho.tv\" \/>\n<meta property=\"article:publisher\" content=\"https:\/\/www.facebook.com\/altominhotv\" \/>\n<meta property=\"article:published_time\" content=\"2018-02-08T13:15:44+00:00\" \/>\n<meta property=\"og:image\" content=\"https:\/\/www.altominho.tv\/site\/wp-content\/uploads\/2018\/02\/Reuni\u00e3o-descentralizada-em-Castro-Laboreiro.jpg\" \/>\n\t<meta property=\"og:image:width\" content=\"2379\" \/>\n\t<meta property=\"og:image:height\" content=\"1348\" \/>\n\t<meta property=\"og:image:type\" content=\"image\/jpeg\" \/>\n<meta name=\"author\" content=\"Andreia Cunha\" \/>\n<meta name=\"twitter:card\" content=\"summary_large_image\" \/>\n<meta name=\"twitter:creator\" content=\"@altominhoTV\" \/>\n<meta name=\"twitter:site\" content=\"@altominhoTV\" \/>\n<meta name=\"twitter:label1\" content=\"Escrito por\" \/>\n\t<meta name=\"twitter:data1\" content=\"Andreia Cunha\" \/>\n\t<meta name=\"twitter:label2\" content=\"Tempo estimado de leitura\" \/>\n\t<meta name=\"twitter:data2\" content=\"1 minuto\" \/>\n<script type=\"application\/ld+json\" class=\"yoast-schema-graph\">{\"@context\":\"https:\\\/\\\/schema.org\",\"@graph\":[{\"@type\":\"Article\",\"@id\":\"https:\\\/\\\/www.altominho.tv\\\/site\\\/2018\\\/02\\\/08\\\/melgaco-realiza-no-dia-19-de-fevereiro-a-segunda-reuniao-de-camara-descentralizada\\\/#article\",\"isPartOf\":{\"@id\":\"https:\\\/\\\/www.altominho.tv\\\/site\\\/2018\\\/02\\\/08\\\/melgaco-realiza-no-dia-19-de-fevereiro-a-segunda-reuniao-de-camara-descentralizada\\\/\"},\"author\":{\"name\":\"Andreia Cunha\",\"@id\":\"https:\\\/\\\/www.altominho.tv\\\/site\\\/#\\\/schema\\\/person\\\/a0e4ef6d041f98ca284393d8f1d97153\"},\"headline\":\"Melga\u00e7o realiza no dia 19 de fevereiro a segunda reuni\u00e3o de c\u00e2mara descentralizada\",\"datePublished\":\"2018-02-08T13:15:44+00:00\",\"mainEntityOfPage\":{\"@id\":\"https:\\\/\\\/www.altominho.tv\\\/site\\\/2018\\\/02\\\/08\\\/melgaco-realiza-no-dia-19-de-fevereiro-a-segunda-reuniao-de-camara-descentralizada\\\/\"},\"wordCount\":156,\"image\":{\"@id\":\"https:\\\/\\\/www.altominho.tv\\\/site\\\/2018\\\/02\\\/08\\\/melgaco-realiza-no-dia-19-de-fevereiro-a-segunda-reuniao-de-camara-descentralizada\\\/#primaryimage\"},\"thumbnailUrl\":\"https:\\\/\\\/www.altominho.tv\\\/site\\\/wp-content\\\/uploads\\\/2018\\\/02\\\/Reuni\u00e3o-descentralizada-em-Castro-Laboreiro.jpg\",\"keywords\":[\"Sociedade\"],\"articleSection\":[\"Melga\u00e7o\"],\"inLanguage\":\"pt-PT\",\"copyrightYear\":\"2018\",\"copyrightHolder\":{\"@id\":\"https:\\\/\\\/www.altominho.tv\\\/site\\\/#organization\"}},{\"@type\":\"WebPage\",\"@id\":\"https:\\\/\\\/www.altominho.tv\\\/site\\\/2018\\\/02\\\/08\\\/melgaco-realiza-no-dia-19-de-fevereiro-a-segunda-reuniao-de-camara-descentralizada\\\/\",\"url\":\"https:\\\/\\\/www.altominho.tv\\\/site\\\/2018\\\/02\\\/08\\\/melgaco-realiza-no-dia-19-de-fevereiro-a-segunda-reuniao-de-camara-descentralizada\\\/\",\"name\":\"Melga\u00e7o realiza no dia 19 de fevereiro a segunda reuni\u00e3o de c\u00e2mara descentralizada\",\"isPartOf\":{\"@id\":\"https:\\\/\\\/www.altominho.tv\\\/site\\\/#website\"},\"primaryImageOfPage\":{\"@id\":\"https:\\\/\\\/www.altominho.tv\\\/site\\\/2018\\\/02\\\/08\\\/melgaco-realiza-no-dia-19-de-fevereiro-a-segunda-reuniao-de-camara-descentralizada\\\/#primaryimage\"},\"image\":{\"@id\":\"https:\\\/\\\/www.altominho.tv\\\/site\\\/2018\\\/02\\\/08\\\/melgaco-realiza-no-dia-19-de-fevereiro-a-segunda-reuniao-de-camara-descentralizada\\\/#primaryimage\"},\"thumbnailUrl\":\"https:\\\/\\\/www.altominho.tv\\\/site\\\/wp-content\\\/uploads\\\/2018\\\/02\\\/Reuni\u00e3o-descentralizada-em-Castro-Laboreiro.jpg\",\"datePublished\":\"2018-02-08T13:15:44+00:00\",\"author\":{\"@id\":\"https:\\\/\\\/www.altominho.tv\\\/site\\\/#\\\/schema\\\/person\\\/a0e4ef6d041f98ca284393d8f1d97153\"},\"breadcrumb\":{\"@id\":\"https:\\\/\\\/www.altominho.tv\\\/site\\\/2018\\\/02\\\/08\\\/melgaco-realiza-no-dia-19-de-fevereiro-a-segunda-reuniao-de-camara-descentralizada\\\/#breadcrumb\"},\"inLanguage\":\"pt-PT\",\"potentialAction\":[{\"@type\":\"ReadAction\",\"target\":[\"https:\\\/\\\/www.altominho.tv\\\/site\\\/2018\\\/02\\\/08\\\/melgaco-realiza-no-dia-19-de-fevereiro-a-segunda-reuniao-de-camara-descentralizada\\\/\"]}]},{\"@type\":\"ImageObject\",\"inLanguage\":\"pt-PT\",\"@id\":\"https:\\\/\\\/www.altominho.tv\\\/site\\\/2018\\\/02\\\/08\\\/melgaco-realiza-no-dia-19-de-fevereiro-a-segunda-reuniao-de-camara-descentralizada\\\/#primaryimage\",\"url\":\"https:\\\/\\\/www.altominho.tv\\\/site\\\/wp-content\\\/uploads\\\/2018\\\/02\\\/Reuni\u00e3o-descentralizada-em-Castro-Laboreiro.jpg\",\"contentUrl\":\"https:\\\/\\\/www.altominho.tv\\\/site\\\/wp-content\\\/uploads\\\/2018\\\/02\\\/Reuni\u00e3o-descentralizada-em-Castro-Laboreiro.jpg\",\"width\":2379,\"height\":1348},{\"@type\":\"BreadcrumbList\",\"@id\":\"https:\\\/\\\/www.altominho.tv\\\/site\\\/2018\\\/02\\\/08\\\/melgaco-realiza-no-dia-19-de-fevereiro-a-segunda-reuniao-de-camara-descentralizada\\\/#breadcrumb\",\"itemListElement\":[{\"@type\":\"ListItem\",\"position\":1,\"name\":\"In\u00edcio\",\"item\":\"https:\\\/\\\/www.altominho.tv\\\/site\\\/\"},{\"@type\":\"ListItem\",\"position\":2,\"name\":\"Melga\u00e7o realiza no dia 19 de fevereiro a segunda reuni\u00e3o de c\u00e2mara descentralizada\"}]},{\"@type\":\"WebSite\",\"@id\":\"https:\\\/\\\/www.altominho.tv\\\/site\\\/#website\",\"url\":\"https:\\\/\\\/www.altominho.tv\\\/site\\\/\",\"name\":\"Altominho.tv\",\"description\":\"A sua regi\u00e3o \u00e0 dist\u00e2ncia de um clique...\",\"potentialAction\":[{\"@type\":\"SearchAction\",\"target\":{\"@type\":\"EntryPoint\",\"urlTemplate\":\"https:\\\/\\\/www.altominho.tv\\\/site\\\/?s={search_term_string}\"},\"query-input\":{\"@type\":\"PropertyValueSpecification\",\"valueRequired\":true,\"valueName\":\"search_term_string\"}}],\"inLanguage\":\"pt-PT\"},{\"@type\":\"Person\",\"@id\":\"https:\\\/\\\/www.altominho.tv\\\/site\\\/#\\\/schema\\\/person\\\/a0e4ef6d041f98ca284393d8f1d97153\",\"name\":\"Andreia Cunha\",\"image\":{\"@type\":\"ImageObject\",\"inLanguage\":\"pt-PT\",\"@id\":\"https:\\\/\\\/www.altominho.tv\\\/site\\\/wp-content\\\/uploads\\\/2017\\\/11\\\/Andreia_Cunha-1-150x150.jpg\",\"url\":\"https:\\\/\\\/www.altominho.tv\\\/site\\\/wp-content\\\/uploads\\\/2017\\\/11\\\/Andreia_Cunha-1-150x150.jpg\",\"contentUrl\":\"https:\\\/\\\/www.altominho.tv\\\/site\\\/wp-content\\\/uploads\\\/2017\\\/11\\\/Andreia_Cunha-1-150x150.jpg\",\"caption\":\"Andreia Cunha\"},\"url\":\"https:\\\/\\\/www.altominho.tv\\\/site\\\/author\\\/andreiacunha\\\/\"}]}<\/script>\n<!-- \/ Yoast SEO Premium plugin. -->","yoast_head_json":{"title":"Melga\u00e7o realiza no dia 19 de fevereiro a segunda reuni\u00e3o de c\u00e2mara descentralizada","robots":{"index":"index","follow":"follow","max-snippet":"max-snippet:-1","max-image-preview":"max-image-preview:large","max-video-preview":"max-video-preview:-1"},"canonical":"https:\/\/www.altominho.tv\/site\/2018\/02\/08\/melgaco-realiza-no-dia-19-de-fevereiro-a-segunda-reuniao-de-camara-descentralizada\/","og_locale":"pt_PT","og_type":"article","og_title":"Melga\u00e7o realiza no dia 19 de fevereiro a segunda reuni\u00e3o de c\u00e2mara descentralizada","og_description":"A C\u00e2mara Municipal de Melga\u00e7o, informou que vai realizar no dia 19 de fevereiro a segunda reuni\u00e3o de c\u00e2mara descentralizada. A sess\u00e3o ter\u00e1 lugar no Centro de Conv\u00edvio da freguesia de Penso, pelas 14h30. &#8220;Dando cumprimento do que havia assumido publicamente, o Presidente de C\u00e2mara, Manoel Batista, anunciou que ir\u00e3o ser realizadas, bimestralmente, reuni\u00f5es p\u00fablicas [&hellip;]","og_url":"https:\/\/www.altominho.tv\/site\/2018\/02\/08\/melgaco-realiza-no-dia-19-de-fevereiro-a-segunda-reuniao-de-camara-descentralizada\/","og_site_name":"Altominho.tv","article_publisher":"https:\/\/www.facebook.com\/altominhotv","article_published_time":"2018-02-08T13:15:44+00:00","og_image":[{"width":2379,"height":1348,"url":"https:\/\/www.altominho.tv\/site\/wp-content\/uploads\/2018\/02\/Reuni\u00e3o-descentralizada-em-Castro-Laboreiro.jpg","type":"image\/jpeg"}],"author":"Andreia Cunha","twitter_card":"summary_large_image","twitter_creator":"@altominhoTV","twitter_site":"@altominhoTV","twitter_misc":{"Escrito por":"Andreia Cunha","Tempo estimado de leitura":"1 minuto"},"schema":{"@context":"https:\/\/schema.org","@graph":[{"@type":"Article","@id":"https:\/\/www.altominho.tv\/site\/2018\/02\/08\/melgaco-realiza-no-dia-19-de-fevereiro-a-segunda-reuniao-de-camara-descentralizada\/#article","isPartOf":{"@id":"https:\/\/www.altominho.tv\/site\/2018\/02\/08\/melgaco-realiza-no-dia-19-de-fevereiro-a-segunda-reuniao-de-camara-descentralizada\/"},"author":{"name":"Andreia Cunha","@id":"https:\/\/www.altominho.tv\/site\/#\/schema\/person\/a0e4ef6d041f98ca284393d8f1d97153"},"headline":"Melga\u00e7o realiza no dia 19 de fevereiro a segunda reuni\u00e3o de c\u00e2mara descentralizada","datePublished":"2018-02-08T13:15:44+00:00","mainEntityOfPage":{"@id":"https:\/\/www.altominho.tv\/site\/2018\/02\/08\/melgaco-realiza-no-dia-19-de-fevereiro-a-segunda-reuniao-de-camara-descentralizada\/"},"wordCount":156,"image":{"@id":"https:\/\/www.altominho.tv\/site\/2018\/02\/08\/melgaco-realiza-no-dia-19-de-fevereiro-a-segunda-reuniao-de-camara-descentralizada\/#primaryimage"},"thumbnailUrl":"https:\/\/www.altominho.tv\/site\/wp-content\/uploads\/2018\/02\/Reuni\u00e3o-descentralizada-em-Castro-Laboreiro.jpg","keywords":["Sociedade"],"articleSection":["Melga\u00e7o"],"inLanguage":"pt-PT","copyrightYear":"2018","copyrightHolder":{"@id":"https:\/\/www.altominho.tv\/site\/#organization"}},{"@type":"WebPage","@id":"https:\/\/www.altominho.tv\/site\/2018\/02\/08\/melgaco-realiza-no-dia-19-de-fevereiro-a-segunda-reuniao-de-camara-descentralizada\/","url":"https:\/\/www.altominho.tv\/site\/2018\/02\/08\/melgaco-realiza-no-dia-19-de-fevereiro-a-segunda-reuniao-de-camara-descentralizada\/","name":"Melga\u00e7o realiza no dia 19 de fevereiro a segunda reuni\u00e3o de c\u00e2mara descentralizada","isPartOf":{"@id":"https:\/\/www.altominho.tv\/site\/#website"},"primaryImageOfPage":{"@id":"https:\/\/www.altominho.tv\/site\/2018\/02\/08\/melgaco-realiza-no-dia-19-de-fevereiro-a-segunda-reuniao-de-camara-descentralizada\/#primaryimage"},"image":{"@id":"https:\/\/www.altominho.tv\/site\/2018\/02\/08\/melgaco-realiza-no-dia-19-de-fevereiro-a-segunda-reuniao-de-camara-descentralizada\/#primaryimage"},"thumbnailUrl":"https:\/\/www.altominho.tv\/site\/wp-content\/uploads\/2018\/02\/Reuni\u00e3o-descentralizada-em-Castro-Laboreiro.jpg","datePublished":"2018-02-08T13:15:44+00:00","author":{"@id":"https:\/\/www.altominho.tv\/site\/#\/schema\/person\/a0e4ef6d041f98ca284393d8f1d97153"},"breadcrumb":{"@id":"https:\/\/www.altominho.tv\/site\/2018\/02\/08\/melgaco-realiza-no-dia-19-de-fevereiro-a-segunda-reuniao-de-camara-descentralizada\/#breadcrumb"},"inLanguage":"pt-PT","potentialAction":[{"@type":"ReadAction","target":["https:\/\/www.altominho.tv\/site\/2018\/02\/08\/melgaco-realiza-no-dia-19-de-fevereiro-a-segunda-reuniao-de-camara-descentralizada\/"]}]},{"@type":"ImageObject","inLanguage":"pt-PT","@id":"https:\/\/www.altominho.tv\/site\/2018\/02\/08\/melgaco-realiza-no-dia-19-de-fevereiro-a-segunda-reuniao-de-camara-descentralizada\/#primaryimage","url":"https:\/\/www.altominho.tv\/site\/wp-content\/uploads\/2018\/02\/Reuni\u00e3o-descentralizada-em-Castro-Laboreiro.jpg","contentUrl":"https:\/\/www.altominho.tv\/site\/wp-content\/uploads\/2018\/02\/Reuni\u00e3o-descentralizada-em-Castro-Laboreiro.jpg","width":2379,"height":1348},{"@type":"BreadcrumbList","@id":"https:\/\/www.altominho.tv\/site\/2018\/02\/08\/melgaco-realiza-no-dia-19-de-fevereiro-a-segunda-reuniao-de-camara-descentralizada\/#breadcrumb","itemListElement":[{"@type":"ListItem","position":1,"name":"In\u00edcio","item":"https:\/\/www.altominho.tv\/site\/"},{"@type":"ListItem","position":2,"name":"Melga\u00e7o realiza no dia 19 de fevereiro a segunda reuni\u00e3o de c\u00e2mara descentralizada"}]},{"@type":"WebSite","@id":"https:\/\/www.altominho.tv\/site\/#website","url":"https:\/\/www.altominho.tv\/site\/","name":"Altominho.tv","description":"A sua regi\u00e3o \u00e0 dist\u00e2ncia de um clique...","potentialAction":[{"@type":"SearchAction","target":{"@type":"EntryPoint","urlTemplate":"https:\/\/www.altominho.tv\/site\/?s={search_term_string}"},"query-input":{"@type":"PropertyValueSpecification","valueRequired":true,"valueName":"search_term_string"}}],"inLanguage":"pt-PT"},{"@type":"Person","@id":"https:\/\/www.altominho.tv\/site\/#\/schema\/person\/a0e4ef6d041f98ca284393d8f1d97153","name":"Andreia Cunha","image":{"@type":"ImageObject","inLanguage":"pt-PT","@id":"https:\/\/www.altominho.tv\/site\/wp-content\/uploads\/2017\/11\/Andreia_Cunha-1-150x150.jpg","url":"https:\/\/www.altominho.tv\/site\/wp-content\/uploads\/2017\/11\/Andreia_Cunha-1-150x150.jpg","contentUrl":"https:\/\/www.altominho.tv\/site\/wp-content\/uploads\/2017\/11\/Andreia_Cunha-1-150x150.jpg","caption":"Andreia Cunha"},"url":"https:\/\/www.altominho.tv\/site\/author\/andreiacunha\/"}]}},"_links":{"self":[{"href":"https:\/\/www.altominho.tv\/site\/wp-json\/wp\/v2\/posts\/9376","targetHints":{"allow":["GET"]}}],"collection":[{"href":"https:\/\/www.altominho.tv\/site\/wp-json\/wp\/v2\/posts"}],"about":[{"href":"https:\/\/www.altominho.tv\/site\/wp-json\/wp\/v2\/types\/post"}],"author":[{"embeddable":true,"href":"https:\/\/www.altominho.tv\/site\/wp-json\/wp\/v2\/users\/7"}],"replies":[{"embeddable":true,"href":"https:\/\/www.altominho.tv\/site\/wp-json\/wp\/v2\/comments?post=9376"}],"version-history":[{"count":0,"href":"https:\/\/www.altominho.tv\/site\/wp-json\/wp\/v2\/posts\/9376\/revisions"}],"wp:featuredmedia":[{"embeddable":true,"href":"https:\/\/www.altominho.tv\/site\/wp-json\/wp\/v2\/media\/9377"}],"wp:attachment":[{"href":"https:\/\/www.altominho.tv\/site\/wp-json\/wp\/v2\/media?parent=9376"}],"wp:term":[{"taxonomy":"category","embeddable":true,"href":"https:\/\/www.altominho.tv\/site\/wp-json\/wp\/v2\/categories?post=9376"},{"taxonomy":"post_tag","embeddable":true,"href":"https:\/\/www.altominho.tv\/site\/wp-json\/wp\/v2\/tags?post=9376"}],"curies":[{"name":"wp","href":"https:\/\/api.w.org\/{rel}","templated":true}]}}