{"id":93718,"date":"2023-06-24T16:35:50","date_gmt":"2023-06-24T15:35:50","guid":{"rendered":"https:\/\/www.altominho.tv\/site\/?p=93718"},"modified":"2023-06-24T16:35:54","modified_gmt":"2023-06-24T15:35:54","slug":"rio-de-moinhos-recebe-o-xvii-encontro-nacional-de-rio-de-moinhos-de-portugal","status":"publish","type":"post","link":"https:\/\/www.altominho.tv\/site\/2023\/06\/24\/rio-de-moinhos-recebe-o-xvii-encontro-nacional-de-rio-de-moinhos-de-portugal\/","title":{"rendered":"Rio de Moinhos recebe o XVII Encontro Nacional de Rio de Moinhos de Portugal"},"content":{"rendered":"\n<p class=\"wp-block-paragraph\">A Freguesia de Rio de Moinhos do Concelho de Arcos de Valdevez, recebe nos dias 1 e 2 de Julho, o XVII Encontro Nacional de Rio de Moinhos de Portugal, que junta representantes das v\u00e1rias Freguesias com este nome espalhadas pelo pa\u00eds.<\/p>\n\n\n\n<p class=\"wp-block-paragraph\">Assim, al\u00e9m da anfitri\u00e3, Arcos de Valdevez, v\u00e3o estar representadas neste evento as freguesias de Rio de Moinhos dos concelhos de Abrantes, Aljustrel, Borba, Penafiel e S\u00e1t\u00e3o, numa iniciativa em que durante dois dias poder\u00e3o dar a conhecer os sabores, tradi\u00e7\u00f5es , cultura de cada regi\u00e3o, no sentido de \u201ccriar e aprofundar la\u00e7os afetivos entre as popula\u00e7\u00f5es\u201d destas localidades.<\/p>\n\n\n\n<p class=\"wp-block-paragraph\">Arcos de Valdevez, pela 3\u00aa vez, ser\u00e1 anfitri\u00e3 deste evento onde s\u00e3o esperadas mais de 1000 pessoas das restantes 5 freguesias de Rio de Moinhos estando j\u00e1 algumas unidades Hoteleiras lotadas, sendo este encontro, assim, um fomento tamb\u00e9m para a economia do concelho de Arcos de Valdevez.<\/p>\n\n\n\n<p class=\"wp-block-paragraph\">Este encontro acontece desde 2004, tendo sido apenas interrompido nos anos de 2020 e 2021 devido \u00e0 pandemia, sendo este, uma oportunidade de conv\u00edvio, reencontro e partilha das pessoas destas regi\u00f5es de Portugal.<br><br>A abertura oficial do encontro, em Rio de Moinhos, est\u00e1 agendada para as 12h00 de s\u00e1bado, 1 de Julho com a atua\u00e7\u00e3o da Filarm\u00f3nica Riomoinhense de Abrantes, sendo que \u00e9 a partir das 15h00 e durante toda a tarde, haver\u00e1 muita anima\u00e7\u00e3o musical com as atua\u00e7\u00f5es de diversos grupos: grupos corais, ranchos folcl\u00f3ricos e rusgas, etc. dos v\u00e1rios Rio de Moinhos.<\/p>\n\n\n\n<p class=\"wp-block-paragraph\">Destacamos, este ano, a participa\u00e7\u00e3o do Conservat\u00f3rio de M\u00fasica e Dan\u00e7a de Arcos de Valdevez com uma atua\u00e7\u00e3o intitulada : \u201c O Musical dos Castelos\u201d com representa\u00e7\u00e3o em palco de cerca de 100 elementos .<\/p>\n\n\n\n<p class=\"wp-block-paragraph\">A partir das 21h30, o espet\u00e1culo continua com mais grupos Riomoinhenses, bem como atua\u00e7\u00e3o de um DJ, o DJ Z\u00c9 MIX cuja atua\u00e7\u00e3o est\u00e1 prevista para as 00H00 .<\/p>\n\n\n\n<p class=\"wp-block-paragraph\">O XVII Encontro Nacional de Rio de Moinhos de Portugal termina no domingo, dia 2 de Julho, onde o destaque vai para a tarde musical com os cantares e grupos dos Rios de Moinhos de Portugal e a tradicional troca de lembran\u00e7as.<\/p>\n","protected":false},"excerpt":{"rendered":"<p>A Freguesia de Rio de Moinhos do Concelho de Arcos de Valdevez, recebe nos dias 1 e 2 de Julho, o XVII Encontro Nacional de Rio de Moinhos de Portugal, que junta representantes das v\u00e1rias Freguesias com este nome espalhadas pelo pa\u00eds. Assim, al\u00e9m da anfitri\u00e3, Arcos de Valdevez, v\u00e3o estar representadas neste evento as [&hellip;]<\/p>\n","protected":false},"author":9,"featured_media":93719,"comment_status":"closed","ping_status":"closed","sticky":false,"template":"","format":"standard","meta":{"_exactmetrics_skip_tracking":false,"footnotes":""},"categories":[2],"tags":[27],"class_list":["post-93718","post","type-post","status-publish","format-standard","has-post-thumbnail","hentry","category-arcos-de-valdevez","tag-sociedade"],"yoast_head":"<!-- This site is optimized with the Yoast SEO Premium plugin v28.3 (Yoast SEO v28.3) - https:\/\/yoast.com\/product\/yoast-seo-premium-wordpress\/ -->\n<title>Rio de Moinhos recebe o XVII Encontro Nacional de Rio de Moinhos de Portugal<\/title>\n<meta name=\"robots\" content=\"index, follow, max-snippet:-1, max-image-preview:large, max-video-preview:-1\" \/>\n<link rel=\"canonical\" href=\"https:\/\/www.altominho.tv\/site\/2023\/06\/24\/rio-de-moinhos-recebe-o-xvii-encontro-nacional-de-rio-de-moinhos-de-portugal\/\" \/>\n<meta property=\"og:locale\" content=\"pt_PT\" \/>\n<meta property=\"og:type\" content=\"article\" \/>\n<meta property=\"og:title\" content=\"Rio de Moinhos recebe o XVII Encontro Nacional de Rio de Moinhos de Portugal\" \/>\n<meta property=\"og:description\" content=\"A Freguesia de Rio de Moinhos do Concelho de Arcos de Valdevez, recebe nos dias 1 e 2 de Julho, o XVII Encontro Nacional de Rio de Moinhos de Portugal, que junta representantes das v\u00e1rias Freguesias com este nome espalhadas pelo pa\u00eds. Assim, al\u00e9m da anfitri\u00e3, Arcos de Valdevez, v\u00e3o estar representadas neste evento as [&hellip;]\" \/>\n<meta property=\"og:url\" content=\"https:\/\/www.altominho.tv\/site\/2023\/06\/24\/rio-de-moinhos-recebe-o-xvii-encontro-nacional-de-rio-de-moinhos-de-portugal\/\" \/>\n<meta property=\"og:site_name\" content=\"Altominho.tv\" \/>\n<meta property=\"article:publisher\" content=\"https:\/\/www.facebook.com\/altominhotv\" \/>\n<meta property=\"article:published_time\" content=\"2023-06-24T15:35:50+00:00\" \/>\n<meta property=\"article:modified_time\" content=\"2023-06-24T15:35:54+00:00\" \/>\n<meta property=\"og:image\" content=\"https:\/\/www.altominho.tv\/site\/wp-content\/uploads\/2023\/06\/Captura-de-ecra-2023-06-24-as-16.35.16.png\" \/>\n\t<meta property=\"og:image:width\" content=\"1444\" \/>\n\t<meta property=\"og:image:height\" content=\"1228\" \/>\n\t<meta property=\"og:image:type\" content=\"image\/png\" \/>\n<meta name=\"author\" content=\"Rafael Pereira\" \/>\n<meta name=\"twitter:card\" content=\"summary_large_image\" \/>\n<meta name=\"twitter:creator\" content=\"@altominhoTV\" \/>\n<meta name=\"twitter:site\" content=\"@altominhoTV\" \/>\n<meta name=\"twitter:label1\" content=\"Escrito por\" \/>\n\t<meta name=\"twitter:data1\" content=\"Rafael Pereira\" \/>\n\t<meta name=\"twitter:label2\" content=\"Tempo estimado de leitura\" \/>\n\t<meta name=\"twitter:data2\" content=\"2 minutos\" \/>\n<script type=\"application\/ld+json\" class=\"yoast-schema-graph\">{\"@context\":\"https:\\\/\\\/schema.org\",\"@graph\":[{\"@type\":\"Article\",\"@id\":\"https:\\\/\\\/www.altominho.tv\\\/site\\\/2023\\\/06\\\/24\\\/rio-de-moinhos-recebe-o-xvii-encontro-nacional-de-rio-de-moinhos-de-portugal\\\/#article\",\"isPartOf\":{\"@id\":\"https:\\\/\\\/www.altominho.tv\\\/site\\\/2023\\\/06\\\/24\\\/rio-de-moinhos-recebe-o-xvii-encontro-nacional-de-rio-de-moinhos-de-portugal\\\/\"},\"author\":{\"name\":\"Rafael Pereira\",\"@id\":\"https:\\\/\\\/www.altominho.tv\\\/site\\\/#\\\/schema\\\/person\\\/2690abd4f0b3984514ce0607afbfced7\"},\"headline\":\"Rio de Moinhos recebe o XVII Encontro Nacional de Rio de Moinhos de Portugal\",\"datePublished\":\"2023-06-24T15:35:50+00:00\",\"dateModified\":\"2023-06-24T15:35:54+00:00\",\"mainEntityOfPage\":{\"@id\":\"https:\\\/\\\/www.altominho.tv\\\/site\\\/2023\\\/06\\\/24\\\/rio-de-moinhos-recebe-o-xvii-encontro-nacional-de-rio-de-moinhos-de-portugal\\\/\"},\"wordCount\":376,\"image\":{\"@id\":\"https:\\\/\\\/www.altominho.tv\\\/site\\\/2023\\\/06\\\/24\\\/rio-de-moinhos-recebe-o-xvii-encontro-nacional-de-rio-de-moinhos-de-portugal\\\/#primaryimage\"},\"thumbnailUrl\":\"https:\\\/\\\/www.altominho.tv\\\/site\\\/wp-content\\\/uploads\\\/2023\\\/06\\\/Captura-de-ecra-2023-06-24-as-16.35.16.png\",\"keywords\":[\"Sociedade\"],\"articleSection\":[\"Arcos de Valdevez\"],\"inLanguage\":\"pt-PT\",\"copyrightYear\":\"2023\",\"copyrightHolder\":{\"@id\":\"https:\\\/\\\/www.altominho.tv\\\/site\\\/#organization\"}},{\"@type\":\"WebPage\",\"@id\":\"https:\\\/\\\/www.altominho.tv\\\/site\\\/2023\\\/06\\\/24\\\/rio-de-moinhos-recebe-o-xvii-encontro-nacional-de-rio-de-moinhos-de-portugal\\\/\",\"url\":\"https:\\\/\\\/www.altominho.tv\\\/site\\\/2023\\\/06\\\/24\\\/rio-de-moinhos-recebe-o-xvii-encontro-nacional-de-rio-de-moinhos-de-portugal\\\/\",\"name\":\"Rio de Moinhos recebe o XVII Encontro Nacional de Rio de Moinhos de Portugal\",\"isPartOf\":{\"@id\":\"https:\\\/\\\/www.altominho.tv\\\/site\\\/#website\"},\"primaryImageOfPage\":{\"@id\":\"https:\\\/\\\/www.altominho.tv\\\/site\\\/2023\\\/06\\\/24\\\/rio-de-moinhos-recebe-o-xvii-encontro-nacional-de-rio-de-moinhos-de-portugal\\\/#primaryimage\"},\"image\":{\"@id\":\"https:\\\/\\\/www.altominho.tv\\\/site\\\/2023\\\/06\\\/24\\\/rio-de-moinhos-recebe-o-xvii-encontro-nacional-de-rio-de-moinhos-de-portugal\\\/#primaryimage\"},\"thumbnailUrl\":\"https:\\\/\\\/www.altominho.tv\\\/site\\\/wp-content\\\/uploads\\\/2023\\\/06\\\/Captura-de-ecra-2023-06-24-as-16.35.16.png\",\"datePublished\":\"2023-06-24T15:35:50+00:00\",\"dateModified\":\"2023-06-24T15:35:54+00:00\",\"author\":{\"@id\":\"https:\\\/\\\/www.altominho.tv\\\/site\\\/#\\\/schema\\\/person\\\/2690abd4f0b3984514ce0607afbfced7\"},\"breadcrumb\":{\"@id\":\"https:\\\/\\\/www.altominho.tv\\\/site\\\/2023\\\/06\\\/24\\\/rio-de-moinhos-recebe-o-xvii-encontro-nacional-de-rio-de-moinhos-de-portugal\\\/#breadcrumb\"},\"inLanguage\":\"pt-PT\",\"potentialAction\":[{\"@type\":\"ReadAction\",\"target\":[\"https:\\\/\\\/www.altominho.tv\\\/site\\\/2023\\\/06\\\/24\\\/rio-de-moinhos-recebe-o-xvii-encontro-nacional-de-rio-de-moinhos-de-portugal\\\/\"]}]},{\"@type\":\"ImageObject\",\"inLanguage\":\"pt-PT\",\"@id\":\"https:\\\/\\\/www.altominho.tv\\\/site\\\/2023\\\/06\\\/24\\\/rio-de-moinhos-recebe-o-xvii-encontro-nacional-de-rio-de-moinhos-de-portugal\\\/#primaryimage\",\"url\":\"https:\\\/\\\/www.altominho.tv\\\/site\\\/wp-content\\\/uploads\\\/2023\\\/06\\\/Captura-de-ecra-2023-06-24-as-16.35.16.png\",\"contentUrl\":\"https:\\\/\\\/www.altominho.tv\\\/site\\\/wp-content\\\/uploads\\\/2023\\\/06\\\/Captura-de-ecra-2023-06-24-as-16.35.16.png\",\"width\":1444,\"height\":1228},{\"@type\":\"BreadcrumbList\",\"@id\":\"https:\\\/\\\/www.altominho.tv\\\/site\\\/2023\\\/06\\\/24\\\/rio-de-moinhos-recebe-o-xvii-encontro-nacional-de-rio-de-moinhos-de-portugal\\\/#breadcrumb\",\"itemListElement\":[{\"@type\":\"ListItem\",\"position\":1,\"name\":\"In\u00edcio\",\"item\":\"https:\\\/\\\/www.altominho.tv\\\/site\\\/\"},{\"@type\":\"ListItem\",\"position\":2,\"name\":\"Rio de Moinhos recebe o XVII Encontro Nacional de Rio de Moinhos de Portugal\"}]},{\"@type\":\"WebSite\",\"@id\":\"https:\\\/\\\/www.altominho.tv\\\/site\\\/#website\",\"url\":\"https:\\\/\\\/www.altominho.tv\\\/site\\\/\",\"name\":\"Altominho.tv\",\"description\":\"A sua regi\u00e3o \u00e0 dist\u00e2ncia de um clique...\",\"potentialAction\":[{\"@type\":\"SearchAction\",\"target\":{\"@type\":\"EntryPoint\",\"urlTemplate\":\"https:\\\/\\\/www.altominho.tv\\\/site\\\/?s={search_term_string}\"},\"query-input\":{\"@type\":\"PropertyValueSpecification\",\"valueRequired\":true,\"valueName\":\"search_term_string\"}}],\"inLanguage\":\"pt-PT\"},{\"@type\":\"Person\",\"@id\":\"https:\\\/\\\/www.altominho.tv\\\/site\\\/#\\\/schema\\\/person\\\/2690abd4f0b3984514ce0607afbfced7\",\"name\":\"Rafael Pereira\",\"image\":{\"@type\":\"ImageObject\",\"inLanguage\":\"pt-PT\",\"@id\":\"https:\\\/\\\/www.altominho.tv\\\/site\\\/wp-content\\\/uploads\\\/2021\\\/08\\\/42996867_1705603802900752_8292335788369117184_n-150x150.jpeg\",\"url\":\"https:\\\/\\\/www.altominho.tv\\\/site\\\/wp-content\\\/uploads\\\/2021\\\/08\\\/42996867_1705603802900752_8292335788369117184_n-150x150.jpeg\",\"contentUrl\":\"https:\\\/\\\/www.altominho.tv\\\/site\\\/wp-content\\\/uploads\\\/2021\\\/08\\\/42996867_1705603802900752_8292335788369117184_n-150x150.jpeg\",\"caption\":\"Rafael Pereira\"},\"url\":\"https:\\\/\\\/www.altominho.tv\\\/site\\\/author\\\/rafaelpereira\\\/\"}]}<\/script>\n<!-- \/ Yoast SEO Premium plugin. -->","yoast_head_json":{"title":"Rio de Moinhos recebe o XVII Encontro Nacional de Rio de Moinhos de Portugal","robots":{"index":"index","follow":"follow","max-snippet":"max-snippet:-1","max-image-preview":"max-image-preview:large","max-video-preview":"max-video-preview:-1"},"canonical":"https:\/\/www.altominho.tv\/site\/2023\/06\/24\/rio-de-moinhos-recebe-o-xvii-encontro-nacional-de-rio-de-moinhos-de-portugal\/","og_locale":"pt_PT","og_type":"article","og_title":"Rio de Moinhos recebe o XVII Encontro Nacional de Rio de Moinhos de Portugal","og_description":"A Freguesia de Rio de Moinhos do Concelho de Arcos de Valdevez, recebe nos dias 1 e 2 de Julho, o XVII Encontro Nacional de Rio de Moinhos de Portugal, que junta representantes das v\u00e1rias Freguesias com este nome espalhadas pelo pa\u00eds. Assim, al\u00e9m da anfitri\u00e3, Arcos de Valdevez, v\u00e3o estar representadas neste evento as [&hellip;]","og_url":"https:\/\/www.altominho.tv\/site\/2023\/06\/24\/rio-de-moinhos-recebe-o-xvii-encontro-nacional-de-rio-de-moinhos-de-portugal\/","og_site_name":"Altominho.tv","article_publisher":"https:\/\/www.facebook.com\/altominhotv","article_published_time":"2023-06-24T15:35:50+00:00","article_modified_time":"2023-06-24T15:35:54+00:00","og_image":[{"width":1444,"height":1228,"url":"https:\/\/www.altominho.tv\/site\/wp-content\/uploads\/2023\/06\/Captura-de-ecra-2023-06-24-as-16.35.16.png","type":"image\/png"}],"author":"Rafael Pereira","twitter_card":"summary_large_image","twitter_creator":"@altominhoTV","twitter_site":"@altominhoTV","twitter_misc":{"Escrito por":"Rafael Pereira","Tempo estimado de leitura":"2 minutos"},"schema":{"@context":"https:\/\/schema.org","@graph":[{"@type":"Article","@id":"https:\/\/www.altominho.tv\/site\/2023\/06\/24\/rio-de-moinhos-recebe-o-xvii-encontro-nacional-de-rio-de-moinhos-de-portugal\/#article","isPartOf":{"@id":"https:\/\/www.altominho.tv\/site\/2023\/06\/24\/rio-de-moinhos-recebe-o-xvii-encontro-nacional-de-rio-de-moinhos-de-portugal\/"},"author":{"name":"Rafael Pereira","@id":"https:\/\/www.altominho.tv\/site\/#\/schema\/person\/2690abd4f0b3984514ce0607afbfced7"},"headline":"Rio de Moinhos recebe o XVII Encontro Nacional de Rio de Moinhos de Portugal","datePublished":"2023-06-24T15:35:50+00:00","dateModified":"2023-06-24T15:35:54+00:00","mainEntityOfPage":{"@id":"https:\/\/www.altominho.tv\/site\/2023\/06\/24\/rio-de-moinhos-recebe-o-xvii-encontro-nacional-de-rio-de-moinhos-de-portugal\/"},"wordCount":376,"image":{"@id":"https:\/\/www.altominho.tv\/site\/2023\/06\/24\/rio-de-moinhos-recebe-o-xvii-encontro-nacional-de-rio-de-moinhos-de-portugal\/#primaryimage"},"thumbnailUrl":"https:\/\/www.altominho.tv\/site\/wp-content\/uploads\/2023\/06\/Captura-de-ecra-2023-06-24-as-16.35.16.png","keywords":["Sociedade"],"articleSection":["Arcos de Valdevez"],"inLanguage":"pt-PT","copyrightYear":"2023","copyrightHolder":{"@id":"https:\/\/www.altominho.tv\/site\/#organization"}},{"@type":"WebPage","@id":"https:\/\/www.altominho.tv\/site\/2023\/06\/24\/rio-de-moinhos-recebe-o-xvii-encontro-nacional-de-rio-de-moinhos-de-portugal\/","url":"https:\/\/www.altominho.tv\/site\/2023\/06\/24\/rio-de-moinhos-recebe-o-xvii-encontro-nacional-de-rio-de-moinhos-de-portugal\/","name":"Rio de Moinhos recebe o XVII Encontro Nacional de Rio de Moinhos de Portugal","isPartOf":{"@id":"https:\/\/www.altominho.tv\/site\/#website"},"primaryImageOfPage":{"@id":"https:\/\/www.altominho.tv\/site\/2023\/06\/24\/rio-de-moinhos-recebe-o-xvii-encontro-nacional-de-rio-de-moinhos-de-portugal\/#primaryimage"},"image":{"@id":"https:\/\/www.altominho.tv\/site\/2023\/06\/24\/rio-de-moinhos-recebe-o-xvii-encontro-nacional-de-rio-de-moinhos-de-portugal\/#primaryimage"},"thumbnailUrl":"https:\/\/www.altominho.tv\/site\/wp-content\/uploads\/2023\/06\/Captura-de-ecra-2023-06-24-as-16.35.16.png","datePublished":"2023-06-24T15:35:50+00:00","dateModified":"2023-06-24T15:35:54+00:00","author":{"@id":"https:\/\/www.altominho.tv\/site\/#\/schema\/person\/2690abd4f0b3984514ce0607afbfced7"},"breadcrumb":{"@id":"https:\/\/www.altominho.tv\/site\/2023\/06\/24\/rio-de-moinhos-recebe-o-xvii-encontro-nacional-de-rio-de-moinhos-de-portugal\/#breadcrumb"},"inLanguage":"pt-PT","potentialAction":[{"@type":"ReadAction","target":["https:\/\/www.altominho.tv\/site\/2023\/06\/24\/rio-de-moinhos-recebe-o-xvii-encontro-nacional-de-rio-de-moinhos-de-portugal\/"]}]},{"@type":"ImageObject","inLanguage":"pt-PT","@id":"https:\/\/www.altominho.tv\/site\/2023\/06\/24\/rio-de-moinhos-recebe-o-xvii-encontro-nacional-de-rio-de-moinhos-de-portugal\/#primaryimage","url":"https:\/\/www.altominho.tv\/site\/wp-content\/uploads\/2023\/06\/Captura-de-ecra-2023-06-24-as-16.35.16.png","contentUrl":"https:\/\/www.altominho.tv\/site\/wp-content\/uploads\/2023\/06\/Captura-de-ecra-2023-06-24-as-16.35.16.png","width":1444,"height":1228},{"@type":"BreadcrumbList","@id":"https:\/\/www.altominho.tv\/site\/2023\/06\/24\/rio-de-moinhos-recebe-o-xvii-encontro-nacional-de-rio-de-moinhos-de-portugal\/#breadcrumb","itemListElement":[{"@type":"ListItem","position":1,"name":"In\u00edcio","item":"https:\/\/www.altominho.tv\/site\/"},{"@type":"ListItem","position":2,"name":"Rio de Moinhos recebe o XVII Encontro Nacional de Rio de Moinhos de Portugal"}]},{"@type":"WebSite","@id":"https:\/\/www.altominho.tv\/site\/#website","url":"https:\/\/www.altominho.tv\/site\/","name":"Altominho.tv","description":"A sua regi\u00e3o \u00e0 dist\u00e2ncia de um clique...","potentialAction":[{"@type":"SearchAction","target":{"@type":"EntryPoint","urlTemplate":"https:\/\/www.altominho.tv\/site\/?s={search_term_string}"},"query-input":{"@type":"PropertyValueSpecification","valueRequired":true,"valueName":"search_term_string"}}],"inLanguage":"pt-PT"},{"@type":"Person","@id":"https:\/\/www.altominho.tv\/site\/#\/schema\/person\/2690abd4f0b3984514ce0607afbfced7","name":"Rafael Pereira","image":{"@type":"ImageObject","inLanguage":"pt-PT","@id":"https:\/\/www.altominho.tv\/site\/wp-content\/uploads\/2021\/08\/42996867_1705603802900752_8292335788369117184_n-150x150.jpeg","url":"https:\/\/www.altominho.tv\/site\/wp-content\/uploads\/2021\/08\/42996867_1705603802900752_8292335788369117184_n-150x150.jpeg","contentUrl":"https:\/\/www.altominho.tv\/site\/wp-content\/uploads\/2021\/08\/42996867_1705603802900752_8292335788369117184_n-150x150.jpeg","caption":"Rafael Pereira"},"url":"https:\/\/www.altominho.tv\/site\/author\/rafaelpereira\/"}]}},"_links":{"self":[{"href":"https:\/\/www.altominho.tv\/site\/wp-json\/wp\/v2\/posts\/93718","targetHints":{"allow":["GET"]}}],"collection":[{"href":"https:\/\/www.altominho.tv\/site\/wp-json\/wp\/v2\/posts"}],"about":[{"href":"https:\/\/www.altominho.tv\/site\/wp-json\/wp\/v2\/types\/post"}],"author":[{"embeddable":true,"href":"https:\/\/www.altominho.tv\/site\/wp-json\/wp\/v2\/users\/9"}],"replies":[{"embeddable":true,"href":"https:\/\/www.altominho.tv\/site\/wp-json\/wp\/v2\/comments?post=93718"}],"version-history":[{"count":1,"href":"https:\/\/www.altominho.tv\/site\/wp-json\/wp\/v2\/posts\/93718\/revisions"}],"predecessor-version":[{"id":93720,"href":"https:\/\/www.altominho.tv\/site\/wp-json\/wp\/v2\/posts\/93718\/revisions\/93720"}],"wp:featuredmedia":[{"embeddable":true,"href":"https:\/\/www.altominho.tv\/site\/wp-json\/wp\/v2\/media\/93719"}],"wp:attachment":[{"href":"https:\/\/www.altominho.tv\/site\/wp-json\/wp\/v2\/media?parent=93718"}],"wp:term":[{"taxonomy":"category","embeddable":true,"href":"https:\/\/www.altominho.tv\/site\/wp-json\/wp\/v2\/categories?post=93718"},{"taxonomy":"post_tag","embeddable":true,"href":"https:\/\/www.altominho.tv\/site\/wp-json\/wp\/v2\/tags?post=93718"}],"curies":[{"name":"wp","href":"https:\/\/api.w.org\/{rel}","templated":true}]}}