{"id":93712,"date":"2023-06-23T17:20:59","date_gmt":"2023-06-23T16:20:59","guid":{"rendered":"https:\/\/www.altominho.tv\/site\/?p=93712"},"modified":"2023-06-23T17:21:05","modified_gmt":"2023-06-23T16:21:05","slug":"melgaco-comemora-dia-mundial-dos-avos-com-atividades","status":"publish","type":"post","link":"https:\/\/www.altominho.tv\/site\/2023\/06\/23\/melgaco-comemora-dia-mundial-dos-avos-com-atividades\/","title":{"rendered":"Melga\u00e7o comemora Dia Mundial dos Av\u00f3s com atividades"},"content":{"rendered":"<p>O Munic\u00edpio de Melga\u00e7o vai assinalar o Dia Mundial dos Av\u00f3s no pr\u00f3ximo dia 26 de julho, nas Termas de Melga\u00e7o, juntando av\u00f3s e netos de todo o concelho, com o objetivo de promover a confraterniza\u00e7\u00e3o e o conv\u00edvio intergeracional.<\/p>\n<p>Haver\u00e1 anima\u00e7\u00e3o musical, desportiva e jogos tradicionais durante todo o dia. Podem participar seniores av\u00f3s com mais de 60 anos e os respetivos netos.<\/p>\n<p>A iniciativa, com in\u00edcio marcado para as 10h00, promove o &#8220;bem-estar social e a partilha de experi\u00eancias de vida, com brincadeiras, mimos e muitas gargalhadas entre as duas gera\u00e7\u00f5es&#8221; descreve a autarquia.<\/p>\n<p>Para al\u00e9m da anima\u00e7\u00e3o e do leque diversificado de atividades, a a\u00e7\u00e3o prev\u00ea ainda um almo\u00e7o conv\u00edvio com sandes de porco no espeto.<\/p>\n<p>A iniciativa \u00e9 de participa\u00e7\u00e3o gratuita, mas carece de inscri\u00e7\u00e3o pr\u00e9via, at\u00e9 ao dia 15 de julho, que dever\u00e1 ser efetuada nas instala\u00e7\u00f5es da A\u00e7\u00e3o Social da C\u00e2mara Municipal, localizada no antigo quartel dos Bombeiros de Melga\u00e7o.<\/p>\n","protected":false},"excerpt":{"rendered":"<p>O Munic\u00edpio de Melga\u00e7o vai assinalar o Dia Mundial dos Av\u00f3s no pr\u00f3ximo dia 26 de julho, nas Termas de Melga\u00e7o, juntando av\u00f3s e netos de todo o concelho, com o objetivo de promover a confraterniza\u00e7\u00e3o e o conv\u00edvio intergeracional. Haver\u00e1 anima\u00e7\u00e3o musical, desportiva e jogos tradicionais durante todo o dia. Podem participar seniores av\u00f3s [&hellip;]<\/p>\n","protected":false},"author":28,"featured_media":93713,"comment_status":"closed","ping_status":"closed","sticky":false,"template":"","format":"standard","meta":{"_exactmetrics_skip_tracking":false,"_exactmetrics_sitenote_active":false,"_exactmetrics_sitenote_note":"","_exactmetrics_sitenote_category":0,"footnotes":""},"categories":[8],"tags":[27],"class_list":["post-93712","post","type-post","status-publish","format-standard","has-post-thumbnail","hentry","category-melgaco","tag-sociedade"],"yoast_head":"<!-- This site is optimized with the Yoast SEO Premium plugin v27.4 (Yoast SEO v27.4) - https:\/\/yoast.com\/product\/yoast-seo-premium-wordpress\/ -->\n<title>Melga\u00e7o comemora Dia Mundial dos Av\u00f3s com atividades<\/title>\n<meta name=\"description\" content=\"O Munic\u00edpio de Melga\u00e7o vai assinalar o Dia Mundial dos Av\u00f3s no pr\u00f3ximo dia 26 de julho, nas Termas de Melga\u00e7o, juntando av\u00f3s e netos de todo o concelho, com o objetivo de promover a confraterniza\u00e7\u00e3o e o conv\u00edvio intergeracional.\u00a0\" \/>\n<meta name=\"robots\" content=\"index, follow, max-snippet:-1, max-image-preview:large, max-video-preview:-1\" \/>\n<link rel=\"canonical\" href=\"https:\/\/www.altominho.tv\/site\/2023\/06\/23\/melgaco-comemora-dia-mundial-dos-avos-com-atividades\/\" \/>\n<meta property=\"og:locale\" content=\"pt_PT\" \/>\n<meta property=\"og:type\" content=\"article\" \/>\n<meta property=\"og:title\" content=\"Melga\u00e7o comemora Dia Mundial dos Av\u00f3s com atividades\" \/>\n<meta property=\"og:description\" content=\"O Munic\u00edpio de Melga\u00e7o vai assinalar o Dia Mundial dos Av\u00f3s no pr\u00f3ximo dia 26 de julho, nas Termas de Melga\u00e7o, juntando av\u00f3s e netos de todo o concelho, com o objetivo de promover a confraterniza\u00e7\u00e3o e o conv\u00edvio intergeracional.\u00a0\" \/>\n<meta property=\"og:url\" content=\"https:\/\/www.altominho.tv\/site\/2023\/06\/23\/melgaco-comemora-dia-mundial-dos-avos-com-atividades\/\" \/>\n<meta property=\"og:site_name\" content=\"Altominho.tv\" \/>\n<meta property=\"article:publisher\" content=\"https:\/\/www.facebook.com\/altominhotv\" \/>\n<meta property=\"article:published_time\" content=\"2023-06-23T16:20:59+00:00\" \/>\n<meta property=\"article:modified_time\" content=\"2023-06-23T16:21:05+00:00\" \/>\n<meta property=\"og:image\" content=\"https:\/\/www.altominho.tv\/site\/wp-content\/uploads\/2023\/06\/DA_2023_post.jpg\" \/>\n\t<meta property=\"og:image:width\" content=\"1080\" \/>\n\t<meta property=\"og:image:height\" content=\"467\" \/>\n\t<meta property=\"og:image:type\" content=\"image\/jpeg\" \/>\n<meta name=\"author\" content=\"Beatriz Lira\" \/>\n<meta name=\"twitter:card\" content=\"summary_large_image\" \/>\n<meta name=\"twitter:creator\" content=\"@altominhoTV\" \/>\n<meta name=\"twitter:site\" content=\"@altominhoTV\" \/>\n<meta name=\"twitter:label1\" content=\"Escrito por\" \/>\n\t<meta name=\"twitter:data1\" content=\"Beatriz Lira\" \/>\n\t<meta name=\"twitter:label2\" content=\"Tempo estimado de leitura\" \/>\n\t<meta name=\"twitter:data2\" content=\"1 minuto\" \/>\n<script type=\"application\/ld+json\" class=\"yoast-schema-graph\">{\"@context\":\"https:\\\/\\\/schema.org\",\"@graph\":[{\"@type\":\"Article\",\"@id\":\"https:\\\/\\\/www.altominho.tv\\\/site\\\/2023\\\/06\\\/23\\\/melgaco-comemora-dia-mundial-dos-avos-com-atividades\\\/#article\",\"isPartOf\":{\"@id\":\"https:\\\/\\\/www.altominho.tv\\\/site\\\/2023\\\/06\\\/23\\\/melgaco-comemora-dia-mundial-dos-avos-com-atividades\\\/\"},\"author\":{\"name\":\"Beatriz Lira\",\"@id\":\"https:\\\/\\\/www.altominho.tv\\\/site\\\/#\\\/schema\\\/person\\\/f95a2097796cf4462fe1e476cddc40e4\"},\"headline\":\"Melga\u00e7o comemora Dia Mundial dos Av\u00f3s com atividades\",\"datePublished\":\"2023-06-23T16:20:59+00:00\",\"dateModified\":\"2023-06-23T16:21:05+00:00\",\"mainEntityOfPage\":{\"@id\":\"https:\\\/\\\/www.altominho.tv\\\/site\\\/2023\\\/06\\\/23\\\/melgaco-comemora-dia-mundial-dos-avos-com-atividades\\\/\"},\"wordCount\":187,\"image\":{\"@id\":\"https:\\\/\\\/www.altominho.tv\\\/site\\\/2023\\\/06\\\/23\\\/melgaco-comemora-dia-mundial-dos-avos-com-atividades\\\/#primaryimage\"},\"thumbnailUrl\":\"https:\\\/\\\/www.altominho.tv\\\/site\\\/wp-content\\\/uploads\\\/2023\\\/06\\\/DA_2023_post.jpg\",\"keywords\":[\"Sociedade\"],\"articleSection\":[\"Melga\u00e7o\"],\"inLanguage\":\"pt-PT\",\"copyrightYear\":\"2023\",\"copyrightHolder\":{\"@id\":\"https:\\\/\\\/www.altominho.tv\\\/site\\\/#organization\"}},{\"@type\":\"WebPage\",\"@id\":\"https:\\\/\\\/www.altominho.tv\\\/site\\\/2023\\\/06\\\/23\\\/melgaco-comemora-dia-mundial-dos-avos-com-atividades\\\/\",\"url\":\"https:\\\/\\\/www.altominho.tv\\\/site\\\/2023\\\/06\\\/23\\\/melgaco-comemora-dia-mundial-dos-avos-com-atividades\\\/\",\"name\":\"Melga\u00e7o comemora Dia Mundial dos Av\u00f3s com atividades\",\"isPartOf\":{\"@id\":\"https:\\\/\\\/www.altominho.tv\\\/site\\\/#website\"},\"primaryImageOfPage\":{\"@id\":\"https:\\\/\\\/www.altominho.tv\\\/site\\\/2023\\\/06\\\/23\\\/melgaco-comemora-dia-mundial-dos-avos-com-atividades\\\/#primaryimage\"},\"image\":{\"@id\":\"https:\\\/\\\/www.altominho.tv\\\/site\\\/2023\\\/06\\\/23\\\/melgaco-comemora-dia-mundial-dos-avos-com-atividades\\\/#primaryimage\"},\"thumbnailUrl\":\"https:\\\/\\\/www.altominho.tv\\\/site\\\/wp-content\\\/uploads\\\/2023\\\/06\\\/DA_2023_post.jpg\",\"datePublished\":\"2023-06-23T16:20:59+00:00\",\"dateModified\":\"2023-06-23T16:21:05+00:00\",\"author\":{\"@id\":\"https:\\\/\\\/www.altominho.tv\\\/site\\\/#\\\/schema\\\/person\\\/f95a2097796cf4462fe1e476cddc40e4\"},\"description\":\"O Munic\u00edpio de Melga\u00e7o vai assinalar o Dia Mundial dos Av\u00f3s no pr\u00f3ximo dia 26 de julho, nas Termas de Melga\u00e7o, juntando av\u00f3s e netos de todo o concelho, com o objetivo de promover a confraterniza\u00e7\u00e3o e o conv\u00edvio intergeracional.\u00a0\",\"breadcrumb\":{\"@id\":\"https:\\\/\\\/www.altominho.tv\\\/site\\\/2023\\\/06\\\/23\\\/melgaco-comemora-dia-mundial-dos-avos-com-atividades\\\/#breadcrumb\"},\"inLanguage\":\"pt-PT\",\"potentialAction\":[{\"@type\":\"ReadAction\",\"target\":[\"https:\\\/\\\/www.altominho.tv\\\/site\\\/2023\\\/06\\\/23\\\/melgaco-comemora-dia-mundial-dos-avos-com-atividades\\\/\"]}]},{\"@type\":\"ImageObject\",\"inLanguage\":\"pt-PT\",\"@id\":\"https:\\\/\\\/www.altominho.tv\\\/site\\\/2023\\\/06\\\/23\\\/melgaco-comemora-dia-mundial-dos-avos-com-atividades\\\/#primaryimage\",\"url\":\"https:\\\/\\\/www.altominho.tv\\\/site\\\/wp-content\\\/uploads\\\/2023\\\/06\\\/DA_2023_post.jpg\",\"contentUrl\":\"https:\\\/\\\/www.altominho.tv\\\/site\\\/wp-content\\\/uploads\\\/2023\\\/06\\\/DA_2023_post.jpg\",\"width\":1080,\"height\":467},{\"@type\":\"BreadcrumbList\",\"@id\":\"https:\\\/\\\/www.altominho.tv\\\/site\\\/2023\\\/06\\\/23\\\/melgaco-comemora-dia-mundial-dos-avos-com-atividades\\\/#breadcrumb\",\"itemListElement\":[{\"@type\":\"ListItem\",\"position\":1,\"name\":\"In\u00edcio\",\"item\":\"https:\\\/\\\/www.altominho.tv\\\/site\\\/\"},{\"@type\":\"ListItem\",\"position\":2,\"name\":\"Melga\u00e7o comemora Dia Mundial dos Av\u00f3s com atividades\"}]},{\"@type\":\"WebSite\",\"@id\":\"https:\\\/\\\/www.altominho.tv\\\/site\\\/#website\",\"url\":\"https:\\\/\\\/www.altominho.tv\\\/site\\\/\",\"name\":\"Altominho.tv\",\"description\":\"A sua regi\u00e3o \u00e0 dist\u00e2ncia de um clique...\",\"potentialAction\":[{\"@type\":\"SearchAction\",\"target\":{\"@type\":\"EntryPoint\",\"urlTemplate\":\"https:\\\/\\\/www.altominho.tv\\\/site\\\/?s={search_term_string}\"},\"query-input\":{\"@type\":\"PropertyValueSpecification\",\"valueRequired\":true,\"valueName\":\"search_term_string\"}}],\"inLanguage\":\"pt-PT\"},{\"@type\":\"Person\",\"@id\":\"https:\\\/\\\/www.altominho.tv\\\/site\\\/#\\\/schema\\\/person\\\/f95a2097796cf4462fe1e476cddc40e4\",\"name\":\"Beatriz Lira\",\"image\":{\"@type\":\"ImageObject\",\"inLanguage\":\"pt-PT\",\"@id\":\"https:\\\/\\\/www.altominho.tv\\\/site\\\/wp-content\\\/uploads\\\/2023\\\/03\\\/Screenshot_20230306-141220_Photos-150x150.jpg\",\"url\":\"https:\\\/\\\/www.altominho.tv\\\/site\\\/wp-content\\\/uploads\\\/2023\\\/03\\\/Screenshot_20230306-141220_Photos-150x150.jpg\",\"contentUrl\":\"https:\\\/\\\/www.altominho.tv\\\/site\\\/wp-content\\\/uploads\\\/2023\\\/03\\\/Screenshot_20230306-141220_Photos-150x150.jpg\",\"caption\":\"Beatriz Lira\"},\"url\":\"https:\\\/\\\/www.altominho.tv\\\/site\\\/author\\\/beatriz\\\/\"}]}<\/script>\n<!-- \/ Yoast SEO Premium plugin. -->","yoast_head_json":{"title":"Melga\u00e7o comemora Dia Mundial dos Av\u00f3s com atividades","description":"O Munic\u00edpio de Melga\u00e7o vai assinalar o Dia Mundial dos Av\u00f3s no pr\u00f3ximo dia 26 de julho, nas Termas de Melga\u00e7o, juntando av\u00f3s e netos de todo o concelho, com o objetivo de promover a confraterniza\u00e7\u00e3o e o conv\u00edvio intergeracional.\u00a0","robots":{"index":"index","follow":"follow","max-snippet":"max-snippet:-1","max-image-preview":"max-image-preview:large","max-video-preview":"max-video-preview:-1"},"canonical":"https:\/\/www.altominho.tv\/site\/2023\/06\/23\/melgaco-comemora-dia-mundial-dos-avos-com-atividades\/","og_locale":"pt_PT","og_type":"article","og_title":"Melga\u00e7o comemora Dia Mundial dos Av\u00f3s com atividades","og_description":"O Munic\u00edpio de Melga\u00e7o vai assinalar o Dia Mundial dos Av\u00f3s no pr\u00f3ximo dia 26 de julho, nas Termas de Melga\u00e7o, juntando av\u00f3s e netos de todo o concelho, com o objetivo de promover a confraterniza\u00e7\u00e3o e o conv\u00edvio intergeracional.\u00a0","og_url":"https:\/\/www.altominho.tv\/site\/2023\/06\/23\/melgaco-comemora-dia-mundial-dos-avos-com-atividades\/","og_site_name":"Altominho.tv","article_publisher":"https:\/\/www.facebook.com\/altominhotv","article_published_time":"2023-06-23T16:20:59+00:00","article_modified_time":"2023-06-23T16:21:05+00:00","og_image":[{"width":1080,"height":467,"url":"https:\/\/www.altominho.tv\/site\/wp-content\/uploads\/2023\/06\/DA_2023_post.jpg","type":"image\/jpeg"}],"author":"Beatriz Lira","twitter_card":"summary_large_image","twitter_creator":"@altominhoTV","twitter_site":"@altominhoTV","twitter_misc":{"Escrito por":"Beatriz Lira","Tempo estimado de leitura":"1 minuto"},"schema":{"@context":"https:\/\/schema.org","@graph":[{"@type":"Article","@id":"https:\/\/www.altominho.tv\/site\/2023\/06\/23\/melgaco-comemora-dia-mundial-dos-avos-com-atividades\/#article","isPartOf":{"@id":"https:\/\/www.altominho.tv\/site\/2023\/06\/23\/melgaco-comemora-dia-mundial-dos-avos-com-atividades\/"},"author":{"name":"Beatriz Lira","@id":"https:\/\/www.altominho.tv\/site\/#\/schema\/person\/f95a2097796cf4462fe1e476cddc40e4"},"headline":"Melga\u00e7o comemora Dia Mundial dos Av\u00f3s com atividades","datePublished":"2023-06-23T16:20:59+00:00","dateModified":"2023-06-23T16:21:05+00:00","mainEntityOfPage":{"@id":"https:\/\/www.altominho.tv\/site\/2023\/06\/23\/melgaco-comemora-dia-mundial-dos-avos-com-atividades\/"},"wordCount":187,"image":{"@id":"https:\/\/www.altominho.tv\/site\/2023\/06\/23\/melgaco-comemora-dia-mundial-dos-avos-com-atividades\/#primaryimage"},"thumbnailUrl":"https:\/\/www.altominho.tv\/site\/wp-content\/uploads\/2023\/06\/DA_2023_post.jpg","keywords":["Sociedade"],"articleSection":["Melga\u00e7o"],"inLanguage":"pt-PT","copyrightYear":"2023","copyrightHolder":{"@id":"https:\/\/www.altominho.tv\/site\/#organization"}},{"@type":"WebPage","@id":"https:\/\/www.altominho.tv\/site\/2023\/06\/23\/melgaco-comemora-dia-mundial-dos-avos-com-atividades\/","url":"https:\/\/www.altominho.tv\/site\/2023\/06\/23\/melgaco-comemora-dia-mundial-dos-avos-com-atividades\/","name":"Melga\u00e7o comemora Dia Mundial dos Av\u00f3s com atividades","isPartOf":{"@id":"https:\/\/www.altominho.tv\/site\/#website"},"primaryImageOfPage":{"@id":"https:\/\/www.altominho.tv\/site\/2023\/06\/23\/melgaco-comemora-dia-mundial-dos-avos-com-atividades\/#primaryimage"},"image":{"@id":"https:\/\/www.altominho.tv\/site\/2023\/06\/23\/melgaco-comemora-dia-mundial-dos-avos-com-atividades\/#primaryimage"},"thumbnailUrl":"https:\/\/www.altominho.tv\/site\/wp-content\/uploads\/2023\/06\/DA_2023_post.jpg","datePublished":"2023-06-23T16:20:59+00:00","dateModified":"2023-06-23T16:21:05+00:00","author":{"@id":"https:\/\/www.altominho.tv\/site\/#\/schema\/person\/f95a2097796cf4462fe1e476cddc40e4"},"description":"O Munic\u00edpio de Melga\u00e7o vai assinalar o Dia Mundial dos Av\u00f3s no pr\u00f3ximo dia 26 de julho, nas Termas de Melga\u00e7o, juntando av\u00f3s e netos de todo o concelho, com o objetivo de promover a confraterniza\u00e7\u00e3o e o conv\u00edvio intergeracional.\u00a0","breadcrumb":{"@id":"https:\/\/www.altominho.tv\/site\/2023\/06\/23\/melgaco-comemora-dia-mundial-dos-avos-com-atividades\/#breadcrumb"},"inLanguage":"pt-PT","potentialAction":[{"@type":"ReadAction","target":["https:\/\/www.altominho.tv\/site\/2023\/06\/23\/melgaco-comemora-dia-mundial-dos-avos-com-atividades\/"]}]},{"@type":"ImageObject","inLanguage":"pt-PT","@id":"https:\/\/www.altominho.tv\/site\/2023\/06\/23\/melgaco-comemora-dia-mundial-dos-avos-com-atividades\/#primaryimage","url":"https:\/\/www.altominho.tv\/site\/wp-content\/uploads\/2023\/06\/DA_2023_post.jpg","contentUrl":"https:\/\/www.altominho.tv\/site\/wp-content\/uploads\/2023\/06\/DA_2023_post.jpg","width":1080,"height":467},{"@type":"BreadcrumbList","@id":"https:\/\/www.altominho.tv\/site\/2023\/06\/23\/melgaco-comemora-dia-mundial-dos-avos-com-atividades\/#breadcrumb","itemListElement":[{"@type":"ListItem","position":1,"name":"In\u00edcio","item":"https:\/\/www.altominho.tv\/site\/"},{"@type":"ListItem","position":2,"name":"Melga\u00e7o comemora Dia Mundial dos Av\u00f3s com atividades"}]},{"@type":"WebSite","@id":"https:\/\/www.altominho.tv\/site\/#website","url":"https:\/\/www.altominho.tv\/site\/","name":"Altominho.tv","description":"A sua regi\u00e3o \u00e0 dist\u00e2ncia de um clique...","potentialAction":[{"@type":"SearchAction","target":{"@type":"EntryPoint","urlTemplate":"https:\/\/www.altominho.tv\/site\/?s={search_term_string}"},"query-input":{"@type":"PropertyValueSpecification","valueRequired":true,"valueName":"search_term_string"}}],"inLanguage":"pt-PT"},{"@type":"Person","@id":"https:\/\/www.altominho.tv\/site\/#\/schema\/person\/f95a2097796cf4462fe1e476cddc40e4","name":"Beatriz Lira","image":{"@type":"ImageObject","inLanguage":"pt-PT","@id":"https:\/\/www.altominho.tv\/site\/wp-content\/uploads\/2023\/03\/Screenshot_20230306-141220_Photos-150x150.jpg","url":"https:\/\/www.altominho.tv\/site\/wp-content\/uploads\/2023\/03\/Screenshot_20230306-141220_Photos-150x150.jpg","contentUrl":"https:\/\/www.altominho.tv\/site\/wp-content\/uploads\/2023\/03\/Screenshot_20230306-141220_Photos-150x150.jpg","caption":"Beatriz Lira"},"url":"https:\/\/www.altominho.tv\/site\/author\/beatriz\/"}]}},"_links":{"self":[{"href":"https:\/\/www.altominho.tv\/site\/wp-json\/wp\/v2\/posts\/93712","targetHints":{"allow":["GET"]}}],"collection":[{"href":"https:\/\/www.altominho.tv\/site\/wp-json\/wp\/v2\/posts"}],"about":[{"href":"https:\/\/www.altominho.tv\/site\/wp-json\/wp\/v2\/types\/post"}],"author":[{"embeddable":true,"href":"https:\/\/www.altominho.tv\/site\/wp-json\/wp\/v2\/users\/28"}],"replies":[{"embeddable":true,"href":"https:\/\/www.altominho.tv\/site\/wp-json\/wp\/v2\/comments?post=93712"}],"version-history":[{"count":1,"href":"https:\/\/www.altominho.tv\/site\/wp-json\/wp\/v2\/posts\/93712\/revisions"}],"predecessor-version":[{"id":93714,"href":"https:\/\/www.altominho.tv\/site\/wp-json\/wp\/v2\/posts\/93712\/revisions\/93714"}],"wp:featuredmedia":[{"embeddable":true,"href":"https:\/\/www.altominho.tv\/site\/wp-json\/wp\/v2\/media\/93713"}],"wp:attachment":[{"href":"https:\/\/www.altominho.tv\/site\/wp-json\/wp\/v2\/media?parent=93712"}],"wp:term":[{"taxonomy":"category","embeddable":true,"href":"https:\/\/www.altominho.tv\/site\/wp-json\/wp\/v2\/categories?post=93712"},{"taxonomy":"post_tag","embeddable":true,"href":"https:\/\/www.altominho.tv\/site\/wp-json\/wp\/v2\/tags?post=93712"}],"curies":[{"name":"wp","href":"https:\/\/api.w.org\/{rel}","templated":true}]}}