{"id":93660,"date":"2023-06-22T16:33:13","date_gmt":"2023-06-22T15:33:13","guid":{"rendered":"https:\/\/www.altominho.tv\/site\/?p=93660"},"modified":"2023-06-22T16:33:17","modified_gmt":"2023-06-22T15:33:17","slug":"valenca-celebra-sao-joao-com-arraial","status":"publish","type":"post","link":"https:\/\/www.altominho.tv\/site\/2023\/06\/22\/valenca-celebra-sao-joao-com-arraial\/","title":{"rendered":"Valen\u00e7a celebra S\u00e3o Jo\u00e3o com arraial"},"content":{"rendered":"<p>Valen\u00e7a vai celebrar o S\u00e3o Jo\u00e3o com um arraial esta sexta-feira, dia 23 de junho, na avenida de S\u00e3o Teot\u00f3nio.<\/p>\n<p>A festa conta com a participa\u00e7\u00e3o de seis associa\u00e7\u00f5es do concelho, oito bares e dois restaurantes, numa noite repleta de &#8220;gastronomia, anima\u00e7\u00e3o musical, bailarico, divers\u00f5es e espa\u00e7o infantil, que prometem uma noite de S\u00e3o Jo\u00e3o divertida em Valen\u00e7a&#8221; descreve a autarquia.<\/p>\n<p>A iniciativa \u00e9 da Associa\u00e7\u00e3o Quimera e conta com o apoio da C\u00e2mara Municipal de Valen\u00e7a, da uni\u00e3o de Freguesias de Valen\u00e7a, Cristelo C\u00f4vo e Ar\u00e3o e do meio empresarial do concelho.<\/p>\n<p align=\"justify\">As associa\u00e7\u00f5es presentes no evento s\u00e3o a Associa\u00e7\u00e3o S\u00e3o Teot\u00f3nio, a Associa\u00e7\u00e3o Desportiva de Verdoejo, a Associa\u00e7\u00e3o Desportiva de Cerdal, a Luar do Minho, Portugal de Ponta a Ponta e a Comunidade Associativa Arcanjos de Fontoura. O Cantinho da Zeza, o Eskina, o New Look, a Sede Valenciano, o Buraco Bar, a Esta\u00e7\u00e3o, o Qu\u00ea? e o Tzero s\u00e3o os bares aderentes \u00e0 iniciativa, contando ainda com o Quint\u00e3o churrasqueira e ainda o Nove Letras.<\/p>\n<p align=\"justify\">A iniciativa Noite de S\u00e3o Jo\u00e3o pretende &#8220;evocar e dinamizar esta festividade que marca o inicio do ver\u00e3o proporcionando im espa\u00e7o e um momento de conv\u00edvio comunit\u00e1rio e do esp\u00edrito de uni\u00e3o tanto para os valencianos como para os visitantes&#8221; divulga a autarquia.<\/p>\n","protected":false},"excerpt":{"rendered":"<p>Valen\u00e7a vai celebrar o S\u00e3o Jo\u00e3o com um arraial esta sexta-feira, dia 23 de junho, na avenida de S\u00e3o Teot\u00f3nio. A festa conta com a participa\u00e7\u00e3o de seis associa\u00e7\u00f5es do concelho, oito bares e dois restaurantes, numa noite repleta de &#8220;gastronomia, anima\u00e7\u00e3o musical, bailarico, divers\u00f5es e espa\u00e7o infantil, que prometem uma noite de S\u00e3o Jo\u00e3o [&hellip;]<\/p>\n","protected":false},"author":28,"featured_media":93661,"comment_status":"closed","ping_status":"closed","sticky":false,"template":"","format":"standard","meta":{"_exactmetrics_skip_tracking":false,"_exactmetrics_sitenote_active":false,"_exactmetrics_sitenote_note":"","_exactmetrics_sitenote_category":0,"footnotes":""},"categories":[13],"tags":[27],"class_list":["post-93660","post","type-post","status-publish","format-standard","has-post-thumbnail","hentry","category-valenca","tag-sociedade"],"yoast_head":"<!-- This site is optimized with the Yoast SEO Premium plugin v27.4 (Yoast SEO v27.4) - https:\/\/yoast.com\/product\/yoast-seo-premium-wordpress\/ -->\n<title>Valen\u00e7a celebra S\u00e3o Jo\u00e3o com arraial<\/title>\n<meta name=\"description\" content=\"A festa conta com a participa\u00e7\u00e3o de seis associa\u00e7\u00f5es do concelho, oito bares e dois restaurantes, numa noite repleta de &quot;gastronomia, anima\u00e7\u00e3o musical, bailarico, divers\u00f5es e espa\u00e7o infantil, que prometem uma noite de S\u00e3o Jo\u00e3o divertida em Valen\u00e7a&quot; descreve a autarquia.\" \/>\n<meta name=\"robots\" content=\"index, follow, max-snippet:-1, max-image-preview:large, max-video-preview:-1\" \/>\n<link rel=\"canonical\" href=\"https:\/\/www.altominho.tv\/site\/2023\/06\/22\/valenca-celebra-sao-joao-com-arraial\/\" \/>\n<meta property=\"og:locale\" content=\"pt_PT\" \/>\n<meta property=\"og:type\" content=\"article\" \/>\n<meta property=\"og:title\" content=\"Valen\u00e7a celebra S\u00e3o Jo\u00e3o com arraial\" \/>\n<meta property=\"og:description\" content=\"A festa conta com a participa\u00e7\u00e3o de seis associa\u00e7\u00f5es do concelho, oito bares e dois restaurantes, numa noite repleta de &quot;gastronomia, anima\u00e7\u00e3o musical, bailarico, divers\u00f5es e espa\u00e7o infantil, que prometem uma noite de S\u00e3o Jo\u00e3o divertida em Valen\u00e7a&quot; descreve a autarquia.\" \/>\n<meta property=\"og:url\" content=\"https:\/\/www.altominho.tv\/site\/2023\/06\/22\/valenca-celebra-sao-joao-com-arraial\/\" \/>\n<meta property=\"og:site_name\" content=\"Altominho.tv\" \/>\n<meta property=\"article:publisher\" content=\"https:\/\/www.facebook.com\/altominhotv\" \/>\n<meta property=\"article:published_time\" content=\"2023-06-22T15:33:13+00:00\" \/>\n<meta property=\"article:modified_time\" content=\"2023-06-22T15:33:17+00:00\" \/>\n<meta property=\"og:image\" content=\"https:\/\/www.altominho.tv\/site\/wp-content\/uploads\/2023\/06\/SaoJoaoValenca2023.jpg\" \/>\n\t<meta property=\"og:image:width\" content=\"713\" \/>\n\t<meta property=\"og:image:height\" content=\"467\" \/>\n\t<meta property=\"og:image:type\" content=\"image\/jpeg\" \/>\n<meta name=\"author\" content=\"Beatriz Lira\" \/>\n<meta name=\"twitter:card\" content=\"summary_large_image\" \/>\n<meta name=\"twitter:creator\" content=\"@altominhoTV\" \/>\n<meta name=\"twitter:site\" content=\"@altominhoTV\" \/>\n<meta name=\"twitter:label1\" content=\"Escrito por\" \/>\n\t<meta name=\"twitter:data1\" content=\"Beatriz Lira\" \/>\n\t<meta name=\"twitter:label2\" content=\"Tempo estimado de leitura\" \/>\n\t<meta name=\"twitter:data2\" content=\"2 minutos\" \/>\n<script type=\"application\/ld+json\" class=\"yoast-schema-graph\">{\"@context\":\"https:\\\/\\\/schema.org\",\"@graph\":[{\"@type\":\"Article\",\"@id\":\"https:\\\/\\\/www.altominho.tv\\\/site\\\/2023\\\/06\\\/22\\\/valenca-celebra-sao-joao-com-arraial\\\/#article\",\"isPartOf\":{\"@id\":\"https:\\\/\\\/www.altominho.tv\\\/site\\\/2023\\\/06\\\/22\\\/valenca-celebra-sao-joao-com-arraial\\\/\"},\"author\":{\"name\":\"Beatriz Lira\",\"@id\":\"https:\\\/\\\/www.altominho.tv\\\/site\\\/#\\\/schema\\\/person\\\/f95a2097796cf4462fe1e476cddc40e4\"},\"headline\":\"Valen\u00e7a celebra S\u00e3o Jo\u00e3o com arraial\",\"datePublished\":\"2023-06-22T15:33:13+00:00\",\"dateModified\":\"2023-06-22T15:33:17+00:00\",\"mainEntityOfPage\":{\"@id\":\"https:\\\/\\\/www.altominho.tv\\\/site\\\/2023\\\/06\\\/22\\\/valenca-celebra-sao-joao-com-arraial\\\/\"},\"wordCount\":255,\"image\":{\"@id\":\"https:\\\/\\\/www.altominho.tv\\\/site\\\/2023\\\/06\\\/22\\\/valenca-celebra-sao-joao-com-arraial\\\/#primaryimage\"},\"thumbnailUrl\":\"https:\\\/\\\/www.altominho.tv\\\/site\\\/wp-content\\\/uploads\\\/2023\\\/06\\\/SaoJoaoValenca2023.jpg\",\"keywords\":[\"Sociedade\"],\"articleSection\":[\"Valen\u00e7a\"],\"inLanguage\":\"pt-PT\",\"copyrightYear\":\"2023\",\"copyrightHolder\":{\"@id\":\"https:\\\/\\\/www.altominho.tv\\\/site\\\/#organization\"}},{\"@type\":\"WebPage\",\"@id\":\"https:\\\/\\\/www.altominho.tv\\\/site\\\/2023\\\/06\\\/22\\\/valenca-celebra-sao-joao-com-arraial\\\/\",\"url\":\"https:\\\/\\\/www.altominho.tv\\\/site\\\/2023\\\/06\\\/22\\\/valenca-celebra-sao-joao-com-arraial\\\/\",\"name\":\"Valen\u00e7a celebra S\u00e3o Jo\u00e3o com arraial\",\"isPartOf\":{\"@id\":\"https:\\\/\\\/www.altominho.tv\\\/site\\\/#website\"},\"primaryImageOfPage\":{\"@id\":\"https:\\\/\\\/www.altominho.tv\\\/site\\\/2023\\\/06\\\/22\\\/valenca-celebra-sao-joao-com-arraial\\\/#primaryimage\"},\"image\":{\"@id\":\"https:\\\/\\\/www.altominho.tv\\\/site\\\/2023\\\/06\\\/22\\\/valenca-celebra-sao-joao-com-arraial\\\/#primaryimage\"},\"thumbnailUrl\":\"https:\\\/\\\/www.altominho.tv\\\/site\\\/wp-content\\\/uploads\\\/2023\\\/06\\\/SaoJoaoValenca2023.jpg\",\"datePublished\":\"2023-06-22T15:33:13+00:00\",\"dateModified\":\"2023-06-22T15:33:17+00:00\",\"author\":{\"@id\":\"https:\\\/\\\/www.altominho.tv\\\/site\\\/#\\\/schema\\\/person\\\/f95a2097796cf4462fe1e476cddc40e4\"},\"description\":\"A festa conta com a participa\u00e7\u00e3o de seis associa\u00e7\u00f5es do concelho, oito bares e dois restaurantes, numa noite repleta de \\\"gastronomia, anima\u00e7\u00e3o musical, bailarico, divers\u00f5es e espa\u00e7o infantil, que prometem uma noite de S\u00e3o Jo\u00e3o divertida em Valen\u00e7a\\\" descreve a autarquia.\",\"breadcrumb\":{\"@id\":\"https:\\\/\\\/www.altominho.tv\\\/site\\\/2023\\\/06\\\/22\\\/valenca-celebra-sao-joao-com-arraial\\\/#breadcrumb\"},\"inLanguage\":\"pt-PT\",\"potentialAction\":[{\"@type\":\"ReadAction\",\"target\":[\"https:\\\/\\\/www.altominho.tv\\\/site\\\/2023\\\/06\\\/22\\\/valenca-celebra-sao-joao-com-arraial\\\/\"]}]},{\"@type\":\"ImageObject\",\"inLanguage\":\"pt-PT\",\"@id\":\"https:\\\/\\\/www.altominho.tv\\\/site\\\/2023\\\/06\\\/22\\\/valenca-celebra-sao-joao-com-arraial\\\/#primaryimage\",\"url\":\"https:\\\/\\\/www.altominho.tv\\\/site\\\/wp-content\\\/uploads\\\/2023\\\/06\\\/SaoJoaoValenca2023.jpg\",\"contentUrl\":\"https:\\\/\\\/www.altominho.tv\\\/site\\\/wp-content\\\/uploads\\\/2023\\\/06\\\/SaoJoaoValenca2023.jpg\",\"width\":713,\"height\":467},{\"@type\":\"BreadcrumbList\",\"@id\":\"https:\\\/\\\/www.altominho.tv\\\/site\\\/2023\\\/06\\\/22\\\/valenca-celebra-sao-joao-com-arraial\\\/#breadcrumb\",\"itemListElement\":[{\"@type\":\"ListItem\",\"position\":1,\"name\":\"In\u00edcio\",\"item\":\"https:\\\/\\\/www.altominho.tv\\\/site\\\/\"},{\"@type\":\"ListItem\",\"position\":2,\"name\":\"Valen\u00e7a celebra S\u00e3o Jo\u00e3o com arraial\"}]},{\"@type\":\"WebSite\",\"@id\":\"https:\\\/\\\/www.altominho.tv\\\/site\\\/#website\",\"url\":\"https:\\\/\\\/www.altominho.tv\\\/site\\\/\",\"name\":\"Altominho.tv\",\"description\":\"A sua regi\u00e3o \u00e0 dist\u00e2ncia de um clique...\",\"potentialAction\":[{\"@type\":\"SearchAction\",\"target\":{\"@type\":\"EntryPoint\",\"urlTemplate\":\"https:\\\/\\\/www.altominho.tv\\\/site\\\/?s={search_term_string}\"},\"query-input\":{\"@type\":\"PropertyValueSpecification\",\"valueRequired\":true,\"valueName\":\"search_term_string\"}}],\"inLanguage\":\"pt-PT\"},{\"@type\":\"Person\",\"@id\":\"https:\\\/\\\/www.altominho.tv\\\/site\\\/#\\\/schema\\\/person\\\/f95a2097796cf4462fe1e476cddc40e4\",\"name\":\"Beatriz Lira\",\"image\":{\"@type\":\"ImageObject\",\"inLanguage\":\"pt-PT\",\"@id\":\"https:\\\/\\\/www.altominho.tv\\\/site\\\/wp-content\\\/uploads\\\/2023\\\/03\\\/Screenshot_20230306-141220_Photos-150x150.jpg\",\"url\":\"https:\\\/\\\/www.altominho.tv\\\/site\\\/wp-content\\\/uploads\\\/2023\\\/03\\\/Screenshot_20230306-141220_Photos-150x150.jpg\",\"contentUrl\":\"https:\\\/\\\/www.altominho.tv\\\/site\\\/wp-content\\\/uploads\\\/2023\\\/03\\\/Screenshot_20230306-141220_Photos-150x150.jpg\",\"caption\":\"Beatriz Lira\"},\"url\":\"https:\\\/\\\/www.altominho.tv\\\/site\\\/author\\\/beatriz\\\/\"}]}<\/script>\n<!-- \/ Yoast SEO Premium plugin. -->","yoast_head_json":{"title":"Valen\u00e7a celebra S\u00e3o Jo\u00e3o com arraial","description":"A festa conta com a participa\u00e7\u00e3o de seis associa\u00e7\u00f5es do concelho, oito bares e dois restaurantes, numa noite repleta de \"gastronomia, anima\u00e7\u00e3o musical, bailarico, divers\u00f5es e espa\u00e7o infantil, que prometem uma noite de S\u00e3o Jo\u00e3o divertida em Valen\u00e7a\" descreve a autarquia.","robots":{"index":"index","follow":"follow","max-snippet":"max-snippet:-1","max-image-preview":"max-image-preview:large","max-video-preview":"max-video-preview:-1"},"canonical":"https:\/\/www.altominho.tv\/site\/2023\/06\/22\/valenca-celebra-sao-joao-com-arraial\/","og_locale":"pt_PT","og_type":"article","og_title":"Valen\u00e7a celebra S\u00e3o Jo\u00e3o com arraial","og_description":"A festa conta com a participa\u00e7\u00e3o de seis associa\u00e7\u00f5es do concelho, oito bares e dois restaurantes, numa noite repleta de \"gastronomia, anima\u00e7\u00e3o musical, bailarico, divers\u00f5es e espa\u00e7o infantil, que prometem uma noite de S\u00e3o Jo\u00e3o divertida em Valen\u00e7a\" descreve a autarquia.","og_url":"https:\/\/www.altominho.tv\/site\/2023\/06\/22\/valenca-celebra-sao-joao-com-arraial\/","og_site_name":"Altominho.tv","article_publisher":"https:\/\/www.facebook.com\/altominhotv","article_published_time":"2023-06-22T15:33:13+00:00","article_modified_time":"2023-06-22T15:33:17+00:00","og_image":[{"width":713,"height":467,"url":"https:\/\/www.altominho.tv\/site\/wp-content\/uploads\/2023\/06\/SaoJoaoValenca2023.jpg","type":"image\/jpeg"}],"author":"Beatriz Lira","twitter_card":"summary_large_image","twitter_creator":"@altominhoTV","twitter_site":"@altominhoTV","twitter_misc":{"Escrito por":"Beatriz Lira","Tempo estimado de leitura":"2 minutos"},"schema":{"@context":"https:\/\/schema.org","@graph":[{"@type":"Article","@id":"https:\/\/www.altominho.tv\/site\/2023\/06\/22\/valenca-celebra-sao-joao-com-arraial\/#article","isPartOf":{"@id":"https:\/\/www.altominho.tv\/site\/2023\/06\/22\/valenca-celebra-sao-joao-com-arraial\/"},"author":{"name":"Beatriz Lira","@id":"https:\/\/www.altominho.tv\/site\/#\/schema\/person\/f95a2097796cf4462fe1e476cddc40e4"},"headline":"Valen\u00e7a celebra S\u00e3o Jo\u00e3o com arraial","datePublished":"2023-06-22T15:33:13+00:00","dateModified":"2023-06-22T15:33:17+00:00","mainEntityOfPage":{"@id":"https:\/\/www.altominho.tv\/site\/2023\/06\/22\/valenca-celebra-sao-joao-com-arraial\/"},"wordCount":255,"image":{"@id":"https:\/\/www.altominho.tv\/site\/2023\/06\/22\/valenca-celebra-sao-joao-com-arraial\/#primaryimage"},"thumbnailUrl":"https:\/\/www.altominho.tv\/site\/wp-content\/uploads\/2023\/06\/SaoJoaoValenca2023.jpg","keywords":["Sociedade"],"articleSection":["Valen\u00e7a"],"inLanguage":"pt-PT","copyrightYear":"2023","copyrightHolder":{"@id":"https:\/\/www.altominho.tv\/site\/#organization"}},{"@type":"WebPage","@id":"https:\/\/www.altominho.tv\/site\/2023\/06\/22\/valenca-celebra-sao-joao-com-arraial\/","url":"https:\/\/www.altominho.tv\/site\/2023\/06\/22\/valenca-celebra-sao-joao-com-arraial\/","name":"Valen\u00e7a celebra S\u00e3o Jo\u00e3o com arraial","isPartOf":{"@id":"https:\/\/www.altominho.tv\/site\/#website"},"primaryImageOfPage":{"@id":"https:\/\/www.altominho.tv\/site\/2023\/06\/22\/valenca-celebra-sao-joao-com-arraial\/#primaryimage"},"image":{"@id":"https:\/\/www.altominho.tv\/site\/2023\/06\/22\/valenca-celebra-sao-joao-com-arraial\/#primaryimage"},"thumbnailUrl":"https:\/\/www.altominho.tv\/site\/wp-content\/uploads\/2023\/06\/SaoJoaoValenca2023.jpg","datePublished":"2023-06-22T15:33:13+00:00","dateModified":"2023-06-22T15:33:17+00:00","author":{"@id":"https:\/\/www.altominho.tv\/site\/#\/schema\/person\/f95a2097796cf4462fe1e476cddc40e4"},"description":"A festa conta com a participa\u00e7\u00e3o de seis associa\u00e7\u00f5es do concelho, oito bares e dois restaurantes, numa noite repleta de \"gastronomia, anima\u00e7\u00e3o musical, bailarico, divers\u00f5es e espa\u00e7o infantil, que prometem uma noite de S\u00e3o Jo\u00e3o divertida em Valen\u00e7a\" descreve a autarquia.","breadcrumb":{"@id":"https:\/\/www.altominho.tv\/site\/2023\/06\/22\/valenca-celebra-sao-joao-com-arraial\/#breadcrumb"},"inLanguage":"pt-PT","potentialAction":[{"@type":"ReadAction","target":["https:\/\/www.altominho.tv\/site\/2023\/06\/22\/valenca-celebra-sao-joao-com-arraial\/"]}]},{"@type":"ImageObject","inLanguage":"pt-PT","@id":"https:\/\/www.altominho.tv\/site\/2023\/06\/22\/valenca-celebra-sao-joao-com-arraial\/#primaryimage","url":"https:\/\/www.altominho.tv\/site\/wp-content\/uploads\/2023\/06\/SaoJoaoValenca2023.jpg","contentUrl":"https:\/\/www.altominho.tv\/site\/wp-content\/uploads\/2023\/06\/SaoJoaoValenca2023.jpg","width":713,"height":467},{"@type":"BreadcrumbList","@id":"https:\/\/www.altominho.tv\/site\/2023\/06\/22\/valenca-celebra-sao-joao-com-arraial\/#breadcrumb","itemListElement":[{"@type":"ListItem","position":1,"name":"In\u00edcio","item":"https:\/\/www.altominho.tv\/site\/"},{"@type":"ListItem","position":2,"name":"Valen\u00e7a celebra S\u00e3o Jo\u00e3o com arraial"}]},{"@type":"WebSite","@id":"https:\/\/www.altominho.tv\/site\/#website","url":"https:\/\/www.altominho.tv\/site\/","name":"Altominho.tv","description":"A sua regi\u00e3o \u00e0 dist\u00e2ncia de um clique...","potentialAction":[{"@type":"SearchAction","target":{"@type":"EntryPoint","urlTemplate":"https:\/\/www.altominho.tv\/site\/?s={search_term_string}"},"query-input":{"@type":"PropertyValueSpecification","valueRequired":true,"valueName":"search_term_string"}}],"inLanguage":"pt-PT"},{"@type":"Person","@id":"https:\/\/www.altominho.tv\/site\/#\/schema\/person\/f95a2097796cf4462fe1e476cddc40e4","name":"Beatriz Lira","image":{"@type":"ImageObject","inLanguage":"pt-PT","@id":"https:\/\/www.altominho.tv\/site\/wp-content\/uploads\/2023\/03\/Screenshot_20230306-141220_Photos-150x150.jpg","url":"https:\/\/www.altominho.tv\/site\/wp-content\/uploads\/2023\/03\/Screenshot_20230306-141220_Photos-150x150.jpg","contentUrl":"https:\/\/www.altominho.tv\/site\/wp-content\/uploads\/2023\/03\/Screenshot_20230306-141220_Photos-150x150.jpg","caption":"Beatriz Lira"},"url":"https:\/\/www.altominho.tv\/site\/author\/beatriz\/"}]}},"_links":{"self":[{"href":"https:\/\/www.altominho.tv\/site\/wp-json\/wp\/v2\/posts\/93660","targetHints":{"allow":["GET"]}}],"collection":[{"href":"https:\/\/www.altominho.tv\/site\/wp-json\/wp\/v2\/posts"}],"about":[{"href":"https:\/\/www.altominho.tv\/site\/wp-json\/wp\/v2\/types\/post"}],"author":[{"embeddable":true,"href":"https:\/\/www.altominho.tv\/site\/wp-json\/wp\/v2\/users\/28"}],"replies":[{"embeddable":true,"href":"https:\/\/www.altominho.tv\/site\/wp-json\/wp\/v2\/comments?post=93660"}],"version-history":[{"count":1,"href":"https:\/\/www.altominho.tv\/site\/wp-json\/wp\/v2\/posts\/93660\/revisions"}],"predecessor-version":[{"id":93662,"href":"https:\/\/www.altominho.tv\/site\/wp-json\/wp\/v2\/posts\/93660\/revisions\/93662"}],"wp:featuredmedia":[{"embeddable":true,"href":"https:\/\/www.altominho.tv\/site\/wp-json\/wp\/v2\/media\/93661"}],"wp:attachment":[{"href":"https:\/\/www.altominho.tv\/site\/wp-json\/wp\/v2\/media?parent=93660"}],"wp:term":[{"taxonomy":"category","embeddable":true,"href":"https:\/\/www.altominho.tv\/site\/wp-json\/wp\/v2\/categories?post=93660"},{"taxonomy":"post_tag","embeddable":true,"href":"https:\/\/www.altominho.tv\/site\/wp-json\/wp\/v2\/tags?post=93660"}],"curies":[{"name":"wp","href":"https:\/\/api.w.org\/{rel}","templated":true}]}}