{"id":93640,"date":"2023-06-22T12:46:36","date_gmt":"2023-06-22T11:46:36","guid":{"rendered":"https:\/\/www.altominho.tv\/site\/?p=93640"},"modified":"2023-06-22T12:46:42","modified_gmt":"2023-06-22T11:46:42","slug":"arbitra-de-valenca-recebe-elogio-por-ter-parado-o-jogo","status":"publish","type":"post","link":"https:\/\/www.altominho.tv\/site\/2023\/06\/22\/arbitra-de-valenca-recebe-elogio-por-ter-parado-o-jogo\/","title":{"rendered":"\u00c1rbitra de Valen\u00e7a recebe elogio por ter parado o jogo"},"content":{"rendered":"<p>A \u00e1rbitra valenciana B\u00e1rbara Domingues interrompeu o jogo sub-15 feminino Brito-Valadares Gaia, ap\u00f3s perceber que nas bancadas os adeptos estavam em conflito. O jogo foi retomado ap\u00f3s a mesma ter afirmado que apenas continuaria o jogo quando o p\u00fablico sa\u00edsse das bancadas.<\/p>\n<p>A sua decis\u00e3o foi aplaudida e o coordenador da forma\u00e7\u00e3o do Brito, Francisco Ribeiro, disse que B\u00e1rbara Domingues respeitou o que \u201cdeve ser\u201d a forma\u00e7\u00e3o no futebol, ao decidir concluir o jogo sub-15 feminino Brito-Valadares Gaia s\u00f3 ap\u00f3s o p\u00fablico sair.<\/p>\n<p>Em declara\u00e7\u00f5es \u00e0 Lusa, o respons\u00e1vel do clube de Guimar\u00e3es adiantou que, a meio da segunda parte do jogo de s\u00e1bado, por volta do minuto 60, a \u00e1rbitra da Associa\u00e7\u00e3o de Futebol de Viana do Castelo apercebeu-se de \u201cum conflito verbal\u201d na bancada entre adeptos das duas equipas e decidiu que s\u00f3 continuaria o jogo caso o p\u00fablico abandonasse as instala\u00e7\u00f5es\u201d, postura que, a seu ver, se enquadra no que \u201cdeve ser\u201d a forma\u00e7\u00e3o no futebol.<\/p>\n<p>\u201cHouve, por parte da \u00e1rbitra, alguma calma e coer\u00eancia, porque estamos a falar de jogos da forma\u00e7\u00e3o e est\u00e1 tudo de acordo com o que deve ser a forma\u00e7\u00e3o e a orienta\u00e7\u00e3o dos adeptos e das atletas para o futuro\u201d, adiantou, a prop\u00f3sito do jogo relativo \u00e0 Ta\u00e7a Nacional do escal\u00e3o.<\/p>\n<p>Respons\u00e1vel pela forma\u00e7\u00e3o de um emblema que tem a equipa s\u00e9nior feminina na III Divis\u00e3o, Francisco Ribeiro \u201cdemarca-se das atitudes nas bancadas\u201d, mas reconhece a posterior \u201csensatez\u201d com que os espetadores acataram a decis\u00e3o de B\u00e1rbara Domingues, evitando um \u201cconflito que poderia ter sido ainda maior\u201d. \u201c Os adeptos de ambas as equipas consentiram a sa\u00edda do recinto. Sa\u00edram de forma ordeira e sensata para o exterior das instala\u00e7\u00f5es. Quando sa\u00edram, a \u00e1rbitra recome\u00e7ou o encontro\u201d, acrescentou.<\/p>\n<p>Contactado pela Lusa, o presidente da Associa\u00e7\u00e3o Portuguesa de \u00c1rbitros de Futebol, Luciano Gon\u00e7alves, vincou que a \u00e1rbitra de Valen\u00e7a recusou apenas prosseguir o jogo enquanto o p\u00fablico permanecesse nas bancadas, ao inv\u00e9s de o obrigar a sair do recinto, decis\u00e3o para a qual \u201cn\u00e3o tem autoridade\u201d.<\/p>\n<p>\u201cA \u00e1rbitra n\u00e3o teve poder para nada. Apenas disse que se, efetivamente, n\u00e3o alterassem os comportamentos ou n\u00e3o sa\u00edssem, dava o jogo por terminado. Esse \u00e9 um poder que a \u00e1rbitra tem. N\u00e3o existe nenhum problema t\u00e9cnico associado \u00e0 decis\u00e3o\u201d, salienta o dirigente.<\/p>\n<p>Luciano Gon\u00e7alves afirmou, por\u00e9m, ter d\u00favidas quanto a uma tend\u00eancia crescente de viol\u00eancia verbal ou f\u00edsica no futebol de forma\u00e7\u00e3o, tendo lembrado que hoje \u00e9 mais f\u00e1cil denunciar tais casos do que no passado, face \u00e0 evolu\u00e7\u00e3o nas comunica\u00e7\u00f5es. \u201cCada vez h\u00e1 mais jogos e cada vez existe uma maior comunica\u00e7\u00e3o no decorrer dos jogos. Qualquer pai tem hoje um telem\u00f3vel. O escrut\u00ednio \u00e9 completamente diferente do que existia no passado. Hoje, \u00e9 mais f\u00e1cil denunciar qualquer situa\u00e7\u00e3o que aconte\u00e7a, seja ela positiva ou negativa. Antigamente, ou n\u00e3o se sabia destas situa\u00e7\u00f5es ou n\u00e3o eram t\u00e3o escrutinadas\u201d, frisa.<\/p>\n<p>Contactada pela Lusa, a \u00e1rbitra B\u00e1rbara Domingues n\u00e3o prestou qualquer coment\u00e1rio sobre o epis\u00f3dio de s\u00e1bado.<\/p>\n","protected":false},"excerpt":{"rendered":"<p>A \u00e1rbitra valenciana B\u00e1rbara Domingues interrompeu o jogo sub-15 feminino Brito-Valadares Gaia, ap\u00f3s perceber que nas bancadas os adeptos estavam em conflito. O jogo foi retomado ap\u00f3s a mesma ter afirmado que apenas continuaria o jogo quando o p\u00fablico sa\u00edsse das bancadas. A sua decis\u00e3o foi aplaudida e o coordenador da forma\u00e7\u00e3o do Brito, Francisco [&hellip;]<\/p>\n","protected":false},"author":13,"featured_media":93643,"comment_status":"closed","ping_status":"closed","sticky":false,"template":"","format":"standard","meta":{"_exactmetrics_skip_tracking":false,"_exactmetrics_sitenote_active":false,"_exactmetrics_sitenote_note":"","_exactmetrics_sitenote_category":0,"footnotes":""},"categories":[13],"tags":[20,27],"class_list":["post-93640","post","type-post","status-publish","format-standard","has-post-thumbnail","hentry","category-valenca","tag-desporto","tag-sociedade"],"yoast_head":"<!-- This site is optimized with the Yoast SEO Premium plugin v27.4 (Yoast SEO v27.4) - https:\/\/yoast.com\/product\/yoast-seo-premium-wordpress\/ -->\n<title>\u00c1rbitra de Valen\u00e7a recebe elogio por ter parado o jogo<\/title>\n<meta name=\"description\" content=\"A \u00e1rbitra valenciana B\u00e1rbara Domingues interrompeu o jogo sub-15 feminino Brito-Valadares Gaia, ap\u00f3s perceber que nas bancadas os adeptos estavam em conflito. O jogo foi retomado ap\u00f3s a mesma ter ordenado a retirada do p\u00fablico.\" \/>\n<meta name=\"robots\" content=\"index, follow, max-snippet:-1, max-image-preview:large, max-video-preview:-1\" \/>\n<link rel=\"canonical\" href=\"https:\/\/www.altominho.tv\/site\/2023\/06\/22\/arbitra-de-valenca-recebe-elogio-por-ter-parado-o-jogo\/\" \/>\n<meta property=\"og:locale\" content=\"pt_PT\" \/>\n<meta property=\"og:type\" content=\"article\" \/>\n<meta property=\"og:title\" content=\"\u00c1rbitra de Valen\u00e7a recebe elogio por ter parado o jogo\" \/>\n<meta property=\"og:description\" content=\"A \u00e1rbitra valenciana B\u00e1rbara Domingues interrompeu o jogo sub-15 feminino Brito-Valadares Gaia, ap\u00f3s perceber que nas bancadas os adeptos estavam em conflito. O jogo foi retomado ap\u00f3s a mesma ter ordenado a retirada do p\u00fablico.\" \/>\n<meta property=\"og:url\" content=\"https:\/\/www.altominho.tv\/site\/2023\/06\/22\/arbitra-de-valenca-recebe-elogio-por-ter-parado-o-jogo\/\" \/>\n<meta property=\"og:site_name\" content=\"Altominho.tv\" \/>\n<meta property=\"article:publisher\" content=\"https:\/\/www.facebook.com\/altominhotv\" \/>\n<meta property=\"article:published_time\" content=\"2023-06-22T11:46:36+00:00\" \/>\n<meta property=\"article:modified_time\" content=\"2023-06-22T11:46:42+00:00\" \/>\n<meta property=\"og:image\" content=\"https:\/\/www.altominho.tv\/site\/wp-content\/uploads\/2023\/06\/futebol-1-1.jpeg\" \/>\n\t<meta property=\"og:image:width\" content=\"766\" \/>\n\t<meta property=\"og:image:height\" content=\"537\" \/>\n\t<meta property=\"og:image:type\" content=\"image\/jpeg\" \/>\n<meta name=\"author\" content=\"Lusa\" \/>\n<meta name=\"twitter:card\" content=\"summary_large_image\" \/>\n<meta name=\"twitter:creator\" content=\"@altominhoTV\" \/>\n<meta name=\"twitter:site\" content=\"@altominhoTV\" \/>\n<meta name=\"twitter:label1\" content=\"Escrito por\" \/>\n\t<meta name=\"twitter:data1\" content=\"Lusa\" \/>\n\t<meta name=\"twitter:label2\" content=\"Tempo estimado de leitura\" \/>\n\t<meta name=\"twitter:data2\" content=\"3 minutos\" \/>\n<script type=\"application\/ld+json\" class=\"yoast-schema-graph\">{\"@context\":\"https:\\\/\\\/schema.org\",\"@graph\":[{\"@type\":\"Article\",\"@id\":\"https:\\\/\\\/www.altominho.tv\\\/site\\\/2023\\\/06\\\/22\\\/arbitra-de-valenca-recebe-elogio-por-ter-parado-o-jogo\\\/#article\",\"isPartOf\":{\"@id\":\"https:\\\/\\\/www.altominho.tv\\\/site\\\/2023\\\/06\\\/22\\\/arbitra-de-valenca-recebe-elogio-por-ter-parado-o-jogo\\\/\"},\"author\":{\"name\":\"Lusa\",\"@id\":\"https:\\\/\\\/www.altominho.tv\\\/site\\\/#\\\/schema\\\/person\\\/63f693da3e1899361cbe955c46f3232e\"},\"headline\":\"\u00c1rbitra de Valen\u00e7a recebe elogio por ter parado o jogo\",\"datePublished\":\"2023-06-22T11:46:36+00:00\",\"dateModified\":\"2023-06-22T11:46:42+00:00\",\"mainEntityOfPage\":{\"@id\":\"https:\\\/\\\/www.altominho.tv\\\/site\\\/2023\\\/06\\\/22\\\/arbitra-de-valenca-recebe-elogio-por-ter-parado-o-jogo\\\/\"},\"wordCount\":568,\"image\":{\"@id\":\"https:\\\/\\\/www.altominho.tv\\\/site\\\/2023\\\/06\\\/22\\\/arbitra-de-valenca-recebe-elogio-por-ter-parado-o-jogo\\\/#primaryimage\"},\"thumbnailUrl\":\"https:\\\/\\\/www.altominho.tv\\\/site\\\/wp-content\\\/uploads\\\/2023\\\/06\\\/futebol-1-1.jpeg\",\"keywords\":[\"Desporto\",\"Sociedade\"],\"articleSection\":[\"Valen\u00e7a\"],\"inLanguage\":\"pt-PT\",\"copyrightYear\":\"2023\",\"copyrightHolder\":{\"@id\":\"https:\\\/\\\/www.altominho.tv\\\/site\\\/#organization\"}},{\"@type\":\"WebPage\",\"@id\":\"https:\\\/\\\/www.altominho.tv\\\/site\\\/2023\\\/06\\\/22\\\/arbitra-de-valenca-recebe-elogio-por-ter-parado-o-jogo\\\/\",\"url\":\"https:\\\/\\\/www.altominho.tv\\\/site\\\/2023\\\/06\\\/22\\\/arbitra-de-valenca-recebe-elogio-por-ter-parado-o-jogo\\\/\",\"name\":\"\u00c1rbitra de Valen\u00e7a recebe elogio por ter parado o jogo\",\"isPartOf\":{\"@id\":\"https:\\\/\\\/www.altominho.tv\\\/site\\\/#website\"},\"primaryImageOfPage\":{\"@id\":\"https:\\\/\\\/www.altominho.tv\\\/site\\\/2023\\\/06\\\/22\\\/arbitra-de-valenca-recebe-elogio-por-ter-parado-o-jogo\\\/#primaryimage\"},\"image\":{\"@id\":\"https:\\\/\\\/www.altominho.tv\\\/site\\\/2023\\\/06\\\/22\\\/arbitra-de-valenca-recebe-elogio-por-ter-parado-o-jogo\\\/#primaryimage\"},\"thumbnailUrl\":\"https:\\\/\\\/www.altominho.tv\\\/site\\\/wp-content\\\/uploads\\\/2023\\\/06\\\/futebol-1-1.jpeg\",\"datePublished\":\"2023-06-22T11:46:36+00:00\",\"dateModified\":\"2023-06-22T11:46:42+00:00\",\"author\":{\"@id\":\"https:\\\/\\\/www.altominho.tv\\\/site\\\/#\\\/schema\\\/person\\\/63f693da3e1899361cbe955c46f3232e\"},\"description\":\"A \u00e1rbitra valenciana B\u00e1rbara Domingues interrompeu o jogo sub-15 feminino Brito-Valadares Gaia, ap\u00f3s perceber que nas bancadas os adeptos estavam em conflito. O jogo foi retomado ap\u00f3s a mesma ter ordenado a retirada do p\u00fablico.\",\"breadcrumb\":{\"@id\":\"https:\\\/\\\/www.altominho.tv\\\/site\\\/2023\\\/06\\\/22\\\/arbitra-de-valenca-recebe-elogio-por-ter-parado-o-jogo\\\/#breadcrumb\"},\"inLanguage\":\"pt-PT\",\"potentialAction\":[{\"@type\":\"ReadAction\",\"target\":[\"https:\\\/\\\/www.altominho.tv\\\/site\\\/2023\\\/06\\\/22\\\/arbitra-de-valenca-recebe-elogio-por-ter-parado-o-jogo\\\/\"]}]},{\"@type\":\"ImageObject\",\"inLanguage\":\"pt-PT\",\"@id\":\"https:\\\/\\\/www.altominho.tv\\\/site\\\/2023\\\/06\\\/22\\\/arbitra-de-valenca-recebe-elogio-por-ter-parado-o-jogo\\\/#primaryimage\",\"url\":\"https:\\\/\\\/www.altominho.tv\\\/site\\\/wp-content\\\/uploads\\\/2023\\\/06\\\/futebol-1-1.jpeg\",\"contentUrl\":\"https:\\\/\\\/www.altominho.tv\\\/site\\\/wp-content\\\/uploads\\\/2023\\\/06\\\/futebol-1-1.jpeg\",\"width\":766,\"height\":537},{\"@type\":\"BreadcrumbList\",\"@id\":\"https:\\\/\\\/www.altominho.tv\\\/site\\\/2023\\\/06\\\/22\\\/arbitra-de-valenca-recebe-elogio-por-ter-parado-o-jogo\\\/#breadcrumb\",\"itemListElement\":[{\"@type\":\"ListItem\",\"position\":1,\"name\":\"In\u00edcio\",\"item\":\"https:\\\/\\\/www.altominho.tv\\\/site\\\/\"},{\"@type\":\"ListItem\",\"position\":2,\"name\":\"\u00c1rbitra de Valen\u00e7a recebe elogio por ter parado o jogo\"}]},{\"@type\":\"WebSite\",\"@id\":\"https:\\\/\\\/www.altominho.tv\\\/site\\\/#website\",\"url\":\"https:\\\/\\\/www.altominho.tv\\\/site\\\/\",\"name\":\"Altominho.tv\",\"description\":\"A sua regi\u00e3o \u00e0 dist\u00e2ncia de um clique...\",\"potentialAction\":[{\"@type\":\"SearchAction\",\"target\":{\"@type\":\"EntryPoint\",\"urlTemplate\":\"https:\\\/\\\/www.altominho.tv\\\/site\\\/?s={search_term_string}\"},\"query-input\":{\"@type\":\"PropertyValueSpecification\",\"valueRequired\":true,\"valueName\":\"search_term_string\"}}],\"inLanguage\":\"pt-PT\"},{\"@type\":\"Person\",\"@id\":\"https:\\\/\\\/www.altominho.tv\\\/site\\\/#\\\/schema\\\/person\\\/63f693da3e1899361cbe955c46f3232e\",\"name\":\"Lusa\",\"image\":{\"@type\":\"ImageObject\",\"inLanguage\":\"pt-PT\",\"@id\":\"https:\\\/\\\/www.altominho.tv\\\/site\\\/wp-content\\\/uploads\\\/2019\\\/08\\\/LUSA_Logo.gif\",\"url\":\"https:\\\/\\\/www.altominho.tv\\\/site\\\/wp-content\\\/uploads\\\/2019\\\/08\\\/LUSA_Logo.gif\",\"contentUrl\":\"https:\\\/\\\/www.altominho.tv\\\/site\\\/wp-content\\\/uploads\\\/2019\\\/08\\\/LUSA_Logo.gif\",\"caption\":\"Lusa\"},\"sameAs\":[\"http:\\\/\\\/\\\/\\\/www.altominho.tv\\\/site\"],\"url\":\"https:\\\/\\\/www.altominho.tv\\\/site\\\/author\\\/lusa\\\/\"}]}<\/script>\n<!-- \/ Yoast SEO Premium plugin. -->","yoast_head_json":{"title":"\u00c1rbitra de Valen\u00e7a recebe elogio por ter parado o jogo","description":"A \u00e1rbitra valenciana B\u00e1rbara Domingues interrompeu o jogo sub-15 feminino Brito-Valadares Gaia, ap\u00f3s perceber que nas bancadas os adeptos estavam em conflito. O jogo foi retomado ap\u00f3s a mesma ter ordenado a retirada do p\u00fablico.","robots":{"index":"index","follow":"follow","max-snippet":"max-snippet:-1","max-image-preview":"max-image-preview:large","max-video-preview":"max-video-preview:-1"},"canonical":"https:\/\/www.altominho.tv\/site\/2023\/06\/22\/arbitra-de-valenca-recebe-elogio-por-ter-parado-o-jogo\/","og_locale":"pt_PT","og_type":"article","og_title":"\u00c1rbitra de Valen\u00e7a recebe elogio por ter parado o jogo","og_description":"A \u00e1rbitra valenciana B\u00e1rbara Domingues interrompeu o jogo sub-15 feminino Brito-Valadares Gaia, ap\u00f3s perceber que nas bancadas os adeptos estavam em conflito. O jogo foi retomado ap\u00f3s a mesma ter ordenado a retirada do p\u00fablico.","og_url":"https:\/\/www.altominho.tv\/site\/2023\/06\/22\/arbitra-de-valenca-recebe-elogio-por-ter-parado-o-jogo\/","og_site_name":"Altominho.tv","article_publisher":"https:\/\/www.facebook.com\/altominhotv","article_published_time":"2023-06-22T11:46:36+00:00","article_modified_time":"2023-06-22T11:46:42+00:00","og_image":[{"width":766,"height":537,"url":"https:\/\/www.altominho.tv\/site\/wp-content\/uploads\/2023\/06\/futebol-1-1.jpeg","type":"image\/jpeg"}],"author":"Lusa","twitter_card":"summary_large_image","twitter_creator":"@altominhoTV","twitter_site":"@altominhoTV","twitter_misc":{"Escrito por":"Lusa","Tempo estimado de leitura":"3 minutos"},"schema":{"@context":"https:\/\/schema.org","@graph":[{"@type":"Article","@id":"https:\/\/www.altominho.tv\/site\/2023\/06\/22\/arbitra-de-valenca-recebe-elogio-por-ter-parado-o-jogo\/#article","isPartOf":{"@id":"https:\/\/www.altominho.tv\/site\/2023\/06\/22\/arbitra-de-valenca-recebe-elogio-por-ter-parado-o-jogo\/"},"author":{"name":"Lusa","@id":"https:\/\/www.altominho.tv\/site\/#\/schema\/person\/63f693da3e1899361cbe955c46f3232e"},"headline":"\u00c1rbitra de Valen\u00e7a recebe elogio por ter parado o jogo","datePublished":"2023-06-22T11:46:36+00:00","dateModified":"2023-06-22T11:46:42+00:00","mainEntityOfPage":{"@id":"https:\/\/www.altominho.tv\/site\/2023\/06\/22\/arbitra-de-valenca-recebe-elogio-por-ter-parado-o-jogo\/"},"wordCount":568,"image":{"@id":"https:\/\/www.altominho.tv\/site\/2023\/06\/22\/arbitra-de-valenca-recebe-elogio-por-ter-parado-o-jogo\/#primaryimage"},"thumbnailUrl":"https:\/\/www.altominho.tv\/site\/wp-content\/uploads\/2023\/06\/futebol-1-1.jpeg","keywords":["Desporto","Sociedade"],"articleSection":["Valen\u00e7a"],"inLanguage":"pt-PT","copyrightYear":"2023","copyrightHolder":{"@id":"https:\/\/www.altominho.tv\/site\/#organization"}},{"@type":"WebPage","@id":"https:\/\/www.altominho.tv\/site\/2023\/06\/22\/arbitra-de-valenca-recebe-elogio-por-ter-parado-o-jogo\/","url":"https:\/\/www.altominho.tv\/site\/2023\/06\/22\/arbitra-de-valenca-recebe-elogio-por-ter-parado-o-jogo\/","name":"\u00c1rbitra de Valen\u00e7a recebe elogio por ter parado o jogo","isPartOf":{"@id":"https:\/\/www.altominho.tv\/site\/#website"},"primaryImageOfPage":{"@id":"https:\/\/www.altominho.tv\/site\/2023\/06\/22\/arbitra-de-valenca-recebe-elogio-por-ter-parado-o-jogo\/#primaryimage"},"image":{"@id":"https:\/\/www.altominho.tv\/site\/2023\/06\/22\/arbitra-de-valenca-recebe-elogio-por-ter-parado-o-jogo\/#primaryimage"},"thumbnailUrl":"https:\/\/www.altominho.tv\/site\/wp-content\/uploads\/2023\/06\/futebol-1-1.jpeg","datePublished":"2023-06-22T11:46:36+00:00","dateModified":"2023-06-22T11:46:42+00:00","author":{"@id":"https:\/\/www.altominho.tv\/site\/#\/schema\/person\/63f693da3e1899361cbe955c46f3232e"},"description":"A \u00e1rbitra valenciana B\u00e1rbara Domingues interrompeu o jogo sub-15 feminino Brito-Valadares Gaia, ap\u00f3s perceber que nas bancadas os adeptos estavam em conflito. O jogo foi retomado ap\u00f3s a mesma ter ordenado a retirada do p\u00fablico.","breadcrumb":{"@id":"https:\/\/www.altominho.tv\/site\/2023\/06\/22\/arbitra-de-valenca-recebe-elogio-por-ter-parado-o-jogo\/#breadcrumb"},"inLanguage":"pt-PT","potentialAction":[{"@type":"ReadAction","target":["https:\/\/www.altominho.tv\/site\/2023\/06\/22\/arbitra-de-valenca-recebe-elogio-por-ter-parado-o-jogo\/"]}]},{"@type":"ImageObject","inLanguage":"pt-PT","@id":"https:\/\/www.altominho.tv\/site\/2023\/06\/22\/arbitra-de-valenca-recebe-elogio-por-ter-parado-o-jogo\/#primaryimage","url":"https:\/\/www.altominho.tv\/site\/wp-content\/uploads\/2023\/06\/futebol-1-1.jpeg","contentUrl":"https:\/\/www.altominho.tv\/site\/wp-content\/uploads\/2023\/06\/futebol-1-1.jpeg","width":766,"height":537},{"@type":"BreadcrumbList","@id":"https:\/\/www.altominho.tv\/site\/2023\/06\/22\/arbitra-de-valenca-recebe-elogio-por-ter-parado-o-jogo\/#breadcrumb","itemListElement":[{"@type":"ListItem","position":1,"name":"In\u00edcio","item":"https:\/\/www.altominho.tv\/site\/"},{"@type":"ListItem","position":2,"name":"\u00c1rbitra de Valen\u00e7a recebe elogio por ter parado o jogo"}]},{"@type":"WebSite","@id":"https:\/\/www.altominho.tv\/site\/#website","url":"https:\/\/www.altominho.tv\/site\/","name":"Altominho.tv","description":"A sua regi\u00e3o \u00e0 dist\u00e2ncia de um clique...","potentialAction":[{"@type":"SearchAction","target":{"@type":"EntryPoint","urlTemplate":"https:\/\/www.altominho.tv\/site\/?s={search_term_string}"},"query-input":{"@type":"PropertyValueSpecification","valueRequired":true,"valueName":"search_term_string"}}],"inLanguage":"pt-PT"},{"@type":"Person","@id":"https:\/\/www.altominho.tv\/site\/#\/schema\/person\/63f693da3e1899361cbe955c46f3232e","name":"Lusa","image":{"@type":"ImageObject","inLanguage":"pt-PT","@id":"https:\/\/www.altominho.tv\/site\/wp-content\/uploads\/2019\/08\/LUSA_Logo.gif","url":"https:\/\/www.altominho.tv\/site\/wp-content\/uploads\/2019\/08\/LUSA_Logo.gif","contentUrl":"https:\/\/www.altominho.tv\/site\/wp-content\/uploads\/2019\/08\/LUSA_Logo.gif","caption":"Lusa"},"sameAs":["http:\/\/\/\/www.altominho.tv\/site"],"url":"https:\/\/www.altominho.tv\/site\/author\/lusa\/"}]}},"_links":{"self":[{"href":"https:\/\/www.altominho.tv\/site\/wp-json\/wp\/v2\/posts\/93640","targetHints":{"allow":["GET"]}}],"collection":[{"href":"https:\/\/www.altominho.tv\/site\/wp-json\/wp\/v2\/posts"}],"about":[{"href":"https:\/\/www.altominho.tv\/site\/wp-json\/wp\/v2\/types\/post"}],"author":[{"embeddable":true,"href":"https:\/\/www.altominho.tv\/site\/wp-json\/wp\/v2\/users\/13"}],"replies":[{"embeddable":true,"href":"https:\/\/www.altominho.tv\/site\/wp-json\/wp\/v2\/comments?post=93640"}],"version-history":[{"count":3,"href":"https:\/\/www.altominho.tv\/site\/wp-json\/wp\/v2\/posts\/93640\/revisions"}],"predecessor-version":[{"id":93645,"href":"https:\/\/www.altominho.tv\/site\/wp-json\/wp\/v2\/posts\/93640\/revisions\/93645"}],"wp:featuredmedia":[{"embeddable":true,"href":"https:\/\/www.altominho.tv\/site\/wp-json\/wp\/v2\/media\/93643"}],"wp:attachment":[{"href":"https:\/\/www.altominho.tv\/site\/wp-json\/wp\/v2\/media?parent=93640"}],"wp:term":[{"taxonomy":"category","embeddable":true,"href":"https:\/\/www.altominho.tv\/site\/wp-json\/wp\/v2\/categories?post=93640"},{"taxonomy":"post_tag","embeddable":true,"href":"https:\/\/www.altominho.tv\/site\/wp-json\/wp\/v2\/tags?post=93640"}],"curies":[{"name":"wp","href":"https:\/\/api.w.org\/{rel}","templated":true}]}}