{"id":93628,"date":"2023-06-22T09:22:17","date_gmt":"2023-06-22T08:22:17","guid":{"rendered":"https:\/\/www.altominho.tv\/site\/?p=93628"},"modified":"2023-06-22T09:24:15","modified_gmt":"2023-06-22T08:24:15","slug":"marco-santos-modern-eden-gallery","status":"publish","type":"post","link":"https:\/\/www.altominho.tv\/site\/2023\/06\/22\/marco-santos-modern-eden-gallery\/","title":{"rendered":"Artista valenciano participa em conceituada exposi\u00e7\u00e3o nos EUA"},"content":{"rendered":"<p>O artista Marco Santos, natural de Valen\u00e7a do Minho, \u00e9 um dos participantes na exposi\u00e7\u00e3o &#8220;11th Annual Portrait Show: Beyond Original&#8221;, na reconhecida Modern Eden Gallery, localizada em S\u00e3o Francisco, Calif\u00f3rnia.<\/p>\n<p>A exposi\u00e7\u00e3o, que abriu suas portas no \u00faltimo s\u00e1bado, 17 de junho, estar\u00e1 aberta ao p\u00fablico at\u00e9 15 de julho. As obras de arte podem ser apreciadas no site oficial da galeria&nbsp;<a href=\"http:\/\/www.moderneden.com.\/\" target=\"_blank\" rel=\"noopener\">http:\/\/www.moderneden.com.<\/a><\/p>\n<p>Nesta exposi\u00e7\u00e3o, os artistas participantes selecionaram alguns dos retratos mais famosos da hist\u00f3ria da arte e criaram reinterpreta\u00e7\u00f5es, inspiradas homenagens e narrativas contempor\u00e2neas que refletem a obra original com seu pr\u00f3prio estilo e contexto \u00fanico.<\/p>\n<p>Marco Santos \u00e9 um artista figurativo autodidata que atualmente reside em Mon\u00e7\u00e3o, Portugal.<\/p>\n<p>Nascido em 1981, Marco sempre utilizou o desenho como forma de comunica\u00e7\u00e3o e express\u00e3o de sua imagina\u00e7\u00e3o. Seu amor pela cultura pop e pelo desenho come\u00e7ou desde tenra idade, desenhando seu entorno, incluindo seus pais, colegas de escola e animais de estima\u00e7\u00e3o. No entanto, ele foi especialmente atra\u00eddo pelos personagens de filmes, s\u00e9ries de televis\u00e3o, anima\u00e7\u00f5es e comics. Isso, juntamente com seu amor pelas artes visuais, levou-o a seguir uma carreira como pintor e trabalhar no mundo da arte.<\/p>\n<p>Encontra inspira\u00e7\u00e3o na vida quotidiana, nos personagens de filmes e televis\u00e3o, bem como na hist\u00f3ria da arte de diferentes per\u00edodos e estilos, incluindo obras dos grandes mestres. Suas pinturas recentes abra\u00e7am a cultura pop, fundindo a realidade e a fic\u00e7\u00e3o para criar realidades alternativas e simbiose. Marco tamb\u00e9m admira e estuda os grandes mestres da pintura e inspira-se em suas obras para criar sua pr\u00f3pria vers\u00e3o.<\/p>\n<p>As obras de Marco Santos j\u00e1 foram expostas em galerias em Portugal, Espanha, Reino Unido e Estados Unidos. Foi recentemente selecionado para o diret\u00f3rio de artistas da prestigiosa revista Beautiful Bizarre Magazine&nbsp;e assinou um contrato com a empresa&nbsp;iCanvas&nbsp;para a distribui\u00e7\u00e3o de edi\u00e7\u00f5es limitadas de suas obras.<\/p>\n<p>As obras de Marco Santos fundem a cultura pop com a realidade e a fic\u00e7\u00e3o, criando um mundo onde realidades alternativas e rela\u00e7\u00f5es simbi\u00f3ticas coexistem.<\/p>\n","protected":false},"excerpt":{"rendered":"<p>O artista Marco Santos, natural de Valen\u00e7a do Minho, \u00e9 um dos participantes na exposi\u00e7\u00e3o &#8220;11th Annual Portrait Show: Beyond Original&#8221;, na reconhecida Modern Eden Gallery, localizada em S\u00e3o Francisco, Calif\u00f3rnia. A exposi\u00e7\u00e3o, que abriu suas portas no \u00faltimo s\u00e1bado, 17 de junho, estar\u00e1 aberta ao p\u00fablico at\u00e9 15 de julho. As obras de arte [&hellip;]<\/p>\n","protected":false},"author":1,"featured_media":93629,"comment_status":"closed","ping_status":"closed","sticky":false,"template":"","format":"standard","meta":{"_exactmetrics_skip_tracking":false,"_exactmetrics_sitenote_active":false,"_exactmetrics_sitenote_note":"","_exactmetrics_sitenote_category":0,"footnotes":""},"categories":[13],"tags":[19],"class_list":["post-93628","post","type-post","status-publish","format-standard","has-post-thumbnail","hentry","category-valenca","tag-cultura"],"yoast_head":"<!-- This site is optimized with the Yoast SEO Premium plugin v27.4 (Yoast SEO v27.4) - https:\/\/yoast.com\/product\/yoast-seo-premium-wordpress\/ -->\n<title>Artista valenciano participa em conceituada exposi\u00e7\u00e3o nos EUA<\/title>\n<meta name=\"description\" content=\"O artista Marco Santos, natural de Valen\u00e7a do Minho, \u00e9 um dos participantes na exposi\u00e7\u00e3o &quot;11th Annual Portrait Show: Beyond Original&quot;, na reconhecida Modern Eden Gallery, localizada em S\u00e3o Francisco, Calif\u00f3rnia.\u00a0\" \/>\n<meta name=\"robots\" content=\"index, follow, max-snippet:-1, max-image-preview:large, max-video-preview:-1\" \/>\n<link rel=\"canonical\" href=\"https:\/\/www.altominho.tv\/site\/2023\/06\/22\/marco-santos-modern-eden-gallery\/\" \/>\n<meta property=\"og:locale\" content=\"pt_PT\" \/>\n<meta property=\"og:type\" content=\"article\" \/>\n<meta property=\"og:title\" content=\"Artista valenciano participa em conceituada exposi\u00e7\u00e3o nos EUA\" \/>\n<meta property=\"og:description\" content=\"O artista Marco Santos, natural de Valen\u00e7a do Minho, \u00e9 um dos participantes na exposi\u00e7\u00e3o &quot;11th Annual Portrait Show: Beyond Original&quot;, na reconhecida Modern Eden Gallery, localizada em S\u00e3o Francisco, Calif\u00f3rnia.\u00a0\" \/>\n<meta property=\"og:url\" content=\"https:\/\/www.altominho.tv\/site\/2023\/06\/22\/marco-santos-modern-eden-gallery\/\" \/>\n<meta property=\"og:site_name\" content=\"Altominho.tv\" \/>\n<meta property=\"article:publisher\" content=\"https:\/\/www.facebook.com\/altominhotv\" \/>\n<meta property=\"article:published_time\" content=\"2023-06-22T08:22:17+00:00\" \/>\n<meta property=\"article:modified_time\" content=\"2023-06-22T08:24:15+00:00\" \/>\n<meta property=\"og:image\" content=\"https:\/\/www.altominho.tv\/site\/wp-content\/uploads\/2023\/06\/Marco-Santos-scaled.jpg\" \/>\n\t<meta property=\"og:image:width\" content=\"2560\" \/>\n\t<meta property=\"og:image:height\" content=\"1729\" \/>\n\t<meta property=\"og:image:type\" content=\"image\/jpeg\" \/>\n<meta name=\"author\" content=\"Altominho.tv\" \/>\n<meta name=\"twitter:card\" content=\"summary_large_image\" \/>\n<meta name=\"twitter:creator\" content=\"@altominhoTV\" \/>\n<meta name=\"twitter:site\" content=\"@altominhoTV\" \/>\n<meta name=\"twitter:label1\" content=\"Escrito por\" \/>\n\t<meta name=\"twitter:data1\" content=\"Altominho.tv\" \/>\n\t<meta name=\"twitter:label2\" content=\"Tempo estimado de leitura\" \/>\n\t<meta name=\"twitter:data2\" content=\"2 minutos\" \/>\n<script type=\"application\/ld+json\" class=\"yoast-schema-graph\">{\"@context\":\"https:\\\/\\\/schema.org\",\"@graph\":[{\"@type\":\"Article\",\"@id\":\"https:\\\/\\\/www.altominho.tv\\\/site\\\/2023\\\/06\\\/22\\\/marco-santos-modern-eden-gallery\\\/#article\",\"isPartOf\":{\"@id\":\"https:\\\/\\\/www.altominho.tv\\\/site\\\/2023\\\/06\\\/22\\\/marco-santos-modern-eden-gallery\\\/\"},\"author\":{\"name\":\"Altominho.tv\",\"@id\":\"https:\\\/\\\/www.altominho.tv\\\/site\\\/#\\\/schema\\\/person\\\/4e536851627d7914baf3dac752b6af22\"},\"headline\":\"Artista valenciano participa em conceituada exposi\u00e7\u00e3o nos EUA\",\"datePublished\":\"2023-06-22T08:22:17+00:00\",\"dateModified\":\"2023-06-22T08:24:15+00:00\",\"mainEntityOfPage\":{\"@id\":\"https:\\\/\\\/www.altominho.tv\\\/site\\\/2023\\\/06\\\/22\\\/marco-santos-modern-eden-gallery\\\/\"},\"wordCount\":379,\"image\":{\"@id\":\"https:\\\/\\\/www.altominho.tv\\\/site\\\/2023\\\/06\\\/22\\\/marco-santos-modern-eden-gallery\\\/#primaryimage\"},\"thumbnailUrl\":\"https:\\\/\\\/www.altominho.tv\\\/site\\\/wp-content\\\/uploads\\\/2023\\\/06\\\/Marco-Santos-scaled.jpg\",\"keywords\":[\"Cultura\"],\"articleSection\":[\"Valen\u00e7a\"],\"inLanguage\":\"pt-PT\",\"copyrightYear\":\"2023\",\"copyrightHolder\":{\"@id\":\"https:\\\/\\\/www.altominho.tv\\\/site\\\/#organization\"}},{\"@type\":\"WebPage\",\"@id\":\"https:\\\/\\\/www.altominho.tv\\\/site\\\/2023\\\/06\\\/22\\\/marco-santos-modern-eden-gallery\\\/\",\"url\":\"https:\\\/\\\/www.altominho.tv\\\/site\\\/2023\\\/06\\\/22\\\/marco-santos-modern-eden-gallery\\\/\",\"name\":\"Artista valenciano participa em conceituada exposi\u00e7\u00e3o nos EUA\",\"isPartOf\":{\"@id\":\"https:\\\/\\\/www.altominho.tv\\\/site\\\/#website\"},\"primaryImageOfPage\":{\"@id\":\"https:\\\/\\\/www.altominho.tv\\\/site\\\/2023\\\/06\\\/22\\\/marco-santos-modern-eden-gallery\\\/#primaryimage\"},\"image\":{\"@id\":\"https:\\\/\\\/www.altominho.tv\\\/site\\\/2023\\\/06\\\/22\\\/marco-santos-modern-eden-gallery\\\/#primaryimage\"},\"thumbnailUrl\":\"https:\\\/\\\/www.altominho.tv\\\/site\\\/wp-content\\\/uploads\\\/2023\\\/06\\\/Marco-Santos-scaled.jpg\",\"datePublished\":\"2023-06-22T08:22:17+00:00\",\"dateModified\":\"2023-06-22T08:24:15+00:00\",\"author\":{\"@id\":\"https:\\\/\\\/www.altominho.tv\\\/site\\\/#\\\/schema\\\/person\\\/4e536851627d7914baf3dac752b6af22\"},\"description\":\"O artista Marco Santos, natural de Valen\u00e7a do Minho, \u00e9 um dos participantes na exposi\u00e7\u00e3o \\\"11th Annual Portrait Show: Beyond Original\\\", na reconhecida Modern Eden Gallery, localizada em S\u00e3o Francisco, Calif\u00f3rnia.\u00a0\",\"breadcrumb\":{\"@id\":\"https:\\\/\\\/www.altominho.tv\\\/site\\\/2023\\\/06\\\/22\\\/marco-santos-modern-eden-gallery\\\/#breadcrumb\"},\"inLanguage\":\"pt-PT\",\"potentialAction\":[{\"@type\":\"ReadAction\",\"target\":[\"https:\\\/\\\/www.altominho.tv\\\/site\\\/2023\\\/06\\\/22\\\/marco-santos-modern-eden-gallery\\\/\"]}]},{\"@type\":\"ImageObject\",\"inLanguage\":\"pt-PT\",\"@id\":\"https:\\\/\\\/www.altominho.tv\\\/site\\\/2023\\\/06\\\/22\\\/marco-santos-modern-eden-gallery\\\/#primaryimage\",\"url\":\"https:\\\/\\\/www.altominho.tv\\\/site\\\/wp-content\\\/uploads\\\/2023\\\/06\\\/Marco-Santos-scaled.jpg\",\"contentUrl\":\"https:\\\/\\\/www.altominho.tv\\\/site\\\/wp-content\\\/uploads\\\/2023\\\/06\\\/Marco-Santos-scaled.jpg\",\"width\":2560,\"height\":1729,\"caption\":\"Marco Santos\"},{\"@type\":\"BreadcrumbList\",\"@id\":\"https:\\\/\\\/www.altominho.tv\\\/site\\\/2023\\\/06\\\/22\\\/marco-santos-modern-eden-gallery\\\/#breadcrumb\",\"itemListElement\":[{\"@type\":\"ListItem\",\"position\":1,\"name\":\"In\u00edcio\",\"item\":\"https:\\\/\\\/www.altominho.tv\\\/site\\\/\"},{\"@type\":\"ListItem\",\"position\":2,\"name\":\"Artista valenciano participa em conceituada exposi\u00e7\u00e3o nos EUA\"}]},{\"@type\":\"WebSite\",\"@id\":\"https:\\\/\\\/www.altominho.tv\\\/site\\\/#website\",\"url\":\"https:\\\/\\\/www.altominho.tv\\\/site\\\/\",\"name\":\"Altominho.tv\",\"description\":\"A sua regi\u00e3o \u00e0 dist\u00e2ncia de um clique...\",\"potentialAction\":[{\"@type\":\"SearchAction\",\"target\":{\"@type\":\"EntryPoint\",\"urlTemplate\":\"https:\\\/\\\/www.altominho.tv\\\/site\\\/?s={search_term_string}\"},\"query-input\":{\"@type\":\"PropertyValueSpecification\",\"valueRequired\":true,\"valueName\":\"search_term_string\"}}],\"inLanguage\":\"pt-PT\"},{\"@type\":\"Person\",\"@id\":\"https:\\\/\\\/www.altominho.tv\\\/site\\\/#\\\/schema\\\/person\\\/4e536851627d7914baf3dac752b6af22\",\"name\":\"Altominho.tv\",\"image\":{\"@type\":\"ImageObject\",\"inLanguage\":\"pt-PT\",\"@id\":\"https:\\\/\\\/www.altominho.tv\\\/site\\\/wp-content\\\/uploads\\\/2019\\\/11\\\/Logo_Avatar_2-150x150.jpg\",\"url\":\"https:\\\/\\\/www.altominho.tv\\\/site\\\/wp-content\\\/uploads\\\/2019\\\/11\\\/Logo_Avatar_2-150x150.jpg\",\"contentUrl\":\"https:\\\/\\\/www.altominho.tv\\\/site\\\/wp-content\\\/uploads\\\/2019\\\/11\\\/Logo_Avatar_2-150x150.jpg\",\"caption\":\"Altominho.tv\"},\"url\":\"https:\\\/\\\/www.altominho.tv\\\/site\\\/author\\\/altominhotv-tecnico\\\/\"}]}<\/script>\n<!-- \/ Yoast SEO Premium plugin. -->","yoast_head_json":{"title":"Artista valenciano participa em conceituada exposi\u00e7\u00e3o nos EUA","description":"O artista Marco Santos, natural de Valen\u00e7a do Minho, \u00e9 um dos participantes na exposi\u00e7\u00e3o \"11th Annual Portrait Show: Beyond Original\", na reconhecida Modern Eden Gallery, localizada em S\u00e3o Francisco, Calif\u00f3rnia.\u00a0","robots":{"index":"index","follow":"follow","max-snippet":"max-snippet:-1","max-image-preview":"max-image-preview:large","max-video-preview":"max-video-preview:-1"},"canonical":"https:\/\/www.altominho.tv\/site\/2023\/06\/22\/marco-santos-modern-eden-gallery\/","og_locale":"pt_PT","og_type":"article","og_title":"Artista valenciano participa em conceituada exposi\u00e7\u00e3o nos EUA","og_description":"O artista Marco Santos, natural de Valen\u00e7a do Minho, \u00e9 um dos participantes na exposi\u00e7\u00e3o \"11th Annual Portrait Show: Beyond Original\", na reconhecida Modern Eden Gallery, localizada em S\u00e3o Francisco, Calif\u00f3rnia.\u00a0","og_url":"https:\/\/www.altominho.tv\/site\/2023\/06\/22\/marco-santos-modern-eden-gallery\/","og_site_name":"Altominho.tv","article_publisher":"https:\/\/www.facebook.com\/altominhotv","article_published_time":"2023-06-22T08:22:17+00:00","article_modified_time":"2023-06-22T08:24:15+00:00","og_image":[{"width":2560,"height":1729,"url":"https:\/\/www.altominho.tv\/site\/wp-content\/uploads\/2023\/06\/Marco-Santos-scaled.jpg","type":"image\/jpeg"}],"author":"Altominho.tv","twitter_card":"summary_large_image","twitter_creator":"@altominhoTV","twitter_site":"@altominhoTV","twitter_misc":{"Escrito por":"Altominho.tv","Tempo estimado de leitura":"2 minutos"},"schema":{"@context":"https:\/\/schema.org","@graph":[{"@type":"Article","@id":"https:\/\/www.altominho.tv\/site\/2023\/06\/22\/marco-santos-modern-eden-gallery\/#article","isPartOf":{"@id":"https:\/\/www.altominho.tv\/site\/2023\/06\/22\/marco-santos-modern-eden-gallery\/"},"author":{"name":"Altominho.tv","@id":"https:\/\/www.altominho.tv\/site\/#\/schema\/person\/4e536851627d7914baf3dac752b6af22"},"headline":"Artista valenciano participa em conceituada exposi\u00e7\u00e3o nos EUA","datePublished":"2023-06-22T08:22:17+00:00","dateModified":"2023-06-22T08:24:15+00:00","mainEntityOfPage":{"@id":"https:\/\/www.altominho.tv\/site\/2023\/06\/22\/marco-santos-modern-eden-gallery\/"},"wordCount":379,"image":{"@id":"https:\/\/www.altominho.tv\/site\/2023\/06\/22\/marco-santos-modern-eden-gallery\/#primaryimage"},"thumbnailUrl":"https:\/\/www.altominho.tv\/site\/wp-content\/uploads\/2023\/06\/Marco-Santos-scaled.jpg","keywords":["Cultura"],"articleSection":["Valen\u00e7a"],"inLanguage":"pt-PT","copyrightYear":"2023","copyrightHolder":{"@id":"https:\/\/www.altominho.tv\/site\/#organization"}},{"@type":"WebPage","@id":"https:\/\/www.altominho.tv\/site\/2023\/06\/22\/marco-santos-modern-eden-gallery\/","url":"https:\/\/www.altominho.tv\/site\/2023\/06\/22\/marco-santos-modern-eden-gallery\/","name":"Artista valenciano participa em conceituada exposi\u00e7\u00e3o nos EUA","isPartOf":{"@id":"https:\/\/www.altominho.tv\/site\/#website"},"primaryImageOfPage":{"@id":"https:\/\/www.altominho.tv\/site\/2023\/06\/22\/marco-santos-modern-eden-gallery\/#primaryimage"},"image":{"@id":"https:\/\/www.altominho.tv\/site\/2023\/06\/22\/marco-santos-modern-eden-gallery\/#primaryimage"},"thumbnailUrl":"https:\/\/www.altominho.tv\/site\/wp-content\/uploads\/2023\/06\/Marco-Santos-scaled.jpg","datePublished":"2023-06-22T08:22:17+00:00","dateModified":"2023-06-22T08:24:15+00:00","author":{"@id":"https:\/\/www.altominho.tv\/site\/#\/schema\/person\/4e536851627d7914baf3dac752b6af22"},"description":"O artista Marco Santos, natural de Valen\u00e7a do Minho, \u00e9 um dos participantes na exposi\u00e7\u00e3o \"11th Annual Portrait Show: Beyond Original\", na reconhecida Modern Eden Gallery, localizada em S\u00e3o Francisco, Calif\u00f3rnia.\u00a0","breadcrumb":{"@id":"https:\/\/www.altominho.tv\/site\/2023\/06\/22\/marco-santos-modern-eden-gallery\/#breadcrumb"},"inLanguage":"pt-PT","potentialAction":[{"@type":"ReadAction","target":["https:\/\/www.altominho.tv\/site\/2023\/06\/22\/marco-santos-modern-eden-gallery\/"]}]},{"@type":"ImageObject","inLanguage":"pt-PT","@id":"https:\/\/www.altominho.tv\/site\/2023\/06\/22\/marco-santos-modern-eden-gallery\/#primaryimage","url":"https:\/\/www.altominho.tv\/site\/wp-content\/uploads\/2023\/06\/Marco-Santos-scaled.jpg","contentUrl":"https:\/\/www.altominho.tv\/site\/wp-content\/uploads\/2023\/06\/Marco-Santos-scaled.jpg","width":2560,"height":1729,"caption":"Marco Santos"},{"@type":"BreadcrumbList","@id":"https:\/\/www.altominho.tv\/site\/2023\/06\/22\/marco-santos-modern-eden-gallery\/#breadcrumb","itemListElement":[{"@type":"ListItem","position":1,"name":"In\u00edcio","item":"https:\/\/www.altominho.tv\/site\/"},{"@type":"ListItem","position":2,"name":"Artista valenciano participa em conceituada exposi\u00e7\u00e3o nos EUA"}]},{"@type":"WebSite","@id":"https:\/\/www.altominho.tv\/site\/#website","url":"https:\/\/www.altominho.tv\/site\/","name":"Altominho.tv","description":"A sua regi\u00e3o \u00e0 dist\u00e2ncia de um clique...","potentialAction":[{"@type":"SearchAction","target":{"@type":"EntryPoint","urlTemplate":"https:\/\/www.altominho.tv\/site\/?s={search_term_string}"},"query-input":{"@type":"PropertyValueSpecification","valueRequired":true,"valueName":"search_term_string"}}],"inLanguage":"pt-PT"},{"@type":"Person","@id":"https:\/\/www.altominho.tv\/site\/#\/schema\/person\/4e536851627d7914baf3dac752b6af22","name":"Altominho.tv","image":{"@type":"ImageObject","inLanguage":"pt-PT","@id":"https:\/\/www.altominho.tv\/site\/wp-content\/uploads\/2019\/11\/Logo_Avatar_2-150x150.jpg","url":"https:\/\/www.altominho.tv\/site\/wp-content\/uploads\/2019\/11\/Logo_Avatar_2-150x150.jpg","contentUrl":"https:\/\/www.altominho.tv\/site\/wp-content\/uploads\/2019\/11\/Logo_Avatar_2-150x150.jpg","caption":"Altominho.tv"},"url":"https:\/\/www.altominho.tv\/site\/author\/altominhotv-tecnico\/"}]}},"_links":{"self":[{"href":"https:\/\/www.altominho.tv\/site\/wp-json\/wp\/v2\/posts\/93628","targetHints":{"allow":["GET"]}}],"collection":[{"href":"https:\/\/www.altominho.tv\/site\/wp-json\/wp\/v2\/posts"}],"about":[{"href":"https:\/\/www.altominho.tv\/site\/wp-json\/wp\/v2\/types\/post"}],"author":[{"embeddable":true,"href":"https:\/\/www.altominho.tv\/site\/wp-json\/wp\/v2\/users\/1"}],"replies":[{"embeddable":true,"href":"https:\/\/www.altominho.tv\/site\/wp-json\/wp\/v2\/comments?post=93628"}],"version-history":[{"count":2,"href":"https:\/\/www.altominho.tv\/site\/wp-json\/wp\/v2\/posts\/93628\/revisions"}],"predecessor-version":[{"id":93631,"href":"https:\/\/www.altominho.tv\/site\/wp-json\/wp\/v2\/posts\/93628\/revisions\/93631"}],"wp:featuredmedia":[{"embeddable":true,"href":"https:\/\/www.altominho.tv\/site\/wp-json\/wp\/v2\/media\/93629"}],"wp:attachment":[{"href":"https:\/\/www.altominho.tv\/site\/wp-json\/wp\/v2\/media?parent=93628"}],"wp:term":[{"taxonomy":"category","embeddable":true,"href":"https:\/\/www.altominho.tv\/site\/wp-json\/wp\/v2\/categories?post=93628"},{"taxonomy":"post_tag","embeddable":true,"href":"https:\/\/www.altominho.tv\/site\/wp-json\/wp\/v2\/tags?post=93628"}],"curies":[{"name":"wp","href":"https:\/\/api.w.org\/{rel}","templated":true}]}}