{"id":93596,"date":"2023-06-21T14:36:49","date_gmt":"2023-06-21T13:36:49","guid":{"rendered":"https:\/\/www.altominho.tv\/site\/?p=93596"},"modified":"2023-06-21T14:36:54","modified_gmt":"2023-06-21T13:36:54","slug":"melgaco-trilhos","status":"publish","type":"post","link":"https:\/\/www.altominho.tv\/site\/2023\/06\/21\/melgaco-trilhos\/","title":{"rendered":"Melga\u00e7o completa 170 quil\u00f3metros com inaugura\u00e7\u00e3o de \u00faltimo de 16 trilhos de 1ME"},"content":{"rendered":"\n<p>O trilho do Mouro, em Melga\u00e7o, com 18,4 quil\u00f3metros de extens\u00e3o, vai ser inaugurado na sexta-feira, completando a rede municipal iniciada, em 2018, com 170 quil\u00f3metros, or\u00e7ada em mais de um milh\u00e3o de euros, foi hoje divulgado.<\/p>\n\n\n\n<p>Al\u00e9m do trilho do Mouro, tamb\u00e9m a zona de lazer das Veigas, ambos na vila de Castro Laboreiro, passa a estar aberta ao p\u00fablico, a partir de sexta-feira.<\/p>\n\n\n\n<p>Segundo a autarquia, a cria\u00e7\u00e3o do trilho, que atravessa as aldeias de Cousso, Gave e Parada do Monte, e da zona de lazer das Veigas, que resultou da reabilita\u00e7\u00e3o de antigas casas dos guardas-florestais, implicou um investimento de cerca de 500 mil euros.<\/p>\n\n\n\n<p>Numa nota enviada \u00e0s reda\u00e7\u00f5es, o munic\u00edpio de Melga\u00e7o, no distrito de Viana do Castelo, especificou que a constru\u00e7\u00e3o do trilho do Mouro representou um investimento de cerca de 300 mil euros financiado, em cerca de 170 mil euros, por fundos comunit\u00e1rios do FEDER e do Norte 2020.<\/p>\n\n\n\n<p>A autarquia explicou que a rede de trilhos pedestres e cicl\u00e1veis agora conclu\u00edda \u201cdesenvolve-se, na sua maioria, na zona sul do concelho\u201d.<\/p>\n\n\n\n<p>Os trilhos \u201cpercorrem todas as freguesias, sobretudo as zonas altas onde predominam as nascentes de v\u00e1rios rios e ribeiras, que ali se desenvolvem, pertencentes, principalmente, \u00e0 bacia hidrogr\u00e1fica do rio Minho, destacando-se aqui os rios Trancoso, Mouro e tamb\u00e9m o Laboreiro, que desagua no Rio Lima\u201d.<\/p>\n\n\n\n<p>O projeto \u201ccontempla tamb\u00e9m liga\u00e7\u00f5es \u00e0 vizinha Galiza, tanto na zona ribeirinha, no vale do rio Minho e vale do rio Trancoso, mas tamb\u00e9m na zona de montanha, concretamente em Castro Laboreiro, na fronteira da ameijoeira e no planalto de Castro Laboreiro\u201d.<\/p>\n\n\n\n<p>\u201cO investimento total na rede de trilhos superou um milh\u00e3o de euros e, al\u00e9m do investimento do munic\u00edpio, contou com cofinanciamentos dos programas FEDER, FEADER e VALORIZAR &#8211; Turismo de Portugal\u201d.<\/p>\n\n\n\n<p>J\u00e1 a zona de lazer das Veigas, em Castro Laboreiro, \u201cque se assume como um complemento no alojamento de apoio \u00e0 rede de percursos pedestres e cicl\u00e1veis\u201d, implicou um investimento de 199.655,87 euros, financiado em 85% por fundos comunit\u00e1rios.<\/p>\n\n\n\n<p>Em redor dos edif\u00edcios dos guardas-florestais, encerrados h\u00e1 alguns anos e agora reabilitados, foi \u201cdesenhado um percurso circular, com alguns miradouros, que passa pela vila de Castro Laboreiro, atravessa o rio Laboreiro para a respetiva margem esquerda e regressa novamente \u00e0 \u00e1rea de lazer das Veigas\u201d.<\/p>\n\n\n\n<p>A inaugura\u00e7\u00e3o das novas estruturas que representam uma \u201caposta do munic\u00edpio na afirma\u00e7\u00e3o de Melga\u00e7o como destino tur\u00edstico\u201d ocorrer\u00e1 a partir das 10h00, com a presen\u00e7a prevista da secret\u00e1ria de Estado do Desenvolvimento Regional, Isabel Ferreira.<\/p>\n","protected":false},"excerpt":{"rendered":"<p>O trilho do Mouro, em Melga\u00e7o, com 18,4 quil\u00f3metros de extens\u00e3o, vai ser inaugurado na sexta-feira, completando a rede municipal iniciada, em 2018, com 170 quil\u00f3metros, or\u00e7ada em mais de um milh\u00e3o de euros, foi hoje divulgado. Al\u00e9m do trilho do Mouro, tamb\u00e9m a zona de lazer das Veigas, ambos na vila de Castro Laboreiro, [&hellip;]<\/p>\n","protected":false},"author":7,"featured_media":93597,"comment_status":"closed","ping_status":"closed","sticky":false,"template":"","format":"standard","meta":{"_exactmetrics_skip_tracking":false,"_exactmetrics_sitenote_active":false,"_exactmetrics_sitenote_note":"","_exactmetrics_sitenote_category":0,"footnotes":""},"categories":[8],"tags":[27],"class_list":["post-93596","post","type-post","status-publish","format-standard","has-post-thumbnail","hentry","category-melgaco","tag-sociedade"],"yoast_head":"<!-- This site is optimized with the Yoast SEO Premium plugin v27.4 (Yoast SEO v27.4) - https:\/\/yoast.com\/product\/yoast-seo-premium-wordpress\/ -->\n<title>Melga\u00e7o completa 170 quil\u00f3metros com inaugura\u00e7\u00e3o de \u00faltimo de 16 trilhos de 1ME<\/title>\n<meta name=\"description\" content=\"Melga\u00e7o completa 170 quil\u00f3metros com inaugura\u00e7\u00e3o de \u00faltimo de 16 trilhos de 1ME.\" \/>\n<meta name=\"robots\" content=\"index, follow, max-snippet:-1, max-image-preview:large, max-video-preview:-1\" \/>\n<link rel=\"canonical\" href=\"https:\/\/www.altominho.tv\/site\/2023\/06\/21\/melgaco-trilhos\/\" \/>\n<meta property=\"og:locale\" content=\"pt_PT\" \/>\n<meta property=\"og:type\" content=\"article\" \/>\n<meta property=\"og:title\" content=\"Melga\u00e7o completa 170 quil\u00f3metros com inaugura\u00e7\u00e3o de \u00faltimo de 16 trilhos de 1ME\" \/>\n<meta property=\"og:description\" content=\"Melga\u00e7o completa 170 quil\u00f3metros com inaugura\u00e7\u00e3o de \u00faltimo de 16 trilhos de 1ME.\" \/>\n<meta property=\"og:url\" content=\"https:\/\/www.altominho.tv\/site\/2023\/06\/21\/melgaco-trilhos\/\" \/>\n<meta property=\"og:site_name\" content=\"Altominho.tv\" \/>\n<meta property=\"article:publisher\" content=\"https:\/\/www.facebook.com\/altominhotv\" \/>\n<meta property=\"article:published_time\" content=\"2023-06-21T13:36:49+00:00\" \/>\n<meta property=\"article:modified_time\" content=\"2023-06-21T13:36:54+00:00\" \/>\n<meta property=\"og:image\" content=\"https:\/\/www.altominho.tv\/site\/wp-content\/uploads\/2023\/06\/trilho-mouro.jpg\" \/>\n\t<meta property=\"og:image:width\" content=\"710\" \/>\n\t<meta property=\"og:image:height\" content=\"375\" \/>\n\t<meta property=\"og:image:type\" content=\"image\/jpeg\" \/>\n<meta name=\"author\" content=\"Andreia Cunha\" \/>\n<meta name=\"twitter:card\" content=\"summary_large_image\" \/>\n<meta name=\"twitter:creator\" content=\"@altominhoTV\" \/>\n<meta name=\"twitter:site\" content=\"@altominhoTV\" \/>\n<meta name=\"twitter:label1\" content=\"Escrito por\" \/>\n\t<meta name=\"twitter:data1\" content=\"Andreia Cunha\" \/>\n\t<meta name=\"twitter:label2\" content=\"Tempo estimado de leitura\" \/>\n\t<meta name=\"twitter:data2\" content=\"3 minutos\" \/>\n<script type=\"application\/ld+json\" class=\"yoast-schema-graph\">{\"@context\":\"https:\\\/\\\/schema.org\",\"@graph\":[{\"@type\":\"Article\",\"@id\":\"https:\\\/\\\/www.altominho.tv\\\/site\\\/2023\\\/06\\\/21\\\/melgaco-trilhos\\\/#article\",\"isPartOf\":{\"@id\":\"https:\\\/\\\/www.altominho.tv\\\/site\\\/2023\\\/06\\\/21\\\/melgaco-trilhos\\\/\"},\"author\":{\"name\":\"Andreia Cunha\",\"@id\":\"https:\\\/\\\/www.altominho.tv\\\/site\\\/#\\\/schema\\\/person\\\/a0e4ef6d041f98ca284393d8f1d97153\"},\"headline\":\"Melga\u00e7o completa 170 quil\u00f3metros com inaugura\u00e7\u00e3o de \u00faltimo de 16 trilhos de 1ME\",\"datePublished\":\"2023-06-21T13:36:49+00:00\",\"dateModified\":\"2023-06-21T13:36:54+00:00\",\"mainEntityOfPage\":{\"@id\":\"https:\\\/\\\/www.altominho.tv\\\/site\\\/2023\\\/06\\\/21\\\/melgaco-trilhos\\\/\"},\"wordCount\":456,\"image\":{\"@id\":\"https:\\\/\\\/www.altominho.tv\\\/site\\\/2023\\\/06\\\/21\\\/melgaco-trilhos\\\/#primaryimage\"},\"thumbnailUrl\":\"https:\\\/\\\/www.altominho.tv\\\/site\\\/wp-content\\\/uploads\\\/2023\\\/06\\\/trilho-mouro.jpg\",\"keywords\":[\"Sociedade\"],\"articleSection\":[\"Melga\u00e7o\"],\"inLanguage\":\"pt-PT\",\"copyrightYear\":\"2023\",\"copyrightHolder\":{\"@id\":\"https:\\\/\\\/www.altominho.tv\\\/site\\\/#organization\"}},{\"@type\":\"WebPage\",\"@id\":\"https:\\\/\\\/www.altominho.tv\\\/site\\\/2023\\\/06\\\/21\\\/melgaco-trilhos\\\/\",\"url\":\"https:\\\/\\\/www.altominho.tv\\\/site\\\/2023\\\/06\\\/21\\\/melgaco-trilhos\\\/\",\"name\":\"Melga\u00e7o completa 170 quil\u00f3metros com inaugura\u00e7\u00e3o de \u00faltimo de 16 trilhos de 1ME\",\"isPartOf\":{\"@id\":\"https:\\\/\\\/www.altominho.tv\\\/site\\\/#website\"},\"primaryImageOfPage\":{\"@id\":\"https:\\\/\\\/www.altominho.tv\\\/site\\\/2023\\\/06\\\/21\\\/melgaco-trilhos\\\/#primaryimage\"},\"image\":{\"@id\":\"https:\\\/\\\/www.altominho.tv\\\/site\\\/2023\\\/06\\\/21\\\/melgaco-trilhos\\\/#primaryimage\"},\"thumbnailUrl\":\"https:\\\/\\\/www.altominho.tv\\\/site\\\/wp-content\\\/uploads\\\/2023\\\/06\\\/trilho-mouro.jpg\",\"datePublished\":\"2023-06-21T13:36:49+00:00\",\"dateModified\":\"2023-06-21T13:36:54+00:00\",\"author\":{\"@id\":\"https:\\\/\\\/www.altominho.tv\\\/site\\\/#\\\/schema\\\/person\\\/a0e4ef6d041f98ca284393d8f1d97153\"},\"description\":\"Melga\u00e7o completa 170 quil\u00f3metros com inaugura\u00e7\u00e3o de \u00faltimo de 16 trilhos de 1ME.\",\"breadcrumb\":{\"@id\":\"https:\\\/\\\/www.altominho.tv\\\/site\\\/2023\\\/06\\\/21\\\/melgaco-trilhos\\\/#breadcrumb\"},\"inLanguage\":\"pt-PT\",\"potentialAction\":[{\"@type\":\"ReadAction\",\"target\":[\"https:\\\/\\\/www.altominho.tv\\\/site\\\/2023\\\/06\\\/21\\\/melgaco-trilhos\\\/\"]}]},{\"@type\":\"ImageObject\",\"inLanguage\":\"pt-PT\",\"@id\":\"https:\\\/\\\/www.altominho.tv\\\/site\\\/2023\\\/06\\\/21\\\/melgaco-trilhos\\\/#primaryimage\",\"url\":\"https:\\\/\\\/www.altominho.tv\\\/site\\\/wp-content\\\/uploads\\\/2023\\\/06\\\/trilho-mouro.jpg\",\"contentUrl\":\"https:\\\/\\\/www.altominho.tv\\\/site\\\/wp-content\\\/uploads\\\/2023\\\/06\\\/trilho-mouro.jpg\",\"width\":710,\"height\":375},{\"@type\":\"BreadcrumbList\",\"@id\":\"https:\\\/\\\/www.altominho.tv\\\/site\\\/2023\\\/06\\\/21\\\/melgaco-trilhos\\\/#breadcrumb\",\"itemListElement\":[{\"@type\":\"ListItem\",\"position\":1,\"name\":\"In\u00edcio\",\"item\":\"https:\\\/\\\/www.altominho.tv\\\/site\\\/\"},{\"@type\":\"ListItem\",\"position\":2,\"name\":\"Melga\u00e7o completa 170 quil\u00f3metros com inaugura\u00e7\u00e3o de \u00faltimo de 16 trilhos de 1ME\"}]},{\"@type\":\"WebSite\",\"@id\":\"https:\\\/\\\/www.altominho.tv\\\/site\\\/#website\",\"url\":\"https:\\\/\\\/www.altominho.tv\\\/site\\\/\",\"name\":\"Altominho.tv\",\"description\":\"A sua regi\u00e3o \u00e0 dist\u00e2ncia de um clique...\",\"potentialAction\":[{\"@type\":\"SearchAction\",\"target\":{\"@type\":\"EntryPoint\",\"urlTemplate\":\"https:\\\/\\\/www.altominho.tv\\\/site\\\/?s={search_term_string}\"},\"query-input\":{\"@type\":\"PropertyValueSpecification\",\"valueRequired\":true,\"valueName\":\"search_term_string\"}}],\"inLanguage\":\"pt-PT\"},{\"@type\":\"Person\",\"@id\":\"https:\\\/\\\/www.altominho.tv\\\/site\\\/#\\\/schema\\\/person\\\/a0e4ef6d041f98ca284393d8f1d97153\",\"name\":\"Andreia Cunha\",\"image\":{\"@type\":\"ImageObject\",\"inLanguage\":\"pt-PT\",\"@id\":\"https:\\\/\\\/www.altominho.tv\\\/site\\\/wp-content\\\/uploads\\\/2017\\\/11\\\/Andreia_Cunha-1-150x150.jpg\",\"url\":\"https:\\\/\\\/www.altominho.tv\\\/site\\\/wp-content\\\/uploads\\\/2017\\\/11\\\/Andreia_Cunha-1-150x150.jpg\",\"contentUrl\":\"https:\\\/\\\/www.altominho.tv\\\/site\\\/wp-content\\\/uploads\\\/2017\\\/11\\\/Andreia_Cunha-1-150x150.jpg\",\"caption\":\"Andreia Cunha\"},\"url\":\"https:\\\/\\\/www.altominho.tv\\\/site\\\/author\\\/andreiacunha\\\/\"}]}<\/script>\n<!-- \/ Yoast SEO Premium plugin. -->","yoast_head_json":{"title":"Melga\u00e7o completa 170 quil\u00f3metros com inaugura\u00e7\u00e3o de \u00faltimo de 16 trilhos de 1ME","description":"Melga\u00e7o completa 170 quil\u00f3metros com inaugura\u00e7\u00e3o de \u00faltimo de 16 trilhos de 1ME.","robots":{"index":"index","follow":"follow","max-snippet":"max-snippet:-1","max-image-preview":"max-image-preview:large","max-video-preview":"max-video-preview:-1"},"canonical":"https:\/\/www.altominho.tv\/site\/2023\/06\/21\/melgaco-trilhos\/","og_locale":"pt_PT","og_type":"article","og_title":"Melga\u00e7o completa 170 quil\u00f3metros com inaugura\u00e7\u00e3o de \u00faltimo de 16 trilhos de 1ME","og_description":"Melga\u00e7o completa 170 quil\u00f3metros com inaugura\u00e7\u00e3o de \u00faltimo de 16 trilhos de 1ME.","og_url":"https:\/\/www.altominho.tv\/site\/2023\/06\/21\/melgaco-trilhos\/","og_site_name":"Altominho.tv","article_publisher":"https:\/\/www.facebook.com\/altominhotv","article_published_time":"2023-06-21T13:36:49+00:00","article_modified_time":"2023-06-21T13:36:54+00:00","og_image":[{"width":710,"height":375,"url":"https:\/\/www.altominho.tv\/site\/wp-content\/uploads\/2023\/06\/trilho-mouro.jpg","type":"image\/jpeg"}],"author":"Andreia Cunha","twitter_card":"summary_large_image","twitter_creator":"@altominhoTV","twitter_site":"@altominhoTV","twitter_misc":{"Escrito por":"Andreia Cunha","Tempo estimado de leitura":"3 minutos"},"schema":{"@context":"https:\/\/schema.org","@graph":[{"@type":"Article","@id":"https:\/\/www.altominho.tv\/site\/2023\/06\/21\/melgaco-trilhos\/#article","isPartOf":{"@id":"https:\/\/www.altominho.tv\/site\/2023\/06\/21\/melgaco-trilhos\/"},"author":{"name":"Andreia Cunha","@id":"https:\/\/www.altominho.tv\/site\/#\/schema\/person\/a0e4ef6d041f98ca284393d8f1d97153"},"headline":"Melga\u00e7o completa 170 quil\u00f3metros com inaugura\u00e7\u00e3o de \u00faltimo de 16 trilhos de 1ME","datePublished":"2023-06-21T13:36:49+00:00","dateModified":"2023-06-21T13:36:54+00:00","mainEntityOfPage":{"@id":"https:\/\/www.altominho.tv\/site\/2023\/06\/21\/melgaco-trilhos\/"},"wordCount":456,"image":{"@id":"https:\/\/www.altominho.tv\/site\/2023\/06\/21\/melgaco-trilhos\/#primaryimage"},"thumbnailUrl":"https:\/\/www.altominho.tv\/site\/wp-content\/uploads\/2023\/06\/trilho-mouro.jpg","keywords":["Sociedade"],"articleSection":["Melga\u00e7o"],"inLanguage":"pt-PT","copyrightYear":"2023","copyrightHolder":{"@id":"https:\/\/www.altominho.tv\/site\/#organization"}},{"@type":"WebPage","@id":"https:\/\/www.altominho.tv\/site\/2023\/06\/21\/melgaco-trilhos\/","url":"https:\/\/www.altominho.tv\/site\/2023\/06\/21\/melgaco-trilhos\/","name":"Melga\u00e7o completa 170 quil\u00f3metros com inaugura\u00e7\u00e3o de \u00faltimo de 16 trilhos de 1ME","isPartOf":{"@id":"https:\/\/www.altominho.tv\/site\/#website"},"primaryImageOfPage":{"@id":"https:\/\/www.altominho.tv\/site\/2023\/06\/21\/melgaco-trilhos\/#primaryimage"},"image":{"@id":"https:\/\/www.altominho.tv\/site\/2023\/06\/21\/melgaco-trilhos\/#primaryimage"},"thumbnailUrl":"https:\/\/www.altominho.tv\/site\/wp-content\/uploads\/2023\/06\/trilho-mouro.jpg","datePublished":"2023-06-21T13:36:49+00:00","dateModified":"2023-06-21T13:36:54+00:00","author":{"@id":"https:\/\/www.altominho.tv\/site\/#\/schema\/person\/a0e4ef6d041f98ca284393d8f1d97153"},"description":"Melga\u00e7o completa 170 quil\u00f3metros com inaugura\u00e7\u00e3o de \u00faltimo de 16 trilhos de 1ME.","breadcrumb":{"@id":"https:\/\/www.altominho.tv\/site\/2023\/06\/21\/melgaco-trilhos\/#breadcrumb"},"inLanguage":"pt-PT","potentialAction":[{"@type":"ReadAction","target":["https:\/\/www.altominho.tv\/site\/2023\/06\/21\/melgaco-trilhos\/"]}]},{"@type":"ImageObject","inLanguage":"pt-PT","@id":"https:\/\/www.altominho.tv\/site\/2023\/06\/21\/melgaco-trilhos\/#primaryimage","url":"https:\/\/www.altominho.tv\/site\/wp-content\/uploads\/2023\/06\/trilho-mouro.jpg","contentUrl":"https:\/\/www.altominho.tv\/site\/wp-content\/uploads\/2023\/06\/trilho-mouro.jpg","width":710,"height":375},{"@type":"BreadcrumbList","@id":"https:\/\/www.altominho.tv\/site\/2023\/06\/21\/melgaco-trilhos\/#breadcrumb","itemListElement":[{"@type":"ListItem","position":1,"name":"In\u00edcio","item":"https:\/\/www.altominho.tv\/site\/"},{"@type":"ListItem","position":2,"name":"Melga\u00e7o completa 170 quil\u00f3metros com inaugura\u00e7\u00e3o de \u00faltimo de 16 trilhos de 1ME"}]},{"@type":"WebSite","@id":"https:\/\/www.altominho.tv\/site\/#website","url":"https:\/\/www.altominho.tv\/site\/","name":"Altominho.tv","description":"A sua regi\u00e3o \u00e0 dist\u00e2ncia de um clique...","potentialAction":[{"@type":"SearchAction","target":{"@type":"EntryPoint","urlTemplate":"https:\/\/www.altominho.tv\/site\/?s={search_term_string}"},"query-input":{"@type":"PropertyValueSpecification","valueRequired":true,"valueName":"search_term_string"}}],"inLanguage":"pt-PT"},{"@type":"Person","@id":"https:\/\/www.altominho.tv\/site\/#\/schema\/person\/a0e4ef6d041f98ca284393d8f1d97153","name":"Andreia Cunha","image":{"@type":"ImageObject","inLanguage":"pt-PT","@id":"https:\/\/www.altominho.tv\/site\/wp-content\/uploads\/2017\/11\/Andreia_Cunha-1-150x150.jpg","url":"https:\/\/www.altominho.tv\/site\/wp-content\/uploads\/2017\/11\/Andreia_Cunha-1-150x150.jpg","contentUrl":"https:\/\/www.altominho.tv\/site\/wp-content\/uploads\/2017\/11\/Andreia_Cunha-1-150x150.jpg","caption":"Andreia Cunha"},"url":"https:\/\/www.altominho.tv\/site\/author\/andreiacunha\/"}]}},"_links":{"self":[{"href":"https:\/\/www.altominho.tv\/site\/wp-json\/wp\/v2\/posts\/93596","targetHints":{"allow":["GET"]}}],"collection":[{"href":"https:\/\/www.altominho.tv\/site\/wp-json\/wp\/v2\/posts"}],"about":[{"href":"https:\/\/www.altominho.tv\/site\/wp-json\/wp\/v2\/types\/post"}],"author":[{"embeddable":true,"href":"https:\/\/www.altominho.tv\/site\/wp-json\/wp\/v2\/users\/7"}],"replies":[{"embeddable":true,"href":"https:\/\/www.altominho.tv\/site\/wp-json\/wp\/v2\/comments?post=93596"}],"version-history":[{"count":1,"href":"https:\/\/www.altominho.tv\/site\/wp-json\/wp\/v2\/posts\/93596\/revisions"}],"predecessor-version":[{"id":93598,"href":"https:\/\/www.altominho.tv\/site\/wp-json\/wp\/v2\/posts\/93596\/revisions\/93598"}],"wp:featuredmedia":[{"embeddable":true,"href":"https:\/\/www.altominho.tv\/site\/wp-json\/wp\/v2\/media\/93597"}],"wp:attachment":[{"href":"https:\/\/www.altominho.tv\/site\/wp-json\/wp\/v2\/media?parent=93596"}],"wp:term":[{"taxonomy":"category","embeddable":true,"href":"https:\/\/www.altominho.tv\/site\/wp-json\/wp\/v2\/categories?post=93596"},{"taxonomy":"post_tag","embeddable":true,"href":"https:\/\/www.altominho.tv\/site\/wp-json\/wp\/v2\/tags?post=93596"}],"curies":[{"name":"wp","href":"https:\/\/api.w.org\/{rel}","templated":true}]}}