{"id":93588,"date":"2023-06-21T11:10:57","date_gmt":"2023-06-21T10:10:57","guid":{"rendered":"https:\/\/www.altominho.tv\/site\/?p=93588"},"modified":"2023-06-21T11:11:02","modified_gmt":"2023-06-21T10:11:02","slug":"viana-do-castelo-participa-na-feira-internacional-de-artesanato","status":"publish","type":"post","link":"https:\/\/www.altominho.tv\/site\/2023\/06\/21\/viana-do-castelo-participa-na-feira-internacional-de-artesanato\/","title":{"rendered":"Viana do Castelo participa na Feira Internacional de Artesanato"},"content":{"rendered":"<p>O Munic\u00edpio de Viana do Castelo vai estar presente na Feira Internacional de Artesanato (FIA), que decorre na FIL &#8211; Parque das Na\u00e7\u00f5es, entre os dias 24 de junho e 2 de julho.<\/p>\n<p class=\"p1\">Esta \u00e9 a maior feira internacional de artesanato da Pen\u00ednsula Ib\u00e9rica e a segunda maior da Europa, sendo que j\u00e1 segue, este ano, para a 35\u00aa edi\u00e7\u00e3o. Conta com 500 expositores e 31 pa\u00edses representados.<\/p>\n<p class=\"p1\">Promovida pela Funda\u00e7\u00e3o AIP em colabora\u00e7\u00e3o com o IEFP \u2013 Instituto de Emprego e Forma\u00e7\u00e3o Profissional, a FIA Lisboa realiza-se durante nove dias e vai contar com 30 000 m2 de exposi\u00e7\u00e3o de artesanato nacional, internacional e com uma \u00e1rea da gastronomia.<span class=\"Apple-converted-space\">\u00a0<\/span><\/p>\n<p class=\"p1\">Esta participa\u00e7\u00e3o vianense apresenta-se num stand promocional que aposta na divulga\u00e7\u00e3o tur\u00edstica do concelho, destacando a oferta de alojamento, restaura\u00e7\u00e3o, servi\u00e7os de anima\u00e7\u00e3o tur\u00edstica, artesanato, patrim\u00f3nio natural e cultural e lazer. Inclui, ainda, uma mostra do Bordado Certificado de Viana do Castelo e uma artes\u00e3 a trabalhar ao vivo, que promover\u00e1 no dia 27 de junho um workshop de inicia\u00e7\u00e3o \u00e0 arte de bordar.<\/p>\n<p class=\"p1\">Tamb\u00e9m nos dias 24, 25, 29 e 30 de junho, no stand do Munic\u00edpio, ser\u00e3o realizados momentos de degusta\u00e7\u00e3o de doces tradicionais e provas de vinhos dos produtores de Viana do Castelo.<\/p>\n<p class=\"p1\">Este ano, e pela primeira vez, o Loureiro do Vale do Lima marcar\u00e1 presen\u00e7a na FIA Lisboa, onde estar\u00e3o representados os vinhos produzidos a partir da casta Vale do Lima, numa apresenta\u00e7\u00e3o a realizar no audit\u00f3rio do Pavilh\u00e3o 1, no dia 1 de julho.<\/p>\n<p class=\"p1\">Esta participa\u00e7\u00e3o tem como principal objetivo &#8220;valorizar e dar a conhecer os produtores engarrafadores da sub-regi\u00e3o do Lima e os seus vinhos, destacando a qualidade e nobreza enquanto produto identit\u00e1rio e patrimonial do Vale do Lima, e ainda, afirmar o territ\u00f3rio como destino ecotur\u00edstico de excel\u00eancia&#8221; descreve a autarquia.<\/p>\n","protected":false},"excerpt":{"rendered":"<p>O Munic\u00edpio de Viana do Castelo vai estar presente na Feira Internacional de Artesanato (FIA), que decorre na FIL &#8211; Parque das Na\u00e7\u00f5es, entre os dias 24 de junho e 2 de julho. Esta \u00e9 a maior feira internacional de artesanato da Pen\u00ednsula Ib\u00e9rica e a segunda maior da Europa, sendo que j\u00e1 segue, este [&hellip;]<\/p>\n","protected":false},"author":28,"featured_media":93589,"comment_status":"closed","ping_status":"closed","sticky":false,"template":"","format":"standard","meta":{"_exactmetrics_skip_tracking":false,"footnotes":""},"categories":[14],"tags":[24,27],"class_list":["post-93588","post","type-post","status-publish","format-standard","has-post-thumbnail","hentry","category-viana-do-castelo","tag-lazer","tag-sociedade"],"yoast_head":"<!-- This site is optimized with the Yoast SEO Premium plugin v28.3 (Yoast SEO v28.3) - https:\/\/yoast.com\/product\/yoast-seo-premium-wordpress\/ -->\n<title>Viana do Castelo participa na Feira Internacional de Artesanato<\/title>\n<meta name=\"description\" content=\"O Munic\u00edpio de Viana do Castelo vai estar presente na Feira Internacional de Artesanato (FIA), que decorre na FIL - Parque das Na\u00e7\u00f5es, entre os dias 24 de junho e 2 de julho.\u00a0\" \/>\n<meta name=\"robots\" content=\"index, follow, max-snippet:-1, max-image-preview:large, max-video-preview:-1\" \/>\n<link rel=\"canonical\" href=\"https:\/\/www.altominho.tv\/site\/2023\/06\/21\/viana-do-castelo-participa-na-feira-internacional-de-artesanato\/\" \/>\n<meta property=\"og:locale\" content=\"pt_PT\" \/>\n<meta property=\"og:type\" content=\"article\" \/>\n<meta property=\"og:title\" content=\"Viana do Castelo participa na Feira Internacional de Artesanato\" \/>\n<meta property=\"og:description\" content=\"O Munic\u00edpio de Viana do Castelo vai estar presente na Feira Internacional de Artesanato (FIA), que decorre na FIL - Parque das Na\u00e7\u00f5es, entre os dias 24 de junho e 2 de julho.\u00a0\" \/>\n<meta property=\"og:url\" content=\"https:\/\/www.altominho.tv\/site\/2023\/06\/21\/viana-do-castelo-participa-na-feira-internacional-de-artesanato\/\" \/>\n<meta property=\"og:site_name\" content=\"Altominho.tv\" \/>\n<meta property=\"article:publisher\" content=\"https:\/\/www.facebook.com\/altominhotv\" \/>\n<meta property=\"article:published_time\" content=\"2023-06-21T10:10:57+00:00\" \/>\n<meta property=\"article:modified_time\" content=\"2023-06-21T10:11:02+00:00\" \/>\n<meta property=\"og:image\" content=\"https:\/\/www.altominho.tv\/site\/wp-content\/uploads\/2023\/06\/FIA-2023.png\" \/>\n\t<meta property=\"og:image:width\" content=\"979\" \/>\n\t<meta property=\"og:image:height\" content=\"362\" \/>\n\t<meta property=\"og:image:type\" content=\"image\/png\" \/>\n<meta name=\"author\" content=\"Beatriz Lira\" \/>\n<meta name=\"twitter:card\" content=\"summary_large_image\" \/>\n<meta name=\"twitter:creator\" content=\"@altominhoTV\" \/>\n<meta name=\"twitter:site\" content=\"@altominhoTV\" \/>\n<meta name=\"twitter:label1\" content=\"Escrito por\" \/>\n\t<meta name=\"twitter:data1\" content=\"Beatriz Lira\" \/>\n\t<meta name=\"twitter:label2\" content=\"Tempo estimado de leitura\" \/>\n\t<meta name=\"twitter:data2\" content=\"2 minutos\" \/>\n<script type=\"application\/ld+json\" class=\"yoast-schema-graph\">{\"@context\":\"https:\\\/\\\/schema.org\",\"@graph\":[{\"@type\":\"Article\",\"@id\":\"https:\\\/\\\/www.altominho.tv\\\/site\\\/2023\\\/06\\\/21\\\/viana-do-castelo-participa-na-feira-internacional-de-artesanato\\\/#article\",\"isPartOf\":{\"@id\":\"https:\\\/\\\/www.altominho.tv\\\/site\\\/2023\\\/06\\\/21\\\/viana-do-castelo-participa-na-feira-internacional-de-artesanato\\\/\"},\"author\":{\"name\":\"Beatriz Lira\",\"@id\":\"https:\\\/\\\/www.altominho.tv\\\/site\\\/#\\\/schema\\\/person\\\/f95a2097796cf4462fe1e476cddc40e4\"},\"headline\":\"Viana do Castelo participa na Feira Internacional de Artesanato\",\"datePublished\":\"2023-06-21T10:10:57+00:00\",\"dateModified\":\"2023-06-21T10:11:02+00:00\",\"mainEntityOfPage\":{\"@id\":\"https:\\\/\\\/www.altominho.tv\\\/site\\\/2023\\\/06\\\/21\\\/viana-do-castelo-participa-na-feira-internacional-de-artesanato\\\/\"},\"wordCount\":325,\"image\":{\"@id\":\"https:\\\/\\\/www.altominho.tv\\\/site\\\/2023\\\/06\\\/21\\\/viana-do-castelo-participa-na-feira-internacional-de-artesanato\\\/#primaryimage\"},\"thumbnailUrl\":\"https:\\\/\\\/www.altominho.tv\\\/site\\\/wp-content\\\/uploads\\\/2023\\\/06\\\/FIA-2023.png\",\"keywords\":[\"Lazer\",\"Sociedade\"],\"articleSection\":[\"Viana do Castelo\"],\"inLanguage\":\"pt-PT\",\"copyrightYear\":\"2023\",\"copyrightHolder\":{\"@id\":\"https:\\\/\\\/www.altominho.tv\\\/site\\\/#organization\"}},{\"@type\":\"WebPage\",\"@id\":\"https:\\\/\\\/www.altominho.tv\\\/site\\\/2023\\\/06\\\/21\\\/viana-do-castelo-participa-na-feira-internacional-de-artesanato\\\/\",\"url\":\"https:\\\/\\\/www.altominho.tv\\\/site\\\/2023\\\/06\\\/21\\\/viana-do-castelo-participa-na-feira-internacional-de-artesanato\\\/\",\"name\":\"Viana do Castelo participa na Feira Internacional de Artesanato\",\"isPartOf\":{\"@id\":\"https:\\\/\\\/www.altominho.tv\\\/site\\\/#website\"},\"primaryImageOfPage\":{\"@id\":\"https:\\\/\\\/www.altominho.tv\\\/site\\\/2023\\\/06\\\/21\\\/viana-do-castelo-participa-na-feira-internacional-de-artesanato\\\/#primaryimage\"},\"image\":{\"@id\":\"https:\\\/\\\/www.altominho.tv\\\/site\\\/2023\\\/06\\\/21\\\/viana-do-castelo-participa-na-feira-internacional-de-artesanato\\\/#primaryimage\"},\"thumbnailUrl\":\"https:\\\/\\\/www.altominho.tv\\\/site\\\/wp-content\\\/uploads\\\/2023\\\/06\\\/FIA-2023.png\",\"datePublished\":\"2023-06-21T10:10:57+00:00\",\"dateModified\":\"2023-06-21T10:11:02+00:00\",\"author\":{\"@id\":\"https:\\\/\\\/www.altominho.tv\\\/site\\\/#\\\/schema\\\/person\\\/f95a2097796cf4462fe1e476cddc40e4\"},\"description\":\"O Munic\u00edpio de Viana do Castelo vai estar presente na Feira Internacional de Artesanato (FIA), que decorre na FIL - Parque das Na\u00e7\u00f5es, entre os dias 24 de junho e 2 de julho.\u00a0\",\"breadcrumb\":{\"@id\":\"https:\\\/\\\/www.altominho.tv\\\/site\\\/2023\\\/06\\\/21\\\/viana-do-castelo-participa-na-feira-internacional-de-artesanato\\\/#breadcrumb\"},\"inLanguage\":\"pt-PT\",\"potentialAction\":[{\"@type\":\"ReadAction\",\"target\":[\"https:\\\/\\\/www.altominho.tv\\\/site\\\/2023\\\/06\\\/21\\\/viana-do-castelo-participa-na-feira-internacional-de-artesanato\\\/\"]}]},{\"@type\":\"ImageObject\",\"inLanguage\":\"pt-PT\",\"@id\":\"https:\\\/\\\/www.altominho.tv\\\/site\\\/2023\\\/06\\\/21\\\/viana-do-castelo-participa-na-feira-internacional-de-artesanato\\\/#primaryimage\",\"url\":\"https:\\\/\\\/www.altominho.tv\\\/site\\\/wp-content\\\/uploads\\\/2023\\\/06\\\/FIA-2023.png\",\"contentUrl\":\"https:\\\/\\\/www.altominho.tv\\\/site\\\/wp-content\\\/uploads\\\/2023\\\/06\\\/FIA-2023.png\",\"width\":979,\"height\":362},{\"@type\":\"BreadcrumbList\",\"@id\":\"https:\\\/\\\/www.altominho.tv\\\/site\\\/2023\\\/06\\\/21\\\/viana-do-castelo-participa-na-feira-internacional-de-artesanato\\\/#breadcrumb\",\"itemListElement\":[{\"@type\":\"ListItem\",\"position\":1,\"name\":\"In\u00edcio\",\"item\":\"https:\\\/\\\/www.altominho.tv\\\/site\\\/\"},{\"@type\":\"ListItem\",\"position\":2,\"name\":\"Viana do Castelo participa na Feira Internacional de Artesanato\"}]},{\"@type\":\"WebSite\",\"@id\":\"https:\\\/\\\/www.altominho.tv\\\/site\\\/#website\",\"url\":\"https:\\\/\\\/www.altominho.tv\\\/site\\\/\",\"name\":\"Altominho.tv\",\"description\":\"A sua regi\u00e3o \u00e0 dist\u00e2ncia de um clique...\",\"potentialAction\":[{\"@type\":\"SearchAction\",\"target\":{\"@type\":\"EntryPoint\",\"urlTemplate\":\"https:\\\/\\\/www.altominho.tv\\\/site\\\/?s={search_term_string}\"},\"query-input\":{\"@type\":\"PropertyValueSpecification\",\"valueRequired\":true,\"valueName\":\"search_term_string\"}}],\"inLanguage\":\"pt-PT\"},{\"@type\":\"Person\",\"@id\":\"https:\\\/\\\/www.altominho.tv\\\/site\\\/#\\\/schema\\\/person\\\/f95a2097796cf4462fe1e476cddc40e4\",\"name\":\"Beatriz Lira\",\"image\":{\"@type\":\"ImageObject\",\"inLanguage\":\"pt-PT\",\"@id\":\"https:\\\/\\\/www.altominho.tv\\\/site\\\/wp-content\\\/uploads\\\/2023\\\/03\\\/Screenshot_20230306-141220_Photos-150x150.jpg\",\"url\":\"https:\\\/\\\/www.altominho.tv\\\/site\\\/wp-content\\\/uploads\\\/2023\\\/03\\\/Screenshot_20230306-141220_Photos-150x150.jpg\",\"contentUrl\":\"https:\\\/\\\/www.altominho.tv\\\/site\\\/wp-content\\\/uploads\\\/2023\\\/03\\\/Screenshot_20230306-141220_Photos-150x150.jpg\",\"caption\":\"Beatriz Lira\"},\"url\":\"https:\\\/\\\/www.altominho.tv\\\/site\\\/author\\\/beatriz\\\/\"}]}<\/script>\n<!-- \/ Yoast SEO Premium plugin. -->","yoast_head_json":{"title":"Viana do Castelo participa na Feira Internacional de Artesanato","description":"O Munic\u00edpio de Viana do Castelo vai estar presente na Feira Internacional de Artesanato (FIA), que decorre na FIL - Parque das Na\u00e7\u00f5es, entre os dias 24 de junho e 2 de julho.\u00a0","robots":{"index":"index","follow":"follow","max-snippet":"max-snippet:-1","max-image-preview":"max-image-preview:large","max-video-preview":"max-video-preview:-1"},"canonical":"https:\/\/www.altominho.tv\/site\/2023\/06\/21\/viana-do-castelo-participa-na-feira-internacional-de-artesanato\/","og_locale":"pt_PT","og_type":"article","og_title":"Viana do Castelo participa na Feira Internacional de Artesanato","og_description":"O Munic\u00edpio de Viana do Castelo vai estar presente na Feira Internacional de Artesanato (FIA), que decorre na FIL - Parque das Na\u00e7\u00f5es, entre os dias 24 de junho e 2 de julho.\u00a0","og_url":"https:\/\/www.altominho.tv\/site\/2023\/06\/21\/viana-do-castelo-participa-na-feira-internacional-de-artesanato\/","og_site_name":"Altominho.tv","article_publisher":"https:\/\/www.facebook.com\/altominhotv","article_published_time":"2023-06-21T10:10:57+00:00","article_modified_time":"2023-06-21T10:11:02+00:00","og_image":[{"width":979,"height":362,"url":"https:\/\/www.altominho.tv\/site\/wp-content\/uploads\/2023\/06\/FIA-2023.png","type":"image\/png"}],"author":"Beatriz Lira","twitter_card":"summary_large_image","twitter_creator":"@altominhoTV","twitter_site":"@altominhoTV","twitter_misc":{"Escrito por":"Beatriz Lira","Tempo estimado de leitura":"2 minutos"},"schema":{"@context":"https:\/\/schema.org","@graph":[{"@type":"Article","@id":"https:\/\/www.altominho.tv\/site\/2023\/06\/21\/viana-do-castelo-participa-na-feira-internacional-de-artesanato\/#article","isPartOf":{"@id":"https:\/\/www.altominho.tv\/site\/2023\/06\/21\/viana-do-castelo-participa-na-feira-internacional-de-artesanato\/"},"author":{"name":"Beatriz Lira","@id":"https:\/\/www.altominho.tv\/site\/#\/schema\/person\/f95a2097796cf4462fe1e476cddc40e4"},"headline":"Viana do Castelo participa na Feira Internacional de Artesanato","datePublished":"2023-06-21T10:10:57+00:00","dateModified":"2023-06-21T10:11:02+00:00","mainEntityOfPage":{"@id":"https:\/\/www.altominho.tv\/site\/2023\/06\/21\/viana-do-castelo-participa-na-feira-internacional-de-artesanato\/"},"wordCount":325,"image":{"@id":"https:\/\/www.altominho.tv\/site\/2023\/06\/21\/viana-do-castelo-participa-na-feira-internacional-de-artesanato\/#primaryimage"},"thumbnailUrl":"https:\/\/www.altominho.tv\/site\/wp-content\/uploads\/2023\/06\/FIA-2023.png","keywords":["Lazer","Sociedade"],"articleSection":["Viana do Castelo"],"inLanguage":"pt-PT","copyrightYear":"2023","copyrightHolder":{"@id":"https:\/\/www.altominho.tv\/site\/#organization"}},{"@type":"WebPage","@id":"https:\/\/www.altominho.tv\/site\/2023\/06\/21\/viana-do-castelo-participa-na-feira-internacional-de-artesanato\/","url":"https:\/\/www.altominho.tv\/site\/2023\/06\/21\/viana-do-castelo-participa-na-feira-internacional-de-artesanato\/","name":"Viana do Castelo participa na Feira Internacional de Artesanato","isPartOf":{"@id":"https:\/\/www.altominho.tv\/site\/#website"},"primaryImageOfPage":{"@id":"https:\/\/www.altominho.tv\/site\/2023\/06\/21\/viana-do-castelo-participa-na-feira-internacional-de-artesanato\/#primaryimage"},"image":{"@id":"https:\/\/www.altominho.tv\/site\/2023\/06\/21\/viana-do-castelo-participa-na-feira-internacional-de-artesanato\/#primaryimage"},"thumbnailUrl":"https:\/\/www.altominho.tv\/site\/wp-content\/uploads\/2023\/06\/FIA-2023.png","datePublished":"2023-06-21T10:10:57+00:00","dateModified":"2023-06-21T10:11:02+00:00","author":{"@id":"https:\/\/www.altominho.tv\/site\/#\/schema\/person\/f95a2097796cf4462fe1e476cddc40e4"},"description":"O Munic\u00edpio de Viana do Castelo vai estar presente na Feira Internacional de Artesanato (FIA), que decorre na FIL - Parque das Na\u00e7\u00f5es, entre os dias 24 de junho e 2 de julho.\u00a0","breadcrumb":{"@id":"https:\/\/www.altominho.tv\/site\/2023\/06\/21\/viana-do-castelo-participa-na-feira-internacional-de-artesanato\/#breadcrumb"},"inLanguage":"pt-PT","potentialAction":[{"@type":"ReadAction","target":["https:\/\/www.altominho.tv\/site\/2023\/06\/21\/viana-do-castelo-participa-na-feira-internacional-de-artesanato\/"]}]},{"@type":"ImageObject","inLanguage":"pt-PT","@id":"https:\/\/www.altominho.tv\/site\/2023\/06\/21\/viana-do-castelo-participa-na-feira-internacional-de-artesanato\/#primaryimage","url":"https:\/\/www.altominho.tv\/site\/wp-content\/uploads\/2023\/06\/FIA-2023.png","contentUrl":"https:\/\/www.altominho.tv\/site\/wp-content\/uploads\/2023\/06\/FIA-2023.png","width":979,"height":362},{"@type":"BreadcrumbList","@id":"https:\/\/www.altominho.tv\/site\/2023\/06\/21\/viana-do-castelo-participa-na-feira-internacional-de-artesanato\/#breadcrumb","itemListElement":[{"@type":"ListItem","position":1,"name":"In\u00edcio","item":"https:\/\/www.altominho.tv\/site\/"},{"@type":"ListItem","position":2,"name":"Viana do Castelo participa na Feira Internacional de Artesanato"}]},{"@type":"WebSite","@id":"https:\/\/www.altominho.tv\/site\/#website","url":"https:\/\/www.altominho.tv\/site\/","name":"Altominho.tv","description":"A sua regi\u00e3o \u00e0 dist\u00e2ncia de um clique...","potentialAction":[{"@type":"SearchAction","target":{"@type":"EntryPoint","urlTemplate":"https:\/\/www.altominho.tv\/site\/?s={search_term_string}"},"query-input":{"@type":"PropertyValueSpecification","valueRequired":true,"valueName":"search_term_string"}}],"inLanguage":"pt-PT"},{"@type":"Person","@id":"https:\/\/www.altominho.tv\/site\/#\/schema\/person\/f95a2097796cf4462fe1e476cddc40e4","name":"Beatriz Lira","image":{"@type":"ImageObject","inLanguage":"pt-PT","@id":"https:\/\/www.altominho.tv\/site\/wp-content\/uploads\/2023\/03\/Screenshot_20230306-141220_Photos-150x150.jpg","url":"https:\/\/www.altominho.tv\/site\/wp-content\/uploads\/2023\/03\/Screenshot_20230306-141220_Photos-150x150.jpg","contentUrl":"https:\/\/www.altominho.tv\/site\/wp-content\/uploads\/2023\/03\/Screenshot_20230306-141220_Photos-150x150.jpg","caption":"Beatriz Lira"},"url":"https:\/\/www.altominho.tv\/site\/author\/beatriz\/"}]}},"_links":{"self":[{"href":"https:\/\/www.altominho.tv\/site\/wp-json\/wp\/v2\/posts\/93588","targetHints":{"allow":["GET"]}}],"collection":[{"href":"https:\/\/www.altominho.tv\/site\/wp-json\/wp\/v2\/posts"}],"about":[{"href":"https:\/\/www.altominho.tv\/site\/wp-json\/wp\/v2\/types\/post"}],"author":[{"embeddable":true,"href":"https:\/\/www.altominho.tv\/site\/wp-json\/wp\/v2\/users\/28"}],"replies":[{"embeddable":true,"href":"https:\/\/www.altominho.tv\/site\/wp-json\/wp\/v2\/comments?post=93588"}],"version-history":[{"count":1,"href":"https:\/\/www.altominho.tv\/site\/wp-json\/wp\/v2\/posts\/93588\/revisions"}],"predecessor-version":[{"id":93590,"href":"https:\/\/www.altominho.tv\/site\/wp-json\/wp\/v2\/posts\/93588\/revisions\/93590"}],"wp:featuredmedia":[{"embeddable":true,"href":"https:\/\/www.altominho.tv\/site\/wp-json\/wp\/v2\/media\/93589"}],"wp:attachment":[{"href":"https:\/\/www.altominho.tv\/site\/wp-json\/wp\/v2\/media?parent=93588"}],"wp:term":[{"taxonomy":"category","embeddable":true,"href":"https:\/\/www.altominho.tv\/site\/wp-json\/wp\/v2\/categories?post=93588"},{"taxonomy":"post_tag","embeddable":true,"href":"https:\/\/www.altominho.tv\/site\/wp-json\/wp\/v2\/tags?post=93588"}],"curies":[{"name":"wp","href":"https:\/\/api.w.org\/{rel}","templated":true}]}}