{"id":93566,"date":"2023-06-20T17:13:38","date_gmt":"2023-06-20T16:13:38","guid":{"rendered":"https:\/\/www.altominho.tv\/site\/?p=93566"},"modified":"2023-06-22T09:58:45","modified_gmt":"2023-06-22T08:58:45","slug":"valenca-melissa-precisa-de-ajuda-para-realizar-tratamento","status":"publish","type":"post","link":"https:\/\/www.altominho.tv\/site\/2023\/06\/20\/valenca-melissa-precisa-de-ajuda-para-realizar-tratamento\/","title":{"rendered":"Valen\u00e7a: Melissa precisa de ajuda para realizar tratamento"},"content":{"rendered":"<p>Hannah Melissa \u00e9 uma crian\u00e7a natural de Valen\u00e7a com dois anos de idade a quem foi diagnosticado um atraso no desenvolvimento e que precisa de ajuda para realizar um tratamento no Centro de Estimula\u00e7\u00e3o Intensiva (CHS), em Braga, que tem o custo de cerca de oito mil euros.<\/p>\n<p>\u201cA Melissa foi tamb\u00e9m diagnosticada com Microcefalia e Trigonocefalia. Estes problemas vieram prejudicar ainda mais o seu desenvolvimento, causar algumas convuls\u00f5es, ataques de epilepsia e muitos outros sustos. No entanto, em agosto do ano passado, ela fez uma opera\u00e7\u00e3o ao c\u00e9rebro no hospital de S. Jo\u00e3o, no Porto, e disseram-nos que acreditavam que ela poderia vir a ter uma qualidade de vida melhor\u201d, come\u00e7a por explicar Suzy Neto, a m\u00e3e de Melissa, em declara\u00e7\u00f5es \u00e0 <strong>Altominho TV<\/strong>.<\/p>\n<p>No entanto, quase um ano ap\u00f3s a interven\u00e7\u00e3o cir\u00fargica, os resultados n\u00e3o foram os esperados.<\/p>\n<p>\u201cA Melissa continua sem andar, sem falar, n\u00e3o se segura sozinha e precisa de imensos cuidados especiais. S\u00f3 pode comer subst\u00e2ncias passadas, pois os seus m\u00fasculos encontram-se presos, o que a faz ter dificuldades em mastigar e engolir. Faz fisioterapia todos os dias. Terapia ocupacional, terapias da fala, entre outras, mas os resultados t\u00eam sido muito poucos, conversamos com o m\u00e9dico sobre estas poucas melhoras e disse-nos que ela tem paralisia cerebral devido \u00e0s complica\u00e7\u00f5es do parto\u201d, frisa Suzy.<\/p>\n<p>&#8220;Os Sonhos da Melissa&#8221; \u00e9 o nome da p\u00e1gina de apoio nas redes sociais. H\u00e1 tamb\u00e9m diversos mealheiros presentes em diversos estabelecimentos p\u00fablicos e rifas solid\u00e1rias.<\/p>\n<p>Suzy Neto \u00e9 natural de S. Tom\u00e9 e Pr\u00edncipe e est\u00e1 em Portugal desde 2012. Em Valen\u00e7a, reside desde 2014. O pai de Melissa \u00e9 natural de Vila Nova de Cerveira.<\/p>\n<p>Quem quiser ajudar a Melissa, pode apoiar atrav\u00e9s do IBAN PT50 003508340003913163071, ou atrav\u00e9s de MB Way: 968559359.<\/p>\n","protected":false},"excerpt":{"rendered":"<p>Hannah Melissa \u00e9 uma crian\u00e7a natural de Valen\u00e7a com dois anos de idade a quem foi diagnosticado um atraso no desenvolvimento e que precisa de ajuda para realizar um tratamento no Centro de Estimula\u00e7\u00e3o Intensiva (CHS), em Braga, que tem o custo de cerca de oito mil euros. \u201cA Melissa foi tamb\u00e9m diagnosticada com Microcefalia [&hellip;]<\/p>\n","protected":false},"author":24,"featured_media":93576,"comment_status":"closed","ping_status":"closed","sticky":false,"template":"","format":"standard","meta":{"_exactmetrics_skip_tracking":false,"_exactmetrics_sitenote_active":false,"_exactmetrics_sitenote_note":"","_exactmetrics_sitenote_category":0,"footnotes":""},"categories":[13],"tags":[27],"class_list":["post-93566","post","type-post","status-publish","format-standard","has-post-thumbnail","hentry","category-valenca","tag-sociedade"],"yoast_head":"<!-- This site is optimized with the Yoast SEO Premium plugin v27.4 (Yoast SEO v27.4) - https:\/\/yoast.com\/product\/yoast-seo-premium-wordpress\/ -->\n<title>Valen\u00e7a: Melissa precisa de ajuda para realizar tratamento<\/title>\n<meta name=\"description\" content=\"Hannah Melissa \u00e9 uma crian\u00e7a natural de Valen\u00e7a diagnosticada com atraso no desenvolvimento e que precisa de ajuda para realizar um tratamento no Centro de Estimula\u00e7\u00e3o Intensiva (CHS), em Braga, que tem o custo de cerca de 8 mil euros.\" \/>\n<meta name=\"robots\" content=\"index, follow, max-snippet:-1, max-image-preview:large, max-video-preview:-1\" \/>\n<link rel=\"canonical\" href=\"https:\/\/www.altominho.tv\/site\/2023\/06\/20\/valenca-melissa-precisa-de-ajuda-para-realizar-tratamento\/\" \/>\n<meta property=\"og:locale\" content=\"pt_PT\" \/>\n<meta property=\"og:type\" content=\"article\" \/>\n<meta property=\"og:title\" content=\"Valen\u00e7a: Melissa precisa de ajuda para realizar tratamento\" \/>\n<meta property=\"og:description\" content=\"Hannah Melissa \u00e9 uma crian\u00e7a natural de Valen\u00e7a diagnosticada com atraso no desenvolvimento e que precisa de ajuda para realizar um tratamento no Centro de Estimula\u00e7\u00e3o Intensiva (CHS), em Braga, que tem o custo de cerca de 8 mil euros.\" \/>\n<meta property=\"og:url\" content=\"https:\/\/www.altominho.tv\/site\/2023\/06\/20\/valenca-melissa-precisa-de-ajuda-para-realizar-tratamento\/\" \/>\n<meta property=\"og:site_name\" content=\"Altominho.tv\" \/>\n<meta property=\"article:publisher\" content=\"https:\/\/www.facebook.com\/altominhotv\" \/>\n<meta property=\"article:published_time\" content=\"2023-06-20T16:13:38+00:00\" \/>\n<meta property=\"article:modified_time\" content=\"2023-06-22T08:58:45+00:00\" \/>\n<meta property=\"og:image\" content=\"https:\/\/www.altominho.tv\/site\/wp-content\/uploads\/2023\/06\/melissa-.jpg\" \/>\n\t<meta property=\"og:image:width\" content=\"1920\" \/>\n\t<meta property=\"og:image:height\" content=\"1080\" \/>\n\t<meta property=\"og:image:type\" content=\"image\/jpeg\" \/>\n<meta name=\"author\" content=\"Cesar Lopes\" \/>\n<meta name=\"twitter:card\" content=\"summary_large_image\" \/>\n<meta name=\"twitter:creator\" content=\"@altominhoTV\" \/>\n<meta name=\"twitter:site\" content=\"@altominhoTV\" \/>\n<meta name=\"twitter:label1\" content=\"Escrito por\" \/>\n\t<meta name=\"twitter:data1\" content=\"Cesar Lopes\" \/>\n\t<meta name=\"twitter:label2\" content=\"Tempo estimado de leitura\" \/>\n\t<meta name=\"twitter:data2\" content=\"2 minutos\" \/>\n<script type=\"application\/ld+json\" class=\"yoast-schema-graph\">{\"@context\":\"https:\\\/\\\/schema.org\",\"@graph\":[{\"@type\":\"Article\",\"@id\":\"https:\\\/\\\/www.altominho.tv\\\/site\\\/2023\\\/06\\\/20\\\/valenca-melissa-precisa-de-ajuda-para-realizar-tratamento\\\/#article\",\"isPartOf\":{\"@id\":\"https:\\\/\\\/www.altominho.tv\\\/site\\\/2023\\\/06\\\/20\\\/valenca-melissa-precisa-de-ajuda-para-realizar-tratamento\\\/\"},\"author\":{\"name\":\"Cesar Lopes\",\"@id\":\"https:\\\/\\\/www.altominho.tv\\\/site\\\/#\\\/schema\\\/person\\\/c5570e5afb933b8d08c43373326ef1b1\"},\"headline\":\"Valen\u00e7a: Melissa precisa de ajuda para realizar tratamento\",\"datePublished\":\"2023-06-20T16:13:38+00:00\",\"dateModified\":\"2023-06-22T08:58:45+00:00\",\"mainEntityOfPage\":{\"@id\":\"https:\\\/\\\/www.altominho.tv\\\/site\\\/2023\\\/06\\\/20\\\/valenca-melissa-precisa-de-ajuda-para-realizar-tratamento\\\/\"},\"wordCount\":323,\"image\":{\"@id\":\"https:\\\/\\\/www.altominho.tv\\\/site\\\/2023\\\/06\\\/20\\\/valenca-melissa-precisa-de-ajuda-para-realizar-tratamento\\\/#primaryimage\"},\"thumbnailUrl\":\"https:\\\/\\\/www.altominho.tv\\\/site\\\/wp-content\\\/uploads\\\/2023\\\/06\\\/melissa-.jpg\",\"keywords\":[\"Sociedade\"],\"articleSection\":[\"Valen\u00e7a\"],\"inLanguage\":\"pt-PT\",\"copyrightYear\":\"2023\",\"copyrightHolder\":{\"@id\":\"https:\\\/\\\/www.altominho.tv\\\/site\\\/#organization\"}},{\"@type\":\"WebPage\",\"@id\":\"https:\\\/\\\/www.altominho.tv\\\/site\\\/2023\\\/06\\\/20\\\/valenca-melissa-precisa-de-ajuda-para-realizar-tratamento\\\/\",\"url\":\"https:\\\/\\\/www.altominho.tv\\\/site\\\/2023\\\/06\\\/20\\\/valenca-melissa-precisa-de-ajuda-para-realizar-tratamento\\\/\",\"name\":\"Valen\u00e7a: Melissa precisa de ajuda para realizar tratamento\",\"isPartOf\":{\"@id\":\"https:\\\/\\\/www.altominho.tv\\\/site\\\/#website\"},\"primaryImageOfPage\":{\"@id\":\"https:\\\/\\\/www.altominho.tv\\\/site\\\/2023\\\/06\\\/20\\\/valenca-melissa-precisa-de-ajuda-para-realizar-tratamento\\\/#primaryimage\"},\"image\":{\"@id\":\"https:\\\/\\\/www.altominho.tv\\\/site\\\/2023\\\/06\\\/20\\\/valenca-melissa-precisa-de-ajuda-para-realizar-tratamento\\\/#primaryimage\"},\"thumbnailUrl\":\"https:\\\/\\\/www.altominho.tv\\\/site\\\/wp-content\\\/uploads\\\/2023\\\/06\\\/melissa-.jpg\",\"datePublished\":\"2023-06-20T16:13:38+00:00\",\"dateModified\":\"2023-06-22T08:58:45+00:00\",\"author\":{\"@id\":\"https:\\\/\\\/www.altominho.tv\\\/site\\\/#\\\/schema\\\/person\\\/c5570e5afb933b8d08c43373326ef1b1\"},\"description\":\"Hannah Melissa \u00e9 uma crian\u00e7a natural de Valen\u00e7a diagnosticada com atraso no desenvolvimento e que precisa de ajuda para realizar um tratamento no Centro de Estimula\u00e7\u00e3o Intensiva (CHS), em Braga, que tem o custo de cerca de 8 mil euros.\",\"breadcrumb\":{\"@id\":\"https:\\\/\\\/www.altominho.tv\\\/site\\\/2023\\\/06\\\/20\\\/valenca-melissa-precisa-de-ajuda-para-realizar-tratamento\\\/#breadcrumb\"},\"inLanguage\":\"pt-PT\",\"potentialAction\":[{\"@type\":\"ReadAction\",\"target\":[\"https:\\\/\\\/www.altominho.tv\\\/site\\\/2023\\\/06\\\/20\\\/valenca-melissa-precisa-de-ajuda-para-realizar-tratamento\\\/\"]}]},{\"@type\":\"ImageObject\",\"inLanguage\":\"pt-PT\",\"@id\":\"https:\\\/\\\/www.altominho.tv\\\/site\\\/2023\\\/06\\\/20\\\/valenca-melissa-precisa-de-ajuda-para-realizar-tratamento\\\/#primaryimage\",\"url\":\"https:\\\/\\\/www.altominho.tv\\\/site\\\/wp-content\\\/uploads\\\/2023\\\/06\\\/melissa-.jpg\",\"contentUrl\":\"https:\\\/\\\/www.altominho.tv\\\/site\\\/wp-content\\\/uploads\\\/2023\\\/06\\\/melissa-.jpg\",\"width\":1920,\"height\":1080},{\"@type\":\"BreadcrumbList\",\"@id\":\"https:\\\/\\\/www.altominho.tv\\\/site\\\/2023\\\/06\\\/20\\\/valenca-melissa-precisa-de-ajuda-para-realizar-tratamento\\\/#breadcrumb\",\"itemListElement\":[{\"@type\":\"ListItem\",\"position\":1,\"name\":\"In\u00edcio\",\"item\":\"https:\\\/\\\/www.altominho.tv\\\/site\\\/\"},{\"@type\":\"ListItem\",\"position\":2,\"name\":\"Valen\u00e7a: Melissa precisa de ajuda para realizar tratamento\"}]},{\"@type\":\"WebSite\",\"@id\":\"https:\\\/\\\/www.altominho.tv\\\/site\\\/#website\",\"url\":\"https:\\\/\\\/www.altominho.tv\\\/site\\\/\",\"name\":\"Altominho.tv\",\"description\":\"A sua regi\u00e3o \u00e0 dist\u00e2ncia de um clique...\",\"potentialAction\":[{\"@type\":\"SearchAction\",\"target\":{\"@type\":\"EntryPoint\",\"urlTemplate\":\"https:\\\/\\\/www.altominho.tv\\\/site\\\/?s={search_term_string}\"},\"query-input\":{\"@type\":\"PropertyValueSpecification\",\"valueRequired\":true,\"valueName\":\"search_term_string\"}}],\"inLanguage\":\"pt-PT\"},{\"@type\":\"Person\",\"@id\":\"https:\\\/\\\/www.altominho.tv\\\/site\\\/#\\\/schema\\\/person\\\/c5570e5afb933b8d08c43373326ef1b1\",\"name\":\"Cesar Lopes\",\"image\":{\"@type\":\"ImageObject\",\"inLanguage\":\"pt-PT\",\"@id\":\"https:\\\/\\\/www.altominho.tv\\\/site\\\/wp-content\\\/uploads\\\/2022\\\/10\\\/Sem-Titulo-150x150.jpg\",\"url\":\"https:\\\/\\\/www.altominho.tv\\\/site\\\/wp-content\\\/uploads\\\/2022\\\/10\\\/Sem-Titulo-150x150.jpg\",\"contentUrl\":\"https:\\\/\\\/www.altominho.tv\\\/site\\\/wp-content\\\/uploads\\\/2022\\\/10\\\/Sem-Titulo-150x150.jpg\",\"caption\":\"Cesar Lopes\"},\"url\":\"https:\\\/\\\/www.altominho.tv\\\/site\\\/author\\\/cesarlopes\\\/\"}]}<\/script>\n<!-- \/ Yoast SEO Premium plugin. -->","yoast_head_json":{"title":"Valen\u00e7a: Melissa precisa de ajuda para realizar tratamento","description":"Hannah Melissa \u00e9 uma crian\u00e7a natural de Valen\u00e7a diagnosticada com atraso no desenvolvimento e que precisa de ajuda para realizar um tratamento no Centro de Estimula\u00e7\u00e3o Intensiva (CHS), em Braga, que tem o custo de cerca de 8 mil euros.","robots":{"index":"index","follow":"follow","max-snippet":"max-snippet:-1","max-image-preview":"max-image-preview:large","max-video-preview":"max-video-preview:-1"},"canonical":"https:\/\/www.altominho.tv\/site\/2023\/06\/20\/valenca-melissa-precisa-de-ajuda-para-realizar-tratamento\/","og_locale":"pt_PT","og_type":"article","og_title":"Valen\u00e7a: Melissa precisa de ajuda para realizar tratamento","og_description":"Hannah Melissa \u00e9 uma crian\u00e7a natural de Valen\u00e7a diagnosticada com atraso no desenvolvimento e que precisa de ajuda para realizar um tratamento no Centro de Estimula\u00e7\u00e3o Intensiva (CHS), em Braga, que tem o custo de cerca de 8 mil euros.","og_url":"https:\/\/www.altominho.tv\/site\/2023\/06\/20\/valenca-melissa-precisa-de-ajuda-para-realizar-tratamento\/","og_site_name":"Altominho.tv","article_publisher":"https:\/\/www.facebook.com\/altominhotv","article_published_time":"2023-06-20T16:13:38+00:00","article_modified_time":"2023-06-22T08:58:45+00:00","og_image":[{"width":1920,"height":1080,"url":"https:\/\/www.altominho.tv\/site\/wp-content\/uploads\/2023\/06\/melissa-.jpg","type":"image\/jpeg"}],"author":"Cesar Lopes","twitter_card":"summary_large_image","twitter_creator":"@altominhoTV","twitter_site":"@altominhoTV","twitter_misc":{"Escrito por":"Cesar Lopes","Tempo estimado de leitura":"2 minutos"},"schema":{"@context":"https:\/\/schema.org","@graph":[{"@type":"Article","@id":"https:\/\/www.altominho.tv\/site\/2023\/06\/20\/valenca-melissa-precisa-de-ajuda-para-realizar-tratamento\/#article","isPartOf":{"@id":"https:\/\/www.altominho.tv\/site\/2023\/06\/20\/valenca-melissa-precisa-de-ajuda-para-realizar-tratamento\/"},"author":{"name":"Cesar Lopes","@id":"https:\/\/www.altominho.tv\/site\/#\/schema\/person\/c5570e5afb933b8d08c43373326ef1b1"},"headline":"Valen\u00e7a: Melissa precisa de ajuda para realizar tratamento","datePublished":"2023-06-20T16:13:38+00:00","dateModified":"2023-06-22T08:58:45+00:00","mainEntityOfPage":{"@id":"https:\/\/www.altominho.tv\/site\/2023\/06\/20\/valenca-melissa-precisa-de-ajuda-para-realizar-tratamento\/"},"wordCount":323,"image":{"@id":"https:\/\/www.altominho.tv\/site\/2023\/06\/20\/valenca-melissa-precisa-de-ajuda-para-realizar-tratamento\/#primaryimage"},"thumbnailUrl":"https:\/\/www.altominho.tv\/site\/wp-content\/uploads\/2023\/06\/melissa-.jpg","keywords":["Sociedade"],"articleSection":["Valen\u00e7a"],"inLanguage":"pt-PT","copyrightYear":"2023","copyrightHolder":{"@id":"https:\/\/www.altominho.tv\/site\/#organization"}},{"@type":"WebPage","@id":"https:\/\/www.altominho.tv\/site\/2023\/06\/20\/valenca-melissa-precisa-de-ajuda-para-realizar-tratamento\/","url":"https:\/\/www.altominho.tv\/site\/2023\/06\/20\/valenca-melissa-precisa-de-ajuda-para-realizar-tratamento\/","name":"Valen\u00e7a: Melissa precisa de ajuda para realizar tratamento","isPartOf":{"@id":"https:\/\/www.altominho.tv\/site\/#website"},"primaryImageOfPage":{"@id":"https:\/\/www.altominho.tv\/site\/2023\/06\/20\/valenca-melissa-precisa-de-ajuda-para-realizar-tratamento\/#primaryimage"},"image":{"@id":"https:\/\/www.altominho.tv\/site\/2023\/06\/20\/valenca-melissa-precisa-de-ajuda-para-realizar-tratamento\/#primaryimage"},"thumbnailUrl":"https:\/\/www.altominho.tv\/site\/wp-content\/uploads\/2023\/06\/melissa-.jpg","datePublished":"2023-06-20T16:13:38+00:00","dateModified":"2023-06-22T08:58:45+00:00","author":{"@id":"https:\/\/www.altominho.tv\/site\/#\/schema\/person\/c5570e5afb933b8d08c43373326ef1b1"},"description":"Hannah Melissa \u00e9 uma crian\u00e7a natural de Valen\u00e7a diagnosticada com atraso no desenvolvimento e que precisa de ajuda para realizar um tratamento no Centro de Estimula\u00e7\u00e3o Intensiva (CHS), em Braga, que tem o custo de cerca de 8 mil euros.","breadcrumb":{"@id":"https:\/\/www.altominho.tv\/site\/2023\/06\/20\/valenca-melissa-precisa-de-ajuda-para-realizar-tratamento\/#breadcrumb"},"inLanguage":"pt-PT","potentialAction":[{"@type":"ReadAction","target":["https:\/\/www.altominho.tv\/site\/2023\/06\/20\/valenca-melissa-precisa-de-ajuda-para-realizar-tratamento\/"]}]},{"@type":"ImageObject","inLanguage":"pt-PT","@id":"https:\/\/www.altominho.tv\/site\/2023\/06\/20\/valenca-melissa-precisa-de-ajuda-para-realizar-tratamento\/#primaryimage","url":"https:\/\/www.altominho.tv\/site\/wp-content\/uploads\/2023\/06\/melissa-.jpg","contentUrl":"https:\/\/www.altominho.tv\/site\/wp-content\/uploads\/2023\/06\/melissa-.jpg","width":1920,"height":1080},{"@type":"BreadcrumbList","@id":"https:\/\/www.altominho.tv\/site\/2023\/06\/20\/valenca-melissa-precisa-de-ajuda-para-realizar-tratamento\/#breadcrumb","itemListElement":[{"@type":"ListItem","position":1,"name":"In\u00edcio","item":"https:\/\/www.altominho.tv\/site\/"},{"@type":"ListItem","position":2,"name":"Valen\u00e7a: Melissa precisa de ajuda para realizar tratamento"}]},{"@type":"WebSite","@id":"https:\/\/www.altominho.tv\/site\/#website","url":"https:\/\/www.altominho.tv\/site\/","name":"Altominho.tv","description":"A sua regi\u00e3o \u00e0 dist\u00e2ncia de um clique...","potentialAction":[{"@type":"SearchAction","target":{"@type":"EntryPoint","urlTemplate":"https:\/\/www.altominho.tv\/site\/?s={search_term_string}"},"query-input":{"@type":"PropertyValueSpecification","valueRequired":true,"valueName":"search_term_string"}}],"inLanguage":"pt-PT"},{"@type":"Person","@id":"https:\/\/www.altominho.tv\/site\/#\/schema\/person\/c5570e5afb933b8d08c43373326ef1b1","name":"Cesar Lopes","image":{"@type":"ImageObject","inLanguage":"pt-PT","@id":"https:\/\/www.altominho.tv\/site\/wp-content\/uploads\/2022\/10\/Sem-Titulo-150x150.jpg","url":"https:\/\/www.altominho.tv\/site\/wp-content\/uploads\/2022\/10\/Sem-Titulo-150x150.jpg","contentUrl":"https:\/\/www.altominho.tv\/site\/wp-content\/uploads\/2022\/10\/Sem-Titulo-150x150.jpg","caption":"Cesar Lopes"},"url":"https:\/\/www.altominho.tv\/site\/author\/cesarlopes\/"}]}},"_links":{"self":[{"href":"https:\/\/www.altominho.tv\/site\/wp-json\/wp\/v2\/posts\/93566","targetHints":{"allow":["GET"]}}],"collection":[{"href":"https:\/\/www.altominho.tv\/site\/wp-json\/wp\/v2\/posts"}],"about":[{"href":"https:\/\/www.altominho.tv\/site\/wp-json\/wp\/v2\/types\/post"}],"author":[{"embeddable":true,"href":"https:\/\/www.altominho.tv\/site\/wp-json\/wp\/v2\/users\/24"}],"replies":[{"embeddable":true,"href":"https:\/\/www.altominho.tv\/site\/wp-json\/wp\/v2\/comments?post=93566"}],"version-history":[{"count":2,"href":"https:\/\/www.altominho.tv\/site\/wp-json\/wp\/v2\/posts\/93566\/revisions"}],"predecessor-version":[{"id":93632,"href":"https:\/\/www.altominho.tv\/site\/wp-json\/wp\/v2\/posts\/93566\/revisions\/93632"}],"wp:featuredmedia":[{"embeddable":true,"href":"https:\/\/www.altominho.tv\/site\/wp-json\/wp\/v2\/media\/93576"}],"wp:attachment":[{"href":"https:\/\/www.altominho.tv\/site\/wp-json\/wp\/v2\/media?parent=93566"}],"wp:term":[{"taxonomy":"category","embeddable":true,"href":"https:\/\/www.altominho.tv\/site\/wp-json\/wp\/v2\/categories?post=93566"},{"taxonomy":"post_tag","embeddable":true,"href":"https:\/\/www.altominho.tv\/site\/wp-json\/wp\/v2\/tags?post=93566"}],"curies":[{"name":"wp","href":"https:\/\/api.w.org\/{rel}","templated":true}]}}