{"id":93520,"date":"2023-06-19T16:45:09","date_gmt":"2023-06-19T15:45:09","guid":{"rendered":"https:\/\/www.altominho.tv\/site\/?p=93520"},"modified":"2023-06-19T16:46:19","modified_gmt":"2023-06-19T15:46:19","slug":"parto-valenca","status":"publish","type":"post","link":"https:\/\/www.altominho.tv\/site\/2023\/06\/19\/parto-valenca\/","title":{"rendered":"Camila nasceu esta segunda-feira na ambul\u00e2ncia dos Bombeiros de Valen\u00e7a"},"content":{"rendered":"\n<p>Camila nasceu na manh\u00e3 desta segunda-feira, na ambul\u00e2ncia dos Bombeiros Volunt\u00e1rios de Valen\u00e7a.<\/p>\n\n\n\n<p>Na p\u00e1gina Facebook, a corpora\u00e7\u00e3o adiantou que \u201cA manh\u00e3 da nossa equipa de Emerg\u00eancia Pr\u00e9-Hospitalar come\u00e7ou de forma radiante, e muito especial!&#8221;.<\/p>\n\n\n\n<p>Pode ler-se ainda que \u201cPelas 8h27 fomos acionados para uma situa\u00e7\u00e3o de poss\u00edvel trabalho de parto, na zona de Gandra.\u00a0Chegadas ao local, as Bombeiras rapidamente se aperceberam da imin\u00eancia da situa\u00e7\u00e3o, tendo sido ativado o apoio diferenciado pelo INEM, com o despacho da SIV Valen\u00e7a (Ambul\u00e2ncia de Suporte Imediato de Vida) que, indo ao encontro da nossa equipa, validou que o encaminhamento para a Unidade de Sa\u00fade do Alto Minho (Viana do Castelo) deveria ser c\u00e9lere\u201d.<\/p>\n\n\n\n<p>\u201cContudo, e ainda a caminho da dita Unidade de Sa\u00fade,\u00a0a pequena Camila decidiu que estava na altura de vir conhecer os pap\u00e1s,\u00a0e como tal, foram iniciados os procedimentos para que o parto se realizasse na nossa Ambul\u00e2ncia, com a maior seguran\u00e7a e higiene poss\u00edvel\u201d.<\/p>\n\n\n\n<p>\u201cEm conjunto com a equipa da SIV Valen\u00e7a (TEPH e Enfermeira) e as nossas Bombeiras, a pequena Camila p\u00f4de nascer s\u00e3 e iniciar o novo cap\u00edtulo na vida desta fam\u00edlia, tendo sido transportados at\u00e9 \u00e0 ULSAM Viana do Castelo sem problemas, tendo o casal feito quest\u00e3o de registar o momento\u201d.<\/p>\n\n\n\n<p>&#8220;Desejamos os parab\u00e9ns aos operacionais envolvidos, a maior das felicidades a esta fam\u00edlia que acaba de crescer, e as boas-vindas \u00e0 pequena Camila, que tornou este turno marcante para n\u00f3s&#8221;, concluiu a corpora\u00e7\u00e3o de Valen\u00e7a.<\/p>\n\n\n\n<p>A m\u00e3e e a beb\u00e9 encontram-se bem.<\/p>\n","protected":false},"excerpt":{"rendered":"<p>Camila nasceu na manh\u00e3 desta segunda-feira, na ambul\u00e2ncia dos Bombeiros Volunt\u00e1rios de Valen\u00e7a. Na p\u00e1gina Facebook, a corpora\u00e7\u00e3o adiantou que \u201cA manh\u00e3 da nossa equipa de Emerg\u00eancia Pr\u00e9-Hospitalar come\u00e7ou de forma radiante, e muito especial!&#8221;. Pode ler-se ainda que \u201cPelas 8h27 fomos acionados para uma situa\u00e7\u00e3o de poss\u00edvel trabalho de parto, na zona de Gandra.\u00a0Chegadas [&hellip;]<\/p>\n","protected":false},"author":7,"featured_media":93521,"comment_status":"closed","ping_status":"closed","sticky":false,"template":"","format":"standard","meta":{"_exactmetrics_skip_tracking":false,"_exactmetrics_sitenote_active":false,"_exactmetrics_sitenote_note":"","_exactmetrics_sitenote_category":0,"footnotes":""},"categories":[13],"tags":[26,27],"class_list":["post-93520","post","type-post","status-publish","format-standard","has-post-thumbnail","hentry","category-valenca","tag-saude","tag-sociedade"],"yoast_head":"<!-- This site is optimized with the Yoast SEO Premium plugin v27.4 (Yoast SEO v27.4) - https:\/\/yoast.com\/product\/yoast-seo-premium-wordpress\/ -->\n<title>Camila nasceu esta segunda-feira na ambul\u00e2ncia dos Bombeiros de Valen\u00e7a<\/title>\n<meta name=\"description\" content=\"Camila nasceu esta segunda-feira na ambul\u00e2ncia dos Bombeiros de Valen\u00e7a.\" \/>\n<meta name=\"robots\" content=\"index, follow, max-snippet:-1, max-image-preview:large, max-video-preview:-1\" \/>\n<link rel=\"canonical\" href=\"https:\/\/www.altominho.tv\/site\/2023\/06\/19\/parto-valenca\/\" \/>\n<meta property=\"og:locale\" content=\"pt_PT\" \/>\n<meta property=\"og:type\" content=\"article\" \/>\n<meta property=\"og:title\" content=\"Camila nasceu esta segunda-feira na ambul\u00e2ncia dos Bombeiros de Valen\u00e7a\" \/>\n<meta property=\"og:description\" content=\"Camila nasceu esta segunda-feira na ambul\u00e2ncia dos Bombeiros de Valen\u00e7a.\" \/>\n<meta property=\"og:url\" content=\"https:\/\/www.altominho.tv\/site\/2023\/06\/19\/parto-valenca\/\" \/>\n<meta property=\"og:site_name\" content=\"Altominho.tv\" \/>\n<meta property=\"article:publisher\" content=\"https:\/\/www.facebook.com\/altominhotv\" \/>\n<meta property=\"article:published_time\" content=\"2023-06-19T15:45:09+00:00\" \/>\n<meta property=\"article:modified_time\" content=\"2023-06-19T15:46:19+00:00\" \/>\n<meta property=\"og:image\" content=\"https:\/\/www.altominho.tv\/site\/wp-content\/uploads\/2023\/06\/parto-bombeiros-valenca1.jpg\" \/>\n\t<meta property=\"og:image:width\" content=\"1071\" \/>\n\t<meta property=\"og:image:height\" content=\"806\" \/>\n\t<meta property=\"og:image:type\" content=\"image\/jpeg\" \/>\n<meta name=\"author\" content=\"Andreia Cunha\" \/>\n<meta name=\"twitter:card\" content=\"summary_large_image\" \/>\n<meta name=\"twitter:creator\" content=\"@altominhoTV\" \/>\n<meta name=\"twitter:site\" content=\"@altominhoTV\" \/>\n<meta name=\"twitter:label1\" content=\"Escrito por\" \/>\n\t<meta name=\"twitter:data1\" content=\"Andreia Cunha\" \/>\n\t<meta name=\"twitter:label2\" content=\"Tempo estimado de leitura\" \/>\n\t<meta name=\"twitter:data2\" content=\"2 minutos\" \/>\n<script type=\"application\/ld+json\" class=\"yoast-schema-graph\">{\"@context\":\"https:\\\/\\\/schema.org\",\"@graph\":[{\"@type\":\"Article\",\"@id\":\"https:\\\/\\\/www.altominho.tv\\\/site\\\/2023\\\/06\\\/19\\\/parto-valenca\\\/#article\",\"isPartOf\":{\"@id\":\"https:\\\/\\\/www.altominho.tv\\\/site\\\/2023\\\/06\\\/19\\\/parto-valenca\\\/\"},\"author\":{\"name\":\"Andreia Cunha\",\"@id\":\"https:\\\/\\\/www.altominho.tv\\\/site\\\/#\\\/schema\\\/person\\\/a0e4ef6d041f98ca284393d8f1d97153\"},\"headline\":\"Camila nasceu esta segunda-feira na ambul\u00e2ncia dos Bombeiros de Valen\u00e7a\",\"datePublished\":\"2023-06-19T15:45:09+00:00\",\"dateModified\":\"2023-06-19T15:46:19+00:00\",\"mainEntityOfPage\":{\"@id\":\"https:\\\/\\\/www.altominho.tv\\\/site\\\/2023\\\/06\\\/19\\\/parto-valenca\\\/\"},\"wordCount\":292,\"image\":{\"@id\":\"https:\\\/\\\/www.altominho.tv\\\/site\\\/2023\\\/06\\\/19\\\/parto-valenca\\\/#primaryimage\"},\"thumbnailUrl\":\"https:\\\/\\\/www.altominho.tv\\\/site\\\/wp-content\\\/uploads\\\/2023\\\/06\\\/parto-bombeiros-valenca1.jpg\",\"keywords\":[\"Sa\u00fade\",\"Sociedade\"],\"articleSection\":[\"Valen\u00e7a\"],\"inLanguage\":\"pt-PT\",\"copyrightYear\":\"2023\",\"copyrightHolder\":{\"@id\":\"https:\\\/\\\/www.altominho.tv\\\/site\\\/#organization\"}},{\"@type\":\"WebPage\",\"@id\":\"https:\\\/\\\/www.altominho.tv\\\/site\\\/2023\\\/06\\\/19\\\/parto-valenca\\\/\",\"url\":\"https:\\\/\\\/www.altominho.tv\\\/site\\\/2023\\\/06\\\/19\\\/parto-valenca\\\/\",\"name\":\"Camila nasceu esta segunda-feira na ambul\u00e2ncia dos Bombeiros de Valen\u00e7a\",\"isPartOf\":{\"@id\":\"https:\\\/\\\/www.altominho.tv\\\/site\\\/#website\"},\"primaryImageOfPage\":{\"@id\":\"https:\\\/\\\/www.altominho.tv\\\/site\\\/2023\\\/06\\\/19\\\/parto-valenca\\\/#primaryimage\"},\"image\":{\"@id\":\"https:\\\/\\\/www.altominho.tv\\\/site\\\/2023\\\/06\\\/19\\\/parto-valenca\\\/#primaryimage\"},\"thumbnailUrl\":\"https:\\\/\\\/www.altominho.tv\\\/site\\\/wp-content\\\/uploads\\\/2023\\\/06\\\/parto-bombeiros-valenca1.jpg\",\"datePublished\":\"2023-06-19T15:45:09+00:00\",\"dateModified\":\"2023-06-19T15:46:19+00:00\",\"author\":{\"@id\":\"https:\\\/\\\/www.altominho.tv\\\/site\\\/#\\\/schema\\\/person\\\/a0e4ef6d041f98ca284393d8f1d97153\"},\"description\":\"Camila nasceu esta segunda-feira na ambul\u00e2ncia dos Bombeiros de Valen\u00e7a.\",\"breadcrumb\":{\"@id\":\"https:\\\/\\\/www.altominho.tv\\\/site\\\/2023\\\/06\\\/19\\\/parto-valenca\\\/#breadcrumb\"},\"inLanguage\":\"pt-PT\",\"potentialAction\":[{\"@type\":\"ReadAction\",\"target\":[\"https:\\\/\\\/www.altominho.tv\\\/site\\\/2023\\\/06\\\/19\\\/parto-valenca\\\/\"]}]},{\"@type\":\"ImageObject\",\"inLanguage\":\"pt-PT\",\"@id\":\"https:\\\/\\\/www.altominho.tv\\\/site\\\/2023\\\/06\\\/19\\\/parto-valenca\\\/#primaryimage\",\"url\":\"https:\\\/\\\/www.altominho.tv\\\/site\\\/wp-content\\\/uploads\\\/2023\\\/06\\\/parto-bombeiros-valenca1.jpg\",\"contentUrl\":\"https:\\\/\\\/www.altominho.tv\\\/site\\\/wp-content\\\/uploads\\\/2023\\\/06\\\/parto-bombeiros-valenca1.jpg\",\"width\":1071,\"height\":806,\"caption\":\"Fotografia: Bombeiros Volunt\u00e1rios de Valen\u00e7a\"},{\"@type\":\"BreadcrumbList\",\"@id\":\"https:\\\/\\\/www.altominho.tv\\\/site\\\/2023\\\/06\\\/19\\\/parto-valenca\\\/#breadcrumb\",\"itemListElement\":[{\"@type\":\"ListItem\",\"position\":1,\"name\":\"In\u00edcio\",\"item\":\"https:\\\/\\\/www.altominho.tv\\\/site\\\/\"},{\"@type\":\"ListItem\",\"position\":2,\"name\":\"Camila nasceu esta segunda-feira na ambul\u00e2ncia dos Bombeiros de Valen\u00e7a\"}]},{\"@type\":\"WebSite\",\"@id\":\"https:\\\/\\\/www.altominho.tv\\\/site\\\/#website\",\"url\":\"https:\\\/\\\/www.altominho.tv\\\/site\\\/\",\"name\":\"Altominho.tv\",\"description\":\"A sua regi\u00e3o \u00e0 dist\u00e2ncia de um clique...\",\"potentialAction\":[{\"@type\":\"SearchAction\",\"target\":{\"@type\":\"EntryPoint\",\"urlTemplate\":\"https:\\\/\\\/www.altominho.tv\\\/site\\\/?s={search_term_string}\"},\"query-input\":{\"@type\":\"PropertyValueSpecification\",\"valueRequired\":true,\"valueName\":\"search_term_string\"}}],\"inLanguage\":\"pt-PT\"},{\"@type\":\"Person\",\"@id\":\"https:\\\/\\\/www.altominho.tv\\\/site\\\/#\\\/schema\\\/person\\\/a0e4ef6d041f98ca284393d8f1d97153\",\"name\":\"Andreia Cunha\",\"image\":{\"@type\":\"ImageObject\",\"inLanguage\":\"pt-PT\",\"@id\":\"https:\\\/\\\/www.altominho.tv\\\/site\\\/wp-content\\\/uploads\\\/2017\\\/11\\\/Andreia_Cunha-1-150x150.jpg\",\"url\":\"https:\\\/\\\/www.altominho.tv\\\/site\\\/wp-content\\\/uploads\\\/2017\\\/11\\\/Andreia_Cunha-1-150x150.jpg\",\"contentUrl\":\"https:\\\/\\\/www.altominho.tv\\\/site\\\/wp-content\\\/uploads\\\/2017\\\/11\\\/Andreia_Cunha-1-150x150.jpg\",\"caption\":\"Andreia Cunha\"},\"url\":\"https:\\\/\\\/www.altominho.tv\\\/site\\\/author\\\/andreiacunha\\\/\"}]}<\/script>\n<!-- \/ Yoast SEO Premium plugin. -->","yoast_head_json":{"title":"Camila nasceu esta segunda-feira na ambul\u00e2ncia dos Bombeiros de Valen\u00e7a","description":"Camila nasceu esta segunda-feira na ambul\u00e2ncia dos Bombeiros de Valen\u00e7a.","robots":{"index":"index","follow":"follow","max-snippet":"max-snippet:-1","max-image-preview":"max-image-preview:large","max-video-preview":"max-video-preview:-1"},"canonical":"https:\/\/www.altominho.tv\/site\/2023\/06\/19\/parto-valenca\/","og_locale":"pt_PT","og_type":"article","og_title":"Camila nasceu esta segunda-feira na ambul\u00e2ncia dos Bombeiros de Valen\u00e7a","og_description":"Camila nasceu esta segunda-feira na ambul\u00e2ncia dos Bombeiros de Valen\u00e7a.","og_url":"https:\/\/www.altominho.tv\/site\/2023\/06\/19\/parto-valenca\/","og_site_name":"Altominho.tv","article_publisher":"https:\/\/www.facebook.com\/altominhotv","article_published_time":"2023-06-19T15:45:09+00:00","article_modified_time":"2023-06-19T15:46:19+00:00","og_image":[{"width":1071,"height":806,"url":"https:\/\/www.altominho.tv\/site\/wp-content\/uploads\/2023\/06\/parto-bombeiros-valenca1.jpg","type":"image\/jpeg"}],"author":"Andreia Cunha","twitter_card":"summary_large_image","twitter_creator":"@altominhoTV","twitter_site":"@altominhoTV","twitter_misc":{"Escrito por":"Andreia Cunha","Tempo estimado de leitura":"2 minutos"},"schema":{"@context":"https:\/\/schema.org","@graph":[{"@type":"Article","@id":"https:\/\/www.altominho.tv\/site\/2023\/06\/19\/parto-valenca\/#article","isPartOf":{"@id":"https:\/\/www.altominho.tv\/site\/2023\/06\/19\/parto-valenca\/"},"author":{"name":"Andreia Cunha","@id":"https:\/\/www.altominho.tv\/site\/#\/schema\/person\/a0e4ef6d041f98ca284393d8f1d97153"},"headline":"Camila nasceu esta segunda-feira na ambul\u00e2ncia dos Bombeiros de Valen\u00e7a","datePublished":"2023-06-19T15:45:09+00:00","dateModified":"2023-06-19T15:46:19+00:00","mainEntityOfPage":{"@id":"https:\/\/www.altominho.tv\/site\/2023\/06\/19\/parto-valenca\/"},"wordCount":292,"image":{"@id":"https:\/\/www.altominho.tv\/site\/2023\/06\/19\/parto-valenca\/#primaryimage"},"thumbnailUrl":"https:\/\/www.altominho.tv\/site\/wp-content\/uploads\/2023\/06\/parto-bombeiros-valenca1.jpg","keywords":["Sa\u00fade","Sociedade"],"articleSection":["Valen\u00e7a"],"inLanguage":"pt-PT","copyrightYear":"2023","copyrightHolder":{"@id":"https:\/\/www.altominho.tv\/site\/#organization"}},{"@type":"WebPage","@id":"https:\/\/www.altominho.tv\/site\/2023\/06\/19\/parto-valenca\/","url":"https:\/\/www.altominho.tv\/site\/2023\/06\/19\/parto-valenca\/","name":"Camila nasceu esta segunda-feira na ambul\u00e2ncia dos Bombeiros de Valen\u00e7a","isPartOf":{"@id":"https:\/\/www.altominho.tv\/site\/#website"},"primaryImageOfPage":{"@id":"https:\/\/www.altominho.tv\/site\/2023\/06\/19\/parto-valenca\/#primaryimage"},"image":{"@id":"https:\/\/www.altominho.tv\/site\/2023\/06\/19\/parto-valenca\/#primaryimage"},"thumbnailUrl":"https:\/\/www.altominho.tv\/site\/wp-content\/uploads\/2023\/06\/parto-bombeiros-valenca1.jpg","datePublished":"2023-06-19T15:45:09+00:00","dateModified":"2023-06-19T15:46:19+00:00","author":{"@id":"https:\/\/www.altominho.tv\/site\/#\/schema\/person\/a0e4ef6d041f98ca284393d8f1d97153"},"description":"Camila nasceu esta segunda-feira na ambul\u00e2ncia dos Bombeiros de Valen\u00e7a.","breadcrumb":{"@id":"https:\/\/www.altominho.tv\/site\/2023\/06\/19\/parto-valenca\/#breadcrumb"},"inLanguage":"pt-PT","potentialAction":[{"@type":"ReadAction","target":["https:\/\/www.altominho.tv\/site\/2023\/06\/19\/parto-valenca\/"]}]},{"@type":"ImageObject","inLanguage":"pt-PT","@id":"https:\/\/www.altominho.tv\/site\/2023\/06\/19\/parto-valenca\/#primaryimage","url":"https:\/\/www.altominho.tv\/site\/wp-content\/uploads\/2023\/06\/parto-bombeiros-valenca1.jpg","contentUrl":"https:\/\/www.altominho.tv\/site\/wp-content\/uploads\/2023\/06\/parto-bombeiros-valenca1.jpg","width":1071,"height":806,"caption":"Fotografia: Bombeiros Volunt\u00e1rios de Valen\u00e7a"},{"@type":"BreadcrumbList","@id":"https:\/\/www.altominho.tv\/site\/2023\/06\/19\/parto-valenca\/#breadcrumb","itemListElement":[{"@type":"ListItem","position":1,"name":"In\u00edcio","item":"https:\/\/www.altominho.tv\/site\/"},{"@type":"ListItem","position":2,"name":"Camila nasceu esta segunda-feira na ambul\u00e2ncia dos Bombeiros de Valen\u00e7a"}]},{"@type":"WebSite","@id":"https:\/\/www.altominho.tv\/site\/#website","url":"https:\/\/www.altominho.tv\/site\/","name":"Altominho.tv","description":"A sua regi\u00e3o \u00e0 dist\u00e2ncia de um clique...","potentialAction":[{"@type":"SearchAction","target":{"@type":"EntryPoint","urlTemplate":"https:\/\/www.altominho.tv\/site\/?s={search_term_string}"},"query-input":{"@type":"PropertyValueSpecification","valueRequired":true,"valueName":"search_term_string"}}],"inLanguage":"pt-PT"},{"@type":"Person","@id":"https:\/\/www.altominho.tv\/site\/#\/schema\/person\/a0e4ef6d041f98ca284393d8f1d97153","name":"Andreia Cunha","image":{"@type":"ImageObject","inLanguage":"pt-PT","@id":"https:\/\/www.altominho.tv\/site\/wp-content\/uploads\/2017\/11\/Andreia_Cunha-1-150x150.jpg","url":"https:\/\/www.altominho.tv\/site\/wp-content\/uploads\/2017\/11\/Andreia_Cunha-1-150x150.jpg","contentUrl":"https:\/\/www.altominho.tv\/site\/wp-content\/uploads\/2017\/11\/Andreia_Cunha-1-150x150.jpg","caption":"Andreia Cunha"},"url":"https:\/\/www.altominho.tv\/site\/author\/andreiacunha\/"}]}},"_links":{"self":[{"href":"https:\/\/www.altominho.tv\/site\/wp-json\/wp\/v2\/posts\/93520","targetHints":{"allow":["GET"]}}],"collection":[{"href":"https:\/\/www.altominho.tv\/site\/wp-json\/wp\/v2\/posts"}],"about":[{"href":"https:\/\/www.altominho.tv\/site\/wp-json\/wp\/v2\/types\/post"}],"author":[{"embeddable":true,"href":"https:\/\/www.altominho.tv\/site\/wp-json\/wp\/v2\/users\/7"}],"replies":[{"embeddable":true,"href":"https:\/\/www.altominho.tv\/site\/wp-json\/wp\/v2\/comments?post=93520"}],"version-history":[{"count":1,"href":"https:\/\/www.altominho.tv\/site\/wp-json\/wp\/v2\/posts\/93520\/revisions"}],"predecessor-version":[{"id":93522,"href":"https:\/\/www.altominho.tv\/site\/wp-json\/wp\/v2\/posts\/93520\/revisions\/93522"}],"wp:featuredmedia":[{"embeddable":true,"href":"https:\/\/www.altominho.tv\/site\/wp-json\/wp\/v2\/media\/93521"}],"wp:attachment":[{"href":"https:\/\/www.altominho.tv\/site\/wp-json\/wp\/v2\/media?parent=93520"}],"wp:term":[{"taxonomy":"category","embeddable":true,"href":"https:\/\/www.altominho.tv\/site\/wp-json\/wp\/v2\/categories?post=93520"},{"taxonomy":"post_tag","embeddable":true,"href":"https:\/\/www.altominho.tv\/site\/wp-json\/wp\/v2\/tags?post=93520"}],"curies":[{"name":"wp","href":"https:\/\/api.w.org\/{rel}","templated":true}]}}