{"id":93443,"date":"2023-06-16T15:49:57","date_gmt":"2023-06-16T14:49:57","guid":{"rendered":"https:\/\/www.altominho.tv\/site\/?p=93443"},"modified":"2023-06-16T16:32:56","modified_gmt":"2023-06-16T15:32:56","slug":"orcamento-participativo-jovem-valenca","status":"publish","type":"post","link":"https:\/\/www.altominho.tv\/site\/2023\/06\/16\/orcamento-participativo-jovem-valenca\/","title":{"rendered":"Or\u00e7amento Participativo: Jovens j\u00e1 podem apresentar propostas"},"content":{"rendered":"<p>O Munic\u00edpio de Valen\u00e7a voltou&nbsp; a lan\u00e7ar o Or\u00e7amento Participativo Jovem 2023, com o intuito de &#8220;investir no esp\u00edrito criativo e empreendedor dos jovens valencianos&#8221;.<\/p>\n<p>&#8220;Com uma dota\u00e7\u00e3o de 50.000 euros, ser\u00e1 poss\u00edvel executar ideias, projetos ou iniciativas que v\u00e3o de encontro \u00e0s aspira\u00e7\u00f5es e necessidades das gera\u00e7\u00f5es jovens do concelho de Valen\u00e7a&#8221;, refere a autarquia.<\/p>\n<p>O Or\u00e7amento Participativo Jovem de Valen\u00e7a (OPJV) \u00e9 um projeto do Munic\u00edpio de Valen\u00e7a, que permite que os jovens valencianos, residentes ou estudantes no concelho, apresentem ideias ou projetos que gostariam de ver implementados no territ\u00f3.<\/p>\n<p>Trata-se de um processo de participa\u00e7\u00e3o democr\u00e1tica no qual, jovens com idades entre os 14 e os 30 anos, podem apresentar e decidir projetos de investimento p\u00fablico.<\/p>\n<p>O prazo para apresenta\u00e7\u00e3o de proposta\/projeto decorre at\u00e9 dia 14 de julho de 2023.<\/p>\n","protected":false},"excerpt":{"rendered":"<p>O Munic\u00edpio de Valen\u00e7a voltou&nbsp; a lan\u00e7ar o Or\u00e7amento Participativo Jovem 2023, com o intuito de &#8220;investir no esp\u00edrito criativo e empreendedor dos jovens valencianos&#8221;. &#8220;Com uma dota\u00e7\u00e3o de 50.000 euros, ser\u00e1 poss\u00edvel executar ideias, projetos ou iniciativas que v\u00e3o de encontro \u00e0s aspira\u00e7\u00f5es e necessidades das gera\u00e7\u00f5es jovens do concelho de Valen\u00e7a&#8221;, refere a [&hellip;]<\/p>\n","protected":false},"author":1,"featured_media":93444,"comment_status":"closed","ping_status":"closed","sticky":false,"template":"","format":"standard","meta":{"_exactmetrics_skip_tracking":false,"_exactmetrics_sitenote_active":false,"_exactmetrics_sitenote_note":"","_exactmetrics_sitenote_category":0,"footnotes":""},"categories":[13],"tags":[27],"class_list":["post-93443","post","type-post","status-publish","format-standard","has-post-thumbnail","hentry","category-valenca","tag-sociedade"],"yoast_head":"<!-- This site is optimized with the Yoast SEO Premium plugin v27.4 (Yoast SEO v27.4) - https:\/\/yoast.com\/product\/yoast-seo-premium-wordpress\/ -->\n<title>Or\u00e7amento Participativo: Jovens j\u00e1 podem apresentar propostas<\/title>\n<meta name=\"description\" content=\"O Munic\u00edpio de Valen\u00e7a voltou\u00a0 a lan\u00e7ar o Or\u00e7amento Participativo Jovem 2023, com o intuito de &quot;investir no esp\u00edrito criativo e empreendedor dos jovens valencianos&quot;.\" \/>\n<meta name=\"robots\" content=\"index, follow, max-snippet:-1, max-image-preview:large, max-video-preview:-1\" \/>\n<link rel=\"canonical\" href=\"https:\/\/www.altominho.tv\/site\/2023\/06\/16\/orcamento-participativo-jovem-valenca\/\" \/>\n<meta property=\"og:locale\" content=\"pt_PT\" \/>\n<meta property=\"og:type\" content=\"article\" \/>\n<meta property=\"og:title\" content=\"Or\u00e7amento Participativo: Jovens j\u00e1 podem apresentar propostas\" \/>\n<meta property=\"og:description\" content=\"O Munic\u00edpio de Valen\u00e7a voltou\u00a0 a lan\u00e7ar o Or\u00e7amento Participativo Jovem 2023, com o intuito de &quot;investir no esp\u00edrito criativo e empreendedor dos jovens valencianos&quot;.\" \/>\n<meta property=\"og:url\" content=\"https:\/\/www.altominho.tv\/site\/2023\/06\/16\/orcamento-participativo-jovem-valenca\/\" \/>\n<meta property=\"og:site_name\" content=\"Altominho.tv\" \/>\n<meta property=\"article:publisher\" content=\"https:\/\/www.facebook.com\/altominhotv\" \/>\n<meta property=\"article:published_time\" content=\"2023-06-16T14:49:57+00:00\" \/>\n<meta property=\"article:modified_time\" content=\"2023-06-16T15:32:56+00:00\" \/>\n<meta property=\"og:image\" content=\"https:\/\/www.altominho.tv\/site\/wp-content\/uploads\/2023\/06\/jovens-empreendedores.jpeg\" \/>\n\t<meta property=\"og:image:width\" content=\"1024\" \/>\n\t<meta property=\"og:image:height\" content=\"576\" \/>\n\t<meta property=\"og:image:type\" content=\"image\/jpeg\" \/>\n<meta name=\"author\" content=\"Altominho.tv\" \/>\n<meta name=\"twitter:card\" content=\"summary_large_image\" \/>\n<meta name=\"twitter:creator\" content=\"@altominhoTV\" \/>\n<meta name=\"twitter:site\" content=\"@altominhoTV\" \/>\n<meta name=\"twitter:label1\" content=\"Escrito por\" \/>\n\t<meta name=\"twitter:data1\" content=\"Altominho.tv\" \/>\n\t<meta name=\"twitter:label2\" content=\"Tempo estimado de leitura\" \/>\n\t<meta name=\"twitter:data2\" content=\"1 minuto\" \/>\n<script type=\"application\/ld+json\" class=\"yoast-schema-graph\">{\"@context\":\"https:\\\/\\\/schema.org\",\"@graph\":[{\"@type\":\"Article\",\"@id\":\"https:\\\/\\\/www.altominho.tv\\\/site\\\/2023\\\/06\\\/16\\\/orcamento-participativo-jovem-valenca\\\/#article\",\"isPartOf\":{\"@id\":\"https:\\\/\\\/www.altominho.tv\\\/site\\\/2023\\\/06\\\/16\\\/orcamento-participativo-jovem-valenca\\\/\"},\"author\":{\"name\":\"Altominho.tv\",\"@id\":\"https:\\\/\\\/www.altominho.tv\\\/site\\\/#\\\/schema\\\/person\\\/4e536851627d7914baf3dac752b6af22\"},\"headline\":\"Or\u00e7amento Participativo: Jovens j\u00e1 podem apresentar propostas\",\"datePublished\":\"2023-06-16T14:49:57+00:00\",\"dateModified\":\"2023-06-16T15:32:56+00:00\",\"mainEntityOfPage\":{\"@id\":\"https:\\\/\\\/www.altominho.tv\\\/site\\\/2023\\\/06\\\/16\\\/orcamento-participativo-jovem-valenca\\\/\"},\"wordCount\":155,\"image\":{\"@id\":\"https:\\\/\\\/www.altominho.tv\\\/site\\\/2023\\\/06\\\/16\\\/orcamento-participativo-jovem-valenca\\\/#primaryimage\"},\"thumbnailUrl\":\"https:\\\/\\\/www.altominho.tv\\\/site\\\/wp-content\\\/uploads\\\/2023\\\/06\\\/jovens-empreendedores.jpeg\",\"keywords\":[\"Sociedade\"],\"articleSection\":[\"Valen\u00e7a\"],\"inLanguage\":\"pt-PT\",\"copyrightYear\":\"2023\",\"copyrightHolder\":{\"@id\":\"https:\\\/\\\/www.altominho.tv\\\/site\\\/#organization\"}},{\"@type\":\"WebPage\",\"@id\":\"https:\\\/\\\/www.altominho.tv\\\/site\\\/2023\\\/06\\\/16\\\/orcamento-participativo-jovem-valenca\\\/\",\"url\":\"https:\\\/\\\/www.altominho.tv\\\/site\\\/2023\\\/06\\\/16\\\/orcamento-participativo-jovem-valenca\\\/\",\"name\":\"Or\u00e7amento Participativo: Jovens j\u00e1 podem apresentar propostas\",\"isPartOf\":{\"@id\":\"https:\\\/\\\/www.altominho.tv\\\/site\\\/#website\"},\"primaryImageOfPage\":{\"@id\":\"https:\\\/\\\/www.altominho.tv\\\/site\\\/2023\\\/06\\\/16\\\/orcamento-participativo-jovem-valenca\\\/#primaryimage\"},\"image\":{\"@id\":\"https:\\\/\\\/www.altominho.tv\\\/site\\\/2023\\\/06\\\/16\\\/orcamento-participativo-jovem-valenca\\\/#primaryimage\"},\"thumbnailUrl\":\"https:\\\/\\\/www.altominho.tv\\\/site\\\/wp-content\\\/uploads\\\/2023\\\/06\\\/jovens-empreendedores.jpeg\",\"datePublished\":\"2023-06-16T14:49:57+00:00\",\"dateModified\":\"2023-06-16T15:32:56+00:00\",\"author\":{\"@id\":\"https:\\\/\\\/www.altominho.tv\\\/site\\\/#\\\/schema\\\/person\\\/4e536851627d7914baf3dac752b6af22\"},\"description\":\"O Munic\u00edpio de Valen\u00e7a voltou\u00a0 a lan\u00e7ar o Or\u00e7amento Participativo Jovem 2023, com o intuito de \\\"investir no esp\u00edrito criativo e empreendedor dos jovens valencianos\\\".\",\"breadcrumb\":{\"@id\":\"https:\\\/\\\/www.altominho.tv\\\/site\\\/2023\\\/06\\\/16\\\/orcamento-participativo-jovem-valenca\\\/#breadcrumb\"},\"inLanguage\":\"pt-PT\",\"potentialAction\":[{\"@type\":\"ReadAction\",\"target\":[\"https:\\\/\\\/www.altominho.tv\\\/site\\\/2023\\\/06\\\/16\\\/orcamento-participativo-jovem-valenca\\\/\"]}]},{\"@type\":\"ImageObject\",\"inLanguage\":\"pt-PT\",\"@id\":\"https:\\\/\\\/www.altominho.tv\\\/site\\\/2023\\\/06\\\/16\\\/orcamento-participativo-jovem-valenca\\\/#primaryimage\",\"url\":\"https:\\\/\\\/www.altominho.tv\\\/site\\\/wp-content\\\/uploads\\\/2023\\\/06\\\/jovens-empreendedores.jpeg\",\"contentUrl\":\"https:\\\/\\\/www.altominho.tv\\\/site\\\/wp-content\\\/uploads\\\/2023\\\/06\\\/jovens-empreendedores.jpeg\",\"width\":1024,\"height\":576},{\"@type\":\"BreadcrumbList\",\"@id\":\"https:\\\/\\\/www.altominho.tv\\\/site\\\/2023\\\/06\\\/16\\\/orcamento-participativo-jovem-valenca\\\/#breadcrumb\",\"itemListElement\":[{\"@type\":\"ListItem\",\"position\":1,\"name\":\"In\u00edcio\",\"item\":\"https:\\\/\\\/www.altominho.tv\\\/site\\\/\"},{\"@type\":\"ListItem\",\"position\":2,\"name\":\"Or\u00e7amento Participativo: Jovens j\u00e1 podem apresentar propostas\"}]},{\"@type\":\"WebSite\",\"@id\":\"https:\\\/\\\/www.altominho.tv\\\/site\\\/#website\",\"url\":\"https:\\\/\\\/www.altominho.tv\\\/site\\\/\",\"name\":\"Altominho.tv\",\"description\":\"A sua regi\u00e3o \u00e0 dist\u00e2ncia de um clique...\",\"potentialAction\":[{\"@type\":\"SearchAction\",\"target\":{\"@type\":\"EntryPoint\",\"urlTemplate\":\"https:\\\/\\\/www.altominho.tv\\\/site\\\/?s={search_term_string}\"},\"query-input\":{\"@type\":\"PropertyValueSpecification\",\"valueRequired\":true,\"valueName\":\"search_term_string\"}}],\"inLanguage\":\"pt-PT\"},{\"@type\":\"Person\",\"@id\":\"https:\\\/\\\/www.altominho.tv\\\/site\\\/#\\\/schema\\\/person\\\/4e536851627d7914baf3dac752b6af22\",\"name\":\"Altominho.tv\",\"image\":{\"@type\":\"ImageObject\",\"inLanguage\":\"pt-PT\",\"@id\":\"https:\\\/\\\/www.altominho.tv\\\/site\\\/wp-content\\\/uploads\\\/2019\\\/11\\\/Logo_Avatar_2-150x150.jpg\",\"url\":\"https:\\\/\\\/www.altominho.tv\\\/site\\\/wp-content\\\/uploads\\\/2019\\\/11\\\/Logo_Avatar_2-150x150.jpg\",\"contentUrl\":\"https:\\\/\\\/www.altominho.tv\\\/site\\\/wp-content\\\/uploads\\\/2019\\\/11\\\/Logo_Avatar_2-150x150.jpg\",\"caption\":\"Altominho.tv\"},\"url\":\"https:\\\/\\\/www.altominho.tv\\\/site\\\/author\\\/altominhotv-tecnico\\\/\"}]}<\/script>\n<!-- \/ Yoast SEO Premium plugin. -->","yoast_head_json":{"title":"Or\u00e7amento Participativo: Jovens j\u00e1 podem apresentar propostas","description":"O Munic\u00edpio de Valen\u00e7a voltou\u00a0 a lan\u00e7ar o Or\u00e7amento Participativo Jovem 2023, com o intuito de \"investir no esp\u00edrito criativo e empreendedor dos jovens valencianos\".","robots":{"index":"index","follow":"follow","max-snippet":"max-snippet:-1","max-image-preview":"max-image-preview:large","max-video-preview":"max-video-preview:-1"},"canonical":"https:\/\/www.altominho.tv\/site\/2023\/06\/16\/orcamento-participativo-jovem-valenca\/","og_locale":"pt_PT","og_type":"article","og_title":"Or\u00e7amento Participativo: Jovens j\u00e1 podem apresentar propostas","og_description":"O Munic\u00edpio de Valen\u00e7a voltou\u00a0 a lan\u00e7ar o Or\u00e7amento Participativo Jovem 2023, com o intuito de \"investir no esp\u00edrito criativo e empreendedor dos jovens valencianos\".","og_url":"https:\/\/www.altominho.tv\/site\/2023\/06\/16\/orcamento-participativo-jovem-valenca\/","og_site_name":"Altominho.tv","article_publisher":"https:\/\/www.facebook.com\/altominhotv","article_published_time":"2023-06-16T14:49:57+00:00","article_modified_time":"2023-06-16T15:32:56+00:00","og_image":[{"width":1024,"height":576,"url":"https:\/\/www.altominho.tv\/site\/wp-content\/uploads\/2023\/06\/jovens-empreendedores.jpeg","type":"image\/jpeg"}],"author":"Altominho.tv","twitter_card":"summary_large_image","twitter_creator":"@altominhoTV","twitter_site":"@altominhoTV","twitter_misc":{"Escrito por":"Altominho.tv","Tempo estimado de leitura":"1 minuto"},"schema":{"@context":"https:\/\/schema.org","@graph":[{"@type":"Article","@id":"https:\/\/www.altominho.tv\/site\/2023\/06\/16\/orcamento-participativo-jovem-valenca\/#article","isPartOf":{"@id":"https:\/\/www.altominho.tv\/site\/2023\/06\/16\/orcamento-participativo-jovem-valenca\/"},"author":{"name":"Altominho.tv","@id":"https:\/\/www.altominho.tv\/site\/#\/schema\/person\/4e536851627d7914baf3dac752b6af22"},"headline":"Or\u00e7amento Participativo: Jovens j\u00e1 podem apresentar propostas","datePublished":"2023-06-16T14:49:57+00:00","dateModified":"2023-06-16T15:32:56+00:00","mainEntityOfPage":{"@id":"https:\/\/www.altominho.tv\/site\/2023\/06\/16\/orcamento-participativo-jovem-valenca\/"},"wordCount":155,"image":{"@id":"https:\/\/www.altominho.tv\/site\/2023\/06\/16\/orcamento-participativo-jovem-valenca\/#primaryimage"},"thumbnailUrl":"https:\/\/www.altominho.tv\/site\/wp-content\/uploads\/2023\/06\/jovens-empreendedores.jpeg","keywords":["Sociedade"],"articleSection":["Valen\u00e7a"],"inLanguage":"pt-PT","copyrightYear":"2023","copyrightHolder":{"@id":"https:\/\/www.altominho.tv\/site\/#organization"}},{"@type":"WebPage","@id":"https:\/\/www.altominho.tv\/site\/2023\/06\/16\/orcamento-participativo-jovem-valenca\/","url":"https:\/\/www.altominho.tv\/site\/2023\/06\/16\/orcamento-participativo-jovem-valenca\/","name":"Or\u00e7amento Participativo: Jovens j\u00e1 podem apresentar propostas","isPartOf":{"@id":"https:\/\/www.altominho.tv\/site\/#website"},"primaryImageOfPage":{"@id":"https:\/\/www.altominho.tv\/site\/2023\/06\/16\/orcamento-participativo-jovem-valenca\/#primaryimage"},"image":{"@id":"https:\/\/www.altominho.tv\/site\/2023\/06\/16\/orcamento-participativo-jovem-valenca\/#primaryimage"},"thumbnailUrl":"https:\/\/www.altominho.tv\/site\/wp-content\/uploads\/2023\/06\/jovens-empreendedores.jpeg","datePublished":"2023-06-16T14:49:57+00:00","dateModified":"2023-06-16T15:32:56+00:00","author":{"@id":"https:\/\/www.altominho.tv\/site\/#\/schema\/person\/4e536851627d7914baf3dac752b6af22"},"description":"O Munic\u00edpio de Valen\u00e7a voltou\u00a0 a lan\u00e7ar o Or\u00e7amento Participativo Jovem 2023, com o intuito de \"investir no esp\u00edrito criativo e empreendedor dos jovens valencianos\".","breadcrumb":{"@id":"https:\/\/www.altominho.tv\/site\/2023\/06\/16\/orcamento-participativo-jovem-valenca\/#breadcrumb"},"inLanguage":"pt-PT","potentialAction":[{"@type":"ReadAction","target":["https:\/\/www.altominho.tv\/site\/2023\/06\/16\/orcamento-participativo-jovem-valenca\/"]}]},{"@type":"ImageObject","inLanguage":"pt-PT","@id":"https:\/\/www.altominho.tv\/site\/2023\/06\/16\/orcamento-participativo-jovem-valenca\/#primaryimage","url":"https:\/\/www.altominho.tv\/site\/wp-content\/uploads\/2023\/06\/jovens-empreendedores.jpeg","contentUrl":"https:\/\/www.altominho.tv\/site\/wp-content\/uploads\/2023\/06\/jovens-empreendedores.jpeg","width":1024,"height":576},{"@type":"BreadcrumbList","@id":"https:\/\/www.altominho.tv\/site\/2023\/06\/16\/orcamento-participativo-jovem-valenca\/#breadcrumb","itemListElement":[{"@type":"ListItem","position":1,"name":"In\u00edcio","item":"https:\/\/www.altominho.tv\/site\/"},{"@type":"ListItem","position":2,"name":"Or\u00e7amento Participativo: Jovens j\u00e1 podem apresentar propostas"}]},{"@type":"WebSite","@id":"https:\/\/www.altominho.tv\/site\/#website","url":"https:\/\/www.altominho.tv\/site\/","name":"Altominho.tv","description":"A sua regi\u00e3o \u00e0 dist\u00e2ncia de um clique...","potentialAction":[{"@type":"SearchAction","target":{"@type":"EntryPoint","urlTemplate":"https:\/\/www.altominho.tv\/site\/?s={search_term_string}"},"query-input":{"@type":"PropertyValueSpecification","valueRequired":true,"valueName":"search_term_string"}}],"inLanguage":"pt-PT"},{"@type":"Person","@id":"https:\/\/www.altominho.tv\/site\/#\/schema\/person\/4e536851627d7914baf3dac752b6af22","name":"Altominho.tv","image":{"@type":"ImageObject","inLanguage":"pt-PT","@id":"https:\/\/www.altominho.tv\/site\/wp-content\/uploads\/2019\/11\/Logo_Avatar_2-150x150.jpg","url":"https:\/\/www.altominho.tv\/site\/wp-content\/uploads\/2019\/11\/Logo_Avatar_2-150x150.jpg","contentUrl":"https:\/\/www.altominho.tv\/site\/wp-content\/uploads\/2019\/11\/Logo_Avatar_2-150x150.jpg","caption":"Altominho.tv"},"url":"https:\/\/www.altominho.tv\/site\/author\/altominhotv-tecnico\/"}]}},"_links":{"self":[{"href":"https:\/\/www.altominho.tv\/site\/wp-json\/wp\/v2\/posts\/93443","targetHints":{"allow":["GET"]}}],"collection":[{"href":"https:\/\/www.altominho.tv\/site\/wp-json\/wp\/v2\/posts"}],"about":[{"href":"https:\/\/www.altominho.tv\/site\/wp-json\/wp\/v2\/types\/post"}],"author":[{"embeddable":true,"href":"https:\/\/www.altominho.tv\/site\/wp-json\/wp\/v2\/users\/1"}],"replies":[{"embeddable":true,"href":"https:\/\/www.altominho.tv\/site\/wp-json\/wp\/v2\/comments?post=93443"}],"version-history":[{"count":2,"href":"https:\/\/www.altominho.tv\/site\/wp-json\/wp\/v2\/posts\/93443\/revisions"}],"predecessor-version":[{"id":93446,"href":"https:\/\/www.altominho.tv\/site\/wp-json\/wp\/v2\/posts\/93443\/revisions\/93446"}],"wp:featuredmedia":[{"embeddable":true,"href":"https:\/\/www.altominho.tv\/site\/wp-json\/wp\/v2\/media\/93444"}],"wp:attachment":[{"href":"https:\/\/www.altominho.tv\/site\/wp-json\/wp\/v2\/media?parent=93443"}],"wp:term":[{"taxonomy":"category","embeddable":true,"href":"https:\/\/www.altominho.tv\/site\/wp-json\/wp\/v2\/categories?post=93443"},{"taxonomy":"post_tag","embeddable":true,"href":"https:\/\/www.altominho.tv\/site\/wp-json\/wp\/v2\/tags?post=93443"}],"curies":[{"name":"wp","href":"https:\/\/api.w.org\/{rel}","templated":true}]}}