{"id":93388,"date":"2023-06-15T13:04:03","date_gmt":"2023-06-15T12:04:03","guid":{"rendered":"https:\/\/www.altominho.tv\/site\/?p=93388"},"modified":"2023-06-15T13:06:57","modified_gmt":"2023-06-15T12:06:57","slug":"paredes-de-coura-recebe-festa-do-btt-e-campeonato-nacional-universitario","status":"publish","type":"post","link":"https:\/\/www.altominho.tv\/site\/2023\/06\/15\/paredes-de-coura-recebe-festa-do-btt-e-campeonato-nacional-universitario\/","title":{"rendered":"Paredes de Coura recebe festa do BTT e Campeonato Nacional Universit\u00e1rio"},"content":{"rendered":"<p>A festa do BTT est\u00e1 de regresso a Paredes de Coura com a realiza\u00e7\u00e3o do 10\u00ba BTT XCO Paredes de Coura, uma prova pontu\u00e1vel para o Campeonato do Minho de BTT XCO &#8211; POPP Agency, bem como a realiza\u00e7\u00e3o do Campeonato Nacional Universit\u00e1rio.<\/p>\n<p>O evento ter\u00e1 lugar na Pista de XCO do Centro Cyclin\u2019 Paredes de Coura, na freguesia de Vasc\u00f5es, no dia 18 de junho.<\/p>\n<p>\u201cTemos a expectativa de testar algumas melhorias que fizemos, tendo em vista o Campeonato Nacional, que acontecer\u00e1 c\u00e1 em julho\u201d, reconheceu Tiago Cunha, vice-presidente da C\u00e2mara de Paredes de Coura, para quem \u201ca envolvente \u00e0 pista, em plena \u00e1rea da Paisagem Protegida do Corno de Bico, \u00e9 um bom cart\u00e3o-de-visita para que os amantes de BTT possam querer visitar Paredes de Coura e testar os trilhos do centro de Cyclin\u00b4 Portugal de Paredes de Coura\u201d.<\/p>\n<p>O evento \u00e9 organizado pela Associa\u00e7\u00e3o de Ciclismo do Minho e pelo Munic\u00edpio de Paredes de Coura, com o apoio da Federa\u00e7\u00e3o Portuguesa de Ciclismo.<\/p>\n<p>O 10\u00ba BTT XCO Paredes de Coura integrar\u00e1 corridas para os escal\u00f5es de escolas, durante a manh\u00e3, e competi\u00e7\u00e3o, a partir das 13h00. Assim, o secretariado e a pista para treinos abrem \u00e0s 9h00.<\/p>\n<p>Segue-se a reuni\u00e3o com os diretores desportivos de escolas (9h45) e as provas arrancam \u00e0s 10h00. A cerim\u00f3nia protocolar de escolas est\u00e1 agendada para as 12h00. \u00c0s 13h00 arrancam as provas dos escal\u00f5es de cadetes, femininas e paraciclismo, seguindo-se as provas de elites, juniores e masters, \u00e0s 14h45. A cerim\u00f3nia protocolar da competi\u00e7\u00e3o est\u00e1 agendada para as 16h30<\/p>\n<p>Paralelamente ao 10\u00ba BTT XCO Paredes de Coura ocorre tamb\u00e9m o Campeonato Nacional Universit\u00e1rio da vertente, pelo que o autarca n\u00e3o esconde \u201ca honra que \u00e9 para Paredes de Coura\u201d receber t\u00e3o importante iniciativa, n\u00e3o s\u00f3 por se tratar de \u201cum elemento adicional de interesse para os amantes da modalidade, como tamb\u00e9m \u00e9 particularmente importante apoiar os mais jovens para garantir o futuro da modalidade\u201d, concluiu.<\/p>\n","protected":false},"excerpt":{"rendered":"<p>A festa do BTT est\u00e1 de regresso a Paredes de Coura com a realiza\u00e7\u00e3o do 10\u00ba BTT XCO Paredes de Coura, uma prova pontu\u00e1vel para o Campeonato do Minho de BTT XCO &#8211; POPP Agency, bem como a realiza\u00e7\u00e3o do Campeonato Nacional Universit\u00e1rio. O evento ter\u00e1 lugar na Pista de XCO do Centro Cyclin\u2019 Paredes [&hellip;]<\/p>\n","protected":false},"author":28,"featured_media":93392,"comment_status":"closed","ping_status":"closed","sticky":false,"template":"","format":"standard","meta":{"_exactmetrics_skip_tracking":false,"_exactmetrics_sitenote_active":false,"_exactmetrics_sitenote_note":"","_exactmetrics_sitenote_category":0,"footnotes":""},"categories":[10],"tags":[20],"class_list":["post-93388","post","type-post","status-publish","format-standard","has-post-thumbnail","hentry","category-paredes-de-coura","tag-desporto"],"yoast_head":"<!-- This site is optimized with the Yoast SEO Premium plugin v27.5 (Yoast SEO v27.5) - https:\/\/yoast.com\/product\/yoast-seo-premium-wordpress\/ -->\n<title>Paredes de Coura recebe festa do BTT e Campeonato Nacional Universit\u00e1rio<\/title>\n<meta name=\"description\" content=\"A festa do BTT est\u00e1 de regresso a Paredes de Coura com a realiza\u00e7\u00e3o do 10\u00ba BTT XCO Paredes de Coura, uma prova pontu\u00e1vel para o Campeonato do Minho de BTT XCO - POPP Agency, bem como a realiza\u00e7\u00e3o do Campeonato Nacional Universit\u00e1rio.\" \/>\n<meta name=\"robots\" content=\"index, follow, max-snippet:-1, max-image-preview:large, max-video-preview:-1\" \/>\n<link rel=\"canonical\" href=\"https:\/\/www.altominho.tv\/site\/2023\/06\/15\/paredes-de-coura-recebe-festa-do-btt-e-campeonato-nacional-universitario\/\" \/>\n<meta property=\"og:locale\" content=\"pt_PT\" \/>\n<meta property=\"og:type\" content=\"article\" \/>\n<meta property=\"og:title\" content=\"Paredes de Coura recebe festa do BTT e Campeonato Nacional Universit\u00e1rio\" \/>\n<meta property=\"og:description\" content=\"A festa do BTT est\u00e1 de regresso a Paredes de Coura com a realiza\u00e7\u00e3o do 10\u00ba BTT XCO Paredes de Coura, uma prova pontu\u00e1vel para o Campeonato do Minho de BTT XCO - POPP Agency, bem como a realiza\u00e7\u00e3o do Campeonato Nacional Universit\u00e1rio.\" \/>\n<meta property=\"og:url\" content=\"https:\/\/www.altominho.tv\/site\/2023\/06\/15\/paredes-de-coura-recebe-festa-do-btt-e-campeonato-nacional-universitario\/\" \/>\n<meta property=\"og:site_name\" content=\"Altominho.tv\" \/>\n<meta property=\"article:publisher\" content=\"https:\/\/www.facebook.com\/altominhotv\" \/>\n<meta property=\"article:published_time\" content=\"2023-06-15T12:04:03+00:00\" \/>\n<meta property=\"article:modified_time\" content=\"2023-06-15T12:06:57+00:00\" \/>\n<meta property=\"og:image\" content=\"https:\/\/www.altominho.tv\/site\/wp-content\/uploads\/2023\/06\/BTT-3-1.jpeg\" \/>\n\t<meta property=\"og:image:width\" content=\"2048\" \/>\n\t<meta property=\"og:image:height\" content=\"1105\" \/>\n\t<meta property=\"og:image:type\" content=\"image\/jpeg\" \/>\n<meta name=\"author\" content=\"Beatriz Lira\" \/>\n<meta name=\"twitter:card\" content=\"summary_large_image\" \/>\n<meta name=\"twitter:creator\" content=\"@altominhoTV\" \/>\n<meta name=\"twitter:site\" content=\"@altominhoTV\" \/>\n<meta name=\"twitter:label1\" content=\"Escrito por\" \/>\n\t<meta name=\"twitter:data1\" content=\"Beatriz Lira\" \/>\n\t<meta name=\"twitter:label2\" content=\"Tempo estimado de leitura\" \/>\n\t<meta name=\"twitter:data2\" content=\"2 minutos\" \/>\n<script type=\"application\/ld+json\" class=\"yoast-schema-graph\">{\"@context\":\"https:\\\/\\\/schema.org\",\"@graph\":[{\"@type\":\"Article\",\"@id\":\"https:\\\/\\\/www.altominho.tv\\\/site\\\/2023\\\/06\\\/15\\\/paredes-de-coura-recebe-festa-do-btt-e-campeonato-nacional-universitario\\\/#article\",\"isPartOf\":{\"@id\":\"https:\\\/\\\/www.altominho.tv\\\/site\\\/2023\\\/06\\\/15\\\/paredes-de-coura-recebe-festa-do-btt-e-campeonato-nacional-universitario\\\/\"},\"author\":{\"name\":\"Beatriz Lira\",\"@id\":\"https:\\\/\\\/www.altominho.tv\\\/site\\\/#\\\/schema\\\/person\\\/f95a2097796cf4462fe1e476cddc40e4\"},\"headline\":\"Paredes de Coura recebe festa do BTT e Campeonato Nacional Universit\u00e1rio\",\"datePublished\":\"2023-06-15T12:04:03+00:00\",\"dateModified\":\"2023-06-15T12:06:57+00:00\",\"mainEntityOfPage\":{\"@id\":\"https:\\\/\\\/www.altominho.tv\\\/site\\\/2023\\\/06\\\/15\\\/paredes-de-coura-recebe-festa-do-btt-e-campeonato-nacional-universitario\\\/\"},\"wordCount\":350,\"image\":{\"@id\":\"https:\\\/\\\/www.altominho.tv\\\/site\\\/2023\\\/06\\\/15\\\/paredes-de-coura-recebe-festa-do-btt-e-campeonato-nacional-universitario\\\/#primaryimage\"},\"thumbnailUrl\":\"https:\\\/\\\/www.altominho.tv\\\/site\\\/wp-content\\\/uploads\\\/2023\\\/06\\\/BTT-3-1.jpeg\",\"keywords\":[\"Desporto\"],\"articleSection\":[\"Paredes de Coura\"],\"inLanguage\":\"pt-PT\",\"copyrightYear\":\"2023\",\"copyrightHolder\":{\"@id\":\"https:\\\/\\\/www.altominho.tv\\\/site\\\/#organization\"}},{\"@type\":\"WebPage\",\"@id\":\"https:\\\/\\\/www.altominho.tv\\\/site\\\/2023\\\/06\\\/15\\\/paredes-de-coura-recebe-festa-do-btt-e-campeonato-nacional-universitario\\\/\",\"url\":\"https:\\\/\\\/www.altominho.tv\\\/site\\\/2023\\\/06\\\/15\\\/paredes-de-coura-recebe-festa-do-btt-e-campeonato-nacional-universitario\\\/\",\"name\":\"Paredes de Coura recebe festa do BTT e Campeonato Nacional Universit\u00e1rio\",\"isPartOf\":{\"@id\":\"https:\\\/\\\/www.altominho.tv\\\/site\\\/#website\"},\"primaryImageOfPage\":{\"@id\":\"https:\\\/\\\/www.altominho.tv\\\/site\\\/2023\\\/06\\\/15\\\/paredes-de-coura-recebe-festa-do-btt-e-campeonato-nacional-universitario\\\/#primaryimage\"},\"image\":{\"@id\":\"https:\\\/\\\/www.altominho.tv\\\/site\\\/2023\\\/06\\\/15\\\/paredes-de-coura-recebe-festa-do-btt-e-campeonato-nacional-universitario\\\/#primaryimage\"},\"thumbnailUrl\":\"https:\\\/\\\/www.altominho.tv\\\/site\\\/wp-content\\\/uploads\\\/2023\\\/06\\\/BTT-3-1.jpeg\",\"datePublished\":\"2023-06-15T12:04:03+00:00\",\"dateModified\":\"2023-06-15T12:06:57+00:00\",\"author\":{\"@id\":\"https:\\\/\\\/www.altominho.tv\\\/site\\\/#\\\/schema\\\/person\\\/f95a2097796cf4462fe1e476cddc40e4\"},\"description\":\"A festa do BTT est\u00e1 de regresso a Paredes de Coura com a realiza\u00e7\u00e3o do 10\u00ba BTT XCO Paredes de Coura, uma prova pontu\u00e1vel para o Campeonato do Minho de BTT XCO - POPP Agency, bem como a realiza\u00e7\u00e3o do Campeonato Nacional Universit\u00e1rio.\",\"breadcrumb\":{\"@id\":\"https:\\\/\\\/www.altominho.tv\\\/site\\\/2023\\\/06\\\/15\\\/paredes-de-coura-recebe-festa-do-btt-e-campeonato-nacional-universitario\\\/#breadcrumb\"},\"inLanguage\":\"pt-PT\",\"potentialAction\":[{\"@type\":\"ReadAction\",\"target\":[\"https:\\\/\\\/www.altominho.tv\\\/site\\\/2023\\\/06\\\/15\\\/paredes-de-coura-recebe-festa-do-btt-e-campeonato-nacional-universitario\\\/\"]}]},{\"@type\":\"ImageObject\",\"inLanguage\":\"pt-PT\",\"@id\":\"https:\\\/\\\/www.altominho.tv\\\/site\\\/2023\\\/06\\\/15\\\/paredes-de-coura-recebe-festa-do-btt-e-campeonato-nacional-universitario\\\/#primaryimage\",\"url\":\"https:\\\/\\\/www.altominho.tv\\\/site\\\/wp-content\\\/uploads\\\/2023\\\/06\\\/BTT-3-1.jpeg\",\"contentUrl\":\"https:\\\/\\\/www.altominho.tv\\\/site\\\/wp-content\\\/uploads\\\/2023\\\/06\\\/BTT-3-1.jpeg\",\"width\":2048,\"height\":1105},{\"@type\":\"BreadcrumbList\",\"@id\":\"https:\\\/\\\/www.altominho.tv\\\/site\\\/2023\\\/06\\\/15\\\/paredes-de-coura-recebe-festa-do-btt-e-campeonato-nacional-universitario\\\/#breadcrumb\",\"itemListElement\":[{\"@type\":\"ListItem\",\"position\":1,\"name\":\"In\u00edcio\",\"item\":\"https:\\\/\\\/www.altominho.tv\\\/site\\\/\"},{\"@type\":\"ListItem\",\"position\":2,\"name\":\"Paredes de Coura recebe festa do BTT e Campeonato Nacional Universit\u00e1rio\"}]},{\"@type\":\"WebSite\",\"@id\":\"https:\\\/\\\/www.altominho.tv\\\/site\\\/#website\",\"url\":\"https:\\\/\\\/www.altominho.tv\\\/site\\\/\",\"name\":\"Altominho.tv\",\"description\":\"A sua regi\u00e3o \u00e0 dist\u00e2ncia de um clique...\",\"potentialAction\":[{\"@type\":\"SearchAction\",\"target\":{\"@type\":\"EntryPoint\",\"urlTemplate\":\"https:\\\/\\\/www.altominho.tv\\\/site\\\/?s={search_term_string}\"},\"query-input\":{\"@type\":\"PropertyValueSpecification\",\"valueRequired\":true,\"valueName\":\"search_term_string\"}}],\"inLanguage\":\"pt-PT\"},{\"@type\":\"Person\",\"@id\":\"https:\\\/\\\/www.altominho.tv\\\/site\\\/#\\\/schema\\\/person\\\/f95a2097796cf4462fe1e476cddc40e4\",\"name\":\"Beatriz Lira\",\"image\":{\"@type\":\"ImageObject\",\"inLanguage\":\"pt-PT\",\"@id\":\"https:\\\/\\\/www.altominho.tv\\\/site\\\/wp-content\\\/uploads\\\/2023\\\/03\\\/Screenshot_20230306-141220_Photos-150x150.jpg\",\"url\":\"https:\\\/\\\/www.altominho.tv\\\/site\\\/wp-content\\\/uploads\\\/2023\\\/03\\\/Screenshot_20230306-141220_Photos-150x150.jpg\",\"contentUrl\":\"https:\\\/\\\/www.altominho.tv\\\/site\\\/wp-content\\\/uploads\\\/2023\\\/03\\\/Screenshot_20230306-141220_Photos-150x150.jpg\",\"caption\":\"Beatriz Lira\"},\"url\":\"https:\\\/\\\/www.altominho.tv\\\/site\\\/author\\\/beatriz\\\/\"}]}<\/script>\n<!-- \/ Yoast SEO Premium plugin. -->","yoast_head_json":{"title":"Paredes de Coura recebe festa do BTT e Campeonato Nacional Universit\u00e1rio","description":"A festa do BTT est\u00e1 de regresso a Paredes de Coura com a realiza\u00e7\u00e3o do 10\u00ba BTT XCO Paredes de Coura, uma prova pontu\u00e1vel para o Campeonato do Minho de BTT XCO - POPP Agency, bem como a realiza\u00e7\u00e3o do Campeonato Nacional Universit\u00e1rio.","robots":{"index":"index","follow":"follow","max-snippet":"max-snippet:-1","max-image-preview":"max-image-preview:large","max-video-preview":"max-video-preview:-1"},"canonical":"https:\/\/www.altominho.tv\/site\/2023\/06\/15\/paredes-de-coura-recebe-festa-do-btt-e-campeonato-nacional-universitario\/","og_locale":"pt_PT","og_type":"article","og_title":"Paredes de Coura recebe festa do BTT e Campeonato Nacional Universit\u00e1rio","og_description":"A festa do BTT est\u00e1 de regresso a Paredes de Coura com a realiza\u00e7\u00e3o do 10\u00ba BTT XCO Paredes de Coura, uma prova pontu\u00e1vel para o Campeonato do Minho de BTT XCO - POPP Agency, bem como a realiza\u00e7\u00e3o do Campeonato Nacional Universit\u00e1rio.","og_url":"https:\/\/www.altominho.tv\/site\/2023\/06\/15\/paredes-de-coura-recebe-festa-do-btt-e-campeonato-nacional-universitario\/","og_site_name":"Altominho.tv","article_publisher":"https:\/\/www.facebook.com\/altominhotv","article_published_time":"2023-06-15T12:04:03+00:00","article_modified_time":"2023-06-15T12:06:57+00:00","og_image":[{"width":2048,"height":1105,"url":"https:\/\/www.altominho.tv\/site\/wp-content\/uploads\/2023\/06\/BTT-3-1.jpeg","type":"image\/jpeg"}],"author":"Beatriz Lira","twitter_card":"summary_large_image","twitter_creator":"@altominhoTV","twitter_site":"@altominhoTV","twitter_misc":{"Escrito por":"Beatriz Lira","Tempo estimado de leitura":"2 minutos"},"schema":{"@context":"https:\/\/schema.org","@graph":[{"@type":"Article","@id":"https:\/\/www.altominho.tv\/site\/2023\/06\/15\/paredes-de-coura-recebe-festa-do-btt-e-campeonato-nacional-universitario\/#article","isPartOf":{"@id":"https:\/\/www.altominho.tv\/site\/2023\/06\/15\/paredes-de-coura-recebe-festa-do-btt-e-campeonato-nacional-universitario\/"},"author":{"name":"Beatriz Lira","@id":"https:\/\/www.altominho.tv\/site\/#\/schema\/person\/f95a2097796cf4462fe1e476cddc40e4"},"headline":"Paredes de Coura recebe festa do BTT e Campeonato Nacional Universit\u00e1rio","datePublished":"2023-06-15T12:04:03+00:00","dateModified":"2023-06-15T12:06:57+00:00","mainEntityOfPage":{"@id":"https:\/\/www.altominho.tv\/site\/2023\/06\/15\/paredes-de-coura-recebe-festa-do-btt-e-campeonato-nacional-universitario\/"},"wordCount":350,"image":{"@id":"https:\/\/www.altominho.tv\/site\/2023\/06\/15\/paredes-de-coura-recebe-festa-do-btt-e-campeonato-nacional-universitario\/#primaryimage"},"thumbnailUrl":"https:\/\/www.altominho.tv\/site\/wp-content\/uploads\/2023\/06\/BTT-3-1.jpeg","keywords":["Desporto"],"articleSection":["Paredes de Coura"],"inLanguage":"pt-PT","copyrightYear":"2023","copyrightHolder":{"@id":"https:\/\/www.altominho.tv\/site\/#organization"}},{"@type":"WebPage","@id":"https:\/\/www.altominho.tv\/site\/2023\/06\/15\/paredes-de-coura-recebe-festa-do-btt-e-campeonato-nacional-universitario\/","url":"https:\/\/www.altominho.tv\/site\/2023\/06\/15\/paredes-de-coura-recebe-festa-do-btt-e-campeonato-nacional-universitario\/","name":"Paredes de Coura recebe festa do BTT e Campeonato Nacional Universit\u00e1rio","isPartOf":{"@id":"https:\/\/www.altominho.tv\/site\/#website"},"primaryImageOfPage":{"@id":"https:\/\/www.altominho.tv\/site\/2023\/06\/15\/paredes-de-coura-recebe-festa-do-btt-e-campeonato-nacional-universitario\/#primaryimage"},"image":{"@id":"https:\/\/www.altominho.tv\/site\/2023\/06\/15\/paredes-de-coura-recebe-festa-do-btt-e-campeonato-nacional-universitario\/#primaryimage"},"thumbnailUrl":"https:\/\/www.altominho.tv\/site\/wp-content\/uploads\/2023\/06\/BTT-3-1.jpeg","datePublished":"2023-06-15T12:04:03+00:00","dateModified":"2023-06-15T12:06:57+00:00","author":{"@id":"https:\/\/www.altominho.tv\/site\/#\/schema\/person\/f95a2097796cf4462fe1e476cddc40e4"},"description":"A festa do BTT est\u00e1 de regresso a Paredes de Coura com a realiza\u00e7\u00e3o do 10\u00ba BTT XCO Paredes de Coura, uma prova pontu\u00e1vel para o Campeonato do Minho de BTT XCO - POPP Agency, bem como a realiza\u00e7\u00e3o do Campeonato Nacional Universit\u00e1rio.","breadcrumb":{"@id":"https:\/\/www.altominho.tv\/site\/2023\/06\/15\/paredes-de-coura-recebe-festa-do-btt-e-campeonato-nacional-universitario\/#breadcrumb"},"inLanguage":"pt-PT","potentialAction":[{"@type":"ReadAction","target":["https:\/\/www.altominho.tv\/site\/2023\/06\/15\/paredes-de-coura-recebe-festa-do-btt-e-campeonato-nacional-universitario\/"]}]},{"@type":"ImageObject","inLanguage":"pt-PT","@id":"https:\/\/www.altominho.tv\/site\/2023\/06\/15\/paredes-de-coura-recebe-festa-do-btt-e-campeonato-nacional-universitario\/#primaryimage","url":"https:\/\/www.altominho.tv\/site\/wp-content\/uploads\/2023\/06\/BTT-3-1.jpeg","contentUrl":"https:\/\/www.altominho.tv\/site\/wp-content\/uploads\/2023\/06\/BTT-3-1.jpeg","width":2048,"height":1105},{"@type":"BreadcrumbList","@id":"https:\/\/www.altominho.tv\/site\/2023\/06\/15\/paredes-de-coura-recebe-festa-do-btt-e-campeonato-nacional-universitario\/#breadcrumb","itemListElement":[{"@type":"ListItem","position":1,"name":"In\u00edcio","item":"https:\/\/www.altominho.tv\/site\/"},{"@type":"ListItem","position":2,"name":"Paredes de Coura recebe festa do BTT e Campeonato Nacional Universit\u00e1rio"}]},{"@type":"WebSite","@id":"https:\/\/www.altominho.tv\/site\/#website","url":"https:\/\/www.altominho.tv\/site\/","name":"Altominho.tv","description":"A sua regi\u00e3o \u00e0 dist\u00e2ncia de um clique...","potentialAction":[{"@type":"SearchAction","target":{"@type":"EntryPoint","urlTemplate":"https:\/\/www.altominho.tv\/site\/?s={search_term_string}"},"query-input":{"@type":"PropertyValueSpecification","valueRequired":true,"valueName":"search_term_string"}}],"inLanguage":"pt-PT"},{"@type":"Person","@id":"https:\/\/www.altominho.tv\/site\/#\/schema\/person\/f95a2097796cf4462fe1e476cddc40e4","name":"Beatriz Lira","image":{"@type":"ImageObject","inLanguage":"pt-PT","@id":"https:\/\/www.altominho.tv\/site\/wp-content\/uploads\/2023\/03\/Screenshot_20230306-141220_Photos-150x150.jpg","url":"https:\/\/www.altominho.tv\/site\/wp-content\/uploads\/2023\/03\/Screenshot_20230306-141220_Photos-150x150.jpg","contentUrl":"https:\/\/www.altominho.tv\/site\/wp-content\/uploads\/2023\/03\/Screenshot_20230306-141220_Photos-150x150.jpg","caption":"Beatriz Lira"},"url":"https:\/\/www.altominho.tv\/site\/author\/beatriz\/"}]}},"_links":{"self":[{"href":"https:\/\/www.altominho.tv\/site\/wp-json\/wp\/v2\/posts\/93388","targetHints":{"allow":["GET"]}}],"collection":[{"href":"https:\/\/www.altominho.tv\/site\/wp-json\/wp\/v2\/posts"}],"about":[{"href":"https:\/\/www.altominho.tv\/site\/wp-json\/wp\/v2\/types\/post"}],"author":[{"embeddable":true,"href":"https:\/\/www.altominho.tv\/site\/wp-json\/wp\/v2\/users\/28"}],"replies":[{"embeddable":true,"href":"https:\/\/www.altominho.tv\/site\/wp-json\/wp\/v2\/comments?post=93388"}],"version-history":[{"count":2,"href":"https:\/\/www.altominho.tv\/site\/wp-json\/wp\/v2\/posts\/93388\/revisions"}],"predecessor-version":[{"id":93393,"href":"https:\/\/www.altominho.tv\/site\/wp-json\/wp\/v2\/posts\/93388\/revisions\/93393"}],"wp:featuredmedia":[{"embeddable":true,"href":"https:\/\/www.altominho.tv\/site\/wp-json\/wp\/v2\/media\/93392"}],"wp:attachment":[{"href":"https:\/\/www.altominho.tv\/site\/wp-json\/wp\/v2\/media?parent=93388"}],"wp:term":[{"taxonomy":"category","embeddable":true,"href":"https:\/\/www.altominho.tv\/site\/wp-json\/wp\/v2\/categories?post=93388"},{"taxonomy":"post_tag","embeddable":true,"href":"https:\/\/www.altominho.tv\/site\/wp-json\/wp\/v2\/tags?post=93388"}],"curies":[{"name":"wp","href":"https:\/\/api.w.org\/{rel}","templated":true}]}}