{"id":93321,"date":"2023-06-13T17:28:18","date_gmt":"2023-06-13T16:28:18","guid":{"rendered":"https:\/\/www.altominho.tv\/site\/?p=93321"},"modified":"2023-06-13T17:28:24","modified_gmt":"2023-06-13T16:28:24","slug":"pizza-amiga-paredes-de-coura-bombeiros","status":"publish","type":"post","link":"https:\/\/www.altominho.tv\/site\/2023\/06\/13\/pizza-amiga-paredes-de-coura-bombeiros\/","title":{"rendered":"Vem a\u00ed um evento solid\u00e1rio: Comprar uma pizza e ajudar os Bombeiros de Coura"},"content":{"rendered":"<p>A Associa\u00e7\u00e3o Pizza Amiga vai promover na pr\u00f3xima ter\u00e7a-feira, dia 20, um evento solid\u00e1rio para apoiar os Bombeiros Volunt\u00e1rios de Paredes de Coura.<\/p>\n<p>A venda de pizzas ir\u00e1 decorrer na tenda instalada no Largo Hintze Ribeiro, entre as 12h00 e as 19h00, sendo que as verbas angariadas reverter\u00e3o para os Bombeiros locais.<\/p>\n<p>\u201cSomos um grupo de indiv\u00edduos empenhados em promover o bem-estar social e a solidariedade. O nosso principal objetivo \u00e9 apoiar e ajudar aqueles que mais precisam na nossa comunidade\u201d, afirma Jorge Fernandes, da Pizza Amiga.<\/p>\n<p>\u201cRealizamos eventos beneficentes e iniciativas solid\u00e1rias com o objetivo de angariar fundos e recursos para causas nobres\u201d, acrescenta.<\/p>\n","protected":false},"excerpt":{"rendered":"<p>A Associa\u00e7\u00e3o Pizza Amiga vai promover na pr\u00f3xima ter\u00e7a-feira, dia 20, um evento solid\u00e1rio para apoiar os Bombeiros Volunt\u00e1rios de Paredes de Coura. A venda de pizzas ir\u00e1 decorrer na tenda instalada no Largo Hintze Ribeiro, entre as 12h00 e as 19h00, sendo que as verbas angariadas reverter\u00e3o para os Bombeiros locais. \u201cSomos um grupo [&hellip;]<\/p>\n","protected":false},"author":24,"featured_media":93322,"comment_status":"closed","ping_status":"closed","sticky":false,"template":"","format":"standard","meta":{"_exactmetrics_skip_tracking":false,"_exactmetrics_sitenote_active":false,"_exactmetrics_sitenote_note":"","_exactmetrics_sitenote_category":0,"footnotes":""},"categories":[10],"tags":[27],"class_list":["post-93321","post","type-post","status-publish","format-standard","has-post-thumbnail","hentry","category-paredes-de-coura","tag-sociedade"],"yoast_head":"<!-- This site is optimized with the Yoast SEO Premium plugin v27.5 (Yoast SEO v27.5) - https:\/\/yoast.com\/product\/yoast-seo-premium-wordpress\/ -->\n<title>Vem a\u00ed um evento solid\u00e1rio: Comprar uma pizza e ajudar os Bombeiros de Coura<\/title>\n<meta name=\"description\" content=\"A Associa\u00e7\u00e3o Pizza Amiga vai promover na pr\u00f3xima ter\u00e7a-feira, dia 20, um evento solid\u00e1rio para apoiar os Bombeiros Volunt\u00e1rios de Paredes de Coura.\" \/>\n<meta name=\"robots\" content=\"index, follow, max-snippet:-1, max-image-preview:large, max-video-preview:-1\" \/>\n<link rel=\"canonical\" href=\"https:\/\/www.altominho.tv\/site\/2023\/06\/13\/pizza-amiga-paredes-de-coura-bombeiros\/\" \/>\n<meta property=\"og:locale\" content=\"pt_PT\" \/>\n<meta property=\"og:type\" content=\"article\" \/>\n<meta property=\"og:title\" content=\"Vem a\u00ed um evento solid\u00e1rio: Comprar uma pizza e ajudar os Bombeiros de Coura\" \/>\n<meta property=\"og:description\" content=\"A Associa\u00e7\u00e3o Pizza Amiga vai promover na pr\u00f3xima ter\u00e7a-feira, dia 20, um evento solid\u00e1rio para apoiar os Bombeiros Volunt\u00e1rios de Paredes de Coura.\" \/>\n<meta property=\"og:url\" content=\"https:\/\/www.altominho.tv\/site\/2023\/06\/13\/pizza-amiga-paredes-de-coura-bombeiros\/\" \/>\n<meta property=\"og:site_name\" content=\"Altominho.tv\" \/>\n<meta property=\"article:publisher\" content=\"https:\/\/www.facebook.com\/altominhotv\" \/>\n<meta property=\"article:published_time\" content=\"2023-06-13T16:28:18+00:00\" \/>\n<meta property=\"article:modified_time\" content=\"2023-06-13T16:28:24+00:00\" \/>\n<meta property=\"og:image\" content=\"https:\/\/www.altominho.tv\/site\/wp-content\/uploads\/2023\/06\/pizza-coura.jpeg\" \/>\n\t<meta property=\"og:image:width\" content=\"2000\" \/>\n\t<meta property=\"og:image:height\" content=\"1080\" \/>\n\t<meta property=\"og:image:type\" content=\"image\/jpeg\" \/>\n<meta name=\"author\" content=\"Cesar Lopes\" \/>\n<meta name=\"twitter:card\" content=\"summary_large_image\" \/>\n<meta name=\"twitter:creator\" content=\"@altominhoTV\" \/>\n<meta name=\"twitter:site\" content=\"@altominhoTV\" \/>\n<meta name=\"twitter:label1\" content=\"Escrito por\" \/>\n\t<meta name=\"twitter:data1\" content=\"Cesar Lopes\" \/>\n\t<meta name=\"twitter:label2\" content=\"Tempo estimado de leitura\" \/>\n\t<meta name=\"twitter:data2\" content=\"1 minuto\" \/>\n<script type=\"application\/ld+json\" class=\"yoast-schema-graph\">{\"@context\":\"https:\\\/\\\/schema.org\",\"@graph\":[{\"@type\":\"Article\",\"@id\":\"https:\\\/\\\/www.altominho.tv\\\/site\\\/2023\\\/06\\\/13\\\/pizza-amiga-paredes-de-coura-bombeiros\\\/#article\",\"isPartOf\":{\"@id\":\"https:\\\/\\\/www.altominho.tv\\\/site\\\/2023\\\/06\\\/13\\\/pizza-amiga-paredes-de-coura-bombeiros\\\/\"},\"author\":{\"name\":\"Cesar Lopes\",\"@id\":\"https:\\\/\\\/www.altominho.tv\\\/site\\\/#\\\/schema\\\/person\\\/c5570e5afb933b8d08c43373326ef1b1\"},\"headline\":\"Vem a\u00ed um evento solid\u00e1rio: Comprar uma pizza e ajudar os Bombeiros de Coura\",\"datePublished\":\"2023-06-13T16:28:18+00:00\",\"dateModified\":\"2023-06-13T16:28:24+00:00\",\"mainEntityOfPage\":{\"@id\":\"https:\\\/\\\/www.altominho.tv\\\/site\\\/2023\\\/06\\\/13\\\/pizza-amiga-paredes-de-coura-bombeiros\\\/\"},\"wordCount\":126,\"image\":{\"@id\":\"https:\\\/\\\/www.altominho.tv\\\/site\\\/2023\\\/06\\\/13\\\/pizza-amiga-paredes-de-coura-bombeiros\\\/#primaryimage\"},\"thumbnailUrl\":\"https:\\\/\\\/www.altominho.tv\\\/site\\\/wp-content\\\/uploads\\\/2023\\\/06\\\/pizza-coura.jpeg\",\"keywords\":[\"Sociedade\"],\"articleSection\":[\"Paredes de Coura\"],\"inLanguage\":\"pt-PT\",\"copyrightYear\":\"2023\",\"copyrightHolder\":{\"@id\":\"https:\\\/\\\/www.altominho.tv\\\/site\\\/#organization\"}},{\"@type\":\"WebPage\",\"@id\":\"https:\\\/\\\/www.altominho.tv\\\/site\\\/2023\\\/06\\\/13\\\/pizza-amiga-paredes-de-coura-bombeiros\\\/\",\"url\":\"https:\\\/\\\/www.altominho.tv\\\/site\\\/2023\\\/06\\\/13\\\/pizza-amiga-paredes-de-coura-bombeiros\\\/\",\"name\":\"Vem a\u00ed um evento solid\u00e1rio: Comprar uma pizza e ajudar os Bombeiros de Coura\",\"isPartOf\":{\"@id\":\"https:\\\/\\\/www.altominho.tv\\\/site\\\/#website\"},\"primaryImageOfPage\":{\"@id\":\"https:\\\/\\\/www.altominho.tv\\\/site\\\/2023\\\/06\\\/13\\\/pizza-amiga-paredes-de-coura-bombeiros\\\/#primaryimage\"},\"image\":{\"@id\":\"https:\\\/\\\/www.altominho.tv\\\/site\\\/2023\\\/06\\\/13\\\/pizza-amiga-paredes-de-coura-bombeiros\\\/#primaryimage\"},\"thumbnailUrl\":\"https:\\\/\\\/www.altominho.tv\\\/site\\\/wp-content\\\/uploads\\\/2023\\\/06\\\/pizza-coura.jpeg\",\"datePublished\":\"2023-06-13T16:28:18+00:00\",\"dateModified\":\"2023-06-13T16:28:24+00:00\",\"author\":{\"@id\":\"https:\\\/\\\/www.altominho.tv\\\/site\\\/#\\\/schema\\\/person\\\/c5570e5afb933b8d08c43373326ef1b1\"},\"description\":\"A Associa\u00e7\u00e3o Pizza Amiga vai promover na pr\u00f3xima ter\u00e7a-feira, dia 20, um evento solid\u00e1rio para apoiar os Bombeiros Volunt\u00e1rios de Paredes de Coura.\",\"breadcrumb\":{\"@id\":\"https:\\\/\\\/www.altominho.tv\\\/site\\\/2023\\\/06\\\/13\\\/pizza-amiga-paredes-de-coura-bombeiros\\\/#breadcrumb\"},\"inLanguage\":\"pt-PT\",\"potentialAction\":[{\"@type\":\"ReadAction\",\"target\":[\"https:\\\/\\\/www.altominho.tv\\\/site\\\/2023\\\/06\\\/13\\\/pizza-amiga-paredes-de-coura-bombeiros\\\/\"]}]},{\"@type\":\"ImageObject\",\"inLanguage\":\"pt-PT\",\"@id\":\"https:\\\/\\\/www.altominho.tv\\\/site\\\/2023\\\/06\\\/13\\\/pizza-amiga-paredes-de-coura-bombeiros\\\/#primaryimage\",\"url\":\"https:\\\/\\\/www.altominho.tv\\\/site\\\/wp-content\\\/uploads\\\/2023\\\/06\\\/pizza-coura.jpeg\",\"contentUrl\":\"https:\\\/\\\/www.altominho.tv\\\/site\\\/wp-content\\\/uploads\\\/2023\\\/06\\\/pizza-coura.jpeg\",\"width\":2000,\"height\":1080},{\"@type\":\"BreadcrumbList\",\"@id\":\"https:\\\/\\\/www.altominho.tv\\\/site\\\/2023\\\/06\\\/13\\\/pizza-amiga-paredes-de-coura-bombeiros\\\/#breadcrumb\",\"itemListElement\":[{\"@type\":\"ListItem\",\"position\":1,\"name\":\"In\u00edcio\",\"item\":\"https:\\\/\\\/www.altominho.tv\\\/site\\\/\"},{\"@type\":\"ListItem\",\"position\":2,\"name\":\"Vem a\u00ed um evento solid\u00e1rio: Comprar uma pizza e ajudar os Bombeiros de Coura\"}]},{\"@type\":\"WebSite\",\"@id\":\"https:\\\/\\\/www.altominho.tv\\\/site\\\/#website\",\"url\":\"https:\\\/\\\/www.altominho.tv\\\/site\\\/\",\"name\":\"Altominho.tv\",\"description\":\"A sua regi\u00e3o \u00e0 dist\u00e2ncia de um clique...\",\"potentialAction\":[{\"@type\":\"SearchAction\",\"target\":{\"@type\":\"EntryPoint\",\"urlTemplate\":\"https:\\\/\\\/www.altominho.tv\\\/site\\\/?s={search_term_string}\"},\"query-input\":{\"@type\":\"PropertyValueSpecification\",\"valueRequired\":true,\"valueName\":\"search_term_string\"}}],\"inLanguage\":\"pt-PT\"},{\"@type\":\"Person\",\"@id\":\"https:\\\/\\\/www.altominho.tv\\\/site\\\/#\\\/schema\\\/person\\\/c5570e5afb933b8d08c43373326ef1b1\",\"name\":\"Cesar Lopes\",\"image\":{\"@type\":\"ImageObject\",\"inLanguage\":\"pt-PT\",\"@id\":\"https:\\\/\\\/www.altominho.tv\\\/site\\\/wp-content\\\/uploads\\\/2022\\\/10\\\/Sem-Titulo-150x150.jpg\",\"url\":\"https:\\\/\\\/www.altominho.tv\\\/site\\\/wp-content\\\/uploads\\\/2022\\\/10\\\/Sem-Titulo-150x150.jpg\",\"contentUrl\":\"https:\\\/\\\/www.altominho.tv\\\/site\\\/wp-content\\\/uploads\\\/2022\\\/10\\\/Sem-Titulo-150x150.jpg\",\"caption\":\"Cesar Lopes\"},\"url\":\"https:\\\/\\\/www.altominho.tv\\\/site\\\/author\\\/cesarlopes\\\/\"}]}<\/script>\n<!-- \/ Yoast SEO Premium plugin. -->","yoast_head_json":{"title":"Vem a\u00ed um evento solid\u00e1rio: Comprar uma pizza e ajudar os Bombeiros de Coura","description":"A Associa\u00e7\u00e3o Pizza Amiga vai promover na pr\u00f3xima ter\u00e7a-feira, dia 20, um evento solid\u00e1rio para apoiar os Bombeiros Volunt\u00e1rios de Paredes de Coura.","robots":{"index":"index","follow":"follow","max-snippet":"max-snippet:-1","max-image-preview":"max-image-preview:large","max-video-preview":"max-video-preview:-1"},"canonical":"https:\/\/www.altominho.tv\/site\/2023\/06\/13\/pizza-amiga-paredes-de-coura-bombeiros\/","og_locale":"pt_PT","og_type":"article","og_title":"Vem a\u00ed um evento solid\u00e1rio: Comprar uma pizza e ajudar os Bombeiros de Coura","og_description":"A Associa\u00e7\u00e3o Pizza Amiga vai promover na pr\u00f3xima ter\u00e7a-feira, dia 20, um evento solid\u00e1rio para apoiar os Bombeiros Volunt\u00e1rios de Paredes de Coura.","og_url":"https:\/\/www.altominho.tv\/site\/2023\/06\/13\/pizza-amiga-paredes-de-coura-bombeiros\/","og_site_name":"Altominho.tv","article_publisher":"https:\/\/www.facebook.com\/altominhotv","article_published_time":"2023-06-13T16:28:18+00:00","article_modified_time":"2023-06-13T16:28:24+00:00","og_image":[{"width":2000,"height":1080,"url":"https:\/\/www.altominho.tv\/site\/wp-content\/uploads\/2023\/06\/pizza-coura.jpeg","type":"image\/jpeg"}],"author":"Cesar Lopes","twitter_card":"summary_large_image","twitter_creator":"@altominhoTV","twitter_site":"@altominhoTV","twitter_misc":{"Escrito por":"Cesar Lopes","Tempo estimado de leitura":"1 minuto"},"schema":{"@context":"https:\/\/schema.org","@graph":[{"@type":"Article","@id":"https:\/\/www.altominho.tv\/site\/2023\/06\/13\/pizza-amiga-paredes-de-coura-bombeiros\/#article","isPartOf":{"@id":"https:\/\/www.altominho.tv\/site\/2023\/06\/13\/pizza-amiga-paredes-de-coura-bombeiros\/"},"author":{"name":"Cesar Lopes","@id":"https:\/\/www.altominho.tv\/site\/#\/schema\/person\/c5570e5afb933b8d08c43373326ef1b1"},"headline":"Vem a\u00ed um evento solid\u00e1rio: Comprar uma pizza e ajudar os Bombeiros de Coura","datePublished":"2023-06-13T16:28:18+00:00","dateModified":"2023-06-13T16:28:24+00:00","mainEntityOfPage":{"@id":"https:\/\/www.altominho.tv\/site\/2023\/06\/13\/pizza-amiga-paredes-de-coura-bombeiros\/"},"wordCount":126,"image":{"@id":"https:\/\/www.altominho.tv\/site\/2023\/06\/13\/pizza-amiga-paredes-de-coura-bombeiros\/#primaryimage"},"thumbnailUrl":"https:\/\/www.altominho.tv\/site\/wp-content\/uploads\/2023\/06\/pizza-coura.jpeg","keywords":["Sociedade"],"articleSection":["Paredes de Coura"],"inLanguage":"pt-PT","copyrightYear":"2023","copyrightHolder":{"@id":"https:\/\/www.altominho.tv\/site\/#organization"}},{"@type":"WebPage","@id":"https:\/\/www.altominho.tv\/site\/2023\/06\/13\/pizza-amiga-paredes-de-coura-bombeiros\/","url":"https:\/\/www.altominho.tv\/site\/2023\/06\/13\/pizza-amiga-paredes-de-coura-bombeiros\/","name":"Vem a\u00ed um evento solid\u00e1rio: Comprar uma pizza e ajudar os Bombeiros de Coura","isPartOf":{"@id":"https:\/\/www.altominho.tv\/site\/#website"},"primaryImageOfPage":{"@id":"https:\/\/www.altominho.tv\/site\/2023\/06\/13\/pizza-amiga-paredes-de-coura-bombeiros\/#primaryimage"},"image":{"@id":"https:\/\/www.altominho.tv\/site\/2023\/06\/13\/pizza-amiga-paredes-de-coura-bombeiros\/#primaryimage"},"thumbnailUrl":"https:\/\/www.altominho.tv\/site\/wp-content\/uploads\/2023\/06\/pizza-coura.jpeg","datePublished":"2023-06-13T16:28:18+00:00","dateModified":"2023-06-13T16:28:24+00:00","author":{"@id":"https:\/\/www.altominho.tv\/site\/#\/schema\/person\/c5570e5afb933b8d08c43373326ef1b1"},"description":"A Associa\u00e7\u00e3o Pizza Amiga vai promover na pr\u00f3xima ter\u00e7a-feira, dia 20, um evento solid\u00e1rio para apoiar os Bombeiros Volunt\u00e1rios de Paredes de Coura.","breadcrumb":{"@id":"https:\/\/www.altominho.tv\/site\/2023\/06\/13\/pizza-amiga-paredes-de-coura-bombeiros\/#breadcrumb"},"inLanguage":"pt-PT","potentialAction":[{"@type":"ReadAction","target":["https:\/\/www.altominho.tv\/site\/2023\/06\/13\/pizza-amiga-paredes-de-coura-bombeiros\/"]}]},{"@type":"ImageObject","inLanguage":"pt-PT","@id":"https:\/\/www.altominho.tv\/site\/2023\/06\/13\/pizza-amiga-paredes-de-coura-bombeiros\/#primaryimage","url":"https:\/\/www.altominho.tv\/site\/wp-content\/uploads\/2023\/06\/pizza-coura.jpeg","contentUrl":"https:\/\/www.altominho.tv\/site\/wp-content\/uploads\/2023\/06\/pizza-coura.jpeg","width":2000,"height":1080},{"@type":"BreadcrumbList","@id":"https:\/\/www.altominho.tv\/site\/2023\/06\/13\/pizza-amiga-paredes-de-coura-bombeiros\/#breadcrumb","itemListElement":[{"@type":"ListItem","position":1,"name":"In\u00edcio","item":"https:\/\/www.altominho.tv\/site\/"},{"@type":"ListItem","position":2,"name":"Vem a\u00ed um evento solid\u00e1rio: Comprar uma pizza e ajudar os Bombeiros de Coura"}]},{"@type":"WebSite","@id":"https:\/\/www.altominho.tv\/site\/#website","url":"https:\/\/www.altominho.tv\/site\/","name":"Altominho.tv","description":"A sua regi\u00e3o \u00e0 dist\u00e2ncia de um clique...","potentialAction":[{"@type":"SearchAction","target":{"@type":"EntryPoint","urlTemplate":"https:\/\/www.altominho.tv\/site\/?s={search_term_string}"},"query-input":{"@type":"PropertyValueSpecification","valueRequired":true,"valueName":"search_term_string"}}],"inLanguage":"pt-PT"},{"@type":"Person","@id":"https:\/\/www.altominho.tv\/site\/#\/schema\/person\/c5570e5afb933b8d08c43373326ef1b1","name":"Cesar Lopes","image":{"@type":"ImageObject","inLanguage":"pt-PT","@id":"https:\/\/www.altominho.tv\/site\/wp-content\/uploads\/2022\/10\/Sem-Titulo-150x150.jpg","url":"https:\/\/www.altominho.tv\/site\/wp-content\/uploads\/2022\/10\/Sem-Titulo-150x150.jpg","contentUrl":"https:\/\/www.altominho.tv\/site\/wp-content\/uploads\/2022\/10\/Sem-Titulo-150x150.jpg","caption":"Cesar Lopes"},"url":"https:\/\/www.altominho.tv\/site\/author\/cesarlopes\/"}]}},"_links":{"self":[{"href":"https:\/\/www.altominho.tv\/site\/wp-json\/wp\/v2\/posts\/93321","targetHints":{"allow":["GET"]}}],"collection":[{"href":"https:\/\/www.altominho.tv\/site\/wp-json\/wp\/v2\/posts"}],"about":[{"href":"https:\/\/www.altominho.tv\/site\/wp-json\/wp\/v2\/types\/post"}],"author":[{"embeddable":true,"href":"https:\/\/www.altominho.tv\/site\/wp-json\/wp\/v2\/users\/24"}],"replies":[{"embeddable":true,"href":"https:\/\/www.altominho.tv\/site\/wp-json\/wp\/v2\/comments?post=93321"}],"version-history":[{"count":1,"href":"https:\/\/www.altominho.tv\/site\/wp-json\/wp\/v2\/posts\/93321\/revisions"}],"predecessor-version":[{"id":93323,"href":"https:\/\/www.altominho.tv\/site\/wp-json\/wp\/v2\/posts\/93321\/revisions\/93323"}],"wp:featuredmedia":[{"embeddable":true,"href":"https:\/\/www.altominho.tv\/site\/wp-json\/wp\/v2\/media\/93322"}],"wp:attachment":[{"href":"https:\/\/www.altominho.tv\/site\/wp-json\/wp\/v2\/media?parent=93321"}],"wp:term":[{"taxonomy":"category","embeddable":true,"href":"https:\/\/www.altominho.tv\/site\/wp-json\/wp\/v2\/categories?post=93321"},{"taxonomy":"post_tag","embeddable":true,"href":"https:\/\/www.altominho.tv\/site\/wp-json\/wp\/v2\/tags?post=93321"}],"curies":[{"name":"wp","href":"https:\/\/api.w.org\/{rel}","templated":true}]}}