{"id":93281,"date":"2023-06-13T11:10:54","date_gmt":"2023-06-13T10:10:54","guid":{"rendered":"https:\/\/www.altominho.tv\/site\/?p=93281"},"modified":"2023-06-13T12:50:05","modified_gmt":"2023-06-13T11:50:05","slug":"percorreram-1500-quilometros-de-mota-entre-fontoura-e-ceuta","status":"publish","type":"post","link":"https:\/\/www.altominho.tv\/site\/2023\/06\/13\/percorreram-1500-quilometros-de-mota-entre-fontoura-e-ceuta\/","title":{"rendered":"Percorreram 1500 quil\u00f3metros de mota entre Fontoura e Ceuta"},"content":{"rendered":"<p>Um grupo de motociclistas de Fontoura completou no s\u00e1bado cerca de 1500 quil\u00f3metros entre a freguesia pertencente a Valen\u00e7a e a cidade espanhola de Ceuta.<\/p>\n<p>Cerca de 20 elementos dos \u00b4Ponta a Ponta` visitaram o museu-oficina da \u00b4Associa\u00e7\u00e3o dos Amigos de Ve\u00edculos de \u00c9poca`, em Benz\u00fa.<\/p>\n<p>A rota at\u00e9 Ceuta n\u00e3o foi em linha reta, sendo que os motociclistas percorreram quil\u00f3metros extras.<\/p>\n<p>O grupo portugu\u00eas decidiu escolher um percurso de cerca de 1500 quil\u00f3metros que lhes permitiu visitar doze pontos de Portugal (Ponte de Lima, Braga, Chaves, Vila Real, Lamego, Viseu, Abrantes, Ponte S\u00f4r, Ferreira do Alentejo, Beja, M\u00e9rtola e Vila Real de Santo Ant\u00f3nio) e cinco de Espanha (Ayamonte, Huelva, Sevilha, Algeciras e Ceuta).<\/p>\n<p><img loading=\"lazy\" decoding=\"async\" class=\"alignnone size-medium wp-image-93288\" src=\"https:\/\/www.altominho.tv\/site\/wp-content\/uploads\/2023\/06\/grupo-fontoura-662x433.jpg\" alt=\"\" width=\"662\" height=\"433\" srcset=\"https:\/\/www.altominho.tv\/site\/wp-content\/uploads\/2023\/06\/grupo-fontoura-662x433.jpg 662w, https:\/\/www.altominho.tv\/site\/wp-content\/uploads\/2023\/06\/grupo-fontoura-1024x670.jpg 1024w, https:\/\/www.altominho.tv\/site\/wp-content\/uploads\/2023\/06\/grupo-fontoura-768x503.jpg 768w, https:\/\/www.altominho.tv\/site\/wp-content\/uploads\/2023\/06\/grupo-fontoura-370x242.jpg 370w, https:\/\/www.altominho.tv\/site\/wp-content\/uploads\/2023\/06\/grupo-fontoura-270x177.jpg 270w, https:\/\/www.altominho.tv\/site\/wp-content\/uploads\/2023\/06\/grupo-fontoura-570x373.jpg 570w, https:\/\/www.altominho.tv\/site\/wp-content\/uploads\/2023\/06\/grupo-fontoura-740x484.jpg 740w, https:\/\/www.altominho.tv\/site\/wp-content\/uploads\/2023\/06\/grupo-fontoura.jpg 1461w\" sizes=\"auto, (max-width: 662px) 100vw, 662px\" \/><\/p>\n","protected":false},"excerpt":{"rendered":"<p>Um grupo de motociclistas de Fontoura completou no s\u00e1bado cerca de 1500 quil\u00f3metros entre a freguesia pertencente a Valen\u00e7a e a cidade espanhola de Ceuta. Cerca de 20 elementos dos \u00b4Ponta a Ponta` visitaram o museu-oficina da \u00b4Associa\u00e7\u00e3o dos Amigos de Ve\u00edculos de \u00c9poca`, em Benz\u00fa. A rota at\u00e9 Ceuta n\u00e3o foi em linha reta, [&hellip;]<\/p>\n","protected":false},"author":24,"featured_media":93286,"comment_status":"closed","ping_status":"closed","sticky":false,"template":"","format":"standard","meta":{"_exactmetrics_skip_tracking":false,"_exactmetrics_sitenote_active":false,"_exactmetrics_sitenote_note":"","_exactmetrics_sitenote_category":0,"footnotes":""},"categories":[13],"tags":[27],"class_list":["post-93281","post","type-post","status-publish","format-standard","has-post-thumbnail","hentry","category-valenca","tag-sociedade"],"yoast_head":"<!-- This site is optimized with the Yoast SEO Premium plugin v27.4 (Yoast SEO v27.4) - https:\/\/yoast.com\/product\/yoast-seo-premium-wordpress\/ -->\n<title>Percorreram 1500 quil\u00f3metros de mota entre Fontoura e Ceuta<\/title>\n<meta name=\"description\" content=\"Percorrem 1500 quil\u00f3metros de mota entre Fontoura e Ceuta\" \/>\n<meta name=\"robots\" content=\"index, follow, max-snippet:-1, max-image-preview:large, max-video-preview:-1\" \/>\n<link rel=\"canonical\" href=\"https:\/\/www.altominho.tv\/site\/2023\/06\/13\/percorreram-1500-quilometros-de-mota-entre-fontoura-e-ceuta\/\" \/>\n<meta property=\"og:locale\" content=\"pt_PT\" \/>\n<meta property=\"og:type\" content=\"article\" \/>\n<meta property=\"og:title\" content=\"Percorreram 1500 quil\u00f3metros de mota entre Fontoura e Ceuta\" \/>\n<meta property=\"og:description\" content=\"Percorrem 1500 quil\u00f3metros de mota entre Fontoura e Ceuta\" \/>\n<meta property=\"og:url\" content=\"https:\/\/www.altominho.tv\/site\/2023\/06\/13\/percorreram-1500-quilometros-de-mota-entre-fontoura-e-ceuta\/\" \/>\n<meta property=\"og:site_name\" content=\"Altominho.tv\" \/>\n<meta property=\"article:publisher\" content=\"https:\/\/www.facebook.com\/altominhotv\" \/>\n<meta property=\"article:published_time\" content=\"2023-06-13T10:10:54+00:00\" \/>\n<meta property=\"article:modified_time\" content=\"2023-06-13T11:50:05+00:00\" \/>\n<meta property=\"og:image\" content=\"https:\/\/www.altominho.tv\/site\/wp-content\/uploads\/2023\/06\/PONTA.jpg\" \/>\n\t<meta property=\"og:image:width\" content=\"1553\" \/>\n\t<meta property=\"og:image:height\" content=\"843\" \/>\n\t<meta property=\"og:image:type\" content=\"image\/jpeg\" \/>\n<meta name=\"author\" content=\"Cesar Lopes\" \/>\n<meta name=\"twitter:card\" content=\"summary_large_image\" \/>\n<meta name=\"twitter:creator\" content=\"@altominhoTV\" \/>\n<meta name=\"twitter:site\" content=\"@altominhoTV\" \/>\n<meta name=\"twitter:label1\" content=\"Escrito por\" \/>\n\t<meta name=\"twitter:data1\" content=\"Cesar Lopes\" \/>\n\t<meta name=\"twitter:label2\" content=\"Tempo estimado de leitura\" \/>\n\t<meta name=\"twitter:data2\" content=\"1 minuto\" \/>\n<script type=\"application\/ld+json\" class=\"yoast-schema-graph\">{\"@context\":\"https:\\\/\\\/schema.org\",\"@graph\":[{\"@type\":\"Article\",\"@id\":\"https:\\\/\\\/www.altominho.tv\\\/site\\\/2023\\\/06\\\/13\\\/percorreram-1500-quilometros-de-mota-entre-fontoura-e-ceuta\\\/#article\",\"isPartOf\":{\"@id\":\"https:\\\/\\\/www.altominho.tv\\\/site\\\/2023\\\/06\\\/13\\\/percorreram-1500-quilometros-de-mota-entre-fontoura-e-ceuta\\\/\"},\"author\":{\"name\":\"Cesar Lopes\",\"@id\":\"https:\\\/\\\/www.altominho.tv\\\/site\\\/#\\\/schema\\\/person\\\/c5570e5afb933b8d08c43373326ef1b1\"},\"headline\":\"Percorreram 1500 quil\u00f3metros de mota entre Fontoura e Ceuta\",\"datePublished\":\"2023-06-13T10:10:54+00:00\",\"dateModified\":\"2023-06-13T11:50:05+00:00\",\"mainEntityOfPage\":{\"@id\":\"https:\\\/\\\/www.altominho.tv\\\/site\\\/2023\\\/06\\\/13\\\/percorreram-1500-quilometros-de-mota-entre-fontoura-e-ceuta\\\/\"},\"wordCount\":133,\"image\":{\"@id\":\"https:\\\/\\\/www.altominho.tv\\\/site\\\/2023\\\/06\\\/13\\\/percorreram-1500-quilometros-de-mota-entre-fontoura-e-ceuta\\\/#primaryimage\"},\"thumbnailUrl\":\"https:\\\/\\\/www.altominho.tv\\\/site\\\/wp-content\\\/uploads\\\/2023\\\/06\\\/PONTA.jpg\",\"keywords\":[\"Sociedade\"],\"articleSection\":[\"Valen\u00e7a\"],\"inLanguage\":\"pt-PT\",\"copyrightYear\":\"2023\",\"copyrightHolder\":{\"@id\":\"https:\\\/\\\/www.altominho.tv\\\/site\\\/#organization\"}},{\"@type\":\"WebPage\",\"@id\":\"https:\\\/\\\/www.altominho.tv\\\/site\\\/2023\\\/06\\\/13\\\/percorreram-1500-quilometros-de-mota-entre-fontoura-e-ceuta\\\/\",\"url\":\"https:\\\/\\\/www.altominho.tv\\\/site\\\/2023\\\/06\\\/13\\\/percorreram-1500-quilometros-de-mota-entre-fontoura-e-ceuta\\\/\",\"name\":\"Percorreram 1500 quil\u00f3metros de mota entre Fontoura e Ceuta\",\"isPartOf\":{\"@id\":\"https:\\\/\\\/www.altominho.tv\\\/site\\\/#website\"},\"primaryImageOfPage\":{\"@id\":\"https:\\\/\\\/www.altominho.tv\\\/site\\\/2023\\\/06\\\/13\\\/percorreram-1500-quilometros-de-mota-entre-fontoura-e-ceuta\\\/#primaryimage\"},\"image\":{\"@id\":\"https:\\\/\\\/www.altominho.tv\\\/site\\\/2023\\\/06\\\/13\\\/percorreram-1500-quilometros-de-mota-entre-fontoura-e-ceuta\\\/#primaryimage\"},\"thumbnailUrl\":\"https:\\\/\\\/www.altominho.tv\\\/site\\\/wp-content\\\/uploads\\\/2023\\\/06\\\/PONTA.jpg\",\"datePublished\":\"2023-06-13T10:10:54+00:00\",\"dateModified\":\"2023-06-13T11:50:05+00:00\",\"author\":{\"@id\":\"https:\\\/\\\/www.altominho.tv\\\/site\\\/#\\\/schema\\\/person\\\/c5570e5afb933b8d08c43373326ef1b1\"},\"description\":\"Percorrem 1500 quil\u00f3metros de mota entre Fontoura e Ceuta\",\"breadcrumb\":{\"@id\":\"https:\\\/\\\/www.altominho.tv\\\/site\\\/2023\\\/06\\\/13\\\/percorreram-1500-quilometros-de-mota-entre-fontoura-e-ceuta\\\/#breadcrumb\"},\"inLanguage\":\"pt-PT\",\"potentialAction\":[{\"@type\":\"ReadAction\",\"target\":[\"https:\\\/\\\/www.altominho.tv\\\/site\\\/2023\\\/06\\\/13\\\/percorreram-1500-quilometros-de-mota-entre-fontoura-e-ceuta\\\/\"]}]},{\"@type\":\"ImageObject\",\"inLanguage\":\"pt-PT\",\"@id\":\"https:\\\/\\\/www.altominho.tv\\\/site\\\/2023\\\/06\\\/13\\\/percorreram-1500-quilometros-de-mota-entre-fontoura-e-ceuta\\\/#primaryimage\",\"url\":\"https:\\\/\\\/www.altominho.tv\\\/site\\\/wp-content\\\/uploads\\\/2023\\\/06\\\/PONTA.jpg\",\"contentUrl\":\"https:\\\/\\\/www.altominho.tv\\\/site\\\/wp-content\\\/uploads\\\/2023\\\/06\\\/PONTA.jpg\",\"width\":1553,\"height\":843},{\"@type\":\"BreadcrumbList\",\"@id\":\"https:\\\/\\\/www.altominho.tv\\\/site\\\/2023\\\/06\\\/13\\\/percorreram-1500-quilometros-de-mota-entre-fontoura-e-ceuta\\\/#breadcrumb\",\"itemListElement\":[{\"@type\":\"ListItem\",\"position\":1,\"name\":\"In\u00edcio\",\"item\":\"https:\\\/\\\/www.altominho.tv\\\/site\\\/\"},{\"@type\":\"ListItem\",\"position\":2,\"name\":\"Percorreram 1500 quil\u00f3metros de mota entre Fontoura e Ceuta\"}]},{\"@type\":\"WebSite\",\"@id\":\"https:\\\/\\\/www.altominho.tv\\\/site\\\/#website\",\"url\":\"https:\\\/\\\/www.altominho.tv\\\/site\\\/\",\"name\":\"Altominho.tv\",\"description\":\"A sua regi\u00e3o \u00e0 dist\u00e2ncia de um clique...\",\"potentialAction\":[{\"@type\":\"SearchAction\",\"target\":{\"@type\":\"EntryPoint\",\"urlTemplate\":\"https:\\\/\\\/www.altominho.tv\\\/site\\\/?s={search_term_string}\"},\"query-input\":{\"@type\":\"PropertyValueSpecification\",\"valueRequired\":true,\"valueName\":\"search_term_string\"}}],\"inLanguage\":\"pt-PT\"},{\"@type\":\"Person\",\"@id\":\"https:\\\/\\\/www.altominho.tv\\\/site\\\/#\\\/schema\\\/person\\\/c5570e5afb933b8d08c43373326ef1b1\",\"name\":\"Cesar Lopes\",\"image\":{\"@type\":\"ImageObject\",\"inLanguage\":\"pt-PT\",\"@id\":\"https:\\\/\\\/www.altominho.tv\\\/site\\\/wp-content\\\/uploads\\\/2022\\\/10\\\/Sem-Titulo-150x150.jpg\",\"url\":\"https:\\\/\\\/www.altominho.tv\\\/site\\\/wp-content\\\/uploads\\\/2022\\\/10\\\/Sem-Titulo-150x150.jpg\",\"contentUrl\":\"https:\\\/\\\/www.altominho.tv\\\/site\\\/wp-content\\\/uploads\\\/2022\\\/10\\\/Sem-Titulo-150x150.jpg\",\"caption\":\"Cesar Lopes\"},\"url\":\"https:\\\/\\\/www.altominho.tv\\\/site\\\/author\\\/cesarlopes\\\/\"}]}<\/script>\n<!-- \/ Yoast SEO Premium plugin. -->","yoast_head_json":{"title":"Percorreram 1500 quil\u00f3metros de mota entre Fontoura e Ceuta","description":"Percorrem 1500 quil\u00f3metros de mota entre Fontoura e Ceuta","robots":{"index":"index","follow":"follow","max-snippet":"max-snippet:-1","max-image-preview":"max-image-preview:large","max-video-preview":"max-video-preview:-1"},"canonical":"https:\/\/www.altominho.tv\/site\/2023\/06\/13\/percorreram-1500-quilometros-de-mota-entre-fontoura-e-ceuta\/","og_locale":"pt_PT","og_type":"article","og_title":"Percorreram 1500 quil\u00f3metros de mota entre Fontoura e Ceuta","og_description":"Percorrem 1500 quil\u00f3metros de mota entre Fontoura e Ceuta","og_url":"https:\/\/www.altominho.tv\/site\/2023\/06\/13\/percorreram-1500-quilometros-de-mota-entre-fontoura-e-ceuta\/","og_site_name":"Altominho.tv","article_publisher":"https:\/\/www.facebook.com\/altominhotv","article_published_time":"2023-06-13T10:10:54+00:00","article_modified_time":"2023-06-13T11:50:05+00:00","og_image":[{"width":1553,"height":843,"url":"https:\/\/www.altominho.tv\/site\/wp-content\/uploads\/2023\/06\/PONTA.jpg","type":"image\/jpeg"}],"author":"Cesar Lopes","twitter_card":"summary_large_image","twitter_creator":"@altominhoTV","twitter_site":"@altominhoTV","twitter_misc":{"Escrito por":"Cesar Lopes","Tempo estimado de leitura":"1 minuto"},"schema":{"@context":"https:\/\/schema.org","@graph":[{"@type":"Article","@id":"https:\/\/www.altominho.tv\/site\/2023\/06\/13\/percorreram-1500-quilometros-de-mota-entre-fontoura-e-ceuta\/#article","isPartOf":{"@id":"https:\/\/www.altominho.tv\/site\/2023\/06\/13\/percorreram-1500-quilometros-de-mota-entre-fontoura-e-ceuta\/"},"author":{"name":"Cesar Lopes","@id":"https:\/\/www.altominho.tv\/site\/#\/schema\/person\/c5570e5afb933b8d08c43373326ef1b1"},"headline":"Percorreram 1500 quil\u00f3metros de mota entre Fontoura e Ceuta","datePublished":"2023-06-13T10:10:54+00:00","dateModified":"2023-06-13T11:50:05+00:00","mainEntityOfPage":{"@id":"https:\/\/www.altominho.tv\/site\/2023\/06\/13\/percorreram-1500-quilometros-de-mota-entre-fontoura-e-ceuta\/"},"wordCount":133,"image":{"@id":"https:\/\/www.altominho.tv\/site\/2023\/06\/13\/percorreram-1500-quilometros-de-mota-entre-fontoura-e-ceuta\/#primaryimage"},"thumbnailUrl":"https:\/\/www.altominho.tv\/site\/wp-content\/uploads\/2023\/06\/PONTA.jpg","keywords":["Sociedade"],"articleSection":["Valen\u00e7a"],"inLanguage":"pt-PT","copyrightYear":"2023","copyrightHolder":{"@id":"https:\/\/www.altominho.tv\/site\/#organization"}},{"@type":"WebPage","@id":"https:\/\/www.altominho.tv\/site\/2023\/06\/13\/percorreram-1500-quilometros-de-mota-entre-fontoura-e-ceuta\/","url":"https:\/\/www.altominho.tv\/site\/2023\/06\/13\/percorreram-1500-quilometros-de-mota-entre-fontoura-e-ceuta\/","name":"Percorreram 1500 quil\u00f3metros de mota entre Fontoura e Ceuta","isPartOf":{"@id":"https:\/\/www.altominho.tv\/site\/#website"},"primaryImageOfPage":{"@id":"https:\/\/www.altominho.tv\/site\/2023\/06\/13\/percorreram-1500-quilometros-de-mota-entre-fontoura-e-ceuta\/#primaryimage"},"image":{"@id":"https:\/\/www.altominho.tv\/site\/2023\/06\/13\/percorreram-1500-quilometros-de-mota-entre-fontoura-e-ceuta\/#primaryimage"},"thumbnailUrl":"https:\/\/www.altominho.tv\/site\/wp-content\/uploads\/2023\/06\/PONTA.jpg","datePublished":"2023-06-13T10:10:54+00:00","dateModified":"2023-06-13T11:50:05+00:00","author":{"@id":"https:\/\/www.altominho.tv\/site\/#\/schema\/person\/c5570e5afb933b8d08c43373326ef1b1"},"description":"Percorrem 1500 quil\u00f3metros de mota entre Fontoura e Ceuta","breadcrumb":{"@id":"https:\/\/www.altominho.tv\/site\/2023\/06\/13\/percorreram-1500-quilometros-de-mota-entre-fontoura-e-ceuta\/#breadcrumb"},"inLanguage":"pt-PT","potentialAction":[{"@type":"ReadAction","target":["https:\/\/www.altominho.tv\/site\/2023\/06\/13\/percorreram-1500-quilometros-de-mota-entre-fontoura-e-ceuta\/"]}]},{"@type":"ImageObject","inLanguage":"pt-PT","@id":"https:\/\/www.altominho.tv\/site\/2023\/06\/13\/percorreram-1500-quilometros-de-mota-entre-fontoura-e-ceuta\/#primaryimage","url":"https:\/\/www.altominho.tv\/site\/wp-content\/uploads\/2023\/06\/PONTA.jpg","contentUrl":"https:\/\/www.altominho.tv\/site\/wp-content\/uploads\/2023\/06\/PONTA.jpg","width":1553,"height":843},{"@type":"BreadcrumbList","@id":"https:\/\/www.altominho.tv\/site\/2023\/06\/13\/percorreram-1500-quilometros-de-mota-entre-fontoura-e-ceuta\/#breadcrumb","itemListElement":[{"@type":"ListItem","position":1,"name":"In\u00edcio","item":"https:\/\/www.altominho.tv\/site\/"},{"@type":"ListItem","position":2,"name":"Percorreram 1500 quil\u00f3metros de mota entre Fontoura e Ceuta"}]},{"@type":"WebSite","@id":"https:\/\/www.altominho.tv\/site\/#website","url":"https:\/\/www.altominho.tv\/site\/","name":"Altominho.tv","description":"A sua regi\u00e3o \u00e0 dist\u00e2ncia de um clique...","potentialAction":[{"@type":"SearchAction","target":{"@type":"EntryPoint","urlTemplate":"https:\/\/www.altominho.tv\/site\/?s={search_term_string}"},"query-input":{"@type":"PropertyValueSpecification","valueRequired":true,"valueName":"search_term_string"}}],"inLanguage":"pt-PT"},{"@type":"Person","@id":"https:\/\/www.altominho.tv\/site\/#\/schema\/person\/c5570e5afb933b8d08c43373326ef1b1","name":"Cesar Lopes","image":{"@type":"ImageObject","inLanguage":"pt-PT","@id":"https:\/\/www.altominho.tv\/site\/wp-content\/uploads\/2022\/10\/Sem-Titulo-150x150.jpg","url":"https:\/\/www.altominho.tv\/site\/wp-content\/uploads\/2022\/10\/Sem-Titulo-150x150.jpg","contentUrl":"https:\/\/www.altominho.tv\/site\/wp-content\/uploads\/2022\/10\/Sem-Titulo-150x150.jpg","caption":"Cesar Lopes"},"url":"https:\/\/www.altominho.tv\/site\/author\/cesarlopes\/"}]}},"_links":{"self":[{"href":"https:\/\/www.altominho.tv\/site\/wp-json\/wp\/v2\/posts\/93281","targetHints":{"allow":["GET"]}}],"collection":[{"href":"https:\/\/www.altominho.tv\/site\/wp-json\/wp\/v2\/posts"}],"about":[{"href":"https:\/\/www.altominho.tv\/site\/wp-json\/wp\/v2\/types\/post"}],"author":[{"embeddable":true,"href":"https:\/\/www.altominho.tv\/site\/wp-json\/wp\/v2\/users\/24"}],"replies":[{"embeddable":true,"href":"https:\/\/www.altominho.tv\/site\/wp-json\/wp\/v2\/comments?post=93281"}],"version-history":[{"count":4,"href":"https:\/\/www.altominho.tv\/site\/wp-json\/wp\/v2\/posts\/93281\/revisions"}],"predecessor-version":[{"id":93300,"href":"https:\/\/www.altominho.tv\/site\/wp-json\/wp\/v2\/posts\/93281\/revisions\/93300"}],"wp:featuredmedia":[{"embeddable":true,"href":"https:\/\/www.altominho.tv\/site\/wp-json\/wp\/v2\/media\/93286"}],"wp:attachment":[{"href":"https:\/\/www.altominho.tv\/site\/wp-json\/wp\/v2\/media?parent=93281"}],"wp:term":[{"taxonomy":"category","embeddable":true,"href":"https:\/\/www.altominho.tv\/site\/wp-json\/wp\/v2\/categories?post=93281"},{"taxonomy":"post_tag","embeddable":true,"href":"https:\/\/www.altominho.tv\/site\/wp-json\/wp\/v2\/tags?post=93281"}],"curies":[{"name":"wp","href":"https:\/\/api.w.org\/{rel}","templated":true}]}}