{"id":93272,"date":"2023-06-13T09:14:20","date_gmt":"2023-06-13T08:14:20","guid":{"rendered":"https:\/\/www.altominho.tv\/site\/?p=93272"},"modified":"2023-06-13T09:14:25","modified_gmt":"2023-06-13T08:14:25","slug":"btt-xco-paredes-de-coura","status":"publish","type":"post","link":"https:\/\/www.altominho.tv\/site\/2023\/06\/13\/btt-xco-paredes-de-coura\/","title":{"rendered":"Paredes de Coura acolhe Campeonato Nacional Universit\u00e1rio de BTT XCO"},"content":{"rendered":"<p>Paredes de Coura foi o local escolhido para a etapa do Campeonato do Minho BTT XCO POPP Agency, assim como para a realiza\u00e7\u00e3o do Campeonato Nacional Universit\u00e1rio de BTT XCO.<\/p>\n<p>A pista permanente de Vasc\u00f5es recebe no pr\u00f3ximo domingo (18 de junho) as escolas no programa matinal, enquanto no programa vespertino decorrem as provas de competi\u00e7\u00e3o.<\/p>\n<p>A Pista de XCO do Centro Cyclin\u00b4 Paredes de Coura, localizada na freguesia de Vasc\u00f5es, recebe domingo a festa do Cross Country Ol\u00edmpico com a realiza\u00e7\u00e3o do 10\u00ba BTT XCO Paredes de Coura, prova pontu\u00e1vel para o Campeonato do Minho de BTT XCO &#8211; POPP Agency.<\/p>\n<p>Organizado pela Associa\u00e7\u00e3o de Ciclismo do Minho e pelo Munic\u00edpio de Paredes de Coura, o 10\u00ba BTT XCO Paredes de Coura integrar\u00e1 corridas para os escal\u00f5es de escolas (da parte da manh\u00e3) e competi\u00e7\u00e3o (a partir das 13h00).<\/p>\n<p>Assim, o secretariado e a pista para treinos abrem \u00e0s 9h00. Segue-se a reuni\u00e3o com os diretores desportivos de escolas (9h45) e as provas arrancam \u00e0s 10h00. A cerim\u00f3nia protocolar de escolas est\u00e1 agendada para as 12h00.<\/p>\n<p>\u00c0s 13h00 arrancam as provas dos escal\u00f5es de cadetes, femininas e paraciclismo, seguindo-se as provas de elites, juniores e masters (14h45).<\/p>\n<p>A cerim\u00f3nia protocolar da competi\u00e7\u00e3o est\u00e1 marcada para as 16h30.<\/p>\n<p>\u201cEste ano temos a expetativa de testar algumas melhorias que fizemos, tendo em vista o Campeonato Nacional, que acontecer\u00e1 c\u00e1 em julho\u201d, afirma Tiago Cunha, Vice-Presidente da C\u00e2mara Municipal de Paredes de Coura.<\/p>\n","protected":false},"excerpt":{"rendered":"<p>Paredes de Coura foi o local escolhido para a etapa do Campeonato do Minho BTT XCO POPP Agency, assim como para a realiza\u00e7\u00e3o do Campeonato Nacional Universit\u00e1rio de BTT XCO. A pista permanente de Vasc\u00f5es recebe no pr\u00f3ximo domingo (18 de junho) as escolas no programa matinal, enquanto no programa vespertino decorrem as provas de [&hellip;]<\/p>\n","protected":false},"author":1,"featured_media":93273,"comment_status":"closed","ping_status":"closed","sticky":false,"template":"","format":"standard","meta":{"_exactmetrics_skip_tracking":false,"_exactmetrics_sitenote_active":false,"_exactmetrics_sitenote_note":"","_exactmetrics_sitenote_category":0,"footnotes":""},"categories":[10],"tags":[20],"class_list":["post-93272","post","type-post","status-publish","format-standard","has-post-thumbnail","hentry","category-paredes-de-coura","tag-desporto"],"yoast_head":"<!-- This site is optimized with the Yoast SEO Premium plugin v27.5 (Yoast SEO v27.5) - https:\/\/yoast.com\/product\/yoast-seo-premium-wordpress\/ -->\n<title>Paredes de Coura acolhe Campeonato Nacional Universit\u00e1rio de BTT XCO<\/title>\n<meta name=\"description\" content=\"Paredes de Coura foi o local escolhido para a etapa do Campeonato do Minho BTT XCO POPP Agency, assim como para a realiza\u00e7\u00e3o do Campeonato Nacional Universit\u00e1rio de BTT XCO.\" \/>\n<meta name=\"robots\" content=\"index, follow, max-snippet:-1, max-image-preview:large, max-video-preview:-1\" \/>\n<link rel=\"canonical\" href=\"https:\/\/www.altominho.tv\/site\/2023\/06\/13\/btt-xco-paredes-de-coura\/\" \/>\n<meta property=\"og:locale\" content=\"pt_PT\" \/>\n<meta property=\"og:type\" content=\"article\" \/>\n<meta property=\"og:title\" content=\"Paredes de Coura acolhe Campeonato Nacional Universit\u00e1rio de BTT XCO\" \/>\n<meta property=\"og:description\" content=\"Paredes de Coura foi o local escolhido para a etapa do Campeonato do Minho BTT XCO POPP Agency, assim como para a realiza\u00e7\u00e3o do Campeonato Nacional Universit\u00e1rio de BTT XCO.\" \/>\n<meta property=\"og:url\" content=\"https:\/\/www.altominho.tv\/site\/2023\/06\/13\/btt-xco-paredes-de-coura\/\" \/>\n<meta property=\"og:site_name\" content=\"Altominho.tv\" \/>\n<meta property=\"article:publisher\" content=\"https:\/\/www.facebook.com\/altominhotv\" \/>\n<meta property=\"article:published_time\" content=\"2023-06-13T08:14:20+00:00\" \/>\n<meta property=\"article:modified_time\" content=\"2023-06-13T08:14:25+00:00\" \/>\n<meta property=\"og:image\" content=\"https:\/\/www.altominho.tv\/site\/wp-content\/uploads\/2023\/06\/VI-Maratona-BTT.png\" \/>\n\t<meta property=\"og:image:width\" content=\"836\" \/>\n\t<meta property=\"og:image:height\" content=\"448\" \/>\n\t<meta property=\"og:image:type\" content=\"image\/png\" \/>\n<meta name=\"author\" content=\"Altominho.tv\" \/>\n<meta name=\"twitter:card\" content=\"summary_large_image\" \/>\n<meta name=\"twitter:creator\" content=\"@altominhoTV\" \/>\n<meta name=\"twitter:site\" content=\"@altominhoTV\" \/>\n<meta name=\"twitter:label1\" content=\"Escrito por\" \/>\n\t<meta name=\"twitter:data1\" content=\"Altominho.tv\" \/>\n\t<meta name=\"twitter:label2\" content=\"Tempo estimado de leitura\" \/>\n\t<meta name=\"twitter:data2\" content=\"2 minutos\" \/>\n<script type=\"application\/ld+json\" class=\"yoast-schema-graph\">{\"@context\":\"https:\\\/\\\/schema.org\",\"@graph\":[{\"@type\":\"Article\",\"@id\":\"https:\\\/\\\/www.altominho.tv\\\/site\\\/2023\\\/06\\\/13\\\/btt-xco-paredes-de-coura\\\/#article\",\"isPartOf\":{\"@id\":\"https:\\\/\\\/www.altominho.tv\\\/site\\\/2023\\\/06\\\/13\\\/btt-xco-paredes-de-coura\\\/\"},\"author\":{\"name\":\"Altominho.tv\",\"@id\":\"https:\\\/\\\/www.altominho.tv\\\/site\\\/#\\\/schema\\\/person\\\/4e536851627d7914baf3dac752b6af22\"},\"headline\":\"Paredes de Coura acolhe Campeonato Nacional Universit\u00e1rio de BTT XCO\",\"datePublished\":\"2023-06-13T08:14:20+00:00\",\"dateModified\":\"2023-06-13T08:14:25+00:00\",\"mainEntityOfPage\":{\"@id\":\"https:\\\/\\\/www.altominho.tv\\\/site\\\/2023\\\/06\\\/13\\\/btt-xco-paredes-de-coura\\\/\"},\"wordCount\":268,\"image\":{\"@id\":\"https:\\\/\\\/www.altominho.tv\\\/site\\\/2023\\\/06\\\/13\\\/btt-xco-paredes-de-coura\\\/#primaryimage\"},\"thumbnailUrl\":\"https:\\\/\\\/www.altominho.tv\\\/site\\\/wp-content\\\/uploads\\\/2023\\\/06\\\/VI-Maratona-BTT.png\",\"keywords\":[\"Desporto\"],\"articleSection\":[\"Paredes de Coura\"],\"inLanguage\":\"pt-PT\",\"copyrightYear\":\"2023\",\"copyrightHolder\":{\"@id\":\"https:\\\/\\\/www.altominho.tv\\\/site\\\/#organization\"}},{\"@type\":\"WebPage\",\"@id\":\"https:\\\/\\\/www.altominho.tv\\\/site\\\/2023\\\/06\\\/13\\\/btt-xco-paredes-de-coura\\\/\",\"url\":\"https:\\\/\\\/www.altominho.tv\\\/site\\\/2023\\\/06\\\/13\\\/btt-xco-paredes-de-coura\\\/\",\"name\":\"Paredes de Coura acolhe Campeonato Nacional Universit\u00e1rio de BTT XCO\",\"isPartOf\":{\"@id\":\"https:\\\/\\\/www.altominho.tv\\\/site\\\/#website\"},\"primaryImageOfPage\":{\"@id\":\"https:\\\/\\\/www.altominho.tv\\\/site\\\/2023\\\/06\\\/13\\\/btt-xco-paredes-de-coura\\\/#primaryimage\"},\"image\":{\"@id\":\"https:\\\/\\\/www.altominho.tv\\\/site\\\/2023\\\/06\\\/13\\\/btt-xco-paredes-de-coura\\\/#primaryimage\"},\"thumbnailUrl\":\"https:\\\/\\\/www.altominho.tv\\\/site\\\/wp-content\\\/uploads\\\/2023\\\/06\\\/VI-Maratona-BTT.png\",\"datePublished\":\"2023-06-13T08:14:20+00:00\",\"dateModified\":\"2023-06-13T08:14:25+00:00\",\"author\":{\"@id\":\"https:\\\/\\\/www.altominho.tv\\\/site\\\/#\\\/schema\\\/person\\\/4e536851627d7914baf3dac752b6af22\"},\"description\":\"Paredes de Coura foi o local escolhido para a etapa do Campeonato do Minho BTT XCO POPP Agency, assim como para a realiza\u00e7\u00e3o do Campeonato Nacional Universit\u00e1rio de BTT XCO.\",\"breadcrumb\":{\"@id\":\"https:\\\/\\\/www.altominho.tv\\\/site\\\/2023\\\/06\\\/13\\\/btt-xco-paredes-de-coura\\\/#breadcrumb\"},\"inLanguage\":\"pt-PT\",\"potentialAction\":[{\"@type\":\"ReadAction\",\"target\":[\"https:\\\/\\\/www.altominho.tv\\\/site\\\/2023\\\/06\\\/13\\\/btt-xco-paredes-de-coura\\\/\"]}]},{\"@type\":\"ImageObject\",\"inLanguage\":\"pt-PT\",\"@id\":\"https:\\\/\\\/www.altominho.tv\\\/site\\\/2023\\\/06\\\/13\\\/btt-xco-paredes-de-coura\\\/#primaryimage\",\"url\":\"https:\\\/\\\/www.altominho.tv\\\/site\\\/wp-content\\\/uploads\\\/2023\\\/06\\\/VI-Maratona-BTT.png\",\"contentUrl\":\"https:\\\/\\\/www.altominho.tv\\\/site\\\/wp-content\\\/uploads\\\/2023\\\/06\\\/VI-Maratona-BTT.png\",\"width\":836,\"height\":448},{\"@type\":\"BreadcrumbList\",\"@id\":\"https:\\\/\\\/www.altominho.tv\\\/site\\\/2023\\\/06\\\/13\\\/btt-xco-paredes-de-coura\\\/#breadcrumb\",\"itemListElement\":[{\"@type\":\"ListItem\",\"position\":1,\"name\":\"In\u00edcio\",\"item\":\"https:\\\/\\\/www.altominho.tv\\\/site\\\/\"},{\"@type\":\"ListItem\",\"position\":2,\"name\":\"Paredes de Coura acolhe Campeonato Nacional Universit\u00e1rio de BTT XCO\"}]},{\"@type\":\"WebSite\",\"@id\":\"https:\\\/\\\/www.altominho.tv\\\/site\\\/#website\",\"url\":\"https:\\\/\\\/www.altominho.tv\\\/site\\\/\",\"name\":\"Altominho.tv\",\"description\":\"A sua regi\u00e3o \u00e0 dist\u00e2ncia de um clique...\",\"potentialAction\":[{\"@type\":\"SearchAction\",\"target\":{\"@type\":\"EntryPoint\",\"urlTemplate\":\"https:\\\/\\\/www.altominho.tv\\\/site\\\/?s={search_term_string}\"},\"query-input\":{\"@type\":\"PropertyValueSpecification\",\"valueRequired\":true,\"valueName\":\"search_term_string\"}}],\"inLanguage\":\"pt-PT\"},{\"@type\":\"Person\",\"@id\":\"https:\\\/\\\/www.altominho.tv\\\/site\\\/#\\\/schema\\\/person\\\/4e536851627d7914baf3dac752b6af22\",\"name\":\"Altominho.tv\",\"image\":{\"@type\":\"ImageObject\",\"inLanguage\":\"pt-PT\",\"@id\":\"https:\\\/\\\/www.altominho.tv\\\/site\\\/wp-content\\\/uploads\\\/2019\\\/11\\\/Logo_Avatar_2-150x150.jpg\",\"url\":\"https:\\\/\\\/www.altominho.tv\\\/site\\\/wp-content\\\/uploads\\\/2019\\\/11\\\/Logo_Avatar_2-150x150.jpg\",\"contentUrl\":\"https:\\\/\\\/www.altominho.tv\\\/site\\\/wp-content\\\/uploads\\\/2019\\\/11\\\/Logo_Avatar_2-150x150.jpg\",\"caption\":\"Altominho.tv\"},\"url\":\"https:\\\/\\\/www.altominho.tv\\\/site\\\/author\\\/altominhotv-tecnico\\\/\"}]}<\/script>\n<!-- \/ Yoast SEO Premium plugin. -->","yoast_head_json":{"title":"Paredes de Coura acolhe Campeonato Nacional Universit\u00e1rio de BTT XCO","description":"Paredes de Coura foi o local escolhido para a etapa do Campeonato do Minho BTT XCO POPP Agency, assim como para a realiza\u00e7\u00e3o do Campeonato Nacional Universit\u00e1rio de BTT XCO.","robots":{"index":"index","follow":"follow","max-snippet":"max-snippet:-1","max-image-preview":"max-image-preview:large","max-video-preview":"max-video-preview:-1"},"canonical":"https:\/\/www.altominho.tv\/site\/2023\/06\/13\/btt-xco-paredes-de-coura\/","og_locale":"pt_PT","og_type":"article","og_title":"Paredes de Coura acolhe Campeonato Nacional Universit\u00e1rio de BTT XCO","og_description":"Paredes de Coura foi o local escolhido para a etapa do Campeonato do Minho BTT XCO POPP Agency, assim como para a realiza\u00e7\u00e3o do Campeonato Nacional Universit\u00e1rio de BTT XCO.","og_url":"https:\/\/www.altominho.tv\/site\/2023\/06\/13\/btt-xco-paredes-de-coura\/","og_site_name":"Altominho.tv","article_publisher":"https:\/\/www.facebook.com\/altominhotv","article_published_time":"2023-06-13T08:14:20+00:00","article_modified_time":"2023-06-13T08:14:25+00:00","og_image":[{"width":836,"height":448,"url":"https:\/\/www.altominho.tv\/site\/wp-content\/uploads\/2023\/06\/VI-Maratona-BTT.png","type":"image\/png"}],"author":"Altominho.tv","twitter_card":"summary_large_image","twitter_creator":"@altominhoTV","twitter_site":"@altominhoTV","twitter_misc":{"Escrito por":"Altominho.tv","Tempo estimado de leitura":"2 minutos"},"schema":{"@context":"https:\/\/schema.org","@graph":[{"@type":"Article","@id":"https:\/\/www.altominho.tv\/site\/2023\/06\/13\/btt-xco-paredes-de-coura\/#article","isPartOf":{"@id":"https:\/\/www.altominho.tv\/site\/2023\/06\/13\/btt-xco-paredes-de-coura\/"},"author":{"name":"Altominho.tv","@id":"https:\/\/www.altominho.tv\/site\/#\/schema\/person\/4e536851627d7914baf3dac752b6af22"},"headline":"Paredes de Coura acolhe Campeonato Nacional Universit\u00e1rio de BTT XCO","datePublished":"2023-06-13T08:14:20+00:00","dateModified":"2023-06-13T08:14:25+00:00","mainEntityOfPage":{"@id":"https:\/\/www.altominho.tv\/site\/2023\/06\/13\/btt-xco-paredes-de-coura\/"},"wordCount":268,"image":{"@id":"https:\/\/www.altominho.tv\/site\/2023\/06\/13\/btt-xco-paredes-de-coura\/#primaryimage"},"thumbnailUrl":"https:\/\/www.altominho.tv\/site\/wp-content\/uploads\/2023\/06\/VI-Maratona-BTT.png","keywords":["Desporto"],"articleSection":["Paredes de Coura"],"inLanguage":"pt-PT","copyrightYear":"2023","copyrightHolder":{"@id":"https:\/\/www.altominho.tv\/site\/#organization"}},{"@type":"WebPage","@id":"https:\/\/www.altominho.tv\/site\/2023\/06\/13\/btt-xco-paredes-de-coura\/","url":"https:\/\/www.altominho.tv\/site\/2023\/06\/13\/btt-xco-paredes-de-coura\/","name":"Paredes de Coura acolhe Campeonato Nacional Universit\u00e1rio de BTT XCO","isPartOf":{"@id":"https:\/\/www.altominho.tv\/site\/#website"},"primaryImageOfPage":{"@id":"https:\/\/www.altominho.tv\/site\/2023\/06\/13\/btt-xco-paredes-de-coura\/#primaryimage"},"image":{"@id":"https:\/\/www.altominho.tv\/site\/2023\/06\/13\/btt-xco-paredes-de-coura\/#primaryimage"},"thumbnailUrl":"https:\/\/www.altominho.tv\/site\/wp-content\/uploads\/2023\/06\/VI-Maratona-BTT.png","datePublished":"2023-06-13T08:14:20+00:00","dateModified":"2023-06-13T08:14:25+00:00","author":{"@id":"https:\/\/www.altominho.tv\/site\/#\/schema\/person\/4e536851627d7914baf3dac752b6af22"},"description":"Paredes de Coura foi o local escolhido para a etapa do Campeonato do Minho BTT XCO POPP Agency, assim como para a realiza\u00e7\u00e3o do Campeonato Nacional Universit\u00e1rio de BTT XCO.","breadcrumb":{"@id":"https:\/\/www.altominho.tv\/site\/2023\/06\/13\/btt-xco-paredes-de-coura\/#breadcrumb"},"inLanguage":"pt-PT","potentialAction":[{"@type":"ReadAction","target":["https:\/\/www.altominho.tv\/site\/2023\/06\/13\/btt-xco-paredes-de-coura\/"]}]},{"@type":"ImageObject","inLanguage":"pt-PT","@id":"https:\/\/www.altominho.tv\/site\/2023\/06\/13\/btt-xco-paredes-de-coura\/#primaryimage","url":"https:\/\/www.altominho.tv\/site\/wp-content\/uploads\/2023\/06\/VI-Maratona-BTT.png","contentUrl":"https:\/\/www.altominho.tv\/site\/wp-content\/uploads\/2023\/06\/VI-Maratona-BTT.png","width":836,"height":448},{"@type":"BreadcrumbList","@id":"https:\/\/www.altominho.tv\/site\/2023\/06\/13\/btt-xco-paredes-de-coura\/#breadcrumb","itemListElement":[{"@type":"ListItem","position":1,"name":"In\u00edcio","item":"https:\/\/www.altominho.tv\/site\/"},{"@type":"ListItem","position":2,"name":"Paredes de Coura acolhe Campeonato Nacional Universit\u00e1rio de BTT XCO"}]},{"@type":"WebSite","@id":"https:\/\/www.altominho.tv\/site\/#website","url":"https:\/\/www.altominho.tv\/site\/","name":"Altominho.tv","description":"A sua regi\u00e3o \u00e0 dist\u00e2ncia de um clique...","potentialAction":[{"@type":"SearchAction","target":{"@type":"EntryPoint","urlTemplate":"https:\/\/www.altominho.tv\/site\/?s={search_term_string}"},"query-input":{"@type":"PropertyValueSpecification","valueRequired":true,"valueName":"search_term_string"}}],"inLanguage":"pt-PT"},{"@type":"Person","@id":"https:\/\/www.altominho.tv\/site\/#\/schema\/person\/4e536851627d7914baf3dac752b6af22","name":"Altominho.tv","image":{"@type":"ImageObject","inLanguage":"pt-PT","@id":"https:\/\/www.altominho.tv\/site\/wp-content\/uploads\/2019\/11\/Logo_Avatar_2-150x150.jpg","url":"https:\/\/www.altominho.tv\/site\/wp-content\/uploads\/2019\/11\/Logo_Avatar_2-150x150.jpg","contentUrl":"https:\/\/www.altominho.tv\/site\/wp-content\/uploads\/2019\/11\/Logo_Avatar_2-150x150.jpg","caption":"Altominho.tv"},"url":"https:\/\/www.altominho.tv\/site\/author\/altominhotv-tecnico\/"}]}},"_links":{"self":[{"href":"https:\/\/www.altominho.tv\/site\/wp-json\/wp\/v2\/posts\/93272","targetHints":{"allow":["GET"]}}],"collection":[{"href":"https:\/\/www.altominho.tv\/site\/wp-json\/wp\/v2\/posts"}],"about":[{"href":"https:\/\/www.altominho.tv\/site\/wp-json\/wp\/v2\/types\/post"}],"author":[{"embeddable":true,"href":"https:\/\/www.altominho.tv\/site\/wp-json\/wp\/v2\/users\/1"}],"replies":[{"embeddable":true,"href":"https:\/\/www.altominho.tv\/site\/wp-json\/wp\/v2\/comments?post=93272"}],"version-history":[{"count":1,"href":"https:\/\/www.altominho.tv\/site\/wp-json\/wp\/v2\/posts\/93272\/revisions"}],"predecessor-version":[{"id":93274,"href":"https:\/\/www.altominho.tv\/site\/wp-json\/wp\/v2\/posts\/93272\/revisions\/93274"}],"wp:featuredmedia":[{"embeddable":true,"href":"https:\/\/www.altominho.tv\/site\/wp-json\/wp\/v2\/media\/93273"}],"wp:attachment":[{"href":"https:\/\/www.altominho.tv\/site\/wp-json\/wp\/v2\/media?parent=93272"}],"wp:term":[{"taxonomy":"category","embeddable":true,"href":"https:\/\/www.altominho.tv\/site\/wp-json\/wp\/v2\/categories?post=93272"},{"taxonomy":"post_tag","embeddable":true,"href":"https:\/\/www.altominho.tv\/site\/wp-json\/wp\/v2\/tags?post=93272"}],"curies":[{"name":"wp","href":"https:\/\/api.w.org\/{rel}","templated":true}]}}