{"id":9327,"date":"2018-02-07T11:59:39","date_gmt":"2018-02-07T11:59:39","guid":{"rendered":"http:\/\/www.altominho.tv\/site\/?p=9327"},"modified":"2018-02-07T11:59:39","modified_gmt":"2018-02-07T11:59:39","slug":"grupo-dancas-ocultas-sobe-ao-palco-do-cine-teatro-joao-verde","status":"publish","type":"post","link":"https:\/\/www.altominho.tv\/site\/2018\/02\/07\/grupo-dancas-ocultas-sobe-ao-palco-do-cine-teatro-joao-verde\/","title":{"rendered":"Grupo \u201cDan\u00e7as Ocultas\u201d sobe ao palco do Cine Teatro Jo\u00e3o Verde"},"content":{"rendered":"<p style=\"font-weight: 400\">O Grupo \u201cDan\u00e7as Ocultas\u201d sobe ao palco do Cine Teatro Jo\u00e3o Verde no dia\u00a010 de fevereiro, s\u00e1bado, pelas 21h30.<\/p>\n<p style=\"font-weight: 400\">O bilhete, no valor de 10,00 \u20ac, pode ser adquirido na Loja Interativa de Turismo, podendo efetuar-se reservas at\u00e9 cinco dias antes do espet\u00e1culo.<\/p>\n<p style=\"font-weight: 400\">Depois de \u201cAmplitude\u201d, disco produzido em colabora\u00e7\u00e3o com a Orquestra Filarm\u00f3nica das Beiras, com convidados como Carminho, Dead Combo e Rodrigo Le\u00e3o, o grupo de \u00c1gueda prepara o seu novo disco de originais, o qual conta com produ\u00e7\u00e3o de Jacques Morelenbaum.<\/p>\n<p style=\"font-weight: 400\">Este reputado maestro, compositor e violoncelista brasileiro, apresenta um curr\u00edculo not\u00e1vel de colabora\u00e7\u00f5es com Caetano Veloso, Marisa Monte, Ant\u00f3nio Carlos Jobim, Ryuichi Sakamoto, David Byrne e Ces\u00e1ria \u00c9vora, entre outros. O novo trabalho de \u201cDan\u00e7as Ocultas\u201d ter\u00e1 edi\u00e7\u00e3o nacional e internacional.<\/p>\n","protected":false},"excerpt":{"rendered":"<p>O Grupo \u201cDan\u00e7as Ocultas\u201d sobe ao palco do Cine Teatro Jo\u00e3o Verde no dia\u00a010 de fevereiro, s\u00e1bado, pelas 21h30. O bilhete, no valor de 10,00 \u20ac, pode ser adquirido na Loja Interativa de Turismo, podendo efetuar-se reservas at\u00e9 cinco dias antes do espet\u00e1culo. Depois de \u201cAmplitude\u201d, disco produzido em colabora\u00e7\u00e3o com a Orquestra Filarm\u00f3nica das [&hellip;]<\/p>\n","protected":false},"author":6,"featured_media":9328,"comment_status":"closed","ping_status":"closed","sticky":false,"template":"","format":"standard","meta":{"_exactmetrics_skip_tracking":false,"_exactmetrics_sitenote_active":false,"_exactmetrics_sitenote_note":"","_exactmetrics_sitenote_category":0,"footnotes":""},"categories":[9],"tags":[24],"class_list":["post-9327","post","type-post","status-publish","format-standard","has-post-thumbnail","hentry","category-moncao","tag-lazer"],"yoast_head":"<!-- This site is optimized with the Yoast SEO Premium plugin v27.5 (Yoast SEO v27.5) - https:\/\/yoast.com\/product\/yoast-seo-premium-wordpress\/ -->\n<title>Grupo \u201cDan\u00e7as Ocultas\u201d sobe ao palco do Cine Teatro Jo\u00e3o Verde<\/title>\n<meta name=\"robots\" content=\"index, follow, max-snippet:-1, max-image-preview:large, max-video-preview:-1\" \/>\n<link rel=\"canonical\" href=\"https:\/\/www.altominho.tv\/site\/2018\/02\/07\/grupo-dancas-ocultas-sobe-ao-palco-do-cine-teatro-joao-verde\/\" \/>\n<meta property=\"og:locale\" content=\"pt_PT\" \/>\n<meta property=\"og:type\" content=\"article\" \/>\n<meta property=\"og:title\" content=\"Grupo \u201cDan\u00e7as Ocultas\u201d sobe ao palco do Cine Teatro Jo\u00e3o Verde\" \/>\n<meta property=\"og:description\" content=\"O Grupo \u201cDan\u00e7as Ocultas\u201d sobe ao palco do Cine Teatro Jo\u00e3o Verde no dia\u00a010 de fevereiro, s\u00e1bado, pelas 21h30. O bilhete, no valor de 10,00 \u20ac, pode ser adquirido na Loja Interativa de Turismo, podendo efetuar-se reservas at\u00e9 cinco dias antes do espet\u00e1culo. Depois de \u201cAmplitude\u201d, disco produzido em colabora\u00e7\u00e3o com a Orquestra Filarm\u00f3nica das [&hellip;]\" \/>\n<meta property=\"og:url\" content=\"https:\/\/www.altominho.tv\/site\/2018\/02\/07\/grupo-dancas-ocultas-sobe-ao-palco-do-cine-teatro-joao-verde\/\" \/>\n<meta property=\"og:site_name\" content=\"Altominho.tv\" \/>\n<meta property=\"article:publisher\" content=\"https:\/\/www.facebook.com\/altominhotv\" \/>\n<meta property=\"article:published_time\" content=\"2018-02-07T11:59:39+00:00\" \/>\n<meta property=\"og:image\" content=\"https:\/\/www.altominho.tv\/site\/wp-content\/uploads\/2018\/02\/danc\u0327as_ocultas_pose_bons_sons.jpg\" \/>\n\t<meta property=\"og:image:width\" content=\"1200\" \/>\n\t<meta property=\"og:image:height\" content=\"879\" \/>\n\t<meta property=\"og:image:type\" content=\"image\/jpeg\" \/>\n<meta name=\"author\" content=\"C\u00e1tia Malheiro\" \/>\n<meta name=\"twitter:card\" content=\"summary_large_image\" \/>\n<meta name=\"twitter:creator\" content=\"@altominhoTV\" \/>\n<meta name=\"twitter:site\" content=\"@altominhoTV\" \/>\n<meta name=\"twitter:label1\" content=\"Escrito por\" \/>\n\t<meta name=\"twitter:data1\" content=\"C\u00e1tia Malheiro\" \/>\n\t<meta name=\"twitter:label2\" content=\"Tempo estimado de leitura\" \/>\n\t<meta name=\"twitter:data2\" content=\"1 minuto\" \/>\n<script type=\"application\/ld+json\" class=\"yoast-schema-graph\">{\"@context\":\"https:\\\/\\\/schema.org\",\"@graph\":[{\"@type\":\"Article\",\"@id\":\"https:\\\/\\\/www.altominho.tv\\\/site\\\/2018\\\/02\\\/07\\\/grupo-dancas-ocultas-sobe-ao-palco-do-cine-teatro-joao-verde\\\/#article\",\"isPartOf\":{\"@id\":\"https:\\\/\\\/www.altominho.tv\\\/site\\\/2018\\\/02\\\/07\\\/grupo-dancas-ocultas-sobe-ao-palco-do-cine-teatro-joao-verde\\\/\"},\"author\":{\"name\":\"C\u00e1tia Malheiro\",\"@id\":\"https:\\\/\\\/www.altominho.tv\\\/site\\\/#\\\/schema\\\/person\\\/5c9404a8b438614c93da6ca09db92574\"},\"headline\":\"Grupo \u201cDan\u00e7as Ocultas\u201d sobe ao palco do Cine Teatro Jo\u00e3o Verde\",\"datePublished\":\"2018-02-07T11:59:39+00:00\",\"mainEntityOfPage\":{\"@id\":\"https:\\\/\\\/www.altominho.tv\\\/site\\\/2018\\\/02\\\/07\\\/grupo-dancas-ocultas-sobe-ao-palco-do-cine-teatro-joao-verde\\\/\"},\"wordCount\":151,\"image\":{\"@id\":\"https:\\\/\\\/www.altominho.tv\\\/site\\\/2018\\\/02\\\/07\\\/grupo-dancas-ocultas-sobe-ao-palco-do-cine-teatro-joao-verde\\\/#primaryimage\"},\"thumbnailUrl\":\"https:\\\/\\\/www.altominho.tv\\\/site\\\/wp-content\\\/uploads\\\/2018\\\/02\\\/danc\u0327as_ocultas_pose_bons_sons.jpg\",\"keywords\":[\"Lazer\"],\"articleSection\":[\"Mon\u00e7\u00e3o\"],\"inLanguage\":\"pt-PT\",\"copyrightYear\":\"2018\",\"copyrightHolder\":{\"@id\":\"https:\\\/\\\/www.altominho.tv\\\/site\\\/#organization\"}},{\"@type\":\"WebPage\",\"@id\":\"https:\\\/\\\/www.altominho.tv\\\/site\\\/2018\\\/02\\\/07\\\/grupo-dancas-ocultas-sobe-ao-palco-do-cine-teatro-joao-verde\\\/\",\"url\":\"https:\\\/\\\/www.altominho.tv\\\/site\\\/2018\\\/02\\\/07\\\/grupo-dancas-ocultas-sobe-ao-palco-do-cine-teatro-joao-verde\\\/\",\"name\":\"Grupo \u201cDan\u00e7as Ocultas\u201d sobe ao palco do Cine Teatro Jo\u00e3o Verde\",\"isPartOf\":{\"@id\":\"https:\\\/\\\/www.altominho.tv\\\/site\\\/#website\"},\"primaryImageOfPage\":{\"@id\":\"https:\\\/\\\/www.altominho.tv\\\/site\\\/2018\\\/02\\\/07\\\/grupo-dancas-ocultas-sobe-ao-palco-do-cine-teatro-joao-verde\\\/#primaryimage\"},\"image\":{\"@id\":\"https:\\\/\\\/www.altominho.tv\\\/site\\\/2018\\\/02\\\/07\\\/grupo-dancas-ocultas-sobe-ao-palco-do-cine-teatro-joao-verde\\\/#primaryimage\"},\"thumbnailUrl\":\"https:\\\/\\\/www.altominho.tv\\\/site\\\/wp-content\\\/uploads\\\/2018\\\/02\\\/danc\u0327as_ocultas_pose_bons_sons.jpg\",\"datePublished\":\"2018-02-07T11:59:39+00:00\",\"author\":{\"@id\":\"https:\\\/\\\/www.altominho.tv\\\/site\\\/#\\\/schema\\\/person\\\/5c9404a8b438614c93da6ca09db92574\"},\"breadcrumb\":{\"@id\":\"https:\\\/\\\/www.altominho.tv\\\/site\\\/2018\\\/02\\\/07\\\/grupo-dancas-ocultas-sobe-ao-palco-do-cine-teatro-joao-verde\\\/#breadcrumb\"},\"inLanguage\":\"pt-PT\",\"potentialAction\":[{\"@type\":\"ReadAction\",\"target\":[\"https:\\\/\\\/www.altominho.tv\\\/site\\\/2018\\\/02\\\/07\\\/grupo-dancas-ocultas-sobe-ao-palco-do-cine-teatro-joao-verde\\\/\"]}]},{\"@type\":\"ImageObject\",\"inLanguage\":\"pt-PT\",\"@id\":\"https:\\\/\\\/www.altominho.tv\\\/site\\\/2018\\\/02\\\/07\\\/grupo-dancas-ocultas-sobe-ao-palco-do-cine-teatro-joao-verde\\\/#primaryimage\",\"url\":\"https:\\\/\\\/www.altominho.tv\\\/site\\\/wp-content\\\/uploads\\\/2018\\\/02\\\/danc\u0327as_ocultas_pose_bons_sons.jpg\",\"contentUrl\":\"https:\\\/\\\/www.altominho.tv\\\/site\\\/wp-content\\\/uploads\\\/2018\\\/02\\\/danc\u0327as_ocultas_pose_bons_sons.jpg\",\"width\":1200,\"height\":879},{\"@type\":\"BreadcrumbList\",\"@id\":\"https:\\\/\\\/www.altominho.tv\\\/site\\\/2018\\\/02\\\/07\\\/grupo-dancas-ocultas-sobe-ao-palco-do-cine-teatro-joao-verde\\\/#breadcrumb\",\"itemListElement\":[{\"@type\":\"ListItem\",\"position\":1,\"name\":\"In\u00edcio\",\"item\":\"https:\\\/\\\/www.altominho.tv\\\/site\\\/\"},{\"@type\":\"ListItem\",\"position\":2,\"name\":\"Grupo \u201cDan\u00e7as Ocultas\u201d sobe ao palco do Cine Teatro Jo\u00e3o Verde\"}]},{\"@type\":\"WebSite\",\"@id\":\"https:\\\/\\\/www.altominho.tv\\\/site\\\/#website\",\"url\":\"https:\\\/\\\/www.altominho.tv\\\/site\\\/\",\"name\":\"Altominho.tv\",\"description\":\"A sua regi\u00e3o \u00e0 dist\u00e2ncia de um clique...\",\"potentialAction\":[{\"@type\":\"SearchAction\",\"target\":{\"@type\":\"EntryPoint\",\"urlTemplate\":\"https:\\\/\\\/www.altominho.tv\\\/site\\\/?s={search_term_string}\"},\"query-input\":{\"@type\":\"PropertyValueSpecification\",\"valueRequired\":true,\"valueName\":\"search_term_string\"}}],\"inLanguage\":\"pt-PT\"},{\"@type\":\"Person\",\"@id\":\"https:\\\/\\\/www.altominho.tv\\\/site\\\/#\\\/schema\\\/person\\\/5c9404a8b438614c93da6ca09db92574\",\"name\":\"C\u00e1tia Malheiro\",\"image\":{\"@type\":\"ImageObject\",\"inLanguage\":\"pt-PT\",\"@id\":\"https:\\\/\\\/www.altominho.tv\\\/site\\\/wp-content\\\/uploads\\\/2017\\\/11\\\/Catia_Malheiro-150x150.jpg\",\"url\":\"https:\\\/\\\/www.altominho.tv\\\/site\\\/wp-content\\\/uploads\\\/2017\\\/11\\\/Catia_Malheiro-150x150.jpg\",\"contentUrl\":\"https:\\\/\\\/www.altominho.tv\\\/site\\\/wp-content\\\/uploads\\\/2017\\\/11\\\/Catia_Malheiro-150x150.jpg\",\"caption\":\"C\u00e1tia Malheiro\"},\"url\":\"https:\\\/\\\/www.altominho.tv\\\/site\\\/author\\\/catiamalheiro\\\/\"}]}<\/script>\n<!-- \/ Yoast SEO Premium plugin. -->","yoast_head_json":{"title":"Grupo \u201cDan\u00e7as Ocultas\u201d sobe ao palco do Cine Teatro Jo\u00e3o Verde","robots":{"index":"index","follow":"follow","max-snippet":"max-snippet:-1","max-image-preview":"max-image-preview:large","max-video-preview":"max-video-preview:-1"},"canonical":"https:\/\/www.altominho.tv\/site\/2018\/02\/07\/grupo-dancas-ocultas-sobe-ao-palco-do-cine-teatro-joao-verde\/","og_locale":"pt_PT","og_type":"article","og_title":"Grupo \u201cDan\u00e7as Ocultas\u201d sobe ao palco do Cine Teatro Jo\u00e3o Verde","og_description":"O Grupo \u201cDan\u00e7as Ocultas\u201d sobe ao palco do Cine Teatro Jo\u00e3o Verde no dia\u00a010 de fevereiro, s\u00e1bado, pelas 21h30. O bilhete, no valor de 10,00 \u20ac, pode ser adquirido na Loja Interativa de Turismo, podendo efetuar-se reservas at\u00e9 cinco dias antes do espet\u00e1culo. Depois de \u201cAmplitude\u201d, disco produzido em colabora\u00e7\u00e3o com a Orquestra Filarm\u00f3nica das [&hellip;]","og_url":"https:\/\/www.altominho.tv\/site\/2018\/02\/07\/grupo-dancas-ocultas-sobe-ao-palco-do-cine-teatro-joao-verde\/","og_site_name":"Altominho.tv","article_publisher":"https:\/\/www.facebook.com\/altominhotv","article_published_time":"2018-02-07T11:59:39+00:00","og_image":[{"width":1200,"height":879,"url":"https:\/\/www.altominho.tv\/site\/wp-content\/uploads\/2018\/02\/danc\u0327as_ocultas_pose_bons_sons.jpg","type":"image\/jpeg"}],"author":"C\u00e1tia Malheiro","twitter_card":"summary_large_image","twitter_creator":"@altominhoTV","twitter_site":"@altominhoTV","twitter_misc":{"Escrito por":"C\u00e1tia Malheiro","Tempo estimado de leitura":"1 minuto"},"schema":{"@context":"https:\/\/schema.org","@graph":[{"@type":"Article","@id":"https:\/\/www.altominho.tv\/site\/2018\/02\/07\/grupo-dancas-ocultas-sobe-ao-palco-do-cine-teatro-joao-verde\/#article","isPartOf":{"@id":"https:\/\/www.altominho.tv\/site\/2018\/02\/07\/grupo-dancas-ocultas-sobe-ao-palco-do-cine-teatro-joao-verde\/"},"author":{"name":"C\u00e1tia Malheiro","@id":"https:\/\/www.altominho.tv\/site\/#\/schema\/person\/5c9404a8b438614c93da6ca09db92574"},"headline":"Grupo \u201cDan\u00e7as Ocultas\u201d sobe ao palco do Cine Teatro Jo\u00e3o Verde","datePublished":"2018-02-07T11:59:39+00:00","mainEntityOfPage":{"@id":"https:\/\/www.altominho.tv\/site\/2018\/02\/07\/grupo-dancas-ocultas-sobe-ao-palco-do-cine-teatro-joao-verde\/"},"wordCount":151,"image":{"@id":"https:\/\/www.altominho.tv\/site\/2018\/02\/07\/grupo-dancas-ocultas-sobe-ao-palco-do-cine-teatro-joao-verde\/#primaryimage"},"thumbnailUrl":"https:\/\/www.altominho.tv\/site\/wp-content\/uploads\/2018\/02\/danc\u0327as_ocultas_pose_bons_sons.jpg","keywords":["Lazer"],"articleSection":["Mon\u00e7\u00e3o"],"inLanguage":"pt-PT","copyrightYear":"2018","copyrightHolder":{"@id":"https:\/\/www.altominho.tv\/site\/#organization"}},{"@type":"WebPage","@id":"https:\/\/www.altominho.tv\/site\/2018\/02\/07\/grupo-dancas-ocultas-sobe-ao-palco-do-cine-teatro-joao-verde\/","url":"https:\/\/www.altominho.tv\/site\/2018\/02\/07\/grupo-dancas-ocultas-sobe-ao-palco-do-cine-teatro-joao-verde\/","name":"Grupo \u201cDan\u00e7as Ocultas\u201d sobe ao palco do Cine Teatro Jo\u00e3o Verde","isPartOf":{"@id":"https:\/\/www.altominho.tv\/site\/#website"},"primaryImageOfPage":{"@id":"https:\/\/www.altominho.tv\/site\/2018\/02\/07\/grupo-dancas-ocultas-sobe-ao-palco-do-cine-teatro-joao-verde\/#primaryimage"},"image":{"@id":"https:\/\/www.altominho.tv\/site\/2018\/02\/07\/grupo-dancas-ocultas-sobe-ao-palco-do-cine-teatro-joao-verde\/#primaryimage"},"thumbnailUrl":"https:\/\/www.altominho.tv\/site\/wp-content\/uploads\/2018\/02\/danc\u0327as_ocultas_pose_bons_sons.jpg","datePublished":"2018-02-07T11:59:39+00:00","author":{"@id":"https:\/\/www.altominho.tv\/site\/#\/schema\/person\/5c9404a8b438614c93da6ca09db92574"},"breadcrumb":{"@id":"https:\/\/www.altominho.tv\/site\/2018\/02\/07\/grupo-dancas-ocultas-sobe-ao-palco-do-cine-teatro-joao-verde\/#breadcrumb"},"inLanguage":"pt-PT","potentialAction":[{"@type":"ReadAction","target":["https:\/\/www.altominho.tv\/site\/2018\/02\/07\/grupo-dancas-ocultas-sobe-ao-palco-do-cine-teatro-joao-verde\/"]}]},{"@type":"ImageObject","inLanguage":"pt-PT","@id":"https:\/\/www.altominho.tv\/site\/2018\/02\/07\/grupo-dancas-ocultas-sobe-ao-palco-do-cine-teatro-joao-verde\/#primaryimage","url":"https:\/\/www.altominho.tv\/site\/wp-content\/uploads\/2018\/02\/danc\u0327as_ocultas_pose_bons_sons.jpg","contentUrl":"https:\/\/www.altominho.tv\/site\/wp-content\/uploads\/2018\/02\/danc\u0327as_ocultas_pose_bons_sons.jpg","width":1200,"height":879},{"@type":"BreadcrumbList","@id":"https:\/\/www.altominho.tv\/site\/2018\/02\/07\/grupo-dancas-ocultas-sobe-ao-palco-do-cine-teatro-joao-verde\/#breadcrumb","itemListElement":[{"@type":"ListItem","position":1,"name":"In\u00edcio","item":"https:\/\/www.altominho.tv\/site\/"},{"@type":"ListItem","position":2,"name":"Grupo \u201cDan\u00e7as Ocultas\u201d sobe ao palco do Cine Teatro Jo\u00e3o Verde"}]},{"@type":"WebSite","@id":"https:\/\/www.altominho.tv\/site\/#website","url":"https:\/\/www.altominho.tv\/site\/","name":"Altominho.tv","description":"A sua regi\u00e3o \u00e0 dist\u00e2ncia de um clique...","potentialAction":[{"@type":"SearchAction","target":{"@type":"EntryPoint","urlTemplate":"https:\/\/www.altominho.tv\/site\/?s={search_term_string}"},"query-input":{"@type":"PropertyValueSpecification","valueRequired":true,"valueName":"search_term_string"}}],"inLanguage":"pt-PT"},{"@type":"Person","@id":"https:\/\/www.altominho.tv\/site\/#\/schema\/person\/5c9404a8b438614c93da6ca09db92574","name":"C\u00e1tia Malheiro","image":{"@type":"ImageObject","inLanguage":"pt-PT","@id":"https:\/\/www.altominho.tv\/site\/wp-content\/uploads\/2017\/11\/Catia_Malheiro-150x150.jpg","url":"https:\/\/www.altominho.tv\/site\/wp-content\/uploads\/2017\/11\/Catia_Malheiro-150x150.jpg","contentUrl":"https:\/\/www.altominho.tv\/site\/wp-content\/uploads\/2017\/11\/Catia_Malheiro-150x150.jpg","caption":"C\u00e1tia Malheiro"},"url":"https:\/\/www.altominho.tv\/site\/author\/catiamalheiro\/"}]}},"_links":{"self":[{"href":"https:\/\/www.altominho.tv\/site\/wp-json\/wp\/v2\/posts\/9327","targetHints":{"allow":["GET"]}}],"collection":[{"href":"https:\/\/www.altominho.tv\/site\/wp-json\/wp\/v2\/posts"}],"about":[{"href":"https:\/\/www.altominho.tv\/site\/wp-json\/wp\/v2\/types\/post"}],"author":[{"embeddable":true,"href":"https:\/\/www.altominho.tv\/site\/wp-json\/wp\/v2\/users\/6"}],"replies":[{"embeddable":true,"href":"https:\/\/www.altominho.tv\/site\/wp-json\/wp\/v2\/comments?post=9327"}],"version-history":[{"count":0,"href":"https:\/\/www.altominho.tv\/site\/wp-json\/wp\/v2\/posts\/9327\/revisions"}],"wp:featuredmedia":[{"embeddable":true,"href":"https:\/\/www.altominho.tv\/site\/wp-json\/wp\/v2\/media\/9328"}],"wp:attachment":[{"href":"https:\/\/www.altominho.tv\/site\/wp-json\/wp\/v2\/media?parent=9327"}],"wp:term":[{"taxonomy":"category","embeddable":true,"href":"https:\/\/www.altominho.tv\/site\/wp-json\/wp\/v2\/categories?post=9327"},{"taxonomy":"post_tag","embeddable":true,"href":"https:\/\/www.altominho.tv\/site\/wp-json\/wp\/v2\/tags?post=9327"}],"curies":[{"name":"wp","href":"https:\/\/api.w.org\/{rel}","templated":true}]}}