{"id":93269,"date":"2023-06-12T17:15:19","date_gmt":"2023-06-12T16:15:19","guid":{"rendered":"https:\/\/www.altominho.tv\/site\/?p=93269"},"modified":"2023-06-12T17:18:38","modified_gmt":"2023-06-12T16:18:38","slug":"couto-viana-mausoleu-de-artistas","status":"publish","type":"post","link":"https:\/\/www.altominho.tv\/site\/2023\/06\/12\/couto-viana-mausoleu-de-artistas\/","title":{"rendered":"Corpo de Couto Viana trasladado para mausol\u00e9u dos artistas de Viana do Castelo"},"content":{"rendered":"<p>Os restos mortais do poeta e escritor de Viana do Castelo Ant\u00f3nio Manuel Couto Viana v\u00e3o ser trasladados do cemit\u00e9rio da Ordem Terceira para o mausol\u00e9u de artistas e homens de letras, no cemit\u00e9rio municipal, foi hoje divulgado.<\/p>\n<p>Em comunicado, a C\u00e2mara de Viana do Castelo explicou que a cerim\u00f3nia, integrada nas comemora\u00e7\u00f5es do centen\u00e1rio do nascimento de Couto Viana, decorrer\u00e1 no s\u00e1bado, \u00e0s 17:00, num momento acompanhado pela guarda de honra da Companhia de Bombeiros Sapadores Viana do Castelo.<\/p>\n<p>Poeta, dramaturgo, contista, ensa\u00edsta, memorialista, tradutor, encenador, ator, gastr\u00f3logo e autor de livros para crian\u00e7as, Ant\u00f3nio Manuel Couto Viana nasceu em Viana do Castelo, a 24 de janeiro de 1923.<\/p>\n<p>Publicou meia centena de livros de poesia e cerca de 80 t\u00edtulos de outros g\u00e9neros liter\u00e1rios, com relevo para os livros de ensaios e mem\u00f3rias.<\/p>\n<p>Couto Viana morreu em Lisboa, a 8 de junho de 2010, e foi sepultado no cemit\u00e9rio da Ordem Terceira, em Viana do Castelo.<\/p>\n<p>No s\u00e1bado, os seus restos mortais ser\u00e3o trasladados para o mausol\u00e9u, criado pela autarquia, em homenagem aos artistas e homens de letras da cidade.<\/p>\n<p>O programa comemorativo dos 100 anos do seu nascimento inclui, \u00e0s 11h00, na biblioteca municipal, o lan\u00e7amento do livro infantil \u201cQuem gosta de animais cresce mais\u201d, de sua autoria e com ilustra\u00e7\u00e3o de V\u00edtor Pi.<\/p>\n<p>Al\u00e9m do lan\u00e7amento do livro, na sala da biblioteca municipal batizada com o nome do poeta e escritor ser\u00e1 ainda entregue o Pr\u00e9mio Escolar Ant\u00f3nio Manuel Couto Viana aos alunos vencedores da edi\u00e7\u00e3o 2022\/2023.<\/p>\n<p>Para as 18:30, tamb\u00e9m na biblioteca municipal, ser\u00e1 ainda lan\u00e7ada a antologia po\u00e9tica de Couto Viana, intitulada \u201cPor dentro de mim dou a volta ao mundo\u201d.<\/p>\n<p>Al\u00e9m \u201cdo teatro e da poesia, Couto Viana dedicou-se tamb\u00e9m \u00e0 literatura infantojuvenil, escrevendo e traduzindo livros, e dirigindo publica\u00e7\u00f5es como a revista Camarada (1949-1951)\u201d.<\/p>\n<p>A \u201cobra po\u00e9tica de Ant\u00f3nio Manuel Couto Viana figura nas principais antologias de l\u00edngua portuguesa e espanhola, tendo os seus poemas sido traduzidos para castelhano, ingl\u00eas, franc\u00eas, alem\u00e3o, russo e chin\u00eas\u201d.<\/p>\n<p>A c\u00e2mara destaca que a poesia de Couto Viana foi j\u00e1 estudada por David Mour\u00e3o-Ferreira, Artur Anselmo, Tomaz de Figueiredo, Edu\u00edno de Jesus, Rodrigo Em\u00edlio, Jo\u00e3o Maia, Franco Nogueira, Jo\u00e3o Bigotte Chor\u00e3o, Jos\u00e9 Carlos Seabra Pereira, Beatriz Basto da Silva, M\u00e1rio Saraiva e Joaquim Manuel Magalh\u00e3es.<\/p>\n<p>Foi galardoado com o Pr\u00e9mio Antero de Quental (em 1949 e 1969), o Pr\u00e9mio Luso-Galaico Valle-Inclan (em 1960), o Pr\u00e9mio Nacional de Poesia (em 1965), o Pr\u00e9mio da Academia de Ci\u00eancias (em 1971), o Pr\u00e9mio de Literatura da Sociedade Hist\u00f3rica da Independ\u00eancia de Portugal (em 1988) e o Pr\u00e9mio Camilo Pessanha (em 1992), da Funda\u00e7\u00e3o Oriente.<\/p>\n<p>De \u201c1986 a 1988, viveu em Macau, onde exerceu fun\u00e7\u00f5es docentes no Instituto Cultural. Na \u00faltima d\u00e9cada, teve como resid\u00eancia at\u00e9 ao seu falecimento em junho de 2010 a Casa do Artista, em Lisboa, onde continuou a fazer parte da Comiss\u00e3o de Leitura para a Educa\u00e7\u00e3o e Bolsas, da Funda\u00e7\u00e3o Calouste Gulbenkian\u201d.<\/p>\n<p>A autarquia recorda ainda que foi agraciado com a Banda da Cruz de M\u00e9rito, Gr\u00e3-Cruz da Falange Galega e Grande Oficialato da Ordem do Infante D. Henrique, sendo que o munic\u00edpio de Viana do Castelo lhe atribuiu a Medalha de M\u00e9rito Cultural e lhe dedicou uma sala na biblioteca municipal.<\/p>\n","protected":false},"excerpt":{"rendered":"<p>Os restos mortais do poeta e escritor de Viana do Castelo Ant\u00f3nio Manuel Couto Viana v\u00e3o ser trasladados do cemit\u00e9rio da Ordem Terceira para o mausol\u00e9u de artistas e homens de letras, no cemit\u00e9rio municipal, foi hoje divulgado. Em comunicado, a C\u00e2mara de Viana do Castelo explicou que a cerim\u00f3nia, integrada nas comemora\u00e7\u00f5es do centen\u00e1rio [&hellip;]<\/p>\n","protected":false},"author":13,"featured_media":88183,"comment_status":"closed","ping_status":"closed","sticky":false,"template":"","format":"standard","meta":{"_exactmetrics_skip_tracking":false,"_exactmetrics_sitenote_active":false,"_exactmetrics_sitenote_note":"","_exactmetrics_sitenote_category":0,"footnotes":""},"categories":[14],"tags":[23],"class_list":["post-93269","post","type-post","status-publish","format-standard","has-post-thumbnail","hentry","category-viana-do-castelo","tag-gente"],"yoast_head":"<!-- This site is optimized with the Yoast SEO Premium plugin v27.4 (Yoast SEO v27.4) - https:\/\/yoast.com\/product\/yoast-seo-premium-wordpress\/ -->\n<title>Corpo de Couto Viana trasladado para mausol\u00e9u dos artistas de Viana do Castelo<\/title>\n<meta name=\"description\" content=\"Os restos mortais do poeta e escritor de Viana do Castelo Ant\u00f3nio Manuel Couto Viana v\u00e3o ser trasladados do cemit\u00e9rio da Ordem Terceira para o mausol\u00e9u de artistas e homens de letras, no cemit\u00e9rio municipal, foi hoje divulgado.\" \/>\n<meta name=\"robots\" content=\"index, follow, max-snippet:-1, max-image-preview:large, max-video-preview:-1\" \/>\n<link rel=\"canonical\" href=\"https:\/\/www.altominho.tv\/site\/2023\/06\/12\/couto-viana-mausoleu-de-artistas\/\" \/>\n<meta property=\"og:locale\" content=\"pt_PT\" \/>\n<meta property=\"og:type\" content=\"article\" \/>\n<meta property=\"og:title\" content=\"Corpo de Couto Viana trasladado para mausol\u00e9u dos artistas de Viana do Castelo\" \/>\n<meta property=\"og:description\" content=\"Os restos mortais do poeta e escritor de Viana do Castelo Ant\u00f3nio Manuel Couto Viana v\u00e3o ser trasladados do cemit\u00e9rio da Ordem Terceira para o mausol\u00e9u de artistas e homens de letras, no cemit\u00e9rio municipal, foi hoje divulgado.\" \/>\n<meta property=\"og:url\" content=\"https:\/\/www.altominho.tv\/site\/2023\/06\/12\/couto-viana-mausoleu-de-artistas\/\" \/>\n<meta property=\"og:site_name\" content=\"Altominho.tv\" \/>\n<meta property=\"article:publisher\" content=\"https:\/\/www.facebook.com\/altominhotv\" \/>\n<meta property=\"article:published_time\" content=\"2023-06-12T16:15:19+00:00\" \/>\n<meta property=\"article:modified_time\" content=\"2023-06-12T16:18:38+00:00\" \/>\n<meta property=\"og:image\" content=\"https:\/\/www.altominho.tv\/site\/wp-content\/uploads\/2023\/01\/A-M-C-VIANA.jpg\" \/>\n\t<meta property=\"og:image:width\" content=\"488\" \/>\n\t<meta property=\"og:image:height\" content=\"340\" \/>\n\t<meta property=\"og:image:type\" content=\"image\/jpeg\" \/>\n<meta name=\"author\" content=\"Lusa\" \/>\n<meta name=\"twitter:card\" content=\"summary_large_image\" \/>\n<meta name=\"twitter:creator\" content=\"@altominhoTV\" \/>\n<meta name=\"twitter:site\" content=\"@altominhoTV\" \/>\n<meta name=\"twitter:label1\" content=\"Escrito por\" \/>\n\t<meta name=\"twitter:data1\" content=\"Lusa\" \/>\n\t<meta name=\"twitter:label2\" content=\"Tempo estimado de leitura\" \/>\n\t<meta name=\"twitter:data2\" content=\"3 minutos\" \/>\n<script type=\"application\/ld+json\" class=\"yoast-schema-graph\">{\"@context\":\"https:\\\/\\\/schema.org\",\"@graph\":[{\"@type\":\"Article\",\"@id\":\"https:\\\/\\\/www.altominho.tv\\\/site\\\/2023\\\/06\\\/12\\\/couto-viana-mausoleu-de-artistas\\\/#article\",\"isPartOf\":{\"@id\":\"https:\\\/\\\/www.altominho.tv\\\/site\\\/2023\\\/06\\\/12\\\/couto-viana-mausoleu-de-artistas\\\/\"},\"author\":{\"name\":\"Lusa\",\"@id\":\"https:\\\/\\\/www.altominho.tv\\\/site\\\/#\\\/schema\\\/person\\\/63f693da3e1899361cbe955c46f3232e\"},\"headline\":\"Corpo de Couto Viana trasladado para mausol\u00e9u dos artistas de Viana do Castelo\",\"datePublished\":\"2023-06-12T16:15:19+00:00\",\"dateModified\":\"2023-06-12T16:18:38+00:00\",\"mainEntityOfPage\":{\"@id\":\"https:\\\/\\\/www.altominho.tv\\\/site\\\/2023\\\/06\\\/12\\\/couto-viana-mausoleu-de-artistas\\\/\"},\"wordCount\":603,\"image\":{\"@id\":\"https:\\\/\\\/www.altominho.tv\\\/site\\\/2023\\\/06\\\/12\\\/couto-viana-mausoleu-de-artistas\\\/#primaryimage\"},\"thumbnailUrl\":\"https:\\\/\\\/www.altominho.tv\\\/site\\\/wp-content\\\/uploads\\\/2023\\\/01\\\/A-M-C-VIANA.jpg\",\"keywords\":[\"Gente\"],\"articleSection\":[\"Viana do Castelo\"],\"inLanguage\":\"pt-PT\",\"copyrightYear\":\"2023\",\"copyrightHolder\":{\"@id\":\"https:\\\/\\\/www.altominho.tv\\\/site\\\/#organization\"}},{\"@type\":\"WebPage\",\"@id\":\"https:\\\/\\\/www.altominho.tv\\\/site\\\/2023\\\/06\\\/12\\\/couto-viana-mausoleu-de-artistas\\\/\",\"url\":\"https:\\\/\\\/www.altominho.tv\\\/site\\\/2023\\\/06\\\/12\\\/couto-viana-mausoleu-de-artistas\\\/\",\"name\":\"Corpo de Couto Viana trasladado para mausol\u00e9u dos artistas de Viana do Castelo\",\"isPartOf\":{\"@id\":\"https:\\\/\\\/www.altominho.tv\\\/site\\\/#website\"},\"primaryImageOfPage\":{\"@id\":\"https:\\\/\\\/www.altominho.tv\\\/site\\\/2023\\\/06\\\/12\\\/couto-viana-mausoleu-de-artistas\\\/#primaryimage\"},\"image\":{\"@id\":\"https:\\\/\\\/www.altominho.tv\\\/site\\\/2023\\\/06\\\/12\\\/couto-viana-mausoleu-de-artistas\\\/#primaryimage\"},\"thumbnailUrl\":\"https:\\\/\\\/www.altominho.tv\\\/site\\\/wp-content\\\/uploads\\\/2023\\\/01\\\/A-M-C-VIANA.jpg\",\"datePublished\":\"2023-06-12T16:15:19+00:00\",\"dateModified\":\"2023-06-12T16:18:38+00:00\",\"author\":{\"@id\":\"https:\\\/\\\/www.altominho.tv\\\/site\\\/#\\\/schema\\\/person\\\/63f693da3e1899361cbe955c46f3232e\"},\"description\":\"Os restos mortais do poeta e escritor de Viana do Castelo Ant\u00f3nio Manuel Couto Viana v\u00e3o ser trasladados do cemit\u00e9rio da Ordem Terceira para o mausol\u00e9u de artistas e homens de letras, no cemit\u00e9rio municipal, foi hoje divulgado.\",\"breadcrumb\":{\"@id\":\"https:\\\/\\\/www.altominho.tv\\\/site\\\/2023\\\/06\\\/12\\\/couto-viana-mausoleu-de-artistas\\\/#breadcrumb\"},\"inLanguage\":\"pt-PT\",\"potentialAction\":[{\"@type\":\"ReadAction\",\"target\":[\"https:\\\/\\\/www.altominho.tv\\\/site\\\/2023\\\/06\\\/12\\\/couto-viana-mausoleu-de-artistas\\\/\"]}]},{\"@type\":\"ImageObject\",\"inLanguage\":\"pt-PT\",\"@id\":\"https:\\\/\\\/www.altominho.tv\\\/site\\\/2023\\\/06\\\/12\\\/couto-viana-mausoleu-de-artistas\\\/#primaryimage\",\"url\":\"https:\\\/\\\/www.altominho.tv\\\/site\\\/wp-content\\\/uploads\\\/2023\\\/01\\\/A-M-C-VIANA.jpg\",\"contentUrl\":\"https:\\\/\\\/www.altominho.tv\\\/site\\\/wp-content\\\/uploads\\\/2023\\\/01\\\/A-M-C-VIANA.jpg\",\"width\":488,\"height\":340,\"caption\":\"C\u00c2MARA DE VIANA DO CASTELO\"},{\"@type\":\"BreadcrumbList\",\"@id\":\"https:\\\/\\\/www.altominho.tv\\\/site\\\/2023\\\/06\\\/12\\\/couto-viana-mausoleu-de-artistas\\\/#breadcrumb\",\"itemListElement\":[{\"@type\":\"ListItem\",\"position\":1,\"name\":\"In\u00edcio\",\"item\":\"https:\\\/\\\/www.altominho.tv\\\/site\\\/\"},{\"@type\":\"ListItem\",\"position\":2,\"name\":\"Corpo de Couto Viana trasladado para mausol\u00e9u dos artistas de Viana do Castelo\"}]},{\"@type\":\"WebSite\",\"@id\":\"https:\\\/\\\/www.altominho.tv\\\/site\\\/#website\",\"url\":\"https:\\\/\\\/www.altominho.tv\\\/site\\\/\",\"name\":\"Altominho.tv\",\"description\":\"A sua regi\u00e3o \u00e0 dist\u00e2ncia de um clique...\",\"potentialAction\":[{\"@type\":\"SearchAction\",\"target\":{\"@type\":\"EntryPoint\",\"urlTemplate\":\"https:\\\/\\\/www.altominho.tv\\\/site\\\/?s={search_term_string}\"},\"query-input\":{\"@type\":\"PropertyValueSpecification\",\"valueRequired\":true,\"valueName\":\"search_term_string\"}}],\"inLanguage\":\"pt-PT\"},{\"@type\":\"Person\",\"@id\":\"https:\\\/\\\/www.altominho.tv\\\/site\\\/#\\\/schema\\\/person\\\/63f693da3e1899361cbe955c46f3232e\",\"name\":\"Lusa\",\"image\":{\"@type\":\"ImageObject\",\"inLanguage\":\"pt-PT\",\"@id\":\"https:\\\/\\\/www.altominho.tv\\\/site\\\/wp-content\\\/uploads\\\/2019\\\/08\\\/LUSA_Logo.gif\",\"url\":\"https:\\\/\\\/www.altominho.tv\\\/site\\\/wp-content\\\/uploads\\\/2019\\\/08\\\/LUSA_Logo.gif\",\"contentUrl\":\"https:\\\/\\\/www.altominho.tv\\\/site\\\/wp-content\\\/uploads\\\/2019\\\/08\\\/LUSA_Logo.gif\",\"caption\":\"Lusa\"},\"sameAs\":[\"http:\\\/\\\/\\\/\\\/www.altominho.tv\\\/site\"],\"url\":\"https:\\\/\\\/www.altominho.tv\\\/site\\\/author\\\/lusa\\\/\"}]}<\/script>\n<!-- \/ Yoast SEO Premium plugin. -->","yoast_head_json":{"title":"Corpo de Couto Viana trasladado para mausol\u00e9u dos artistas de Viana do Castelo","description":"Os restos mortais do poeta e escritor de Viana do Castelo Ant\u00f3nio Manuel Couto Viana v\u00e3o ser trasladados do cemit\u00e9rio da Ordem Terceira para o mausol\u00e9u de artistas e homens de letras, no cemit\u00e9rio municipal, foi hoje divulgado.","robots":{"index":"index","follow":"follow","max-snippet":"max-snippet:-1","max-image-preview":"max-image-preview:large","max-video-preview":"max-video-preview:-1"},"canonical":"https:\/\/www.altominho.tv\/site\/2023\/06\/12\/couto-viana-mausoleu-de-artistas\/","og_locale":"pt_PT","og_type":"article","og_title":"Corpo de Couto Viana trasladado para mausol\u00e9u dos artistas de Viana do Castelo","og_description":"Os restos mortais do poeta e escritor de Viana do Castelo Ant\u00f3nio Manuel Couto Viana v\u00e3o ser trasladados do cemit\u00e9rio da Ordem Terceira para o mausol\u00e9u de artistas e homens de letras, no cemit\u00e9rio municipal, foi hoje divulgado.","og_url":"https:\/\/www.altominho.tv\/site\/2023\/06\/12\/couto-viana-mausoleu-de-artistas\/","og_site_name":"Altominho.tv","article_publisher":"https:\/\/www.facebook.com\/altominhotv","article_published_time":"2023-06-12T16:15:19+00:00","article_modified_time":"2023-06-12T16:18:38+00:00","og_image":[{"width":488,"height":340,"url":"https:\/\/www.altominho.tv\/site\/wp-content\/uploads\/2023\/01\/A-M-C-VIANA.jpg","type":"image\/jpeg"}],"author":"Lusa","twitter_card":"summary_large_image","twitter_creator":"@altominhoTV","twitter_site":"@altominhoTV","twitter_misc":{"Escrito por":"Lusa","Tempo estimado de leitura":"3 minutos"},"schema":{"@context":"https:\/\/schema.org","@graph":[{"@type":"Article","@id":"https:\/\/www.altominho.tv\/site\/2023\/06\/12\/couto-viana-mausoleu-de-artistas\/#article","isPartOf":{"@id":"https:\/\/www.altominho.tv\/site\/2023\/06\/12\/couto-viana-mausoleu-de-artistas\/"},"author":{"name":"Lusa","@id":"https:\/\/www.altominho.tv\/site\/#\/schema\/person\/63f693da3e1899361cbe955c46f3232e"},"headline":"Corpo de Couto Viana trasladado para mausol\u00e9u dos artistas de Viana do Castelo","datePublished":"2023-06-12T16:15:19+00:00","dateModified":"2023-06-12T16:18:38+00:00","mainEntityOfPage":{"@id":"https:\/\/www.altominho.tv\/site\/2023\/06\/12\/couto-viana-mausoleu-de-artistas\/"},"wordCount":603,"image":{"@id":"https:\/\/www.altominho.tv\/site\/2023\/06\/12\/couto-viana-mausoleu-de-artistas\/#primaryimage"},"thumbnailUrl":"https:\/\/www.altominho.tv\/site\/wp-content\/uploads\/2023\/01\/A-M-C-VIANA.jpg","keywords":["Gente"],"articleSection":["Viana do Castelo"],"inLanguage":"pt-PT","copyrightYear":"2023","copyrightHolder":{"@id":"https:\/\/www.altominho.tv\/site\/#organization"}},{"@type":"WebPage","@id":"https:\/\/www.altominho.tv\/site\/2023\/06\/12\/couto-viana-mausoleu-de-artistas\/","url":"https:\/\/www.altominho.tv\/site\/2023\/06\/12\/couto-viana-mausoleu-de-artistas\/","name":"Corpo de Couto Viana trasladado para mausol\u00e9u dos artistas de Viana do Castelo","isPartOf":{"@id":"https:\/\/www.altominho.tv\/site\/#website"},"primaryImageOfPage":{"@id":"https:\/\/www.altominho.tv\/site\/2023\/06\/12\/couto-viana-mausoleu-de-artistas\/#primaryimage"},"image":{"@id":"https:\/\/www.altominho.tv\/site\/2023\/06\/12\/couto-viana-mausoleu-de-artistas\/#primaryimage"},"thumbnailUrl":"https:\/\/www.altominho.tv\/site\/wp-content\/uploads\/2023\/01\/A-M-C-VIANA.jpg","datePublished":"2023-06-12T16:15:19+00:00","dateModified":"2023-06-12T16:18:38+00:00","author":{"@id":"https:\/\/www.altominho.tv\/site\/#\/schema\/person\/63f693da3e1899361cbe955c46f3232e"},"description":"Os restos mortais do poeta e escritor de Viana do Castelo Ant\u00f3nio Manuel Couto Viana v\u00e3o ser trasladados do cemit\u00e9rio da Ordem Terceira para o mausol\u00e9u de artistas e homens de letras, no cemit\u00e9rio municipal, foi hoje divulgado.","breadcrumb":{"@id":"https:\/\/www.altominho.tv\/site\/2023\/06\/12\/couto-viana-mausoleu-de-artistas\/#breadcrumb"},"inLanguage":"pt-PT","potentialAction":[{"@type":"ReadAction","target":["https:\/\/www.altominho.tv\/site\/2023\/06\/12\/couto-viana-mausoleu-de-artistas\/"]}]},{"@type":"ImageObject","inLanguage":"pt-PT","@id":"https:\/\/www.altominho.tv\/site\/2023\/06\/12\/couto-viana-mausoleu-de-artistas\/#primaryimage","url":"https:\/\/www.altominho.tv\/site\/wp-content\/uploads\/2023\/01\/A-M-C-VIANA.jpg","contentUrl":"https:\/\/www.altominho.tv\/site\/wp-content\/uploads\/2023\/01\/A-M-C-VIANA.jpg","width":488,"height":340,"caption":"C\u00c2MARA DE VIANA DO CASTELO"},{"@type":"BreadcrumbList","@id":"https:\/\/www.altominho.tv\/site\/2023\/06\/12\/couto-viana-mausoleu-de-artistas\/#breadcrumb","itemListElement":[{"@type":"ListItem","position":1,"name":"In\u00edcio","item":"https:\/\/www.altominho.tv\/site\/"},{"@type":"ListItem","position":2,"name":"Corpo de Couto Viana trasladado para mausol\u00e9u dos artistas de Viana do Castelo"}]},{"@type":"WebSite","@id":"https:\/\/www.altominho.tv\/site\/#website","url":"https:\/\/www.altominho.tv\/site\/","name":"Altominho.tv","description":"A sua regi\u00e3o \u00e0 dist\u00e2ncia de um clique...","potentialAction":[{"@type":"SearchAction","target":{"@type":"EntryPoint","urlTemplate":"https:\/\/www.altominho.tv\/site\/?s={search_term_string}"},"query-input":{"@type":"PropertyValueSpecification","valueRequired":true,"valueName":"search_term_string"}}],"inLanguage":"pt-PT"},{"@type":"Person","@id":"https:\/\/www.altominho.tv\/site\/#\/schema\/person\/63f693da3e1899361cbe955c46f3232e","name":"Lusa","image":{"@type":"ImageObject","inLanguage":"pt-PT","@id":"https:\/\/www.altominho.tv\/site\/wp-content\/uploads\/2019\/08\/LUSA_Logo.gif","url":"https:\/\/www.altominho.tv\/site\/wp-content\/uploads\/2019\/08\/LUSA_Logo.gif","contentUrl":"https:\/\/www.altominho.tv\/site\/wp-content\/uploads\/2019\/08\/LUSA_Logo.gif","caption":"Lusa"},"sameAs":["http:\/\/\/\/www.altominho.tv\/site"],"url":"https:\/\/www.altominho.tv\/site\/author\/lusa\/"}]}},"_links":{"self":[{"href":"https:\/\/www.altominho.tv\/site\/wp-json\/wp\/v2\/posts\/93269","targetHints":{"allow":["GET"]}}],"collection":[{"href":"https:\/\/www.altominho.tv\/site\/wp-json\/wp\/v2\/posts"}],"about":[{"href":"https:\/\/www.altominho.tv\/site\/wp-json\/wp\/v2\/types\/post"}],"author":[{"embeddable":true,"href":"https:\/\/www.altominho.tv\/site\/wp-json\/wp\/v2\/users\/13"}],"replies":[{"embeddable":true,"href":"https:\/\/www.altominho.tv\/site\/wp-json\/wp\/v2\/comments?post=93269"}],"version-history":[{"count":1,"href":"https:\/\/www.altominho.tv\/site\/wp-json\/wp\/v2\/posts\/93269\/revisions"}],"predecessor-version":[{"id":93271,"href":"https:\/\/www.altominho.tv\/site\/wp-json\/wp\/v2\/posts\/93269\/revisions\/93271"}],"wp:featuredmedia":[{"embeddable":true,"href":"https:\/\/www.altominho.tv\/site\/wp-json\/wp\/v2\/media\/88183"}],"wp:attachment":[{"href":"https:\/\/www.altominho.tv\/site\/wp-json\/wp\/v2\/media?parent=93269"}],"wp:term":[{"taxonomy":"category","embeddable":true,"href":"https:\/\/www.altominho.tv\/site\/wp-json\/wp\/v2\/categories?post=93269"},{"taxonomy":"post_tag","embeddable":true,"href":"https:\/\/www.altominho.tv\/site\/wp-json\/wp\/v2\/tags?post=93269"}],"curies":[{"name":"wp","href":"https:\/\/api.w.org\/{rel}","templated":true}]}}