{"id":93195,"date":"2023-06-09T17:04:33","date_gmt":"2023-06-09T16:04:33","guid":{"rendered":"https:\/\/www.altominho.tv\/site\/?p=93195"},"modified":"2023-06-09T17:04:38","modified_gmt":"2023-06-09T16:04:38","slug":"joias-roubo-valenca","status":"publish","type":"post","link":"https:\/\/www.altominho.tv\/site\/2023\/06\/09\/joias-roubo-valenca\/","title":{"rendered":"Valen\u00e7a: Roubam 4 mil euros em j\u00f3ias disfar\u00e7ados de pol\u00edcias"},"content":{"rendered":"<p>Tr\u00eas homens de nacionalidade espanhola est\u00e3o a ser acusados de usurpa\u00e7\u00e3o de fun\u00e7\u00f5es p\u00fablicas, falsifica\u00e7\u00e3o de documentos oficiais e tentativa de fraude, depois de terem roubado j\u00f3ias, num estabelecimento em Valen\u00e7a, disfar\u00e7ados de pol\u00edcias.<\/p>\n<p>De acordo com o jornal \u00b4<a href=\"https:\/\/www.vigoe.es\/vigo\/sucesos\/cazan-a-tres-vigueses-haciendose-pasar-por-policias-espanoles-en-portugal-para-robar-unas-joyas\/?fbclid=IwAR1Lt9jyboHWm3wZm8R8H2slDnl68yDtMuvLr-EjTEDty1SDR3LN7KCdX0Y\" target=\"_blank\" rel=\"noopener\">Vigo ES<\/a>`, a investiga\u00e7\u00e3o teve in\u00edcio em mar\u00e7o deste ano, quando foi recebido um relat\u00f3rio policial do N\u00facleo de Investiga\u00e7\u00e3o Criminal da Guarda Nacional Republicana de Valen\u00e7a.<\/p>\n<p>Nesse documento constava a informa\u00e7\u00e3o de que tr\u00eas pessoas se apresentaram num estabelecimento de compra\/venda de ouro e j\u00f3ias, localizado em Valen\u00e7a, e que dois deles se identificaram como pol\u00edcias espanh\u00f3is, exibindo duas carteiras com distintivos aparentemente oficiais, e solicitaram \u00e0 funcion\u00e1ria do estabelecimento a entrega das j\u00f3ias que haviam sido vendidas dias antes pela terceira pessoa que os acompanhava, alegando que esses objetos faziam parte de uma investiga\u00e7\u00e3o judicial em andamento em Espanha por roubo.<\/p>\n<p>Quando a funcion\u00e1ria do estabelecimento decidiu pedir assist\u00eancia da Pol\u00edcia de Seguran\u00e7a P\u00fablica (PSP) para esclarecer os fatos, os tr\u00eas homens deixaram o local dando respostas evasivas.<\/p>\n<p>Atrav\u00e9s do estudo das imagens das c\u00e2maras de seguran\u00e7a do estabelecimento, foi poss\u00edvel identificar os autores, que se revelaram ser tr\u00eas homens naturais de Vigo, com 38, 45 e 80 anos. Pelo menos um deles tem antecedentes criminais.<\/p>\n<p>O estabelecimento havia pago 4000 euros por essas j\u00f3ias, embora o &#8220;seu valor possa chegar ao dobro&#8221;, conforme especificado pela Guarda Civil.<\/p>\n<p>&#8220;A complexidade da investiga\u00e7\u00e3o desses crimes reside no fato de que os fatos ocorrem fora de Espanha, embora a justi\u00e7a espanhola possa ser considerada competente para investig\u00e1-los&#8221;, explica a Guarda Civil.<\/p>\n","protected":false},"excerpt":{"rendered":"<p>Tr\u00eas homens de nacionalidade espanhola est\u00e3o a ser acusados de usurpa\u00e7\u00e3o de fun\u00e7\u00f5es p\u00fablicas, falsifica\u00e7\u00e3o de documentos oficiais e tentativa de fraude, depois de terem roubado j\u00f3ias, num estabelecimento em Valen\u00e7a, disfar\u00e7ados de pol\u00edcias. De acordo com o jornal \u00b4Vigo ES`, a investiga\u00e7\u00e3o teve in\u00edcio em mar\u00e7o deste ano, quando foi recebido um relat\u00f3rio policial [&hellip;]<\/p>\n","protected":false},"author":1,"featured_media":93196,"comment_status":"closed","ping_status":"closed","sticky":false,"template":"","format":"standard","meta":{"_exactmetrics_skip_tracking":false,"_exactmetrics_sitenote_active":false,"_exactmetrics_sitenote_note":"","_exactmetrics_sitenote_category":0,"footnotes":""},"categories":[13],"tags":[27],"class_list":["post-93195","post","type-post","status-publish","format-standard","has-post-thumbnail","hentry","category-valenca","tag-sociedade"],"yoast_head":"<!-- This site is optimized with the Yoast SEO Premium plugin v27.4 (Yoast SEO v27.4) - https:\/\/yoast.com\/product\/yoast-seo-premium-wordpress\/ -->\n<title>Valen\u00e7a: Roubam 4 mil euros em j\u00f3ias disfar\u00e7ados de pol\u00edcias<\/title>\n<meta name=\"description\" content=\"Tr\u00eas homens de nacionalidade espanhola est\u00e3o a ser acusados de usurpa\u00e7\u00e3o de fun\u00e7\u00f5es p\u00fablicas, falsifica\u00e7\u00e3o de documentos oficiais e tentativa de fraude, depois de terem roubado j\u00f3ias, num estabelecimento em Valen\u00e7a, disfar\u00e7ados de pol\u00edcias.\" \/>\n<meta name=\"robots\" content=\"index, follow, max-snippet:-1, max-image-preview:large, max-video-preview:-1\" \/>\n<link rel=\"canonical\" href=\"https:\/\/www.altominho.tv\/site\/2023\/06\/09\/joias-roubo-valenca\/\" \/>\n<meta property=\"og:locale\" content=\"pt_PT\" \/>\n<meta property=\"og:type\" content=\"article\" \/>\n<meta property=\"og:title\" content=\"Valen\u00e7a: Roubam 4 mil euros em j\u00f3ias disfar\u00e7ados de pol\u00edcias\" \/>\n<meta property=\"og:description\" content=\"Tr\u00eas homens de nacionalidade espanhola est\u00e3o a ser acusados de usurpa\u00e7\u00e3o de fun\u00e7\u00f5es p\u00fablicas, falsifica\u00e7\u00e3o de documentos oficiais e tentativa de fraude, depois de terem roubado j\u00f3ias, num estabelecimento em Valen\u00e7a, disfar\u00e7ados de pol\u00edcias.\" \/>\n<meta property=\"og:url\" content=\"https:\/\/www.altominho.tv\/site\/2023\/06\/09\/joias-roubo-valenca\/\" \/>\n<meta property=\"og:site_name\" content=\"Altominho.tv\" \/>\n<meta property=\"article:publisher\" content=\"https:\/\/www.facebook.com\/altominhotv\" \/>\n<meta property=\"article:published_time\" content=\"2023-06-09T16:04:33+00:00\" \/>\n<meta property=\"article:modified_time\" content=\"2023-06-09T16:04:38+00:00\" \/>\n<meta property=\"og:image\" content=\"https:\/\/www.altominho.tv\/site\/wp-content\/uploads\/2023\/06\/assalto.jpg\" \/>\n\t<meta property=\"og:image:width\" content=\"1916\" \/>\n\t<meta property=\"og:image:height\" content=\"1078\" \/>\n\t<meta property=\"og:image:type\" content=\"image\/jpeg\" \/>\n<meta name=\"author\" content=\"Altominho.tv\" \/>\n<meta name=\"twitter:card\" content=\"summary_large_image\" \/>\n<meta name=\"twitter:creator\" content=\"@altominhoTV\" \/>\n<meta name=\"twitter:site\" content=\"@altominhoTV\" \/>\n<meta name=\"twitter:label1\" content=\"Escrito por\" \/>\n\t<meta name=\"twitter:data1\" content=\"Altominho.tv\" \/>\n\t<meta name=\"twitter:label2\" content=\"Tempo estimado de leitura\" \/>\n\t<meta name=\"twitter:data2\" content=\"2 minutos\" \/>\n<script type=\"application\/ld+json\" class=\"yoast-schema-graph\">{\"@context\":\"https:\\\/\\\/schema.org\",\"@graph\":[{\"@type\":\"Article\",\"@id\":\"https:\\\/\\\/www.altominho.tv\\\/site\\\/2023\\\/06\\\/09\\\/joias-roubo-valenca\\\/#article\",\"isPartOf\":{\"@id\":\"https:\\\/\\\/www.altominho.tv\\\/site\\\/2023\\\/06\\\/09\\\/joias-roubo-valenca\\\/\"},\"author\":{\"name\":\"Altominho.tv\",\"@id\":\"https:\\\/\\\/www.altominho.tv\\\/site\\\/#\\\/schema\\\/person\\\/4e536851627d7914baf3dac752b6af22\"},\"headline\":\"Valen\u00e7a: Roubam 4 mil euros em j\u00f3ias disfar\u00e7ados de pol\u00edcias\",\"datePublished\":\"2023-06-09T16:04:33+00:00\",\"dateModified\":\"2023-06-09T16:04:38+00:00\",\"mainEntityOfPage\":{\"@id\":\"https:\\\/\\\/www.altominho.tv\\\/site\\\/2023\\\/06\\\/09\\\/joias-roubo-valenca\\\/\"},\"wordCount\":310,\"image\":{\"@id\":\"https:\\\/\\\/www.altominho.tv\\\/site\\\/2023\\\/06\\\/09\\\/joias-roubo-valenca\\\/#primaryimage\"},\"thumbnailUrl\":\"https:\\\/\\\/www.altominho.tv\\\/site\\\/wp-content\\\/uploads\\\/2023\\\/06\\\/assalto.jpg\",\"keywords\":[\"Sociedade\"],\"articleSection\":[\"Valen\u00e7a\"],\"inLanguage\":\"pt-PT\",\"copyrightYear\":\"2023\",\"copyrightHolder\":{\"@id\":\"https:\\\/\\\/www.altominho.tv\\\/site\\\/#organization\"}},{\"@type\":\"WebPage\",\"@id\":\"https:\\\/\\\/www.altominho.tv\\\/site\\\/2023\\\/06\\\/09\\\/joias-roubo-valenca\\\/\",\"url\":\"https:\\\/\\\/www.altominho.tv\\\/site\\\/2023\\\/06\\\/09\\\/joias-roubo-valenca\\\/\",\"name\":\"Valen\u00e7a: Roubam 4 mil euros em j\u00f3ias disfar\u00e7ados de pol\u00edcias\",\"isPartOf\":{\"@id\":\"https:\\\/\\\/www.altominho.tv\\\/site\\\/#website\"},\"primaryImageOfPage\":{\"@id\":\"https:\\\/\\\/www.altominho.tv\\\/site\\\/2023\\\/06\\\/09\\\/joias-roubo-valenca\\\/#primaryimage\"},\"image\":{\"@id\":\"https:\\\/\\\/www.altominho.tv\\\/site\\\/2023\\\/06\\\/09\\\/joias-roubo-valenca\\\/#primaryimage\"},\"thumbnailUrl\":\"https:\\\/\\\/www.altominho.tv\\\/site\\\/wp-content\\\/uploads\\\/2023\\\/06\\\/assalto.jpg\",\"datePublished\":\"2023-06-09T16:04:33+00:00\",\"dateModified\":\"2023-06-09T16:04:38+00:00\",\"author\":{\"@id\":\"https:\\\/\\\/www.altominho.tv\\\/site\\\/#\\\/schema\\\/person\\\/4e536851627d7914baf3dac752b6af22\"},\"description\":\"Tr\u00eas homens de nacionalidade espanhola est\u00e3o a ser acusados de usurpa\u00e7\u00e3o de fun\u00e7\u00f5es p\u00fablicas, falsifica\u00e7\u00e3o de documentos oficiais e tentativa de fraude, depois de terem roubado j\u00f3ias, num estabelecimento em Valen\u00e7a, disfar\u00e7ados de pol\u00edcias.\",\"breadcrumb\":{\"@id\":\"https:\\\/\\\/www.altominho.tv\\\/site\\\/2023\\\/06\\\/09\\\/joias-roubo-valenca\\\/#breadcrumb\"},\"inLanguage\":\"pt-PT\",\"potentialAction\":[{\"@type\":\"ReadAction\",\"target\":[\"https:\\\/\\\/www.altominho.tv\\\/site\\\/2023\\\/06\\\/09\\\/joias-roubo-valenca\\\/\"]}]},{\"@type\":\"ImageObject\",\"inLanguage\":\"pt-PT\",\"@id\":\"https:\\\/\\\/www.altominho.tv\\\/site\\\/2023\\\/06\\\/09\\\/joias-roubo-valenca\\\/#primaryimage\",\"url\":\"https:\\\/\\\/www.altominho.tv\\\/site\\\/wp-content\\\/uploads\\\/2023\\\/06\\\/assalto.jpg\",\"contentUrl\":\"https:\\\/\\\/www.altominho.tv\\\/site\\\/wp-content\\\/uploads\\\/2023\\\/06\\\/assalto.jpg\",\"width\":1916,\"height\":1078},{\"@type\":\"BreadcrumbList\",\"@id\":\"https:\\\/\\\/www.altominho.tv\\\/site\\\/2023\\\/06\\\/09\\\/joias-roubo-valenca\\\/#breadcrumb\",\"itemListElement\":[{\"@type\":\"ListItem\",\"position\":1,\"name\":\"In\u00edcio\",\"item\":\"https:\\\/\\\/www.altominho.tv\\\/site\\\/\"},{\"@type\":\"ListItem\",\"position\":2,\"name\":\"Valen\u00e7a: Roubam 4 mil euros em j\u00f3ias disfar\u00e7ados de pol\u00edcias\"}]},{\"@type\":\"WebSite\",\"@id\":\"https:\\\/\\\/www.altominho.tv\\\/site\\\/#website\",\"url\":\"https:\\\/\\\/www.altominho.tv\\\/site\\\/\",\"name\":\"Altominho.tv\",\"description\":\"A sua regi\u00e3o \u00e0 dist\u00e2ncia de um clique...\",\"potentialAction\":[{\"@type\":\"SearchAction\",\"target\":{\"@type\":\"EntryPoint\",\"urlTemplate\":\"https:\\\/\\\/www.altominho.tv\\\/site\\\/?s={search_term_string}\"},\"query-input\":{\"@type\":\"PropertyValueSpecification\",\"valueRequired\":true,\"valueName\":\"search_term_string\"}}],\"inLanguage\":\"pt-PT\"},{\"@type\":\"Person\",\"@id\":\"https:\\\/\\\/www.altominho.tv\\\/site\\\/#\\\/schema\\\/person\\\/4e536851627d7914baf3dac752b6af22\",\"name\":\"Altominho.tv\",\"image\":{\"@type\":\"ImageObject\",\"inLanguage\":\"pt-PT\",\"@id\":\"https:\\\/\\\/www.altominho.tv\\\/site\\\/wp-content\\\/uploads\\\/2019\\\/11\\\/Logo_Avatar_2-150x150.jpg\",\"url\":\"https:\\\/\\\/www.altominho.tv\\\/site\\\/wp-content\\\/uploads\\\/2019\\\/11\\\/Logo_Avatar_2-150x150.jpg\",\"contentUrl\":\"https:\\\/\\\/www.altominho.tv\\\/site\\\/wp-content\\\/uploads\\\/2019\\\/11\\\/Logo_Avatar_2-150x150.jpg\",\"caption\":\"Altominho.tv\"},\"url\":\"https:\\\/\\\/www.altominho.tv\\\/site\\\/author\\\/altominhotv-tecnico\\\/\"}]}<\/script>\n<!-- \/ Yoast SEO Premium plugin. -->","yoast_head_json":{"title":"Valen\u00e7a: Roubam 4 mil euros em j\u00f3ias disfar\u00e7ados de pol\u00edcias","description":"Tr\u00eas homens de nacionalidade espanhola est\u00e3o a ser acusados de usurpa\u00e7\u00e3o de fun\u00e7\u00f5es p\u00fablicas, falsifica\u00e7\u00e3o de documentos oficiais e tentativa de fraude, depois de terem roubado j\u00f3ias, num estabelecimento em Valen\u00e7a, disfar\u00e7ados de pol\u00edcias.","robots":{"index":"index","follow":"follow","max-snippet":"max-snippet:-1","max-image-preview":"max-image-preview:large","max-video-preview":"max-video-preview:-1"},"canonical":"https:\/\/www.altominho.tv\/site\/2023\/06\/09\/joias-roubo-valenca\/","og_locale":"pt_PT","og_type":"article","og_title":"Valen\u00e7a: Roubam 4 mil euros em j\u00f3ias disfar\u00e7ados de pol\u00edcias","og_description":"Tr\u00eas homens de nacionalidade espanhola est\u00e3o a ser acusados de usurpa\u00e7\u00e3o de fun\u00e7\u00f5es p\u00fablicas, falsifica\u00e7\u00e3o de documentos oficiais e tentativa de fraude, depois de terem roubado j\u00f3ias, num estabelecimento em Valen\u00e7a, disfar\u00e7ados de pol\u00edcias.","og_url":"https:\/\/www.altominho.tv\/site\/2023\/06\/09\/joias-roubo-valenca\/","og_site_name":"Altominho.tv","article_publisher":"https:\/\/www.facebook.com\/altominhotv","article_published_time":"2023-06-09T16:04:33+00:00","article_modified_time":"2023-06-09T16:04:38+00:00","og_image":[{"width":1916,"height":1078,"url":"https:\/\/www.altominho.tv\/site\/wp-content\/uploads\/2023\/06\/assalto.jpg","type":"image\/jpeg"}],"author":"Altominho.tv","twitter_card":"summary_large_image","twitter_creator":"@altominhoTV","twitter_site":"@altominhoTV","twitter_misc":{"Escrito por":"Altominho.tv","Tempo estimado de leitura":"2 minutos"},"schema":{"@context":"https:\/\/schema.org","@graph":[{"@type":"Article","@id":"https:\/\/www.altominho.tv\/site\/2023\/06\/09\/joias-roubo-valenca\/#article","isPartOf":{"@id":"https:\/\/www.altominho.tv\/site\/2023\/06\/09\/joias-roubo-valenca\/"},"author":{"name":"Altominho.tv","@id":"https:\/\/www.altominho.tv\/site\/#\/schema\/person\/4e536851627d7914baf3dac752b6af22"},"headline":"Valen\u00e7a: Roubam 4 mil euros em j\u00f3ias disfar\u00e7ados de pol\u00edcias","datePublished":"2023-06-09T16:04:33+00:00","dateModified":"2023-06-09T16:04:38+00:00","mainEntityOfPage":{"@id":"https:\/\/www.altominho.tv\/site\/2023\/06\/09\/joias-roubo-valenca\/"},"wordCount":310,"image":{"@id":"https:\/\/www.altominho.tv\/site\/2023\/06\/09\/joias-roubo-valenca\/#primaryimage"},"thumbnailUrl":"https:\/\/www.altominho.tv\/site\/wp-content\/uploads\/2023\/06\/assalto.jpg","keywords":["Sociedade"],"articleSection":["Valen\u00e7a"],"inLanguage":"pt-PT","copyrightYear":"2023","copyrightHolder":{"@id":"https:\/\/www.altominho.tv\/site\/#organization"}},{"@type":"WebPage","@id":"https:\/\/www.altominho.tv\/site\/2023\/06\/09\/joias-roubo-valenca\/","url":"https:\/\/www.altominho.tv\/site\/2023\/06\/09\/joias-roubo-valenca\/","name":"Valen\u00e7a: Roubam 4 mil euros em j\u00f3ias disfar\u00e7ados de pol\u00edcias","isPartOf":{"@id":"https:\/\/www.altominho.tv\/site\/#website"},"primaryImageOfPage":{"@id":"https:\/\/www.altominho.tv\/site\/2023\/06\/09\/joias-roubo-valenca\/#primaryimage"},"image":{"@id":"https:\/\/www.altominho.tv\/site\/2023\/06\/09\/joias-roubo-valenca\/#primaryimage"},"thumbnailUrl":"https:\/\/www.altominho.tv\/site\/wp-content\/uploads\/2023\/06\/assalto.jpg","datePublished":"2023-06-09T16:04:33+00:00","dateModified":"2023-06-09T16:04:38+00:00","author":{"@id":"https:\/\/www.altominho.tv\/site\/#\/schema\/person\/4e536851627d7914baf3dac752b6af22"},"description":"Tr\u00eas homens de nacionalidade espanhola est\u00e3o a ser acusados de usurpa\u00e7\u00e3o de fun\u00e7\u00f5es p\u00fablicas, falsifica\u00e7\u00e3o de documentos oficiais e tentativa de fraude, depois de terem roubado j\u00f3ias, num estabelecimento em Valen\u00e7a, disfar\u00e7ados de pol\u00edcias.","breadcrumb":{"@id":"https:\/\/www.altominho.tv\/site\/2023\/06\/09\/joias-roubo-valenca\/#breadcrumb"},"inLanguage":"pt-PT","potentialAction":[{"@type":"ReadAction","target":["https:\/\/www.altominho.tv\/site\/2023\/06\/09\/joias-roubo-valenca\/"]}]},{"@type":"ImageObject","inLanguage":"pt-PT","@id":"https:\/\/www.altominho.tv\/site\/2023\/06\/09\/joias-roubo-valenca\/#primaryimage","url":"https:\/\/www.altominho.tv\/site\/wp-content\/uploads\/2023\/06\/assalto.jpg","contentUrl":"https:\/\/www.altominho.tv\/site\/wp-content\/uploads\/2023\/06\/assalto.jpg","width":1916,"height":1078},{"@type":"BreadcrumbList","@id":"https:\/\/www.altominho.tv\/site\/2023\/06\/09\/joias-roubo-valenca\/#breadcrumb","itemListElement":[{"@type":"ListItem","position":1,"name":"In\u00edcio","item":"https:\/\/www.altominho.tv\/site\/"},{"@type":"ListItem","position":2,"name":"Valen\u00e7a: Roubam 4 mil euros em j\u00f3ias disfar\u00e7ados de pol\u00edcias"}]},{"@type":"WebSite","@id":"https:\/\/www.altominho.tv\/site\/#website","url":"https:\/\/www.altominho.tv\/site\/","name":"Altominho.tv","description":"A sua regi\u00e3o \u00e0 dist\u00e2ncia de um clique...","potentialAction":[{"@type":"SearchAction","target":{"@type":"EntryPoint","urlTemplate":"https:\/\/www.altominho.tv\/site\/?s={search_term_string}"},"query-input":{"@type":"PropertyValueSpecification","valueRequired":true,"valueName":"search_term_string"}}],"inLanguage":"pt-PT"},{"@type":"Person","@id":"https:\/\/www.altominho.tv\/site\/#\/schema\/person\/4e536851627d7914baf3dac752b6af22","name":"Altominho.tv","image":{"@type":"ImageObject","inLanguage":"pt-PT","@id":"https:\/\/www.altominho.tv\/site\/wp-content\/uploads\/2019\/11\/Logo_Avatar_2-150x150.jpg","url":"https:\/\/www.altominho.tv\/site\/wp-content\/uploads\/2019\/11\/Logo_Avatar_2-150x150.jpg","contentUrl":"https:\/\/www.altominho.tv\/site\/wp-content\/uploads\/2019\/11\/Logo_Avatar_2-150x150.jpg","caption":"Altominho.tv"},"url":"https:\/\/www.altominho.tv\/site\/author\/altominhotv-tecnico\/"}]}},"_links":{"self":[{"href":"https:\/\/www.altominho.tv\/site\/wp-json\/wp\/v2\/posts\/93195","targetHints":{"allow":["GET"]}}],"collection":[{"href":"https:\/\/www.altominho.tv\/site\/wp-json\/wp\/v2\/posts"}],"about":[{"href":"https:\/\/www.altominho.tv\/site\/wp-json\/wp\/v2\/types\/post"}],"author":[{"embeddable":true,"href":"https:\/\/www.altominho.tv\/site\/wp-json\/wp\/v2\/users\/1"}],"replies":[{"embeddable":true,"href":"https:\/\/www.altominho.tv\/site\/wp-json\/wp\/v2\/comments?post=93195"}],"version-history":[{"count":1,"href":"https:\/\/www.altominho.tv\/site\/wp-json\/wp\/v2\/posts\/93195\/revisions"}],"predecessor-version":[{"id":93197,"href":"https:\/\/www.altominho.tv\/site\/wp-json\/wp\/v2\/posts\/93195\/revisions\/93197"}],"wp:featuredmedia":[{"embeddable":true,"href":"https:\/\/www.altominho.tv\/site\/wp-json\/wp\/v2\/media\/93196"}],"wp:attachment":[{"href":"https:\/\/www.altominho.tv\/site\/wp-json\/wp\/v2\/media?parent=93195"}],"wp:term":[{"taxonomy":"category","embeddable":true,"href":"https:\/\/www.altominho.tv\/site\/wp-json\/wp\/v2\/categories?post=93195"},{"taxonomy":"post_tag","embeddable":true,"href":"https:\/\/www.altominho.tv\/site\/wp-json\/wp\/v2\/tags?post=93195"}],"curies":[{"name":"wp","href":"https:\/\/api.w.org\/{rel}","templated":true}]}}