{"id":93191,"date":"2023-06-09T16:30:56","date_gmt":"2023-06-09T15:30:56","guid":{"rendered":"https:\/\/www.altominho.tv\/site\/?p=93191"},"modified":"2023-06-09T16:31:02","modified_gmt":"2023-06-09T15:31:02","slug":"verdoejo-feira-das-tradicoes-valenca","status":"publish","type":"post","link":"https:\/\/www.altominho.tv\/site\/2023\/06\/09\/verdoejo-feira-das-tradicoes-valenca\/","title":{"rendered":"Feira das Tradi\u00e7\u00f5es este fim de semana em Verdoejo"},"content":{"rendered":"<p>A freguesia de Verdoejo, em Valen\u00e7a, recebe a X edi\u00e7\u00e3o da Feira das Tradi\u00e7\u00f5es, este fim de semana, de 10 e 11 de junho, no Parque de S\u00e3o Tom\u00e9, &#8220;com gastronomia, m\u00fasica, tradi\u00e7\u00f5es locais, desporto e muito conv\u00edvio&#8221;.<\/p>\n<p>&#8220;As tasquinhas proporcionar\u00e3o uma ampla diversidade de petiscos, sardinhada e o nosso famoso caldo verde (uma das 7 Maravilhas Gastron\u00f3micas de Portugal), bem como a do\u00e7aria, os licores e os vinhos. N\u00e3o faltar\u00e1 a c\u00e9lebre queimada galega para aquecer a noite, com todo o seu ritual&#8221;, adianta a organiza\u00e7\u00e3o.<\/p>\n<p>Do programa destaca-se uma exposi\u00e7\u00e3o fotogr\u00e1fica que mostra a freguesia, os seus lugares, as suas festas e gentes, ao longo dos tempos. A anima\u00e7\u00e3o contar\u00e1 com espet\u00e1culos a cargo dos grupos Jasper e Sons do Gadanha.<\/p>\n<p>Destaque ainda para o s\u00e1bado \u00e0 tarde, com um workshop de como elaborar bonecas de trapos e bordados para os pequenos e gra\u00fados aprenderem a manter vivas as tradi\u00e7\u00f5es.<\/p>\n<p>No domingo decorrer\u00e1 uma manh\u00e3 desportiva com a primeira edi\u00e7\u00e3o da prova de atletismo \u201c2 L\u00e9guas da Contrasta\u201d que ter\u00e1 como madrinha da prova Manuela Machado, um dos grandes vultos de sempre do atletismo portugu\u00eas.<\/p>\n<p>A Feira das Tradi\u00e7\u00f5es \u00e9 uma iniciativa da Associa\u00e7\u00e3o Cultural de Verdoejo, com a colabora\u00e7\u00e3o da Associa\u00e7\u00e3o Desportiva Verdoejense e os apoios da C\u00e2mara Municipal de Valen\u00e7a e Junta de Freguesia de Verdoejo.<\/p>\n","protected":false},"excerpt":{"rendered":"<p>A freguesia de Verdoejo, em Valen\u00e7a, recebe a X edi\u00e7\u00e3o da Feira das Tradi\u00e7\u00f5es, este fim de semana, de 10 e 11 de junho, no Parque de S\u00e3o Tom\u00e9, &#8220;com gastronomia, m\u00fasica, tradi\u00e7\u00f5es locais, desporto e muito conv\u00edvio&#8221;. &#8220;As tasquinhas proporcionar\u00e3o uma ampla diversidade de petiscos, sardinhada e o nosso famoso caldo verde (uma das [&hellip;]<\/p>\n","protected":false},"author":1,"featured_media":93192,"comment_status":"closed","ping_status":"closed","sticky":false,"template":"","format":"standard","meta":{"_exactmetrics_skip_tracking":false,"_exactmetrics_sitenote_active":false,"_exactmetrics_sitenote_note":"","_exactmetrics_sitenote_category":0,"footnotes":""},"categories":[13],"tags":[24],"class_list":["post-93191","post","type-post","status-publish","format-standard","has-post-thumbnail","hentry","category-valenca","tag-lazer"],"yoast_head":"<!-- This site is optimized with the Yoast SEO Premium plugin v27.4 (Yoast SEO v27.4) - https:\/\/yoast.com\/product\/yoast-seo-premium-wordpress\/ -->\n<title>Feira das Tradi\u00e7\u00f5es este fim de semana em Verdoejo<\/title>\n<meta name=\"description\" content=\"A freguesia de Verdoejo recebe a X edi\u00e7\u00e3o da Feira das Tradi\u00e7\u00f5es, este fim de semana, de 10 e 11 de junho, no Parque de S\u00e3o Tom\u00e9, &quot;com gastronomia, m\u00fasica, tradi\u00e7\u00f5es locais, desporto e muito conv\u00edvio&quot;.\" \/>\n<meta name=\"robots\" content=\"index, follow, max-snippet:-1, max-image-preview:large, max-video-preview:-1\" \/>\n<link rel=\"canonical\" href=\"https:\/\/www.altominho.tv\/site\/2023\/06\/09\/verdoejo-feira-das-tradicoes-valenca\/\" \/>\n<meta property=\"og:locale\" content=\"pt_PT\" \/>\n<meta property=\"og:type\" content=\"article\" \/>\n<meta property=\"og:title\" content=\"Feira das Tradi\u00e7\u00f5es este fim de semana em Verdoejo\" \/>\n<meta property=\"og:description\" content=\"A freguesia de Verdoejo recebe a X edi\u00e7\u00e3o da Feira das Tradi\u00e7\u00f5es, este fim de semana, de 10 e 11 de junho, no Parque de S\u00e3o Tom\u00e9, &quot;com gastronomia, m\u00fasica, tradi\u00e7\u00f5es locais, desporto e muito conv\u00edvio&quot;.\" \/>\n<meta property=\"og:url\" content=\"https:\/\/www.altominho.tv\/site\/2023\/06\/09\/verdoejo-feira-das-tradicoes-valenca\/\" \/>\n<meta property=\"og:site_name\" content=\"Altominho.tv\" \/>\n<meta property=\"article:publisher\" content=\"https:\/\/www.facebook.com\/altominhotv\" \/>\n<meta property=\"article:published_time\" content=\"2023-06-09T15:30:56+00:00\" \/>\n<meta property=\"article:modified_time\" content=\"2023-06-09T15:31:02+00:00\" \/>\n<meta property=\"og:image\" content=\"https:\/\/www.altominho.tv\/site\/wp-content\/uploads\/2023\/06\/VerdoejoTasquinhas.jpg\" \/>\n\t<meta property=\"og:image:width\" content=\"1000\" \/>\n\t<meta property=\"og:image:height\" content=\"710\" \/>\n\t<meta property=\"og:image:type\" content=\"image\/jpeg\" \/>\n<meta name=\"author\" content=\"Altominho.tv\" \/>\n<meta name=\"twitter:card\" content=\"summary_large_image\" \/>\n<meta name=\"twitter:creator\" content=\"@altominhoTV\" \/>\n<meta name=\"twitter:site\" content=\"@altominhoTV\" \/>\n<meta name=\"twitter:label1\" content=\"Escrito por\" \/>\n\t<meta name=\"twitter:data1\" content=\"Altominho.tv\" \/>\n\t<meta name=\"twitter:label2\" content=\"Tempo estimado de leitura\" \/>\n\t<meta name=\"twitter:data2\" content=\"2 minutos\" \/>\n<script type=\"application\/ld+json\" class=\"yoast-schema-graph\">{\"@context\":\"https:\\\/\\\/schema.org\",\"@graph\":[{\"@type\":\"Article\",\"@id\":\"https:\\\/\\\/www.altominho.tv\\\/site\\\/2023\\\/06\\\/09\\\/verdoejo-feira-das-tradicoes-valenca\\\/#article\",\"isPartOf\":{\"@id\":\"https:\\\/\\\/www.altominho.tv\\\/site\\\/2023\\\/06\\\/09\\\/verdoejo-feira-das-tradicoes-valenca\\\/\"},\"author\":{\"name\":\"Altominho.tv\",\"@id\":\"https:\\\/\\\/www.altominho.tv\\\/site\\\/#\\\/schema\\\/person\\\/4e536851627d7914baf3dac752b6af22\"},\"headline\":\"Feira das Tradi\u00e7\u00f5es este fim de semana em Verdoejo\",\"datePublished\":\"2023-06-09T15:30:56+00:00\",\"dateModified\":\"2023-06-09T15:31:02+00:00\",\"mainEntityOfPage\":{\"@id\":\"https:\\\/\\\/www.altominho.tv\\\/site\\\/2023\\\/06\\\/09\\\/verdoejo-feira-das-tradicoes-valenca\\\/\"},\"wordCount\":253,\"image\":{\"@id\":\"https:\\\/\\\/www.altominho.tv\\\/site\\\/2023\\\/06\\\/09\\\/verdoejo-feira-das-tradicoes-valenca\\\/#primaryimage\"},\"thumbnailUrl\":\"https:\\\/\\\/www.altominho.tv\\\/site\\\/wp-content\\\/uploads\\\/2023\\\/06\\\/VerdoejoTasquinhas.jpg\",\"keywords\":[\"Lazer\"],\"articleSection\":[\"Valen\u00e7a\"],\"inLanguage\":\"pt-PT\",\"copyrightYear\":\"2023\",\"copyrightHolder\":{\"@id\":\"https:\\\/\\\/www.altominho.tv\\\/site\\\/#organization\"}},{\"@type\":\"WebPage\",\"@id\":\"https:\\\/\\\/www.altominho.tv\\\/site\\\/2023\\\/06\\\/09\\\/verdoejo-feira-das-tradicoes-valenca\\\/\",\"url\":\"https:\\\/\\\/www.altominho.tv\\\/site\\\/2023\\\/06\\\/09\\\/verdoejo-feira-das-tradicoes-valenca\\\/\",\"name\":\"Feira das Tradi\u00e7\u00f5es este fim de semana em Verdoejo\",\"isPartOf\":{\"@id\":\"https:\\\/\\\/www.altominho.tv\\\/site\\\/#website\"},\"primaryImageOfPage\":{\"@id\":\"https:\\\/\\\/www.altominho.tv\\\/site\\\/2023\\\/06\\\/09\\\/verdoejo-feira-das-tradicoes-valenca\\\/#primaryimage\"},\"image\":{\"@id\":\"https:\\\/\\\/www.altominho.tv\\\/site\\\/2023\\\/06\\\/09\\\/verdoejo-feira-das-tradicoes-valenca\\\/#primaryimage\"},\"thumbnailUrl\":\"https:\\\/\\\/www.altominho.tv\\\/site\\\/wp-content\\\/uploads\\\/2023\\\/06\\\/VerdoejoTasquinhas.jpg\",\"datePublished\":\"2023-06-09T15:30:56+00:00\",\"dateModified\":\"2023-06-09T15:31:02+00:00\",\"author\":{\"@id\":\"https:\\\/\\\/www.altominho.tv\\\/site\\\/#\\\/schema\\\/person\\\/4e536851627d7914baf3dac752b6af22\"},\"description\":\"A freguesia de Verdoejo recebe a X edi\u00e7\u00e3o da Feira das Tradi\u00e7\u00f5es, este fim de semana, de 10 e 11 de junho, no Parque de S\u00e3o Tom\u00e9, \\\"com gastronomia, m\u00fasica, tradi\u00e7\u00f5es locais, desporto e muito conv\u00edvio\\\".\",\"breadcrumb\":{\"@id\":\"https:\\\/\\\/www.altominho.tv\\\/site\\\/2023\\\/06\\\/09\\\/verdoejo-feira-das-tradicoes-valenca\\\/#breadcrumb\"},\"inLanguage\":\"pt-PT\",\"potentialAction\":[{\"@type\":\"ReadAction\",\"target\":[\"https:\\\/\\\/www.altominho.tv\\\/site\\\/2023\\\/06\\\/09\\\/verdoejo-feira-das-tradicoes-valenca\\\/\"]}]},{\"@type\":\"ImageObject\",\"inLanguage\":\"pt-PT\",\"@id\":\"https:\\\/\\\/www.altominho.tv\\\/site\\\/2023\\\/06\\\/09\\\/verdoejo-feira-das-tradicoes-valenca\\\/#primaryimage\",\"url\":\"https:\\\/\\\/www.altominho.tv\\\/site\\\/wp-content\\\/uploads\\\/2023\\\/06\\\/VerdoejoTasquinhas.jpg\",\"contentUrl\":\"https:\\\/\\\/www.altominho.tv\\\/site\\\/wp-content\\\/uploads\\\/2023\\\/06\\\/VerdoejoTasquinhas.jpg\",\"width\":1000,\"height\":710},{\"@type\":\"BreadcrumbList\",\"@id\":\"https:\\\/\\\/www.altominho.tv\\\/site\\\/2023\\\/06\\\/09\\\/verdoejo-feira-das-tradicoes-valenca\\\/#breadcrumb\",\"itemListElement\":[{\"@type\":\"ListItem\",\"position\":1,\"name\":\"In\u00edcio\",\"item\":\"https:\\\/\\\/www.altominho.tv\\\/site\\\/\"},{\"@type\":\"ListItem\",\"position\":2,\"name\":\"Feira das Tradi\u00e7\u00f5es este fim de semana em Verdoejo\"}]},{\"@type\":\"WebSite\",\"@id\":\"https:\\\/\\\/www.altominho.tv\\\/site\\\/#website\",\"url\":\"https:\\\/\\\/www.altominho.tv\\\/site\\\/\",\"name\":\"Altominho.tv\",\"description\":\"A sua regi\u00e3o \u00e0 dist\u00e2ncia de um clique...\",\"potentialAction\":[{\"@type\":\"SearchAction\",\"target\":{\"@type\":\"EntryPoint\",\"urlTemplate\":\"https:\\\/\\\/www.altominho.tv\\\/site\\\/?s={search_term_string}\"},\"query-input\":{\"@type\":\"PropertyValueSpecification\",\"valueRequired\":true,\"valueName\":\"search_term_string\"}}],\"inLanguage\":\"pt-PT\"},{\"@type\":\"Person\",\"@id\":\"https:\\\/\\\/www.altominho.tv\\\/site\\\/#\\\/schema\\\/person\\\/4e536851627d7914baf3dac752b6af22\",\"name\":\"Altominho.tv\",\"image\":{\"@type\":\"ImageObject\",\"inLanguage\":\"pt-PT\",\"@id\":\"https:\\\/\\\/www.altominho.tv\\\/site\\\/wp-content\\\/uploads\\\/2019\\\/11\\\/Logo_Avatar_2-150x150.jpg\",\"url\":\"https:\\\/\\\/www.altominho.tv\\\/site\\\/wp-content\\\/uploads\\\/2019\\\/11\\\/Logo_Avatar_2-150x150.jpg\",\"contentUrl\":\"https:\\\/\\\/www.altominho.tv\\\/site\\\/wp-content\\\/uploads\\\/2019\\\/11\\\/Logo_Avatar_2-150x150.jpg\",\"caption\":\"Altominho.tv\"},\"url\":\"https:\\\/\\\/www.altominho.tv\\\/site\\\/author\\\/altominhotv-tecnico\\\/\"}]}<\/script>\n<!-- \/ Yoast SEO Premium plugin. -->","yoast_head_json":{"title":"Feira das Tradi\u00e7\u00f5es este fim de semana em Verdoejo","description":"A freguesia de Verdoejo recebe a X edi\u00e7\u00e3o da Feira das Tradi\u00e7\u00f5es, este fim de semana, de 10 e 11 de junho, no Parque de S\u00e3o Tom\u00e9, \"com gastronomia, m\u00fasica, tradi\u00e7\u00f5es locais, desporto e muito conv\u00edvio\".","robots":{"index":"index","follow":"follow","max-snippet":"max-snippet:-1","max-image-preview":"max-image-preview:large","max-video-preview":"max-video-preview:-1"},"canonical":"https:\/\/www.altominho.tv\/site\/2023\/06\/09\/verdoejo-feira-das-tradicoes-valenca\/","og_locale":"pt_PT","og_type":"article","og_title":"Feira das Tradi\u00e7\u00f5es este fim de semana em Verdoejo","og_description":"A freguesia de Verdoejo recebe a X edi\u00e7\u00e3o da Feira das Tradi\u00e7\u00f5es, este fim de semana, de 10 e 11 de junho, no Parque de S\u00e3o Tom\u00e9, \"com gastronomia, m\u00fasica, tradi\u00e7\u00f5es locais, desporto e muito conv\u00edvio\".","og_url":"https:\/\/www.altominho.tv\/site\/2023\/06\/09\/verdoejo-feira-das-tradicoes-valenca\/","og_site_name":"Altominho.tv","article_publisher":"https:\/\/www.facebook.com\/altominhotv","article_published_time":"2023-06-09T15:30:56+00:00","article_modified_time":"2023-06-09T15:31:02+00:00","og_image":[{"width":1000,"height":710,"url":"https:\/\/www.altominho.tv\/site\/wp-content\/uploads\/2023\/06\/VerdoejoTasquinhas.jpg","type":"image\/jpeg"}],"author":"Altominho.tv","twitter_card":"summary_large_image","twitter_creator":"@altominhoTV","twitter_site":"@altominhoTV","twitter_misc":{"Escrito por":"Altominho.tv","Tempo estimado de leitura":"2 minutos"},"schema":{"@context":"https:\/\/schema.org","@graph":[{"@type":"Article","@id":"https:\/\/www.altominho.tv\/site\/2023\/06\/09\/verdoejo-feira-das-tradicoes-valenca\/#article","isPartOf":{"@id":"https:\/\/www.altominho.tv\/site\/2023\/06\/09\/verdoejo-feira-das-tradicoes-valenca\/"},"author":{"name":"Altominho.tv","@id":"https:\/\/www.altominho.tv\/site\/#\/schema\/person\/4e536851627d7914baf3dac752b6af22"},"headline":"Feira das Tradi\u00e7\u00f5es este fim de semana em Verdoejo","datePublished":"2023-06-09T15:30:56+00:00","dateModified":"2023-06-09T15:31:02+00:00","mainEntityOfPage":{"@id":"https:\/\/www.altominho.tv\/site\/2023\/06\/09\/verdoejo-feira-das-tradicoes-valenca\/"},"wordCount":253,"image":{"@id":"https:\/\/www.altominho.tv\/site\/2023\/06\/09\/verdoejo-feira-das-tradicoes-valenca\/#primaryimage"},"thumbnailUrl":"https:\/\/www.altominho.tv\/site\/wp-content\/uploads\/2023\/06\/VerdoejoTasquinhas.jpg","keywords":["Lazer"],"articleSection":["Valen\u00e7a"],"inLanguage":"pt-PT","copyrightYear":"2023","copyrightHolder":{"@id":"https:\/\/www.altominho.tv\/site\/#organization"}},{"@type":"WebPage","@id":"https:\/\/www.altominho.tv\/site\/2023\/06\/09\/verdoejo-feira-das-tradicoes-valenca\/","url":"https:\/\/www.altominho.tv\/site\/2023\/06\/09\/verdoejo-feira-das-tradicoes-valenca\/","name":"Feira das Tradi\u00e7\u00f5es este fim de semana em Verdoejo","isPartOf":{"@id":"https:\/\/www.altominho.tv\/site\/#website"},"primaryImageOfPage":{"@id":"https:\/\/www.altominho.tv\/site\/2023\/06\/09\/verdoejo-feira-das-tradicoes-valenca\/#primaryimage"},"image":{"@id":"https:\/\/www.altominho.tv\/site\/2023\/06\/09\/verdoejo-feira-das-tradicoes-valenca\/#primaryimage"},"thumbnailUrl":"https:\/\/www.altominho.tv\/site\/wp-content\/uploads\/2023\/06\/VerdoejoTasquinhas.jpg","datePublished":"2023-06-09T15:30:56+00:00","dateModified":"2023-06-09T15:31:02+00:00","author":{"@id":"https:\/\/www.altominho.tv\/site\/#\/schema\/person\/4e536851627d7914baf3dac752b6af22"},"description":"A freguesia de Verdoejo recebe a X edi\u00e7\u00e3o da Feira das Tradi\u00e7\u00f5es, este fim de semana, de 10 e 11 de junho, no Parque de S\u00e3o Tom\u00e9, \"com gastronomia, m\u00fasica, tradi\u00e7\u00f5es locais, desporto e muito conv\u00edvio\".","breadcrumb":{"@id":"https:\/\/www.altominho.tv\/site\/2023\/06\/09\/verdoejo-feira-das-tradicoes-valenca\/#breadcrumb"},"inLanguage":"pt-PT","potentialAction":[{"@type":"ReadAction","target":["https:\/\/www.altominho.tv\/site\/2023\/06\/09\/verdoejo-feira-das-tradicoes-valenca\/"]}]},{"@type":"ImageObject","inLanguage":"pt-PT","@id":"https:\/\/www.altominho.tv\/site\/2023\/06\/09\/verdoejo-feira-das-tradicoes-valenca\/#primaryimage","url":"https:\/\/www.altominho.tv\/site\/wp-content\/uploads\/2023\/06\/VerdoejoTasquinhas.jpg","contentUrl":"https:\/\/www.altominho.tv\/site\/wp-content\/uploads\/2023\/06\/VerdoejoTasquinhas.jpg","width":1000,"height":710},{"@type":"BreadcrumbList","@id":"https:\/\/www.altominho.tv\/site\/2023\/06\/09\/verdoejo-feira-das-tradicoes-valenca\/#breadcrumb","itemListElement":[{"@type":"ListItem","position":1,"name":"In\u00edcio","item":"https:\/\/www.altominho.tv\/site\/"},{"@type":"ListItem","position":2,"name":"Feira das Tradi\u00e7\u00f5es este fim de semana em Verdoejo"}]},{"@type":"WebSite","@id":"https:\/\/www.altominho.tv\/site\/#website","url":"https:\/\/www.altominho.tv\/site\/","name":"Altominho.tv","description":"A sua regi\u00e3o \u00e0 dist\u00e2ncia de um clique...","potentialAction":[{"@type":"SearchAction","target":{"@type":"EntryPoint","urlTemplate":"https:\/\/www.altominho.tv\/site\/?s={search_term_string}"},"query-input":{"@type":"PropertyValueSpecification","valueRequired":true,"valueName":"search_term_string"}}],"inLanguage":"pt-PT"},{"@type":"Person","@id":"https:\/\/www.altominho.tv\/site\/#\/schema\/person\/4e536851627d7914baf3dac752b6af22","name":"Altominho.tv","image":{"@type":"ImageObject","inLanguage":"pt-PT","@id":"https:\/\/www.altominho.tv\/site\/wp-content\/uploads\/2019\/11\/Logo_Avatar_2-150x150.jpg","url":"https:\/\/www.altominho.tv\/site\/wp-content\/uploads\/2019\/11\/Logo_Avatar_2-150x150.jpg","contentUrl":"https:\/\/www.altominho.tv\/site\/wp-content\/uploads\/2019\/11\/Logo_Avatar_2-150x150.jpg","caption":"Altominho.tv"},"url":"https:\/\/www.altominho.tv\/site\/author\/altominhotv-tecnico\/"}]}},"_links":{"self":[{"href":"https:\/\/www.altominho.tv\/site\/wp-json\/wp\/v2\/posts\/93191","targetHints":{"allow":["GET"]}}],"collection":[{"href":"https:\/\/www.altominho.tv\/site\/wp-json\/wp\/v2\/posts"}],"about":[{"href":"https:\/\/www.altominho.tv\/site\/wp-json\/wp\/v2\/types\/post"}],"author":[{"embeddable":true,"href":"https:\/\/www.altominho.tv\/site\/wp-json\/wp\/v2\/users\/1"}],"replies":[{"embeddable":true,"href":"https:\/\/www.altominho.tv\/site\/wp-json\/wp\/v2\/comments?post=93191"}],"version-history":[{"count":1,"href":"https:\/\/www.altominho.tv\/site\/wp-json\/wp\/v2\/posts\/93191\/revisions"}],"predecessor-version":[{"id":93193,"href":"https:\/\/www.altominho.tv\/site\/wp-json\/wp\/v2\/posts\/93191\/revisions\/93193"}],"wp:featuredmedia":[{"embeddable":true,"href":"https:\/\/www.altominho.tv\/site\/wp-json\/wp\/v2\/media\/93192"}],"wp:attachment":[{"href":"https:\/\/www.altominho.tv\/site\/wp-json\/wp\/v2\/media?parent=93191"}],"wp:term":[{"taxonomy":"category","embeddable":true,"href":"https:\/\/www.altominho.tv\/site\/wp-json\/wp\/v2\/categories?post=93191"},{"taxonomy":"post_tag","embeddable":true,"href":"https:\/\/www.altominho.tv\/site\/wp-json\/wp\/v2\/tags?post=93191"}],"curies":[{"name":"wp","href":"https:\/\/api.w.org\/{rel}","templated":true}]}}