{"id":93183,"date":"2023-06-09T13:55:36","date_gmt":"2023-06-09T12:55:36","guid":{"rendered":"https:\/\/www.altominho.tv\/site\/?p=93183"},"modified":"2023-06-09T13:55:41","modified_gmt":"2023-06-09T12:55:41","slug":"concertos-nas-freguesias-marcado-para-sabado-na-igreja-de-santo-estevao","status":"publish","type":"post","link":"https:\/\/www.altominho.tv\/site\/2023\/06\/09\/concertos-nas-freguesias-marcado-para-sabado-na-igreja-de-santo-estevao\/","title":{"rendered":"Concertos nas Freguesias marcado para s\u00e1bado na igreja de Santo Est\u00eav\u00e3o"},"content":{"rendered":"\n<p>A igreja de Santo Est\u00eav\u00e3o, na Fortaleza de Valen\u00e7a, distrito de Viana do Castelo, recebe no s\u00e1bado, \u00e0s 21:30, o \u00faltimo concerto de Victorino d\u2019Almeida e convidados, revelou hoje a C\u00e2mara local.<\/p>\n\n\n\n<p>De acordo com uma nota da autarquia, \u201co concerto comentado por Victorino d\u2019Almeida e orientado por Miguel Leite contar\u00e1 com a participa\u00e7\u00e3o especial de Bernardo Pinhal ao piano e do compositor Daniel Moreira\u201d.<\/p>\n\n\n\n<p>Do programa consta a interpreta\u00e7\u00e3o de pe\u00e7as de Fernando Lopes-Gra\u00e7a, Daniel Moreira e Ant\u00f3nio Victorino d\u2019 Almeida.<\/p>\n\n\n\n<p>Este concerto encerra um ciclo de seis realizados no \u00e2mbito da iniciativa Concertos nas Freguesias, programa cultural da C\u00e2mara de Valen\u00e7a que \u201cpretende levar concertos, de elevada qualidade art\u00edstica, \u00e0s freguesias, numa pol\u00edtica de descentraliza\u00e7\u00e3o cultural pelo concelho\u201d.<\/p>\n","protected":false},"excerpt":{"rendered":"<p>A igreja de Santo Est\u00eav\u00e3o, na Fortaleza de Valen\u00e7a, distrito de Viana do Castelo, recebe no s\u00e1bado, \u00e0s 21:30, o \u00faltimo concerto de Victorino d\u2019Almeida e convidados, revelou hoje a C\u00e2mara local. De acordo com uma nota da autarquia, \u201co concerto comentado por Victorino d\u2019Almeida e orientado por Miguel Leite contar\u00e1 com a participa\u00e7\u00e3o especial [&hellip;]<\/p>\n","protected":false},"author":13,"featured_media":93184,"comment_status":"closed","ping_status":"closed","sticky":false,"template":"","format":"standard","meta":{"_exactmetrics_skip_tracking":false,"_exactmetrics_sitenote_active":false,"_exactmetrics_sitenote_note":"","_exactmetrics_sitenote_category":0,"footnotes":""},"categories":[13],"tags":[19,27],"class_list":["post-93183","post","type-post","status-publish","format-standard","has-post-thumbnail","hentry","category-valenca","tag-cultura","tag-sociedade"],"yoast_head":"<!-- This site is optimized with the Yoast SEO Premium plugin v27.4 (Yoast SEO v27.4) - https:\/\/yoast.com\/product\/yoast-seo-premium-wordpress\/ -->\n<title>Concertos nas Freguesias marcado para s\u00e1bado na igreja de Santo Est\u00eav\u00e3o<\/title>\n<meta name=\"robots\" content=\"index, follow, max-snippet:-1, max-image-preview:large, max-video-preview:-1\" \/>\n<link rel=\"canonical\" href=\"https:\/\/www.altominho.tv\/site\/2023\/06\/09\/concertos-nas-freguesias-marcado-para-sabado-na-igreja-de-santo-estevao\/\" \/>\n<meta property=\"og:locale\" content=\"pt_PT\" \/>\n<meta property=\"og:type\" content=\"article\" \/>\n<meta property=\"og:title\" content=\"Concertos nas Freguesias marcado para s\u00e1bado na igreja de Santo Est\u00eav\u00e3o\" \/>\n<meta property=\"og:description\" content=\"A igreja de Santo Est\u00eav\u00e3o, na Fortaleza de Valen\u00e7a, distrito de Viana do Castelo, recebe no s\u00e1bado, \u00e0s 21:30, o \u00faltimo concerto de Victorino d\u2019Almeida e convidados, revelou hoje a C\u00e2mara local. De acordo com uma nota da autarquia, \u201co concerto comentado por Victorino d\u2019Almeida e orientado por Miguel Leite contar\u00e1 com a participa\u00e7\u00e3o especial [&hellip;]\" \/>\n<meta property=\"og:url\" content=\"https:\/\/www.altominho.tv\/site\/2023\/06\/09\/concertos-nas-freguesias-marcado-para-sabado-na-igreja-de-santo-estevao\/\" \/>\n<meta property=\"og:site_name\" content=\"Altominho.tv\" \/>\n<meta property=\"article:publisher\" content=\"https:\/\/www.facebook.com\/altominhotv\" \/>\n<meta property=\"article:published_time\" content=\"2023-06-09T12:55:36+00:00\" \/>\n<meta property=\"article:modified_time\" content=\"2023-06-09T12:55:41+00:00\" \/>\n<meta property=\"og:image\" content=\"https:\/\/www.altominho.tv\/site\/wp-content\/uploads\/2023\/06\/igreja-.jpeg\" \/>\n\t<meta property=\"og:image:width\" content=\"1620\" \/>\n\t<meta property=\"og:image:height\" content=\"1080\" \/>\n\t<meta property=\"og:image:type\" content=\"image\/jpeg\" \/>\n<meta name=\"author\" content=\"Lusa\" \/>\n<meta name=\"twitter:card\" content=\"summary_large_image\" \/>\n<meta name=\"twitter:creator\" content=\"@altominhoTV\" \/>\n<meta name=\"twitter:site\" content=\"@altominhoTV\" \/>\n<meta name=\"twitter:label1\" content=\"Escrito por\" \/>\n\t<meta name=\"twitter:data1\" content=\"Lusa\" \/>\n\t<meta name=\"twitter:label2\" content=\"Tempo estimado de leitura\" \/>\n\t<meta name=\"twitter:data2\" content=\"1 minuto\" \/>\n<script type=\"application\/ld+json\" class=\"yoast-schema-graph\">{\"@context\":\"https:\\\/\\\/schema.org\",\"@graph\":[{\"@type\":\"Article\",\"@id\":\"https:\\\/\\\/www.altominho.tv\\\/site\\\/2023\\\/06\\\/09\\\/concertos-nas-freguesias-marcado-para-sabado-na-igreja-de-santo-estevao\\\/#article\",\"isPartOf\":{\"@id\":\"https:\\\/\\\/www.altominho.tv\\\/site\\\/2023\\\/06\\\/09\\\/concertos-nas-freguesias-marcado-para-sabado-na-igreja-de-santo-estevao\\\/\"},\"author\":{\"name\":\"Lusa\",\"@id\":\"https:\\\/\\\/www.altominho.tv\\\/site\\\/#\\\/schema\\\/person\\\/63f693da3e1899361cbe955c46f3232e\"},\"headline\":\"Concertos nas Freguesias marcado para s\u00e1bado na igreja de Santo Est\u00eav\u00e3o\",\"datePublished\":\"2023-06-09T12:55:36+00:00\",\"dateModified\":\"2023-06-09T12:55:41+00:00\",\"mainEntityOfPage\":{\"@id\":\"https:\\\/\\\/www.altominho.tv\\\/site\\\/2023\\\/06\\\/09\\\/concertos-nas-freguesias-marcado-para-sabado-na-igreja-de-santo-estevao\\\/\"},\"wordCount\":150,\"image\":{\"@id\":\"https:\\\/\\\/www.altominho.tv\\\/site\\\/2023\\\/06\\\/09\\\/concertos-nas-freguesias-marcado-para-sabado-na-igreja-de-santo-estevao\\\/#primaryimage\"},\"thumbnailUrl\":\"https:\\\/\\\/www.altominho.tv\\\/site\\\/wp-content\\\/uploads\\\/2023\\\/06\\\/igreja-.jpeg\",\"keywords\":[\"Cultura\",\"Sociedade\"],\"articleSection\":[\"Valen\u00e7a\"],\"inLanguage\":\"pt-PT\",\"copyrightYear\":\"2023\",\"copyrightHolder\":{\"@id\":\"https:\\\/\\\/www.altominho.tv\\\/site\\\/#organization\"}},{\"@type\":\"WebPage\",\"@id\":\"https:\\\/\\\/www.altominho.tv\\\/site\\\/2023\\\/06\\\/09\\\/concertos-nas-freguesias-marcado-para-sabado-na-igreja-de-santo-estevao\\\/\",\"url\":\"https:\\\/\\\/www.altominho.tv\\\/site\\\/2023\\\/06\\\/09\\\/concertos-nas-freguesias-marcado-para-sabado-na-igreja-de-santo-estevao\\\/\",\"name\":\"Concertos nas Freguesias marcado para s\u00e1bado na igreja de Santo Est\u00eav\u00e3o\",\"isPartOf\":{\"@id\":\"https:\\\/\\\/www.altominho.tv\\\/site\\\/#website\"},\"primaryImageOfPage\":{\"@id\":\"https:\\\/\\\/www.altominho.tv\\\/site\\\/2023\\\/06\\\/09\\\/concertos-nas-freguesias-marcado-para-sabado-na-igreja-de-santo-estevao\\\/#primaryimage\"},\"image\":{\"@id\":\"https:\\\/\\\/www.altominho.tv\\\/site\\\/2023\\\/06\\\/09\\\/concertos-nas-freguesias-marcado-para-sabado-na-igreja-de-santo-estevao\\\/#primaryimage\"},\"thumbnailUrl\":\"https:\\\/\\\/www.altominho.tv\\\/site\\\/wp-content\\\/uploads\\\/2023\\\/06\\\/igreja-.jpeg\",\"datePublished\":\"2023-06-09T12:55:36+00:00\",\"dateModified\":\"2023-06-09T12:55:41+00:00\",\"author\":{\"@id\":\"https:\\\/\\\/www.altominho.tv\\\/site\\\/#\\\/schema\\\/person\\\/63f693da3e1899361cbe955c46f3232e\"},\"breadcrumb\":{\"@id\":\"https:\\\/\\\/www.altominho.tv\\\/site\\\/2023\\\/06\\\/09\\\/concertos-nas-freguesias-marcado-para-sabado-na-igreja-de-santo-estevao\\\/#breadcrumb\"},\"inLanguage\":\"pt-PT\",\"potentialAction\":[{\"@type\":\"ReadAction\",\"target\":[\"https:\\\/\\\/www.altominho.tv\\\/site\\\/2023\\\/06\\\/09\\\/concertos-nas-freguesias-marcado-para-sabado-na-igreja-de-santo-estevao\\\/\"]}]},{\"@type\":\"ImageObject\",\"inLanguage\":\"pt-PT\",\"@id\":\"https:\\\/\\\/www.altominho.tv\\\/site\\\/2023\\\/06\\\/09\\\/concertos-nas-freguesias-marcado-para-sabado-na-igreja-de-santo-estevao\\\/#primaryimage\",\"url\":\"https:\\\/\\\/www.altominho.tv\\\/site\\\/wp-content\\\/uploads\\\/2023\\\/06\\\/igreja-.jpeg\",\"contentUrl\":\"https:\\\/\\\/www.altominho.tv\\\/site\\\/wp-content\\\/uploads\\\/2023\\\/06\\\/igreja-.jpeg\",\"width\":1620,\"height\":1080},{\"@type\":\"BreadcrumbList\",\"@id\":\"https:\\\/\\\/www.altominho.tv\\\/site\\\/2023\\\/06\\\/09\\\/concertos-nas-freguesias-marcado-para-sabado-na-igreja-de-santo-estevao\\\/#breadcrumb\",\"itemListElement\":[{\"@type\":\"ListItem\",\"position\":1,\"name\":\"In\u00edcio\",\"item\":\"https:\\\/\\\/www.altominho.tv\\\/site\\\/\"},{\"@type\":\"ListItem\",\"position\":2,\"name\":\"Concertos nas Freguesias marcado para s\u00e1bado na igreja de Santo Est\u00eav\u00e3o\"}]},{\"@type\":\"WebSite\",\"@id\":\"https:\\\/\\\/www.altominho.tv\\\/site\\\/#website\",\"url\":\"https:\\\/\\\/www.altominho.tv\\\/site\\\/\",\"name\":\"Altominho.tv\",\"description\":\"A sua regi\u00e3o \u00e0 dist\u00e2ncia de um clique...\",\"potentialAction\":[{\"@type\":\"SearchAction\",\"target\":{\"@type\":\"EntryPoint\",\"urlTemplate\":\"https:\\\/\\\/www.altominho.tv\\\/site\\\/?s={search_term_string}\"},\"query-input\":{\"@type\":\"PropertyValueSpecification\",\"valueRequired\":true,\"valueName\":\"search_term_string\"}}],\"inLanguage\":\"pt-PT\"},{\"@type\":\"Person\",\"@id\":\"https:\\\/\\\/www.altominho.tv\\\/site\\\/#\\\/schema\\\/person\\\/63f693da3e1899361cbe955c46f3232e\",\"name\":\"Lusa\",\"image\":{\"@type\":\"ImageObject\",\"inLanguage\":\"pt-PT\",\"@id\":\"https:\\\/\\\/www.altominho.tv\\\/site\\\/wp-content\\\/uploads\\\/2019\\\/08\\\/LUSA_Logo.gif\",\"url\":\"https:\\\/\\\/www.altominho.tv\\\/site\\\/wp-content\\\/uploads\\\/2019\\\/08\\\/LUSA_Logo.gif\",\"contentUrl\":\"https:\\\/\\\/www.altominho.tv\\\/site\\\/wp-content\\\/uploads\\\/2019\\\/08\\\/LUSA_Logo.gif\",\"caption\":\"Lusa\"},\"sameAs\":[\"http:\\\/\\\/\\\/\\\/www.altominho.tv\\\/site\"],\"url\":\"https:\\\/\\\/www.altominho.tv\\\/site\\\/author\\\/lusa\\\/\"}]}<\/script>\n<!-- \/ Yoast SEO Premium plugin. -->","yoast_head_json":{"title":"Concertos nas Freguesias marcado para s\u00e1bado na igreja de Santo Est\u00eav\u00e3o","robots":{"index":"index","follow":"follow","max-snippet":"max-snippet:-1","max-image-preview":"max-image-preview:large","max-video-preview":"max-video-preview:-1"},"canonical":"https:\/\/www.altominho.tv\/site\/2023\/06\/09\/concertos-nas-freguesias-marcado-para-sabado-na-igreja-de-santo-estevao\/","og_locale":"pt_PT","og_type":"article","og_title":"Concertos nas Freguesias marcado para s\u00e1bado na igreja de Santo Est\u00eav\u00e3o","og_description":"A igreja de Santo Est\u00eav\u00e3o, na Fortaleza de Valen\u00e7a, distrito de Viana do Castelo, recebe no s\u00e1bado, \u00e0s 21:30, o \u00faltimo concerto de Victorino d\u2019Almeida e convidados, revelou hoje a C\u00e2mara local. De acordo com uma nota da autarquia, \u201co concerto comentado por Victorino d\u2019Almeida e orientado por Miguel Leite contar\u00e1 com a participa\u00e7\u00e3o especial [&hellip;]","og_url":"https:\/\/www.altominho.tv\/site\/2023\/06\/09\/concertos-nas-freguesias-marcado-para-sabado-na-igreja-de-santo-estevao\/","og_site_name":"Altominho.tv","article_publisher":"https:\/\/www.facebook.com\/altominhotv","article_published_time":"2023-06-09T12:55:36+00:00","article_modified_time":"2023-06-09T12:55:41+00:00","og_image":[{"width":1620,"height":1080,"url":"https:\/\/www.altominho.tv\/site\/wp-content\/uploads\/2023\/06\/igreja-.jpeg","type":"image\/jpeg"}],"author":"Lusa","twitter_card":"summary_large_image","twitter_creator":"@altominhoTV","twitter_site":"@altominhoTV","twitter_misc":{"Escrito por":"Lusa","Tempo estimado de leitura":"1 minuto"},"schema":{"@context":"https:\/\/schema.org","@graph":[{"@type":"Article","@id":"https:\/\/www.altominho.tv\/site\/2023\/06\/09\/concertos-nas-freguesias-marcado-para-sabado-na-igreja-de-santo-estevao\/#article","isPartOf":{"@id":"https:\/\/www.altominho.tv\/site\/2023\/06\/09\/concertos-nas-freguesias-marcado-para-sabado-na-igreja-de-santo-estevao\/"},"author":{"name":"Lusa","@id":"https:\/\/www.altominho.tv\/site\/#\/schema\/person\/63f693da3e1899361cbe955c46f3232e"},"headline":"Concertos nas Freguesias marcado para s\u00e1bado na igreja de Santo Est\u00eav\u00e3o","datePublished":"2023-06-09T12:55:36+00:00","dateModified":"2023-06-09T12:55:41+00:00","mainEntityOfPage":{"@id":"https:\/\/www.altominho.tv\/site\/2023\/06\/09\/concertos-nas-freguesias-marcado-para-sabado-na-igreja-de-santo-estevao\/"},"wordCount":150,"image":{"@id":"https:\/\/www.altominho.tv\/site\/2023\/06\/09\/concertos-nas-freguesias-marcado-para-sabado-na-igreja-de-santo-estevao\/#primaryimage"},"thumbnailUrl":"https:\/\/www.altominho.tv\/site\/wp-content\/uploads\/2023\/06\/igreja-.jpeg","keywords":["Cultura","Sociedade"],"articleSection":["Valen\u00e7a"],"inLanguage":"pt-PT","copyrightYear":"2023","copyrightHolder":{"@id":"https:\/\/www.altominho.tv\/site\/#organization"}},{"@type":"WebPage","@id":"https:\/\/www.altominho.tv\/site\/2023\/06\/09\/concertos-nas-freguesias-marcado-para-sabado-na-igreja-de-santo-estevao\/","url":"https:\/\/www.altominho.tv\/site\/2023\/06\/09\/concertos-nas-freguesias-marcado-para-sabado-na-igreja-de-santo-estevao\/","name":"Concertos nas Freguesias marcado para s\u00e1bado na igreja de Santo Est\u00eav\u00e3o","isPartOf":{"@id":"https:\/\/www.altominho.tv\/site\/#website"},"primaryImageOfPage":{"@id":"https:\/\/www.altominho.tv\/site\/2023\/06\/09\/concertos-nas-freguesias-marcado-para-sabado-na-igreja-de-santo-estevao\/#primaryimage"},"image":{"@id":"https:\/\/www.altominho.tv\/site\/2023\/06\/09\/concertos-nas-freguesias-marcado-para-sabado-na-igreja-de-santo-estevao\/#primaryimage"},"thumbnailUrl":"https:\/\/www.altominho.tv\/site\/wp-content\/uploads\/2023\/06\/igreja-.jpeg","datePublished":"2023-06-09T12:55:36+00:00","dateModified":"2023-06-09T12:55:41+00:00","author":{"@id":"https:\/\/www.altominho.tv\/site\/#\/schema\/person\/63f693da3e1899361cbe955c46f3232e"},"breadcrumb":{"@id":"https:\/\/www.altominho.tv\/site\/2023\/06\/09\/concertos-nas-freguesias-marcado-para-sabado-na-igreja-de-santo-estevao\/#breadcrumb"},"inLanguage":"pt-PT","potentialAction":[{"@type":"ReadAction","target":["https:\/\/www.altominho.tv\/site\/2023\/06\/09\/concertos-nas-freguesias-marcado-para-sabado-na-igreja-de-santo-estevao\/"]}]},{"@type":"ImageObject","inLanguage":"pt-PT","@id":"https:\/\/www.altominho.tv\/site\/2023\/06\/09\/concertos-nas-freguesias-marcado-para-sabado-na-igreja-de-santo-estevao\/#primaryimage","url":"https:\/\/www.altominho.tv\/site\/wp-content\/uploads\/2023\/06\/igreja-.jpeg","contentUrl":"https:\/\/www.altominho.tv\/site\/wp-content\/uploads\/2023\/06\/igreja-.jpeg","width":1620,"height":1080},{"@type":"BreadcrumbList","@id":"https:\/\/www.altominho.tv\/site\/2023\/06\/09\/concertos-nas-freguesias-marcado-para-sabado-na-igreja-de-santo-estevao\/#breadcrumb","itemListElement":[{"@type":"ListItem","position":1,"name":"In\u00edcio","item":"https:\/\/www.altominho.tv\/site\/"},{"@type":"ListItem","position":2,"name":"Concertos nas Freguesias marcado para s\u00e1bado na igreja de Santo Est\u00eav\u00e3o"}]},{"@type":"WebSite","@id":"https:\/\/www.altominho.tv\/site\/#website","url":"https:\/\/www.altominho.tv\/site\/","name":"Altominho.tv","description":"A sua regi\u00e3o \u00e0 dist\u00e2ncia de um clique...","potentialAction":[{"@type":"SearchAction","target":{"@type":"EntryPoint","urlTemplate":"https:\/\/www.altominho.tv\/site\/?s={search_term_string}"},"query-input":{"@type":"PropertyValueSpecification","valueRequired":true,"valueName":"search_term_string"}}],"inLanguage":"pt-PT"},{"@type":"Person","@id":"https:\/\/www.altominho.tv\/site\/#\/schema\/person\/63f693da3e1899361cbe955c46f3232e","name":"Lusa","image":{"@type":"ImageObject","inLanguage":"pt-PT","@id":"https:\/\/www.altominho.tv\/site\/wp-content\/uploads\/2019\/08\/LUSA_Logo.gif","url":"https:\/\/www.altominho.tv\/site\/wp-content\/uploads\/2019\/08\/LUSA_Logo.gif","contentUrl":"https:\/\/www.altominho.tv\/site\/wp-content\/uploads\/2019\/08\/LUSA_Logo.gif","caption":"Lusa"},"sameAs":["http:\/\/\/\/www.altominho.tv\/site"],"url":"https:\/\/www.altominho.tv\/site\/author\/lusa\/"}]}},"_links":{"self":[{"href":"https:\/\/www.altominho.tv\/site\/wp-json\/wp\/v2\/posts\/93183","targetHints":{"allow":["GET"]}}],"collection":[{"href":"https:\/\/www.altominho.tv\/site\/wp-json\/wp\/v2\/posts"}],"about":[{"href":"https:\/\/www.altominho.tv\/site\/wp-json\/wp\/v2\/types\/post"}],"author":[{"embeddable":true,"href":"https:\/\/www.altominho.tv\/site\/wp-json\/wp\/v2\/users\/13"}],"replies":[{"embeddable":true,"href":"https:\/\/www.altominho.tv\/site\/wp-json\/wp\/v2\/comments?post=93183"}],"version-history":[{"count":1,"href":"https:\/\/www.altominho.tv\/site\/wp-json\/wp\/v2\/posts\/93183\/revisions"}],"predecessor-version":[{"id":93185,"href":"https:\/\/www.altominho.tv\/site\/wp-json\/wp\/v2\/posts\/93183\/revisions\/93185"}],"wp:featuredmedia":[{"embeddable":true,"href":"https:\/\/www.altominho.tv\/site\/wp-json\/wp\/v2\/media\/93184"}],"wp:attachment":[{"href":"https:\/\/www.altominho.tv\/site\/wp-json\/wp\/v2\/media?parent=93183"}],"wp:term":[{"taxonomy":"category","embeddable":true,"href":"https:\/\/www.altominho.tv\/site\/wp-json\/wp\/v2\/categories?post=93183"},{"taxonomy":"post_tag","embeddable":true,"href":"https:\/\/www.altominho.tv\/site\/wp-json\/wp\/v2\/tags?post=93183"}],"curies":[{"name":"wp","href":"https:\/\/api.w.org\/{rel}","templated":true}]}}