{"id":93175,"date":"2023-06-09T11:39:16","date_gmt":"2023-06-09T10:39:16","guid":{"rendered":"https:\/\/www.altominho.tv\/site\/?p=93175"},"modified":"2023-06-09T11:40:00","modified_gmt":"2023-06-09T10:40:00","slug":"festa-gastronomica-savelha-ganfei-valenca","status":"publish","type":"post","link":"https:\/\/www.altominho.tv\/site\/2023\/06\/09\/festa-gastronomica-savelha-ganfei-valenca\/","title":{"rendered":"Ganfei recebe XI Festa Gastron\u00f3mica da Savelha"},"content":{"rendered":"<p>A XI Festa Gastron\u00f3mica da Savelha realiza-se este s\u00e1bado, 10 de junho, na Pesqueira dos Frades, em Ganfei. Arroz de bulho com Savelha frita, Savelha grelhada na brasa, Savelha em escabeche e Vitela assada no espeto comp\u00f5em a oferta gastron\u00f3mica deste evento.<\/p>\n<p>A iniciativa evoca a pesca \u00e0 savelha, um dos peixes mais c\u00e9lebres do rio Minho.<\/p>\n<p>O evento come\u00e7ar\u00e1 \u00e0s 8h00 com a concentra\u00e7\u00e3o dos pescadores para a jornada de pesca apeada e em embarca\u00e7\u00e3o que decorrer\u00e1 toda a manh\u00e3. Para as 12h00 est\u00e1 marcada a b\u00ean\u00e7\u00e3o das canas, seguida de almo\u00e7o conv\u00edvio.<\/p>\n<p>A tarde ser\u00e1 animada a cargo da Equipa Cachadinha constitu\u00edda por Peixoto de Braga, Sara Cristina e Joel Ruteia.<\/p>\n<p>Para as 17h00, est\u00e1 programado o reconhecimento dos melhores exemplares, da jornada de pesca, nas categorias: Savelha mais pesada capturada de barco e Savelha mais pesada capturada na margem.<\/p>\n<p>A iniciativa \u00e9 do Grupo Desportivo Ganfeiense e conta com a colabora\u00e7\u00e3o da C\u00e2mara Municipal e da Junta de Freguesia de Ganfei.<\/p>\n","protected":false},"excerpt":{"rendered":"<p>A XI Festa Gastron\u00f3mica da Savelha realiza-se este s\u00e1bado, 10 de junho, na Pesqueira dos Frades, em Ganfei. Arroz de bulho com Savelha frita, Savelha grelhada na brasa, Savelha em escabeche e Vitela assada no espeto comp\u00f5em a oferta gastron\u00f3mica deste evento. A iniciativa evoca a pesca \u00e0 savelha, um dos peixes mais c\u00e9lebres do [&hellip;]<\/p>\n","protected":false},"author":1,"featured_media":93176,"comment_status":"closed","ping_status":"closed","sticky":false,"template":"","format":"standard","meta":{"_exactmetrics_skip_tracking":false,"_exactmetrics_sitenote_active":false,"_exactmetrics_sitenote_note":"","_exactmetrics_sitenote_category":0,"footnotes":""},"categories":[13],"tags":[24],"class_list":["post-93175","post","type-post","status-publish","format-standard","has-post-thumbnail","hentry","category-valenca","tag-lazer"],"yoast_head":"<!-- This site is optimized with the Yoast SEO Premium plugin v27.4 (Yoast SEO v27.4) - https:\/\/yoast.com\/product\/yoast-seo-premium-wordpress\/ -->\n<title>Ganfei recebe XI Festa Gastron\u00f3mica da Savelha<\/title>\n<meta name=\"description\" content=\"A XI Festa Gastron\u00f3mica da Savelha realiza-se este s\u00e1bado, 10 de junho, na Pesqueira dos Frades, em Ganfei. Arroz de bulho com Savelha frita, Savelha grelhada na brasa, Savelha em escabeche e Vitela assada no espeto comp\u00f5em a oferta gastron\u00f3mica deste evento.\" \/>\n<meta name=\"robots\" content=\"index, follow, max-snippet:-1, max-image-preview:large, max-video-preview:-1\" \/>\n<link rel=\"canonical\" href=\"https:\/\/www.altominho.tv\/site\/2023\/06\/09\/festa-gastronomica-savelha-ganfei-valenca\/\" \/>\n<meta property=\"og:locale\" content=\"pt_PT\" \/>\n<meta property=\"og:type\" content=\"article\" \/>\n<meta property=\"og:title\" content=\"Ganfei recebe XI Festa Gastron\u00f3mica da Savelha\" \/>\n<meta property=\"og:description\" content=\"A XI Festa Gastron\u00f3mica da Savelha realiza-se este s\u00e1bado, 10 de junho, na Pesqueira dos Frades, em Ganfei. Arroz de bulho com Savelha frita, Savelha grelhada na brasa, Savelha em escabeche e Vitela assada no espeto comp\u00f5em a oferta gastron\u00f3mica deste evento.\" \/>\n<meta property=\"og:url\" content=\"https:\/\/www.altominho.tv\/site\/2023\/06\/09\/festa-gastronomica-savelha-ganfei-valenca\/\" \/>\n<meta property=\"og:site_name\" content=\"Altominho.tv\" \/>\n<meta property=\"article:publisher\" content=\"https:\/\/www.facebook.com\/altominhotv\" \/>\n<meta property=\"article:published_time\" content=\"2023-06-09T10:39:16+00:00\" \/>\n<meta property=\"article:modified_time\" content=\"2023-06-09T10:40:00+00:00\" \/>\n<meta property=\"og:image\" content=\"https:\/\/www.altominho.tv\/site\/wp-content\/uploads\/2023\/06\/valencasavelha.jpeg\" \/>\n\t<meta property=\"og:image:width\" content=\"640\" \/>\n\t<meta property=\"og:image:height\" content=\"424\" \/>\n\t<meta property=\"og:image:type\" content=\"image\/jpeg\" \/>\n<meta name=\"author\" content=\"Altominho.tv\" \/>\n<meta name=\"twitter:card\" content=\"summary_large_image\" \/>\n<meta name=\"twitter:creator\" content=\"@altominhoTV\" \/>\n<meta name=\"twitter:site\" content=\"@altominhoTV\" \/>\n<meta name=\"twitter:label1\" content=\"Escrito por\" \/>\n\t<meta name=\"twitter:data1\" content=\"Altominho.tv\" \/>\n\t<meta name=\"twitter:label2\" content=\"Tempo estimado de leitura\" \/>\n\t<meta name=\"twitter:data2\" content=\"1 minuto\" \/>\n<script type=\"application\/ld+json\" class=\"yoast-schema-graph\">{\"@context\":\"https:\\\/\\\/schema.org\",\"@graph\":[{\"@type\":\"Article\",\"@id\":\"https:\\\/\\\/www.altominho.tv\\\/site\\\/2023\\\/06\\\/09\\\/festa-gastronomica-savelha-ganfei-valenca\\\/#article\",\"isPartOf\":{\"@id\":\"https:\\\/\\\/www.altominho.tv\\\/site\\\/2023\\\/06\\\/09\\\/festa-gastronomica-savelha-ganfei-valenca\\\/\"},\"author\":{\"name\":\"Altominho.tv\",\"@id\":\"https:\\\/\\\/www.altominho.tv\\\/site\\\/#\\\/schema\\\/person\\\/4e536851627d7914baf3dac752b6af22\"},\"headline\":\"Ganfei recebe XI Festa Gastron\u00f3mica da Savelha\",\"datePublished\":\"2023-06-09T10:39:16+00:00\",\"dateModified\":\"2023-06-09T10:40:00+00:00\",\"mainEntityOfPage\":{\"@id\":\"https:\\\/\\\/www.altominho.tv\\\/site\\\/2023\\\/06\\\/09\\\/festa-gastronomica-savelha-ganfei-valenca\\\/\"},\"wordCount\":184,\"image\":{\"@id\":\"https:\\\/\\\/www.altominho.tv\\\/site\\\/2023\\\/06\\\/09\\\/festa-gastronomica-savelha-ganfei-valenca\\\/#primaryimage\"},\"thumbnailUrl\":\"https:\\\/\\\/www.altominho.tv\\\/site\\\/wp-content\\\/uploads\\\/2023\\\/06\\\/valencasavelha.jpeg\",\"keywords\":[\"Lazer\"],\"articleSection\":[\"Valen\u00e7a\"],\"inLanguage\":\"pt-PT\",\"copyrightYear\":\"2023\",\"copyrightHolder\":{\"@id\":\"https:\\\/\\\/www.altominho.tv\\\/site\\\/#organization\"}},{\"@type\":\"WebPage\",\"@id\":\"https:\\\/\\\/www.altominho.tv\\\/site\\\/2023\\\/06\\\/09\\\/festa-gastronomica-savelha-ganfei-valenca\\\/\",\"url\":\"https:\\\/\\\/www.altominho.tv\\\/site\\\/2023\\\/06\\\/09\\\/festa-gastronomica-savelha-ganfei-valenca\\\/\",\"name\":\"Ganfei recebe XI Festa Gastron\u00f3mica da Savelha\",\"isPartOf\":{\"@id\":\"https:\\\/\\\/www.altominho.tv\\\/site\\\/#website\"},\"primaryImageOfPage\":{\"@id\":\"https:\\\/\\\/www.altominho.tv\\\/site\\\/2023\\\/06\\\/09\\\/festa-gastronomica-savelha-ganfei-valenca\\\/#primaryimage\"},\"image\":{\"@id\":\"https:\\\/\\\/www.altominho.tv\\\/site\\\/2023\\\/06\\\/09\\\/festa-gastronomica-savelha-ganfei-valenca\\\/#primaryimage\"},\"thumbnailUrl\":\"https:\\\/\\\/www.altominho.tv\\\/site\\\/wp-content\\\/uploads\\\/2023\\\/06\\\/valencasavelha.jpeg\",\"datePublished\":\"2023-06-09T10:39:16+00:00\",\"dateModified\":\"2023-06-09T10:40:00+00:00\",\"author\":{\"@id\":\"https:\\\/\\\/www.altominho.tv\\\/site\\\/#\\\/schema\\\/person\\\/4e536851627d7914baf3dac752b6af22\"},\"description\":\"A XI Festa Gastron\u00f3mica da Savelha realiza-se este s\u00e1bado, 10 de junho, na Pesqueira dos Frades, em Ganfei. Arroz de bulho com Savelha frita, Savelha grelhada na brasa, Savelha em escabeche e Vitela assada no espeto comp\u00f5em a oferta gastron\u00f3mica deste evento.\",\"breadcrumb\":{\"@id\":\"https:\\\/\\\/www.altominho.tv\\\/site\\\/2023\\\/06\\\/09\\\/festa-gastronomica-savelha-ganfei-valenca\\\/#breadcrumb\"},\"inLanguage\":\"pt-PT\",\"potentialAction\":[{\"@type\":\"ReadAction\",\"target\":[\"https:\\\/\\\/www.altominho.tv\\\/site\\\/2023\\\/06\\\/09\\\/festa-gastronomica-savelha-ganfei-valenca\\\/\"]}]},{\"@type\":\"ImageObject\",\"inLanguage\":\"pt-PT\",\"@id\":\"https:\\\/\\\/www.altominho.tv\\\/site\\\/2023\\\/06\\\/09\\\/festa-gastronomica-savelha-ganfei-valenca\\\/#primaryimage\",\"url\":\"https:\\\/\\\/www.altominho.tv\\\/site\\\/wp-content\\\/uploads\\\/2023\\\/06\\\/valencasavelha.jpeg\",\"contentUrl\":\"https:\\\/\\\/www.altominho.tv\\\/site\\\/wp-content\\\/uploads\\\/2023\\\/06\\\/valencasavelha.jpeg\",\"width\":640,\"height\":424},{\"@type\":\"BreadcrumbList\",\"@id\":\"https:\\\/\\\/www.altominho.tv\\\/site\\\/2023\\\/06\\\/09\\\/festa-gastronomica-savelha-ganfei-valenca\\\/#breadcrumb\",\"itemListElement\":[{\"@type\":\"ListItem\",\"position\":1,\"name\":\"In\u00edcio\",\"item\":\"https:\\\/\\\/www.altominho.tv\\\/site\\\/\"},{\"@type\":\"ListItem\",\"position\":2,\"name\":\"Ganfei recebe XI Festa Gastron\u00f3mica da Savelha\"}]},{\"@type\":\"WebSite\",\"@id\":\"https:\\\/\\\/www.altominho.tv\\\/site\\\/#website\",\"url\":\"https:\\\/\\\/www.altominho.tv\\\/site\\\/\",\"name\":\"Altominho.tv\",\"description\":\"A sua regi\u00e3o \u00e0 dist\u00e2ncia de um clique...\",\"potentialAction\":[{\"@type\":\"SearchAction\",\"target\":{\"@type\":\"EntryPoint\",\"urlTemplate\":\"https:\\\/\\\/www.altominho.tv\\\/site\\\/?s={search_term_string}\"},\"query-input\":{\"@type\":\"PropertyValueSpecification\",\"valueRequired\":true,\"valueName\":\"search_term_string\"}}],\"inLanguage\":\"pt-PT\"},{\"@type\":\"Person\",\"@id\":\"https:\\\/\\\/www.altominho.tv\\\/site\\\/#\\\/schema\\\/person\\\/4e536851627d7914baf3dac752b6af22\",\"name\":\"Altominho.tv\",\"image\":{\"@type\":\"ImageObject\",\"inLanguage\":\"pt-PT\",\"@id\":\"https:\\\/\\\/www.altominho.tv\\\/site\\\/wp-content\\\/uploads\\\/2019\\\/11\\\/Logo_Avatar_2-150x150.jpg\",\"url\":\"https:\\\/\\\/www.altominho.tv\\\/site\\\/wp-content\\\/uploads\\\/2019\\\/11\\\/Logo_Avatar_2-150x150.jpg\",\"contentUrl\":\"https:\\\/\\\/www.altominho.tv\\\/site\\\/wp-content\\\/uploads\\\/2019\\\/11\\\/Logo_Avatar_2-150x150.jpg\",\"caption\":\"Altominho.tv\"},\"url\":\"https:\\\/\\\/www.altominho.tv\\\/site\\\/author\\\/altominhotv-tecnico\\\/\"}]}<\/script>\n<!-- \/ Yoast SEO Premium plugin. -->","yoast_head_json":{"title":"Ganfei recebe XI Festa Gastron\u00f3mica da Savelha","description":"A XI Festa Gastron\u00f3mica da Savelha realiza-se este s\u00e1bado, 10 de junho, na Pesqueira dos Frades, em Ganfei. Arroz de bulho com Savelha frita, Savelha grelhada na brasa, Savelha em escabeche e Vitela assada no espeto comp\u00f5em a oferta gastron\u00f3mica deste evento.","robots":{"index":"index","follow":"follow","max-snippet":"max-snippet:-1","max-image-preview":"max-image-preview:large","max-video-preview":"max-video-preview:-1"},"canonical":"https:\/\/www.altominho.tv\/site\/2023\/06\/09\/festa-gastronomica-savelha-ganfei-valenca\/","og_locale":"pt_PT","og_type":"article","og_title":"Ganfei recebe XI Festa Gastron\u00f3mica da Savelha","og_description":"A XI Festa Gastron\u00f3mica da Savelha realiza-se este s\u00e1bado, 10 de junho, na Pesqueira dos Frades, em Ganfei. Arroz de bulho com Savelha frita, Savelha grelhada na brasa, Savelha em escabeche e Vitela assada no espeto comp\u00f5em a oferta gastron\u00f3mica deste evento.","og_url":"https:\/\/www.altominho.tv\/site\/2023\/06\/09\/festa-gastronomica-savelha-ganfei-valenca\/","og_site_name":"Altominho.tv","article_publisher":"https:\/\/www.facebook.com\/altominhotv","article_published_time":"2023-06-09T10:39:16+00:00","article_modified_time":"2023-06-09T10:40:00+00:00","og_image":[{"width":640,"height":424,"url":"https:\/\/www.altominho.tv\/site\/wp-content\/uploads\/2023\/06\/valencasavelha.jpeg","type":"image\/jpeg"}],"author":"Altominho.tv","twitter_card":"summary_large_image","twitter_creator":"@altominhoTV","twitter_site":"@altominhoTV","twitter_misc":{"Escrito por":"Altominho.tv","Tempo estimado de leitura":"1 minuto"},"schema":{"@context":"https:\/\/schema.org","@graph":[{"@type":"Article","@id":"https:\/\/www.altominho.tv\/site\/2023\/06\/09\/festa-gastronomica-savelha-ganfei-valenca\/#article","isPartOf":{"@id":"https:\/\/www.altominho.tv\/site\/2023\/06\/09\/festa-gastronomica-savelha-ganfei-valenca\/"},"author":{"name":"Altominho.tv","@id":"https:\/\/www.altominho.tv\/site\/#\/schema\/person\/4e536851627d7914baf3dac752b6af22"},"headline":"Ganfei recebe XI Festa Gastron\u00f3mica da Savelha","datePublished":"2023-06-09T10:39:16+00:00","dateModified":"2023-06-09T10:40:00+00:00","mainEntityOfPage":{"@id":"https:\/\/www.altominho.tv\/site\/2023\/06\/09\/festa-gastronomica-savelha-ganfei-valenca\/"},"wordCount":184,"image":{"@id":"https:\/\/www.altominho.tv\/site\/2023\/06\/09\/festa-gastronomica-savelha-ganfei-valenca\/#primaryimage"},"thumbnailUrl":"https:\/\/www.altominho.tv\/site\/wp-content\/uploads\/2023\/06\/valencasavelha.jpeg","keywords":["Lazer"],"articleSection":["Valen\u00e7a"],"inLanguage":"pt-PT","copyrightYear":"2023","copyrightHolder":{"@id":"https:\/\/www.altominho.tv\/site\/#organization"}},{"@type":"WebPage","@id":"https:\/\/www.altominho.tv\/site\/2023\/06\/09\/festa-gastronomica-savelha-ganfei-valenca\/","url":"https:\/\/www.altominho.tv\/site\/2023\/06\/09\/festa-gastronomica-savelha-ganfei-valenca\/","name":"Ganfei recebe XI Festa Gastron\u00f3mica da Savelha","isPartOf":{"@id":"https:\/\/www.altominho.tv\/site\/#website"},"primaryImageOfPage":{"@id":"https:\/\/www.altominho.tv\/site\/2023\/06\/09\/festa-gastronomica-savelha-ganfei-valenca\/#primaryimage"},"image":{"@id":"https:\/\/www.altominho.tv\/site\/2023\/06\/09\/festa-gastronomica-savelha-ganfei-valenca\/#primaryimage"},"thumbnailUrl":"https:\/\/www.altominho.tv\/site\/wp-content\/uploads\/2023\/06\/valencasavelha.jpeg","datePublished":"2023-06-09T10:39:16+00:00","dateModified":"2023-06-09T10:40:00+00:00","author":{"@id":"https:\/\/www.altominho.tv\/site\/#\/schema\/person\/4e536851627d7914baf3dac752b6af22"},"description":"A XI Festa Gastron\u00f3mica da Savelha realiza-se este s\u00e1bado, 10 de junho, na Pesqueira dos Frades, em Ganfei. Arroz de bulho com Savelha frita, Savelha grelhada na brasa, Savelha em escabeche e Vitela assada no espeto comp\u00f5em a oferta gastron\u00f3mica deste evento.","breadcrumb":{"@id":"https:\/\/www.altominho.tv\/site\/2023\/06\/09\/festa-gastronomica-savelha-ganfei-valenca\/#breadcrumb"},"inLanguage":"pt-PT","potentialAction":[{"@type":"ReadAction","target":["https:\/\/www.altominho.tv\/site\/2023\/06\/09\/festa-gastronomica-savelha-ganfei-valenca\/"]}]},{"@type":"ImageObject","inLanguage":"pt-PT","@id":"https:\/\/www.altominho.tv\/site\/2023\/06\/09\/festa-gastronomica-savelha-ganfei-valenca\/#primaryimage","url":"https:\/\/www.altominho.tv\/site\/wp-content\/uploads\/2023\/06\/valencasavelha.jpeg","contentUrl":"https:\/\/www.altominho.tv\/site\/wp-content\/uploads\/2023\/06\/valencasavelha.jpeg","width":640,"height":424},{"@type":"BreadcrumbList","@id":"https:\/\/www.altominho.tv\/site\/2023\/06\/09\/festa-gastronomica-savelha-ganfei-valenca\/#breadcrumb","itemListElement":[{"@type":"ListItem","position":1,"name":"In\u00edcio","item":"https:\/\/www.altominho.tv\/site\/"},{"@type":"ListItem","position":2,"name":"Ganfei recebe XI Festa Gastron\u00f3mica da Savelha"}]},{"@type":"WebSite","@id":"https:\/\/www.altominho.tv\/site\/#website","url":"https:\/\/www.altominho.tv\/site\/","name":"Altominho.tv","description":"A sua regi\u00e3o \u00e0 dist\u00e2ncia de um clique...","potentialAction":[{"@type":"SearchAction","target":{"@type":"EntryPoint","urlTemplate":"https:\/\/www.altominho.tv\/site\/?s={search_term_string}"},"query-input":{"@type":"PropertyValueSpecification","valueRequired":true,"valueName":"search_term_string"}}],"inLanguage":"pt-PT"},{"@type":"Person","@id":"https:\/\/www.altominho.tv\/site\/#\/schema\/person\/4e536851627d7914baf3dac752b6af22","name":"Altominho.tv","image":{"@type":"ImageObject","inLanguage":"pt-PT","@id":"https:\/\/www.altominho.tv\/site\/wp-content\/uploads\/2019\/11\/Logo_Avatar_2-150x150.jpg","url":"https:\/\/www.altominho.tv\/site\/wp-content\/uploads\/2019\/11\/Logo_Avatar_2-150x150.jpg","contentUrl":"https:\/\/www.altominho.tv\/site\/wp-content\/uploads\/2019\/11\/Logo_Avatar_2-150x150.jpg","caption":"Altominho.tv"},"url":"https:\/\/www.altominho.tv\/site\/author\/altominhotv-tecnico\/"}]}},"_links":{"self":[{"href":"https:\/\/www.altominho.tv\/site\/wp-json\/wp\/v2\/posts\/93175","targetHints":{"allow":["GET"]}}],"collection":[{"href":"https:\/\/www.altominho.tv\/site\/wp-json\/wp\/v2\/posts"}],"about":[{"href":"https:\/\/www.altominho.tv\/site\/wp-json\/wp\/v2\/types\/post"}],"author":[{"embeddable":true,"href":"https:\/\/www.altominho.tv\/site\/wp-json\/wp\/v2\/users\/1"}],"replies":[{"embeddable":true,"href":"https:\/\/www.altominho.tv\/site\/wp-json\/wp\/v2\/comments?post=93175"}],"version-history":[{"count":1,"href":"https:\/\/www.altominho.tv\/site\/wp-json\/wp\/v2\/posts\/93175\/revisions"}],"predecessor-version":[{"id":93177,"href":"https:\/\/www.altominho.tv\/site\/wp-json\/wp\/v2\/posts\/93175\/revisions\/93177"}],"wp:featuredmedia":[{"embeddable":true,"href":"https:\/\/www.altominho.tv\/site\/wp-json\/wp\/v2\/media\/93176"}],"wp:attachment":[{"href":"https:\/\/www.altominho.tv\/site\/wp-json\/wp\/v2\/media?parent=93175"}],"wp:term":[{"taxonomy":"category","embeddable":true,"href":"https:\/\/www.altominho.tv\/site\/wp-json\/wp\/v2\/categories?post=93175"},{"taxonomy":"post_tag","embeddable":true,"href":"https:\/\/www.altominho.tv\/site\/wp-json\/wp\/v2\/tags?post=93175"}],"curies":[{"name":"wp","href":"https:\/\/api.w.org\/{rel}","templated":true}]}}