{"id":93077,"date":"2023-06-05T14:35:12","date_gmt":"2023-06-05T13:35:12","guid":{"rendered":"https:\/\/www.altominho.tv\/site\/?p=93077"},"modified":"2023-06-05T14:35:18","modified_gmt":"2023-06-05T13:35:18","slug":"paredes-de-coura-acolhe-fas-de-lego-de-todo-o-mundo","status":"publish","type":"post","link":"https:\/\/www.altominho.tv\/site\/2023\/06\/05\/paredes-de-coura-acolhe-fas-de-lego-de-todo-o-mundo\/","title":{"rendered":"Paredes de Coura acolhe f\u00e3s de Lego de todo o mundo"},"content":{"rendered":"<p>Ao longo dos dias 9, 10 e 11 de junho, o evento &#8220;Paredes de Coura Fan Weekend 2023 \u2013 LEGO Fan Event&#8221; regressa a Paredes de Coura.<\/p>\n<p>Cerca de 150 f\u00e3s oriundos da Austr\u00e1lia, da \u00c1frica do Sul, do Canad\u00e1, dos Estados unidos, do Brasil, da Inglaterra e de Espanha voltam a reunir-se na vila de Coura, no Centro Cultural.<\/p>\n<p>O \u2018Paredes de Coura Fan Weekend 2023 \u2013 LEGO Fan Event\u2019 \u00e9 promovido pela Comunidade 0937 com a colabora\u00e7\u00e3o do Munic\u00edpio, &#8220;permitindo-nos redescobrir ic\u00f3nicos monumentos das mais diversas partes do mundo, mosaicos representando obras de arte, r\u00e9plicas de autom\u00f3veis e comboios, naves espaciais, mas tamb\u00e9m revisitar filmes e s\u00e9ries de TV numa iniciativa dedicada aos adultos f\u00e3s de LEGO\u00ae&#8221; revela a autarquia.<\/p>\n<p>Nesta exposi\u00e7\u00e3o que estar\u00e1 aberta ao p\u00fablico em geral entre as 10h e 12h00 e as 14h e as 18h00, com entrada gratuita, os visitantes poder\u00e3o interagir com os construtores presentes e observar as suas cria\u00e7\u00f5es oriundas de v\u00e1rios pa\u00edses.<\/p>\n<p>Poder\u00e3o tamb\u00e9m participar na constru\u00e7\u00e3o de um mosaico, criar as suas pr\u00f3prias constru\u00e7\u00f5es brincando livremente com os milhares de pe\u00e7as que estar\u00e3o dispon\u00edveis numa \u00e1rea reservada \u00e0 Playzone e, ainda, dispor no local de uma loja de brinquedos da marca, tudo para que possam desfrutar de grandes momentos de divers\u00e3o.<\/p>\n","protected":false},"excerpt":{"rendered":"<p>Ao longo dos dias 9, 10 e 11 de junho, o evento &#8220;Paredes de Coura Fan Weekend 2023 \u2013 LEGO Fan Event&#8221; regressa a Paredes de Coura. Cerca de 150 f\u00e3s oriundos da Austr\u00e1lia, da \u00c1frica do Sul, do Canad\u00e1, dos Estados unidos, do Brasil, da Inglaterra e de Espanha voltam a reunir-se na vila [&hellip;]<\/p>\n","protected":false},"author":28,"featured_media":93078,"comment_status":"closed","ping_status":"closed","sticky":false,"template":"","format":"standard","meta":{"_exactmetrics_skip_tracking":false,"_exactmetrics_sitenote_active":false,"_exactmetrics_sitenote_note":"","_exactmetrics_sitenote_category":0,"footnotes":""},"categories":[10],"tags":[19],"class_list":["post-93077","post","type-post","status-publish","format-standard","has-post-thumbnail","hentry","category-paredes-de-coura","tag-cultura"],"yoast_head":"<!-- This site is optimized with the Yoast SEO Premium plugin v27.4 (Yoast SEO v27.4) - https:\/\/yoast.com\/product\/yoast-seo-premium-wordpress\/ -->\n<title>Paredes de Coura acolhe f\u00e3s de Lego de todo o mundo<\/title>\n<meta name=\"description\" content=\"Ao longo de tr\u00eas dias, 9, 10 e 11 de junho, o evento &quot;Paredes de Coura Fan Weekend 2023 \u2013 LEGO\u00ae Fan Event&quot; regressa a Paredes de Coura.\" \/>\n<meta name=\"robots\" content=\"index, follow, max-snippet:-1, max-image-preview:large, max-video-preview:-1\" \/>\n<link rel=\"canonical\" href=\"https:\/\/www.altominho.tv\/site\/2023\/06\/05\/paredes-de-coura-acolhe-fas-de-lego-de-todo-o-mundo\/\" \/>\n<meta property=\"og:locale\" content=\"pt_PT\" \/>\n<meta property=\"og:type\" content=\"article\" \/>\n<meta property=\"og:title\" content=\"Paredes de Coura acolhe f\u00e3s de Lego de todo o mundo\" \/>\n<meta property=\"og:description\" content=\"Ao longo de tr\u00eas dias, 9, 10 e 11 de junho, o evento &quot;Paredes de Coura Fan Weekend 2023 \u2013 LEGO\u00ae Fan Event&quot; regressa a Paredes de Coura.\" \/>\n<meta property=\"og:url\" content=\"https:\/\/www.altominho.tv\/site\/2023\/06\/05\/paredes-de-coura-acolhe-fas-de-lego-de-todo-o-mundo\/\" \/>\n<meta property=\"og:site_name\" content=\"Altominho.tv\" \/>\n<meta property=\"article:publisher\" content=\"https:\/\/www.facebook.com\/altominhotv\" \/>\n<meta property=\"article:published_time\" content=\"2023-06-05T13:35:12+00:00\" \/>\n<meta property=\"article:modified_time\" content=\"2023-06-05T13:35:18+00:00\" \/>\n<meta property=\"og:image\" content=\"https:\/\/www.altominho.tv\/site\/wp-content\/uploads\/2023\/06\/lego-.jpeg\" \/>\n\t<meta property=\"og:image:width\" content=\"1920\" \/>\n\t<meta property=\"og:image:height\" content=\"1080\" \/>\n\t<meta property=\"og:image:type\" content=\"image\/jpeg\" \/>\n<meta name=\"author\" content=\"Beatriz Lira\" \/>\n<meta name=\"twitter:card\" content=\"summary_large_image\" \/>\n<meta name=\"twitter:creator\" content=\"@altominhoTV\" \/>\n<meta name=\"twitter:site\" content=\"@altominhoTV\" \/>\n<meta name=\"twitter:label1\" content=\"Escrito por\" \/>\n\t<meta name=\"twitter:data1\" content=\"Beatriz Lira\" \/>\n\t<meta name=\"twitter:label2\" content=\"Tempo estimado de leitura\" \/>\n\t<meta name=\"twitter:data2\" content=\"2 minutos\" \/>\n<script type=\"application\/ld+json\" class=\"yoast-schema-graph\">{\"@context\":\"https:\\\/\\\/schema.org\",\"@graph\":[{\"@type\":\"Article\",\"@id\":\"https:\\\/\\\/www.altominho.tv\\\/site\\\/2023\\\/06\\\/05\\\/paredes-de-coura-acolhe-fas-de-lego-de-todo-o-mundo\\\/#article\",\"isPartOf\":{\"@id\":\"https:\\\/\\\/www.altominho.tv\\\/site\\\/2023\\\/06\\\/05\\\/paredes-de-coura-acolhe-fas-de-lego-de-todo-o-mundo\\\/\"},\"author\":{\"name\":\"Beatriz Lira\",\"@id\":\"https:\\\/\\\/www.altominho.tv\\\/site\\\/#\\\/schema\\\/person\\\/f95a2097796cf4462fe1e476cddc40e4\"},\"headline\":\"Paredes de Coura acolhe f\u00e3s de Lego de todo o mundo\",\"datePublished\":\"2023-06-05T13:35:12+00:00\",\"dateModified\":\"2023-06-05T13:35:18+00:00\",\"mainEntityOfPage\":{\"@id\":\"https:\\\/\\\/www.altominho.tv\\\/site\\\/2023\\\/06\\\/05\\\/paredes-de-coura-acolhe-fas-de-lego-de-todo-o-mundo\\\/\"},\"wordCount\":238,\"image\":{\"@id\":\"https:\\\/\\\/www.altominho.tv\\\/site\\\/2023\\\/06\\\/05\\\/paredes-de-coura-acolhe-fas-de-lego-de-todo-o-mundo\\\/#primaryimage\"},\"thumbnailUrl\":\"https:\\\/\\\/www.altominho.tv\\\/site\\\/wp-content\\\/uploads\\\/2023\\\/06\\\/lego-.jpeg\",\"keywords\":[\"Cultura\"],\"articleSection\":[\"Paredes de Coura\"],\"inLanguage\":\"pt-PT\",\"copyrightYear\":\"2023\",\"copyrightHolder\":{\"@id\":\"https:\\\/\\\/www.altominho.tv\\\/site\\\/#organization\"}},{\"@type\":\"WebPage\",\"@id\":\"https:\\\/\\\/www.altominho.tv\\\/site\\\/2023\\\/06\\\/05\\\/paredes-de-coura-acolhe-fas-de-lego-de-todo-o-mundo\\\/\",\"url\":\"https:\\\/\\\/www.altominho.tv\\\/site\\\/2023\\\/06\\\/05\\\/paredes-de-coura-acolhe-fas-de-lego-de-todo-o-mundo\\\/\",\"name\":\"Paredes de Coura acolhe f\u00e3s de Lego de todo o mundo\",\"isPartOf\":{\"@id\":\"https:\\\/\\\/www.altominho.tv\\\/site\\\/#website\"},\"primaryImageOfPage\":{\"@id\":\"https:\\\/\\\/www.altominho.tv\\\/site\\\/2023\\\/06\\\/05\\\/paredes-de-coura-acolhe-fas-de-lego-de-todo-o-mundo\\\/#primaryimage\"},\"image\":{\"@id\":\"https:\\\/\\\/www.altominho.tv\\\/site\\\/2023\\\/06\\\/05\\\/paredes-de-coura-acolhe-fas-de-lego-de-todo-o-mundo\\\/#primaryimage\"},\"thumbnailUrl\":\"https:\\\/\\\/www.altominho.tv\\\/site\\\/wp-content\\\/uploads\\\/2023\\\/06\\\/lego-.jpeg\",\"datePublished\":\"2023-06-05T13:35:12+00:00\",\"dateModified\":\"2023-06-05T13:35:18+00:00\",\"author\":{\"@id\":\"https:\\\/\\\/www.altominho.tv\\\/site\\\/#\\\/schema\\\/person\\\/f95a2097796cf4462fe1e476cddc40e4\"},\"description\":\"Ao longo de tr\u00eas dias, 9, 10 e 11 de junho, o evento \\\"Paredes de Coura Fan Weekend 2023 \u2013 LEGO\u00ae Fan Event\\\" regressa a Paredes de Coura.\",\"breadcrumb\":{\"@id\":\"https:\\\/\\\/www.altominho.tv\\\/site\\\/2023\\\/06\\\/05\\\/paredes-de-coura-acolhe-fas-de-lego-de-todo-o-mundo\\\/#breadcrumb\"},\"inLanguage\":\"pt-PT\",\"potentialAction\":[{\"@type\":\"ReadAction\",\"target\":[\"https:\\\/\\\/www.altominho.tv\\\/site\\\/2023\\\/06\\\/05\\\/paredes-de-coura-acolhe-fas-de-lego-de-todo-o-mundo\\\/\"]}]},{\"@type\":\"ImageObject\",\"inLanguage\":\"pt-PT\",\"@id\":\"https:\\\/\\\/www.altominho.tv\\\/site\\\/2023\\\/06\\\/05\\\/paredes-de-coura-acolhe-fas-de-lego-de-todo-o-mundo\\\/#primaryimage\",\"url\":\"https:\\\/\\\/www.altominho.tv\\\/site\\\/wp-content\\\/uploads\\\/2023\\\/06\\\/lego-.jpeg\",\"contentUrl\":\"https:\\\/\\\/www.altominho.tv\\\/site\\\/wp-content\\\/uploads\\\/2023\\\/06\\\/lego-.jpeg\",\"width\":1920,\"height\":1080},{\"@type\":\"BreadcrumbList\",\"@id\":\"https:\\\/\\\/www.altominho.tv\\\/site\\\/2023\\\/06\\\/05\\\/paredes-de-coura-acolhe-fas-de-lego-de-todo-o-mundo\\\/#breadcrumb\",\"itemListElement\":[{\"@type\":\"ListItem\",\"position\":1,\"name\":\"In\u00edcio\",\"item\":\"https:\\\/\\\/www.altominho.tv\\\/site\\\/\"},{\"@type\":\"ListItem\",\"position\":2,\"name\":\"Paredes de Coura acolhe f\u00e3s de Lego de todo o mundo\"}]},{\"@type\":\"WebSite\",\"@id\":\"https:\\\/\\\/www.altominho.tv\\\/site\\\/#website\",\"url\":\"https:\\\/\\\/www.altominho.tv\\\/site\\\/\",\"name\":\"Altominho.tv\",\"description\":\"A sua regi\u00e3o \u00e0 dist\u00e2ncia de um clique...\",\"potentialAction\":[{\"@type\":\"SearchAction\",\"target\":{\"@type\":\"EntryPoint\",\"urlTemplate\":\"https:\\\/\\\/www.altominho.tv\\\/site\\\/?s={search_term_string}\"},\"query-input\":{\"@type\":\"PropertyValueSpecification\",\"valueRequired\":true,\"valueName\":\"search_term_string\"}}],\"inLanguage\":\"pt-PT\"},{\"@type\":\"Person\",\"@id\":\"https:\\\/\\\/www.altominho.tv\\\/site\\\/#\\\/schema\\\/person\\\/f95a2097796cf4462fe1e476cddc40e4\",\"name\":\"Beatriz Lira\",\"image\":{\"@type\":\"ImageObject\",\"inLanguage\":\"pt-PT\",\"@id\":\"https:\\\/\\\/www.altominho.tv\\\/site\\\/wp-content\\\/uploads\\\/2023\\\/03\\\/Screenshot_20230306-141220_Photos-150x150.jpg\",\"url\":\"https:\\\/\\\/www.altominho.tv\\\/site\\\/wp-content\\\/uploads\\\/2023\\\/03\\\/Screenshot_20230306-141220_Photos-150x150.jpg\",\"contentUrl\":\"https:\\\/\\\/www.altominho.tv\\\/site\\\/wp-content\\\/uploads\\\/2023\\\/03\\\/Screenshot_20230306-141220_Photos-150x150.jpg\",\"caption\":\"Beatriz Lira\"},\"url\":\"https:\\\/\\\/www.altominho.tv\\\/site\\\/author\\\/beatriz\\\/\"}]}<\/script>\n<!-- \/ Yoast SEO Premium plugin. -->","yoast_head_json":{"title":"Paredes de Coura acolhe f\u00e3s de Lego de todo o mundo","description":"Ao longo de tr\u00eas dias, 9, 10 e 11 de junho, o evento \"Paredes de Coura Fan Weekend 2023 \u2013 LEGO\u00ae Fan Event\" regressa a Paredes de Coura.","robots":{"index":"index","follow":"follow","max-snippet":"max-snippet:-1","max-image-preview":"max-image-preview:large","max-video-preview":"max-video-preview:-1"},"canonical":"https:\/\/www.altominho.tv\/site\/2023\/06\/05\/paredes-de-coura-acolhe-fas-de-lego-de-todo-o-mundo\/","og_locale":"pt_PT","og_type":"article","og_title":"Paredes de Coura acolhe f\u00e3s de Lego de todo o mundo","og_description":"Ao longo de tr\u00eas dias, 9, 10 e 11 de junho, o evento \"Paredes de Coura Fan Weekend 2023 \u2013 LEGO\u00ae Fan Event\" regressa a Paredes de Coura.","og_url":"https:\/\/www.altominho.tv\/site\/2023\/06\/05\/paredes-de-coura-acolhe-fas-de-lego-de-todo-o-mundo\/","og_site_name":"Altominho.tv","article_publisher":"https:\/\/www.facebook.com\/altominhotv","article_published_time":"2023-06-05T13:35:12+00:00","article_modified_time":"2023-06-05T13:35:18+00:00","og_image":[{"width":1920,"height":1080,"url":"https:\/\/www.altominho.tv\/site\/wp-content\/uploads\/2023\/06\/lego-.jpeg","type":"image\/jpeg"}],"author":"Beatriz Lira","twitter_card":"summary_large_image","twitter_creator":"@altominhoTV","twitter_site":"@altominhoTV","twitter_misc":{"Escrito por":"Beatriz Lira","Tempo estimado de leitura":"2 minutos"},"schema":{"@context":"https:\/\/schema.org","@graph":[{"@type":"Article","@id":"https:\/\/www.altominho.tv\/site\/2023\/06\/05\/paredes-de-coura-acolhe-fas-de-lego-de-todo-o-mundo\/#article","isPartOf":{"@id":"https:\/\/www.altominho.tv\/site\/2023\/06\/05\/paredes-de-coura-acolhe-fas-de-lego-de-todo-o-mundo\/"},"author":{"name":"Beatriz Lira","@id":"https:\/\/www.altominho.tv\/site\/#\/schema\/person\/f95a2097796cf4462fe1e476cddc40e4"},"headline":"Paredes de Coura acolhe f\u00e3s de Lego de todo o mundo","datePublished":"2023-06-05T13:35:12+00:00","dateModified":"2023-06-05T13:35:18+00:00","mainEntityOfPage":{"@id":"https:\/\/www.altominho.tv\/site\/2023\/06\/05\/paredes-de-coura-acolhe-fas-de-lego-de-todo-o-mundo\/"},"wordCount":238,"image":{"@id":"https:\/\/www.altominho.tv\/site\/2023\/06\/05\/paredes-de-coura-acolhe-fas-de-lego-de-todo-o-mundo\/#primaryimage"},"thumbnailUrl":"https:\/\/www.altominho.tv\/site\/wp-content\/uploads\/2023\/06\/lego-.jpeg","keywords":["Cultura"],"articleSection":["Paredes de Coura"],"inLanguage":"pt-PT","copyrightYear":"2023","copyrightHolder":{"@id":"https:\/\/www.altominho.tv\/site\/#organization"}},{"@type":"WebPage","@id":"https:\/\/www.altominho.tv\/site\/2023\/06\/05\/paredes-de-coura-acolhe-fas-de-lego-de-todo-o-mundo\/","url":"https:\/\/www.altominho.tv\/site\/2023\/06\/05\/paredes-de-coura-acolhe-fas-de-lego-de-todo-o-mundo\/","name":"Paredes de Coura acolhe f\u00e3s de Lego de todo o mundo","isPartOf":{"@id":"https:\/\/www.altominho.tv\/site\/#website"},"primaryImageOfPage":{"@id":"https:\/\/www.altominho.tv\/site\/2023\/06\/05\/paredes-de-coura-acolhe-fas-de-lego-de-todo-o-mundo\/#primaryimage"},"image":{"@id":"https:\/\/www.altominho.tv\/site\/2023\/06\/05\/paredes-de-coura-acolhe-fas-de-lego-de-todo-o-mundo\/#primaryimage"},"thumbnailUrl":"https:\/\/www.altominho.tv\/site\/wp-content\/uploads\/2023\/06\/lego-.jpeg","datePublished":"2023-06-05T13:35:12+00:00","dateModified":"2023-06-05T13:35:18+00:00","author":{"@id":"https:\/\/www.altominho.tv\/site\/#\/schema\/person\/f95a2097796cf4462fe1e476cddc40e4"},"description":"Ao longo de tr\u00eas dias, 9, 10 e 11 de junho, o evento \"Paredes de Coura Fan Weekend 2023 \u2013 LEGO\u00ae Fan Event\" regressa a Paredes de Coura.","breadcrumb":{"@id":"https:\/\/www.altominho.tv\/site\/2023\/06\/05\/paredes-de-coura-acolhe-fas-de-lego-de-todo-o-mundo\/#breadcrumb"},"inLanguage":"pt-PT","potentialAction":[{"@type":"ReadAction","target":["https:\/\/www.altominho.tv\/site\/2023\/06\/05\/paredes-de-coura-acolhe-fas-de-lego-de-todo-o-mundo\/"]}]},{"@type":"ImageObject","inLanguage":"pt-PT","@id":"https:\/\/www.altominho.tv\/site\/2023\/06\/05\/paredes-de-coura-acolhe-fas-de-lego-de-todo-o-mundo\/#primaryimage","url":"https:\/\/www.altominho.tv\/site\/wp-content\/uploads\/2023\/06\/lego-.jpeg","contentUrl":"https:\/\/www.altominho.tv\/site\/wp-content\/uploads\/2023\/06\/lego-.jpeg","width":1920,"height":1080},{"@type":"BreadcrumbList","@id":"https:\/\/www.altominho.tv\/site\/2023\/06\/05\/paredes-de-coura-acolhe-fas-de-lego-de-todo-o-mundo\/#breadcrumb","itemListElement":[{"@type":"ListItem","position":1,"name":"In\u00edcio","item":"https:\/\/www.altominho.tv\/site\/"},{"@type":"ListItem","position":2,"name":"Paredes de Coura acolhe f\u00e3s de Lego de todo o mundo"}]},{"@type":"WebSite","@id":"https:\/\/www.altominho.tv\/site\/#website","url":"https:\/\/www.altominho.tv\/site\/","name":"Altominho.tv","description":"A sua regi\u00e3o \u00e0 dist\u00e2ncia de um clique...","potentialAction":[{"@type":"SearchAction","target":{"@type":"EntryPoint","urlTemplate":"https:\/\/www.altominho.tv\/site\/?s={search_term_string}"},"query-input":{"@type":"PropertyValueSpecification","valueRequired":true,"valueName":"search_term_string"}}],"inLanguage":"pt-PT"},{"@type":"Person","@id":"https:\/\/www.altominho.tv\/site\/#\/schema\/person\/f95a2097796cf4462fe1e476cddc40e4","name":"Beatriz Lira","image":{"@type":"ImageObject","inLanguage":"pt-PT","@id":"https:\/\/www.altominho.tv\/site\/wp-content\/uploads\/2023\/03\/Screenshot_20230306-141220_Photos-150x150.jpg","url":"https:\/\/www.altominho.tv\/site\/wp-content\/uploads\/2023\/03\/Screenshot_20230306-141220_Photos-150x150.jpg","contentUrl":"https:\/\/www.altominho.tv\/site\/wp-content\/uploads\/2023\/03\/Screenshot_20230306-141220_Photos-150x150.jpg","caption":"Beatriz Lira"},"url":"https:\/\/www.altominho.tv\/site\/author\/beatriz\/"}]}},"_links":{"self":[{"href":"https:\/\/www.altominho.tv\/site\/wp-json\/wp\/v2\/posts\/93077","targetHints":{"allow":["GET"]}}],"collection":[{"href":"https:\/\/www.altominho.tv\/site\/wp-json\/wp\/v2\/posts"}],"about":[{"href":"https:\/\/www.altominho.tv\/site\/wp-json\/wp\/v2\/types\/post"}],"author":[{"embeddable":true,"href":"https:\/\/www.altominho.tv\/site\/wp-json\/wp\/v2\/users\/28"}],"replies":[{"embeddable":true,"href":"https:\/\/www.altominho.tv\/site\/wp-json\/wp\/v2\/comments?post=93077"}],"version-history":[{"count":3,"href":"https:\/\/www.altominho.tv\/site\/wp-json\/wp\/v2\/posts\/93077\/revisions"}],"predecessor-version":[{"id":93081,"href":"https:\/\/www.altominho.tv\/site\/wp-json\/wp\/v2\/posts\/93077\/revisions\/93081"}],"wp:featuredmedia":[{"embeddable":true,"href":"https:\/\/www.altominho.tv\/site\/wp-json\/wp\/v2\/media\/93078"}],"wp:attachment":[{"href":"https:\/\/www.altominho.tv\/site\/wp-json\/wp\/v2\/media?parent=93077"}],"wp:term":[{"taxonomy":"category","embeddable":true,"href":"https:\/\/www.altominho.tv\/site\/wp-json\/wp\/v2\/categories?post=93077"},{"taxonomy":"post_tag","embeddable":true,"href":"https:\/\/www.altominho.tv\/site\/wp-json\/wp\/v2\/tags?post=93077"}],"curies":[{"name":"wp","href":"https:\/\/api.w.org\/{rel}","templated":true}]}}