{"id":93016,"date":"2023-06-03T15:10:01","date_gmt":"2023-06-03T14:10:01","guid":{"rendered":"https:\/\/www.altominho.tv\/site\/?p=93016"},"modified":"2023-06-03T15:10:06","modified_gmt":"2023-06-03T14:10:06","slug":"obras-para-campo-de-padel-e-tenis-em-fase-final","status":"publish","type":"post","link":"https:\/\/www.altominho.tv\/site\/2023\/06\/03\/obras-para-campo-de-padel-e-tenis-em-fase-final\/","title":{"rendered":"Obras para campo de padel e t\u00e9nis em fase final"},"content":{"rendered":"<p>Est\u00e1 em curso a obra de \u201cConstru\u00e7\u00e3o de Campos de T\u00e9nis e Padel\u201d, em Arcos de Valdevez, no valor global de 670 mil euros e atrav\u00e9s da qual ser\u00e3o constru\u00eddos dois campos de t\u00e9nis e tr\u00eas campos de padel cobertos, com relva sint\u00e9tica.<\/p>\n<p>O acesso aos campos ser\u00e1 feito mediante a constru\u00e7\u00e3o de um passeio pedonal que ligar\u00e1 o arruamento da Lamela ao arruamento do complexo das Piscinas municipais.<\/p>\n<p>Esta interven\u00e7\u00e3o est\u00e1 integrada na 3\u00aa Fase da Zona Desportiva Municipal, da qual tamb\u00e9m faz parte a expans\u00e3o de mais 25 000 m2 de \u00e1rea desportiva e de lazer.<\/p>\n<p>Segundo a autarquia, esta\u00a0 &#8220;pretende a melhoria da oferta desportiva e de lazer do concelho, para residentes e visitantes.&#8221;<\/p>\n","protected":false},"excerpt":{"rendered":"<p>Est\u00e1 em curso a obra de \u201cConstru\u00e7\u00e3o de Campos de T\u00e9nis e Padel\u201d, em Arcos de Valdevez, no valor global de 670 mil euros e atrav\u00e9s da qual ser\u00e3o constru\u00eddos dois campos de t\u00e9nis e tr\u00eas campos de padel cobertos, com relva sint\u00e9tica. O acesso aos campos ser\u00e1 feito mediante a constru\u00e7\u00e3o de um passeio [&hellip;]<\/p>\n","protected":false},"author":28,"featured_media":93017,"comment_status":"closed","ping_status":"closed","sticky":false,"template":"","format":"standard","meta":{"_exactmetrics_skip_tracking":false,"footnotes":""},"categories":[2],"tags":[20],"class_list":["post-93016","post","type-post","status-publish","format-standard","has-post-thumbnail","hentry","category-arcos-de-valdevez","tag-desporto"],"yoast_head":"<!-- This site is optimized with the Yoast SEO Premium plugin v28.3 (Yoast SEO v28.3) - https:\/\/yoast.com\/product\/yoast-seo-premium-wordpress\/ -->\n<title>Obras para campo de padel e t\u00e9nis em fase final<\/title>\n<meta name=\"description\" content=\"Est\u00e1 em curso a obra de \u201cConstru\u00e7\u00e3o de Campos de T\u00e9nis e Padel\u201d, em Arcos de Valdevez, no valor global de 670 mil euros e atrav\u00e9s da qual ser\u00e3o constru\u00eddos dois campos de t\u00e9nis e tr\u00eas campos de padel cobertos, com relva sint\u00e9tica.\u00a0\" \/>\n<meta name=\"robots\" content=\"index, follow, max-snippet:-1, max-image-preview:large, max-video-preview:-1\" \/>\n<link rel=\"canonical\" href=\"https:\/\/www.altominho.tv\/site\/2023\/06\/03\/obras-para-campo-de-padel-e-tenis-em-fase-final\/\" \/>\n<meta property=\"og:locale\" content=\"pt_PT\" \/>\n<meta property=\"og:type\" content=\"article\" \/>\n<meta property=\"og:title\" content=\"Obras para campo de padel e t\u00e9nis em fase final\" \/>\n<meta property=\"og:description\" content=\"Est\u00e1 em curso a obra de \u201cConstru\u00e7\u00e3o de Campos de T\u00e9nis e Padel\u201d, em Arcos de Valdevez, no valor global de 670 mil euros e atrav\u00e9s da qual ser\u00e3o constru\u00eddos dois campos de t\u00e9nis e tr\u00eas campos de padel cobertos, com relva sint\u00e9tica.\u00a0\" \/>\n<meta property=\"og:url\" content=\"https:\/\/www.altominho.tv\/site\/2023\/06\/03\/obras-para-campo-de-padel-e-tenis-em-fase-final\/\" \/>\n<meta property=\"og:site_name\" content=\"Altominho.tv\" \/>\n<meta property=\"article:publisher\" content=\"https:\/\/www.facebook.com\/altominhotv\" \/>\n<meta property=\"article:published_time\" content=\"2023-06-03T14:10:01+00:00\" \/>\n<meta property=\"article:modified_time\" content=\"2023-06-03T14:10:06+00:00\" \/>\n<meta property=\"og:image\" content=\"https:\/\/www.altominho.tv\/site\/wp-content\/uploads\/2023\/06\/IMG_6926.jpg\" \/>\n\t<meta property=\"og:image:width\" content=\"2048\" \/>\n\t<meta property=\"og:image:height\" content=\"1536\" \/>\n\t<meta property=\"og:image:type\" content=\"image\/jpeg\" \/>\n<meta name=\"author\" content=\"Beatriz Lira\" \/>\n<meta name=\"twitter:card\" content=\"summary_large_image\" \/>\n<meta name=\"twitter:creator\" content=\"@altominhoTV\" \/>\n<meta name=\"twitter:site\" content=\"@altominhoTV\" \/>\n<meta name=\"twitter:label1\" content=\"Escrito por\" \/>\n\t<meta name=\"twitter:data1\" content=\"Beatriz Lira\" \/>\n\t<meta name=\"twitter:label2\" content=\"Tempo estimado de leitura\" \/>\n\t<meta name=\"twitter:data2\" content=\"1 minuto\" \/>\n<script type=\"application\/ld+json\" class=\"yoast-schema-graph\">{\"@context\":\"https:\\\/\\\/schema.org\",\"@graph\":[{\"@type\":\"Article\",\"@id\":\"https:\\\/\\\/www.altominho.tv\\\/site\\\/2023\\\/06\\\/03\\\/obras-para-campo-de-padel-e-tenis-em-fase-final\\\/#article\",\"isPartOf\":{\"@id\":\"https:\\\/\\\/www.altominho.tv\\\/site\\\/2023\\\/06\\\/03\\\/obras-para-campo-de-padel-e-tenis-em-fase-final\\\/\"},\"author\":{\"name\":\"Beatriz Lira\",\"@id\":\"https:\\\/\\\/www.altominho.tv\\\/site\\\/#\\\/schema\\\/person\\\/f95a2097796cf4462fe1e476cddc40e4\"},\"headline\":\"Obras para campo de padel e t\u00e9nis em fase final\",\"datePublished\":\"2023-06-03T14:10:01+00:00\",\"dateModified\":\"2023-06-03T14:10:06+00:00\",\"mainEntityOfPage\":{\"@id\":\"https:\\\/\\\/www.altominho.tv\\\/site\\\/2023\\\/06\\\/03\\\/obras-para-campo-de-padel-e-tenis-em-fase-final\\\/\"},\"wordCount\":136,\"image\":{\"@id\":\"https:\\\/\\\/www.altominho.tv\\\/site\\\/2023\\\/06\\\/03\\\/obras-para-campo-de-padel-e-tenis-em-fase-final\\\/#primaryimage\"},\"thumbnailUrl\":\"https:\\\/\\\/www.altominho.tv\\\/site\\\/wp-content\\\/uploads\\\/2023\\\/06\\\/IMG_6926.jpg\",\"keywords\":[\"Desporto\"],\"articleSection\":[\"Arcos de Valdevez\"],\"inLanguage\":\"pt-PT\",\"copyrightYear\":\"2023\",\"copyrightHolder\":{\"@id\":\"https:\\\/\\\/www.altominho.tv\\\/site\\\/#organization\"}},{\"@type\":\"WebPage\",\"@id\":\"https:\\\/\\\/www.altominho.tv\\\/site\\\/2023\\\/06\\\/03\\\/obras-para-campo-de-padel-e-tenis-em-fase-final\\\/\",\"url\":\"https:\\\/\\\/www.altominho.tv\\\/site\\\/2023\\\/06\\\/03\\\/obras-para-campo-de-padel-e-tenis-em-fase-final\\\/\",\"name\":\"Obras para campo de padel e t\u00e9nis em fase final\",\"isPartOf\":{\"@id\":\"https:\\\/\\\/www.altominho.tv\\\/site\\\/#website\"},\"primaryImageOfPage\":{\"@id\":\"https:\\\/\\\/www.altominho.tv\\\/site\\\/2023\\\/06\\\/03\\\/obras-para-campo-de-padel-e-tenis-em-fase-final\\\/#primaryimage\"},\"image\":{\"@id\":\"https:\\\/\\\/www.altominho.tv\\\/site\\\/2023\\\/06\\\/03\\\/obras-para-campo-de-padel-e-tenis-em-fase-final\\\/#primaryimage\"},\"thumbnailUrl\":\"https:\\\/\\\/www.altominho.tv\\\/site\\\/wp-content\\\/uploads\\\/2023\\\/06\\\/IMG_6926.jpg\",\"datePublished\":\"2023-06-03T14:10:01+00:00\",\"dateModified\":\"2023-06-03T14:10:06+00:00\",\"author\":{\"@id\":\"https:\\\/\\\/www.altominho.tv\\\/site\\\/#\\\/schema\\\/person\\\/f95a2097796cf4462fe1e476cddc40e4\"},\"description\":\"Est\u00e1 em curso a obra de \u201cConstru\u00e7\u00e3o de Campos de T\u00e9nis e Padel\u201d, em Arcos de Valdevez, no valor global de 670 mil euros e atrav\u00e9s da qual ser\u00e3o constru\u00eddos dois campos de t\u00e9nis e tr\u00eas campos de padel cobertos, com relva sint\u00e9tica.\u00a0\",\"breadcrumb\":{\"@id\":\"https:\\\/\\\/www.altominho.tv\\\/site\\\/2023\\\/06\\\/03\\\/obras-para-campo-de-padel-e-tenis-em-fase-final\\\/#breadcrumb\"},\"inLanguage\":\"pt-PT\",\"potentialAction\":[{\"@type\":\"ReadAction\",\"target\":[\"https:\\\/\\\/www.altominho.tv\\\/site\\\/2023\\\/06\\\/03\\\/obras-para-campo-de-padel-e-tenis-em-fase-final\\\/\"]}]},{\"@type\":\"ImageObject\",\"inLanguage\":\"pt-PT\",\"@id\":\"https:\\\/\\\/www.altominho.tv\\\/site\\\/2023\\\/06\\\/03\\\/obras-para-campo-de-padel-e-tenis-em-fase-final\\\/#primaryimage\",\"url\":\"https:\\\/\\\/www.altominho.tv\\\/site\\\/wp-content\\\/uploads\\\/2023\\\/06\\\/IMG_6926.jpg\",\"contentUrl\":\"https:\\\/\\\/www.altominho.tv\\\/site\\\/wp-content\\\/uploads\\\/2023\\\/06\\\/IMG_6926.jpg\",\"width\":2048,\"height\":1536},{\"@type\":\"BreadcrumbList\",\"@id\":\"https:\\\/\\\/www.altominho.tv\\\/site\\\/2023\\\/06\\\/03\\\/obras-para-campo-de-padel-e-tenis-em-fase-final\\\/#breadcrumb\",\"itemListElement\":[{\"@type\":\"ListItem\",\"position\":1,\"name\":\"In\u00edcio\",\"item\":\"https:\\\/\\\/www.altominho.tv\\\/site\\\/\"},{\"@type\":\"ListItem\",\"position\":2,\"name\":\"Obras para campo de padel e t\u00e9nis em fase final\"}]},{\"@type\":\"WebSite\",\"@id\":\"https:\\\/\\\/www.altominho.tv\\\/site\\\/#website\",\"url\":\"https:\\\/\\\/www.altominho.tv\\\/site\\\/\",\"name\":\"Altominho.tv\",\"description\":\"A sua regi\u00e3o \u00e0 dist\u00e2ncia de um clique...\",\"potentialAction\":[{\"@type\":\"SearchAction\",\"target\":{\"@type\":\"EntryPoint\",\"urlTemplate\":\"https:\\\/\\\/www.altominho.tv\\\/site\\\/?s={search_term_string}\"},\"query-input\":{\"@type\":\"PropertyValueSpecification\",\"valueRequired\":true,\"valueName\":\"search_term_string\"}}],\"inLanguage\":\"pt-PT\"},{\"@type\":\"Person\",\"@id\":\"https:\\\/\\\/www.altominho.tv\\\/site\\\/#\\\/schema\\\/person\\\/f95a2097796cf4462fe1e476cddc40e4\",\"name\":\"Beatriz Lira\",\"image\":{\"@type\":\"ImageObject\",\"inLanguage\":\"pt-PT\",\"@id\":\"https:\\\/\\\/www.altominho.tv\\\/site\\\/wp-content\\\/uploads\\\/2023\\\/03\\\/Screenshot_20230306-141220_Photos-150x150.jpg\",\"url\":\"https:\\\/\\\/www.altominho.tv\\\/site\\\/wp-content\\\/uploads\\\/2023\\\/03\\\/Screenshot_20230306-141220_Photos-150x150.jpg\",\"contentUrl\":\"https:\\\/\\\/www.altominho.tv\\\/site\\\/wp-content\\\/uploads\\\/2023\\\/03\\\/Screenshot_20230306-141220_Photos-150x150.jpg\",\"caption\":\"Beatriz Lira\"},\"url\":\"https:\\\/\\\/www.altominho.tv\\\/site\\\/author\\\/beatriz\\\/\"}]}<\/script>\n<!-- \/ Yoast SEO Premium plugin. -->","yoast_head_json":{"title":"Obras para campo de padel e t\u00e9nis em fase final","description":"Est\u00e1 em curso a obra de \u201cConstru\u00e7\u00e3o de Campos de T\u00e9nis e Padel\u201d, em Arcos de Valdevez, no valor global de 670 mil euros e atrav\u00e9s da qual ser\u00e3o constru\u00eddos dois campos de t\u00e9nis e tr\u00eas campos de padel cobertos, com relva sint\u00e9tica.\u00a0","robots":{"index":"index","follow":"follow","max-snippet":"max-snippet:-1","max-image-preview":"max-image-preview:large","max-video-preview":"max-video-preview:-1"},"canonical":"https:\/\/www.altominho.tv\/site\/2023\/06\/03\/obras-para-campo-de-padel-e-tenis-em-fase-final\/","og_locale":"pt_PT","og_type":"article","og_title":"Obras para campo de padel e t\u00e9nis em fase final","og_description":"Est\u00e1 em curso a obra de \u201cConstru\u00e7\u00e3o de Campos de T\u00e9nis e Padel\u201d, em Arcos de Valdevez, no valor global de 670 mil euros e atrav\u00e9s da qual ser\u00e3o constru\u00eddos dois campos de t\u00e9nis e tr\u00eas campos de padel cobertos, com relva sint\u00e9tica.\u00a0","og_url":"https:\/\/www.altominho.tv\/site\/2023\/06\/03\/obras-para-campo-de-padel-e-tenis-em-fase-final\/","og_site_name":"Altominho.tv","article_publisher":"https:\/\/www.facebook.com\/altominhotv","article_published_time":"2023-06-03T14:10:01+00:00","article_modified_time":"2023-06-03T14:10:06+00:00","og_image":[{"width":2048,"height":1536,"url":"https:\/\/www.altominho.tv\/site\/wp-content\/uploads\/2023\/06\/IMG_6926.jpg","type":"image\/jpeg"}],"author":"Beatriz Lira","twitter_card":"summary_large_image","twitter_creator":"@altominhoTV","twitter_site":"@altominhoTV","twitter_misc":{"Escrito por":"Beatriz Lira","Tempo estimado de leitura":"1 minuto"},"schema":{"@context":"https:\/\/schema.org","@graph":[{"@type":"Article","@id":"https:\/\/www.altominho.tv\/site\/2023\/06\/03\/obras-para-campo-de-padel-e-tenis-em-fase-final\/#article","isPartOf":{"@id":"https:\/\/www.altominho.tv\/site\/2023\/06\/03\/obras-para-campo-de-padel-e-tenis-em-fase-final\/"},"author":{"name":"Beatriz Lira","@id":"https:\/\/www.altominho.tv\/site\/#\/schema\/person\/f95a2097796cf4462fe1e476cddc40e4"},"headline":"Obras para campo de padel e t\u00e9nis em fase final","datePublished":"2023-06-03T14:10:01+00:00","dateModified":"2023-06-03T14:10:06+00:00","mainEntityOfPage":{"@id":"https:\/\/www.altominho.tv\/site\/2023\/06\/03\/obras-para-campo-de-padel-e-tenis-em-fase-final\/"},"wordCount":136,"image":{"@id":"https:\/\/www.altominho.tv\/site\/2023\/06\/03\/obras-para-campo-de-padel-e-tenis-em-fase-final\/#primaryimage"},"thumbnailUrl":"https:\/\/www.altominho.tv\/site\/wp-content\/uploads\/2023\/06\/IMG_6926.jpg","keywords":["Desporto"],"articleSection":["Arcos de Valdevez"],"inLanguage":"pt-PT","copyrightYear":"2023","copyrightHolder":{"@id":"https:\/\/www.altominho.tv\/site\/#organization"}},{"@type":"WebPage","@id":"https:\/\/www.altominho.tv\/site\/2023\/06\/03\/obras-para-campo-de-padel-e-tenis-em-fase-final\/","url":"https:\/\/www.altominho.tv\/site\/2023\/06\/03\/obras-para-campo-de-padel-e-tenis-em-fase-final\/","name":"Obras para campo de padel e t\u00e9nis em fase final","isPartOf":{"@id":"https:\/\/www.altominho.tv\/site\/#website"},"primaryImageOfPage":{"@id":"https:\/\/www.altominho.tv\/site\/2023\/06\/03\/obras-para-campo-de-padel-e-tenis-em-fase-final\/#primaryimage"},"image":{"@id":"https:\/\/www.altominho.tv\/site\/2023\/06\/03\/obras-para-campo-de-padel-e-tenis-em-fase-final\/#primaryimage"},"thumbnailUrl":"https:\/\/www.altominho.tv\/site\/wp-content\/uploads\/2023\/06\/IMG_6926.jpg","datePublished":"2023-06-03T14:10:01+00:00","dateModified":"2023-06-03T14:10:06+00:00","author":{"@id":"https:\/\/www.altominho.tv\/site\/#\/schema\/person\/f95a2097796cf4462fe1e476cddc40e4"},"description":"Est\u00e1 em curso a obra de \u201cConstru\u00e7\u00e3o de Campos de T\u00e9nis e Padel\u201d, em Arcos de Valdevez, no valor global de 670 mil euros e atrav\u00e9s da qual ser\u00e3o constru\u00eddos dois campos de t\u00e9nis e tr\u00eas campos de padel cobertos, com relva sint\u00e9tica.\u00a0","breadcrumb":{"@id":"https:\/\/www.altominho.tv\/site\/2023\/06\/03\/obras-para-campo-de-padel-e-tenis-em-fase-final\/#breadcrumb"},"inLanguage":"pt-PT","potentialAction":[{"@type":"ReadAction","target":["https:\/\/www.altominho.tv\/site\/2023\/06\/03\/obras-para-campo-de-padel-e-tenis-em-fase-final\/"]}]},{"@type":"ImageObject","inLanguage":"pt-PT","@id":"https:\/\/www.altominho.tv\/site\/2023\/06\/03\/obras-para-campo-de-padel-e-tenis-em-fase-final\/#primaryimage","url":"https:\/\/www.altominho.tv\/site\/wp-content\/uploads\/2023\/06\/IMG_6926.jpg","contentUrl":"https:\/\/www.altominho.tv\/site\/wp-content\/uploads\/2023\/06\/IMG_6926.jpg","width":2048,"height":1536},{"@type":"BreadcrumbList","@id":"https:\/\/www.altominho.tv\/site\/2023\/06\/03\/obras-para-campo-de-padel-e-tenis-em-fase-final\/#breadcrumb","itemListElement":[{"@type":"ListItem","position":1,"name":"In\u00edcio","item":"https:\/\/www.altominho.tv\/site\/"},{"@type":"ListItem","position":2,"name":"Obras para campo de padel e t\u00e9nis em fase final"}]},{"@type":"WebSite","@id":"https:\/\/www.altominho.tv\/site\/#website","url":"https:\/\/www.altominho.tv\/site\/","name":"Altominho.tv","description":"A sua regi\u00e3o \u00e0 dist\u00e2ncia de um clique...","potentialAction":[{"@type":"SearchAction","target":{"@type":"EntryPoint","urlTemplate":"https:\/\/www.altominho.tv\/site\/?s={search_term_string}"},"query-input":{"@type":"PropertyValueSpecification","valueRequired":true,"valueName":"search_term_string"}}],"inLanguage":"pt-PT"},{"@type":"Person","@id":"https:\/\/www.altominho.tv\/site\/#\/schema\/person\/f95a2097796cf4462fe1e476cddc40e4","name":"Beatriz Lira","image":{"@type":"ImageObject","inLanguage":"pt-PT","@id":"https:\/\/www.altominho.tv\/site\/wp-content\/uploads\/2023\/03\/Screenshot_20230306-141220_Photos-150x150.jpg","url":"https:\/\/www.altominho.tv\/site\/wp-content\/uploads\/2023\/03\/Screenshot_20230306-141220_Photos-150x150.jpg","contentUrl":"https:\/\/www.altominho.tv\/site\/wp-content\/uploads\/2023\/03\/Screenshot_20230306-141220_Photos-150x150.jpg","caption":"Beatriz Lira"},"url":"https:\/\/www.altominho.tv\/site\/author\/beatriz\/"}]}},"_links":{"self":[{"href":"https:\/\/www.altominho.tv\/site\/wp-json\/wp\/v2\/posts\/93016","targetHints":{"allow":["GET"]}}],"collection":[{"href":"https:\/\/www.altominho.tv\/site\/wp-json\/wp\/v2\/posts"}],"about":[{"href":"https:\/\/www.altominho.tv\/site\/wp-json\/wp\/v2\/types\/post"}],"author":[{"embeddable":true,"href":"https:\/\/www.altominho.tv\/site\/wp-json\/wp\/v2\/users\/28"}],"replies":[{"embeddable":true,"href":"https:\/\/www.altominho.tv\/site\/wp-json\/wp\/v2\/comments?post=93016"}],"version-history":[{"count":1,"href":"https:\/\/www.altominho.tv\/site\/wp-json\/wp\/v2\/posts\/93016\/revisions"}],"predecessor-version":[{"id":93018,"href":"https:\/\/www.altominho.tv\/site\/wp-json\/wp\/v2\/posts\/93016\/revisions\/93018"}],"wp:featuredmedia":[{"embeddable":true,"href":"https:\/\/www.altominho.tv\/site\/wp-json\/wp\/v2\/media\/93017"}],"wp:attachment":[{"href":"https:\/\/www.altominho.tv\/site\/wp-json\/wp\/v2\/media?parent=93016"}],"wp:term":[{"taxonomy":"category","embeddable":true,"href":"https:\/\/www.altominho.tv\/site\/wp-json\/wp\/v2\/categories?post=93016"},{"taxonomy":"post_tag","embeddable":true,"href":"https:\/\/www.altominho.tv\/site\/wp-json\/wp\/v2\/tags?post=93016"}],"curies":[{"name":"wp","href":"https:\/\/api.w.org\/{rel}","templated":true}]}}