{"id":9300,"date":"2018-02-07T09:48:57","date_gmt":"2018-02-07T09:48:57","guid":{"rendered":"http:\/\/www.altominho.tv\/site\/?p=9300"},"modified":"2018-02-07T09:48:57","modified_gmt":"2018-02-07T09:48:57","slug":"agrupamentos-de-escolas-de-ponte-de-lima-promovem-desfile-de-carnaval","status":"publish","type":"post","link":"https:\/\/www.altominho.tv\/site\/2018\/02\/07\/agrupamentos-de-escolas-de-ponte-de-lima-promovem-desfile-de-carnaval\/","title":{"rendered":"Agrupamentos de Escolas de Ponte de Lima promovem Desfile de Carnaval"},"content":{"rendered":"<p>Os Agrupamentos de Escolas de Ponte de Lima v\u00e3o promover na pr\u00f3xima sexta-feira, dia 9 de fevereiro o tradicional Cortejo de Carnaval.<\/p>\n<p>Com um trajeto que privilegia a passagem pelo Centro hist\u00f3rico da Vila, prev\u00ea-se a participa\u00e7\u00e3o de dezenas de crian\u00e7as mascaradas ou em grupos, onde todos interpretaram as mais diversas personagens, \u00e0 medida do empenho de cada um.<\/p>\n<p>A sa\u00edda est\u00e1 prevista para as 10h00 junto ao Jardim de Inf\u00e2ncia de Ponte de Lima, seguindo em dire\u00e7\u00e3o \u00e0 Avenida Ant\u00f3nio Feij\u00f3, descendo at\u00e9 \u00e0 Pra\u00e7a da Rep\u00fablica, Largo de Cam\u00f5es, Passeio 25 de Abril, Largo Dr. Ant\u00f3nio de Magalh\u00e3es, Rua General Norton de Matos, Rua Dr. Ferreira Carmo, regressando ao Jardim de Inf\u00e2ncia de Ponte de Lima.<\/p>\n<p>Este \u00e9 um dia de festa para as crian\u00e7as do concelho.<\/p>\n","protected":false},"excerpt":{"rendered":"<p>Os Agrupamentos de Escolas de Ponte de Lima v\u00e3o promover na pr\u00f3xima sexta-feira, dia 9 de fevereiro o tradicional Cortejo de Carnaval. Com um trajeto que privilegia a passagem pelo Centro hist\u00f3rico da Vila, prev\u00ea-se a participa\u00e7\u00e3o de dezenas de crian\u00e7as mascaradas ou em grupos, onde todos interpretaram as mais diversas personagens, \u00e0 medida do [&hellip;]<\/p>\n","protected":false},"author":7,"featured_media":9303,"comment_status":"closed","ping_status":"closed","sticky":false,"template":"","format":"standard","meta":{"_exactmetrics_skip_tracking":false,"_exactmetrics_sitenote_active":false,"_exactmetrics_sitenote_note":"","_exactmetrics_sitenote_category":0,"footnotes":""},"categories":[12],"tags":[24,27],"class_list":["post-9300","post","type-post","status-publish","format-standard","has-post-thumbnail","hentry","category-ponte-de-lima","tag-lazer","tag-sociedade"],"yoast_head":"<!-- This site is optimized with the Yoast SEO Premium plugin v27.5 (Yoast SEO v27.5) - https:\/\/yoast.com\/product\/yoast-seo-premium-wordpress\/ -->\n<title>Agrupamentos de Escolas de Ponte de Lima promovem Desfile de Carnaval<\/title>\n<meta name=\"robots\" content=\"index, follow, max-snippet:-1, max-image-preview:large, max-video-preview:-1\" \/>\n<link rel=\"canonical\" href=\"https:\/\/www.altominho.tv\/site\/2018\/02\/07\/agrupamentos-de-escolas-de-ponte-de-lima-promovem-desfile-de-carnaval\/\" \/>\n<meta property=\"og:locale\" content=\"pt_PT\" \/>\n<meta property=\"og:type\" content=\"article\" \/>\n<meta property=\"og:title\" content=\"Agrupamentos de Escolas de Ponte de Lima promovem Desfile de Carnaval\" \/>\n<meta property=\"og:description\" content=\"Os Agrupamentos de Escolas de Ponte de Lima v\u00e3o promover na pr\u00f3xima sexta-feira, dia 9 de fevereiro o tradicional Cortejo de Carnaval. Com um trajeto que privilegia a passagem pelo Centro hist\u00f3rico da Vila, prev\u00ea-se a participa\u00e7\u00e3o de dezenas de crian\u00e7as mascaradas ou em grupos, onde todos interpretaram as mais diversas personagens, \u00e0 medida do [&hellip;]\" \/>\n<meta property=\"og:url\" content=\"https:\/\/www.altominho.tv\/site\/2018\/02\/07\/agrupamentos-de-escolas-de-ponte-de-lima-promovem-desfile-de-carnaval\/\" \/>\n<meta property=\"og:site_name\" content=\"Altominho.tv\" \/>\n<meta property=\"article:publisher\" content=\"https:\/\/www.facebook.com\/altominhotv\" \/>\n<meta property=\"article:published_time\" content=\"2018-02-07T09:48:57+00:00\" \/>\n<meta property=\"og:image\" content=\"https:\/\/www.altominho.tv\/site\/wp-content\/uploads\/2018\/02\/carnaval.jpg\" \/>\n\t<meta property=\"og:image:width\" content=\"509\" \/>\n\t<meta property=\"og:image:height\" content=\"342\" \/>\n\t<meta property=\"og:image:type\" content=\"image\/jpeg\" \/>\n<meta name=\"author\" content=\"Andreia Cunha\" \/>\n<meta name=\"twitter:card\" content=\"summary_large_image\" \/>\n<meta name=\"twitter:creator\" content=\"@altominhoTV\" \/>\n<meta name=\"twitter:site\" content=\"@altominhoTV\" \/>\n<meta name=\"twitter:label1\" content=\"Escrito por\" \/>\n\t<meta name=\"twitter:data1\" content=\"Andreia Cunha\" \/>\n\t<meta name=\"twitter:label2\" content=\"Tempo estimado de leitura\" \/>\n\t<meta name=\"twitter:data2\" content=\"1 minuto\" \/>\n<script type=\"application\/ld+json\" class=\"yoast-schema-graph\">{\"@context\":\"https:\\\/\\\/schema.org\",\"@graph\":[{\"@type\":\"Article\",\"@id\":\"https:\\\/\\\/www.altominho.tv\\\/site\\\/2018\\\/02\\\/07\\\/agrupamentos-de-escolas-de-ponte-de-lima-promovem-desfile-de-carnaval\\\/#article\",\"isPartOf\":{\"@id\":\"https:\\\/\\\/www.altominho.tv\\\/site\\\/2018\\\/02\\\/07\\\/agrupamentos-de-escolas-de-ponte-de-lima-promovem-desfile-de-carnaval\\\/\"},\"author\":{\"name\":\"Andreia Cunha\",\"@id\":\"https:\\\/\\\/www.altominho.tv\\\/site\\\/#\\\/schema\\\/person\\\/a0e4ef6d041f98ca284393d8f1d97153\"},\"headline\":\"Agrupamentos de Escolas de Ponte de Lima promovem Desfile de Carnaval\",\"datePublished\":\"2018-02-07T09:48:57+00:00\",\"mainEntityOfPage\":{\"@id\":\"https:\\\/\\\/www.altominho.tv\\\/site\\\/2018\\\/02\\\/07\\\/agrupamentos-de-escolas-de-ponte-de-lima-promovem-desfile-de-carnaval\\\/\"},\"wordCount\":151,\"image\":{\"@id\":\"https:\\\/\\\/www.altominho.tv\\\/site\\\/2018\\\/02\\\/07\\\/agrupamentos-de-escolas-de-ponte-de-lima-promovem-desfile-de-carnaval\\\/#primaryimage\"},\"thumbnailUrl\":\"https:\\\/\\\/www.altominho.tv\\\/site\\\/wp-content\\\/uploads\\\/2018\\\/02\\\/carnaval.jpg\",\"keywords\":[\"Lazer\",\"Sociedade\"],\"articleSection\":[\"Ponte de Lima\"],\"inLanguage\":\"pt-PT\",\"copyrightYear\":\"2018\",\"copyrightHolder\":{\"@id\":\"https:\\\/\\\/www.altominho.tv\\\/site\\\/#organization\"}},{\"@type\":\"WebPage\",\"@id\":\"https:\\\/\\\/www.altominho.tv\\\/site\\\/2018\\\/02\\\/07\\\/agrupamentos-de-escolas-de-ponte-de-lima-promovem-desfile-de-carnaval\\\/\",\"url\":\"https:\\\/\\\/www.altominho.tv\\\/site\\\/2018\\\/02\\\/07\\\/agrupamentos-de-escolas-de-ponte-de-lima-promovem-desfile-de-carnaval\\\/\",\"name\":\"Agrupamentos de Escolas de Ponte de Lima promovem Desfile de Carnaval\",\"isPartOf\":{\"@id\":\"https:\\\/\\\/www.altominho.tv\\\/site\\\/#website\"},\"primaryImageOfPage\":{\"@id\":\"https:\\\/\\\/www.altominho.tv\\\/site\\\/2018\\\/02\\\/07\\\/agrupamentos-de-escolas-de-ponte-de-lima-promovem-desfile-de-carnaval\\\/#primaryimage\"},\"image\":{\"@id\":\"https:\\\/\\\/www.altominho.tv\\\/site\\\/2018\\\/02\\\/07\\\/agrupamentos-de-escolas-de-ponte-de-lima-promovem-desfile-de-carnaval\\\/#primaryimage\"},\"thumbnailUrl\":\"https:\\\/\\\/www.altominho.tv\\\/site\\\/wp-content\\\/uploads\\\/2018\\\/02\\\/carnaval.jpg\",\"datePublished\":\"2018-02-07T09:48:57+00:00\",\"author\":{\"@id\":\"https:\\\/\\\/www.altominho.tv\\\/site\\\/#\\\/schema\\\/person\\\/a0e4ef6d041f98ca284393d8f1d97153\"},\"breadcrumb\":{\"@id\":\"https:\\\/\\\/www.altominho.tv\\\/site\\\/2018\\\/02\\\/07\\\/agrupamentos-de-escolas-de-ponte-de-lima-promovem-desfile-de-carnaval\\\/#breadcrumb\"},\"inLanguage\":\"pt-PT\",\"potentialAction\":[{\"@type\":\"ReadAction\",\"target\":[\"https:\\\/\\\/www.altominho.tv\\\/site\\\/2018\\\/02\\\/07\\\/agrupamentos-de-escolas-de-ponte-de-lima-promovem-desfile-de-carnaval\\\/\"]}]},{\"@type\":\"ImageObject\",\"inLanguage\":\"pt-PT\",\"@id\":\"https:\\\/\\\/www.altominho.tv\\\/site\\\/2018\\\/02\\\/07\\\/agrupamentos-de-escolas-de-ponte-de-lima-promovem-desfile-de-carnaval\\\/#primaryimage\",\"url\":\"https:\\\/\\\/www.altominho.tv\\\/site\\\/wp-content\\\/uploads\\\/2018\\\/02\\\/carnaval.jpg\",\"contentUrl\":\"https:\\\/\\\/www.altominho.tv\\\/site\\\/wp-content\\\/uploads\\\/2018\\\/02\\\/carnaval.jpg\",\"width\":509,\"height\":342},{\"@type\":\"BreadcrumbList\",\"@id\":\"https:\\\/\\\/www.altominho.tv\\\/site\\\/2018\\\/02\\\/07\\\/agrupamentos-de-escolas-de-ponte-de-lima-promovem-desfile-de-carnaval\\\/#breadcrumb\",\"itemListElement\":[{\"@type\":\"ListItem\",\"position\":1,\"name\":\"In\u00edcio\",\"item\":\"https:\\\/\\\/www.altominho.tv\\\/site\\\/\"},{\"@type\":\"ListItem\",\"position\":2,\"name\":\"Agrupamentos de Escolas de Ponte de Lima promovem Desfile de Carnaval\"}]},{\"@type\":\"WebSite\",\"@id\":\"https:\\\/\\\/www.altominho.tv\\\/site\\\/#website\",\"url\":\"https:\\\/\\\/www.altominho.tv\\\/site\\\/\",\"name\":\"Altominho.tv\",\"description\":\"A sua regi\u00e3o \u00e0 dist\u00e2ncia de um clique...\",\"potentialAction\":[{\"@type\":\"SearchAction\",\"target\":{\"@type\":\"EntryPoint\",\"urlTemplate\":\"https:\\\/\\\/www.altominho.tv\\\/site\\\/?s={search_term_string}\"},\"query-input\":{\"@type\":\"PropertyValueSpecification\",\"valueRequired\":true,\"valueName\":\"search_term_string\"}}],\"inLanguage\":\"pt-PT\"},{\"@type\":\"Person\",\"@id\":\"https:\\\/\\\/www.altominho.tv\\\/site\\\/#\\\/schema\\\/person\\\/a0e4ef6d041f98ca284393d8f1d97153\",\"name\":\"Andreia Cunha\",\"image\":{\"@type\":\"ImageObject\",\"inLanguage\":\"pt-PT\",\"@id\":\"https:\\\/\\\/www.altominho.tv\\\/site\\\/wp-content\\\/uploads\\\/2017\\\/11\\\/Andreia_Cunha-1-150x150.jpg\",\"url\":\"https:\\\/\\\/www.altominho.tv\\\/site\\\/wp-content\\\/uploads\\\/2017\\\/11\\\/Andreia_Cunha-1-150x150.jpg\",\"contentUrl\":\"https:\\\/\\\/www.altominho.tv\\\/site\\\/wp-content\\\/uploads\\\/2017\\\/11\\\/Andreia_Cunha-1-150x150.jpg\",\"caption\":\"Andreia Cunha\"},\"url\":\"https:\\\/\\\/www.altominho.tv\\\/site\\\/author\\\/andreiacunha\\\/\"}]}<\/script>\n<!-- \/ Yoast SEO Premium plugin. -->","yoast_head_json":{"title":"Agrupamentos de Escolas de Ponte de Lima promovem Desfile de Carnaval","robots":{"index":"index","follow":"follow","max-snippet":"max-snippet:-1","max-image-preview":"max-image-preview:large","max-video-preview":"max-video-preview:-1"},"canonical":"https:\/\/www.altominho.tv\/site\/2018\/02\/07\/agrupamentos-de-escolas-de-ponte-de-lima-promovem-desfile-de-carnaval\/","og_locale":"pt_PT","og_type":"article","og_title":"Agrupamentos de Escolas de Ponte de Lima promovem Desfile de Carnaval","og_description":"Os Agrupamentos de Escolas de Ponte de Lima v\u00e3o promover na pr\u00f3xima sexta-feira, dia 9 de fevereiro o tradicional Cortejo de Carnaval. Com um trajeto que privilegia a passagem pelo Centro hist\u00f3rico da Vila, prev\u00ea-se a participa\u00e7\u00e3o de dezenas de crian\u00e7as mascaradas ou em grupos, onde todos interpretaram as mais diversas personagens, \u00e0 medida do [&hellip;]","og_url":"https:\/\/www.altominho.tv\/site\/2018\/02\/07\/agrupamentos-de-escolas-de-ponte-de-lima-promovem-desfile-de-carnaval\/","og_site_name":"Altominho.tv","article_publisher":"https:\/\/www.facebook.com\/altominhotv","article_published_time":"2018-02-07T09:48:57+00:00","og_image":[{"width":509,"height":342,"url":"https:\/\/www.altominho.tv\/site\/wp-content\/uploads\/2018\/02\/carnaval.jpg","type":"image\/jpeg"}],"author":"Andreia Cunha","twitter_card":"summary_large_image","twitter_creator":"@altominhoTV","twitter_site":"@altominhoTV","twitter_misc":{"Escrito por":"Andreia Cunha","Tempo estimado de leitura":"1 minuto"},"schema":{"@context":"https:\/\/schema.org","@graph":[{"@type":"Article","@id":"https:\/\/www.altominho.tv\/site\/2018\/02\/07\/agrupamentos-de-escolas-de-ponte-de-lima-promovem-desfile-de-carnaval\/#article","isPartOf":{"@id":"https:\/\/www.altominho.tv\/site\/2018\/02\/07\/agrupamentos-de-escolas-de-ponte-de-lima-promovem-desfile-de-carnaval\/"},"author":{"name":"Andreia Cunha","@id":"https:\/\/www.altominho.tv\/site\/#\/schema\/person\/a0e4ef6d041f98ca284393d8f1d97153"},"headline":"Agrupamentos de Escolas de Ponte de Lima promovem Desfile de Carnaval","datePublished":"2018-02-07T09:48:57+00:00","mainEntityOfPage":{"@id":"https:\/\/www.altominho.tv\/site\/2018\/02\/07\/agrupamentos-de-escolas-de-ponte-de-lima-promovem-desfile-de-carnaval\/"},"wordCount":151,"image":{"@id":"https:\/\/www.altominho.tv\/site\/2018\/02\/07\/agrupamentos-de-escolas-de-ponte-de-lima-promovem-desfile-de-carnaval\/#primaryimage"},"thumbnailUrl":"https:\/\/www.altominho.tv\/site\/wp-content\/uploads\/2018\/02\/carnaval.jpg","keywords":["Lazer","Sociedade"],"articleSection":["Ponte de Lima"],"inLanguage":"pt-PT","copyrightYear":"2018","copyrightHolder":{"@id":"https:\/\/www.altominho.tv\/site\/#organization"}},{"@type":"WebPage","@id":"https:\/\/www.altominho.tv\/site\/2018\/02\/07\/agrupamentos-de-escolas-de-ponte-de-lima-promovem-desfile-de-carnaval\/","url":"https:\/\/www.altominho.tv\/site\/2018\/02\/07\/agrupamentos-de-escolas-de-ponte-de-lima-promovem-desfile-de-carnaval\/","name":"Agrupamentos de Escolas de Ponte de Lima promovem Desfile de Carnaval","isPartOf":{"@id":"https:\/\/www.altominho.tv\/site\/#website"},"primaryImageOfPage":{"@id":"https:\/\/www.altominho.tv\/site\/2018\/02\/07\/agrupamentos-de-escolas-de-ponte-de-lima-promovem-desfile-de-carnaval\/#primaryimage"},"image":{"@id":"https:\/\/www.altominho.tv\/site\/2018\/02\/07\/agrupamentos-de-escolas-de-ponte-de-lima-promovem-desfile-de-carnaval\/#primaryimage"},"thumbnailUrl":"https:\/\/www.altominho.tv\/site\/wp-content\/uploads\/2018\/02\/carnaval.jpg","datePublished":"2018-02-07T09:48:57+00:00","author":{"@id":"https:\/\/www.altominho.tv\/site\/#\/schema\/person\/a0e4ef6d041f98ca284393d8f1d97153"},"breadcrumb":{"@id":"https:\/\/www.altominho.tv\/site\/2018\/02\/07\/agrupamentos-de-escolas-de-ponte-de-lima-promovem-desfile-de-carnaval\/#breadcrumb"},"inLanguage":"pt-PT","potentialAction":[{"@type":"ReadAction","target":["https:\/\/www.altominho.tv\/site\/2018\/02\/07\/agrupamentos-de-escolas-de-ponte-de-lima-promovem-desfile-de-carnaval\/"]}]},{"@type":"ImageObject","inLanguage":"pt-PT","@id":"https:\/\/www.altominho.tv\/site\/2018\/02\/07\/agrupamentos-de-escolas-de-ponte-de-lima-promovem-desfile-de-carnaval\/#primaryimage","url":"https:\/\/www.altominho.tv\/site\/wp-content\/uploads\/2018\/02\/carnaval.jpg","contentUrl":"https:\/\/www.altominho.tv\/site\/wp-content\/uploads\/2018\/02\/carnaval.jpg","width":509,"height":342},{"@type":"BreadcrumbList","@id":"https:\/\/www.altominho.tv\/site\/2018\/02\/07\/agrupamentos-de-escolas-de-ponte-de-lima-promovem-desfile-de-carnaval\/#breadcrumb","itemListElement":[{"@type":"ListItem","position":1,"name":"In\u00edcio","item":"https:\/\/www.altominho.tv\/site\/"},{"@type":"ListItem","position":2,"name":"Agrupamentos de Escolas de Ponte de Lima promovem Desfile de Carnaval"}]},{"@type":"WebSite","@id":"https:\/\/www.altominho.tv\/site\/#website","url":"https:\/\/www.altominho.tv\/site\/","name":"Altominho.tv","description":"A sua regi\u00e3o \u00e0 dist\u00e2ncia de um clique...","potentialAction":[{"@type":"SearchAction","target":{"@type":"EntryPoint","urlTemplate":"https:\/\/www.altominho.tv\/site\/?s={search_term_string}"},"query-input":{"@type":"PropertyValueSpecification","valueRequired":true,"valueName":"search_term_string"}}],"inLanguage":"pt-PT"},{"@type":"Person","@id":"https:\/\/www.altominho.tv\/site\/#\/schema\/person\/a0e4ef6d041f98ca284393d8f1d97153","name":"Andreia Cunha","image":{"@type":"ImageObject","inLanguage":"pt-PT","@id":"https:\/\/www.altominho.tv\/site\/wp-content\/uploads\/2017\/11\/Andreia_Cunha-1-150x150.jpg","url":"https:\/\/www.altominho.tv\/site\/wp-content\/uploads\/2017\/11\/Andreia_Cunha-1-150x150.jpg","contentUrl":"https:\/\/www.altominho.tv\/site\/wp-content\/uploads\/2017\/11\/Andreia_Cunha-1-150x150.jpg","caption":"Andreia Cunha"},"url":"https:\/\/www.altominho.tv\/site\/author\/andreiacunha\/"}]}},"_links":{"self":[{"href":"https:\/\/www.altominho.tv\/site\/wp-json\/wp\/v2\/posts\/9300","targetHints":{"allow":["GET"]}}],"collection":[{"href":"https:\/\/www.altominho.tv\/site\/wp-json\/wp\/v2\/posts"}],"about":[{"href":"https:\/\/www.altominho.tv\/site\/wp-json\/wp\/v2\/types\/post"}],"author":[{"embeddable":true,"href":"https:\/\/www.altominho.tv\/site\/wp-json\/wp\/v2\/users\/7"}],"replies":[{"embeddable":true,"href":"https:\/\/www.altominho.tv\/site\/wp-json\/wp\/v2\/comments?post=9300"}],"version-history":[{"count":0,"href":"https:\/\/www.altominho.tv\/site\/wp-json\/wp\/v2\/posts\/9300\/revisions"}],"wp:featuredmedia":[{"embeddable":true,"href":"https:\/\/www.altominho.tv\/site\/wp-json\/wp\/v2\/media\/9303"}],"wp:attachment":[{"href":"https:\/\/www.altominho.tv\/site\/wp-json\/wp\/v2\/media?parent=9300"}],"wp:term":[{"taxonomy":"category","embeddable":true,"href":"https:\/\/www.altominho.tv\/site\/wp-json\/wp\/v2\/categories?post=9300"},{"taxonomy":"post_tag","embeddable":true,"href":"https:\/\/www.altominho.tv\/site\/wp-json\/wp\/v2\/tags?post=9300"}],"curies":[{"name":"wp","href":"https:\/\/api.w.org\/{rel}","templated":true}]}}