{"id":92966,"date":"2023-06-02T09:17:36","date_gmt":"2023-06-02T08:17:36","guid":{"rendered":"https:\/\/www.altominho.tv\/site\/?p=92966"},"modified":"2023-06-02T09:17:41","modified_gmt":"2023-06-02T08:17:41","slug":"serralves-em-festa-escola-do-rock-paredes-de-coura","status":"publish","type":"post","link":"https:\/\/www.altominho.tv\/site\/2023\/06\/02\/serralves-em-festa-escola-do-rock-paredes-de-coura\/","title":{"rendered":"Escola do Rock de Paredes de Coura repete Serralves em Festa"},"content":{"rendered":"<p>A Escola do Rock de Paredes de Coura est\u00e1 de regresso ao Serralves em Festa. No domingo, 4 de junho, pelas 15h00, uma forma\u00e7\u00e3o de cerca de 40 jovens com idades entre os 13 e os 30 anos \u201cpromete um alinhamento empolgante\u201d no palco Prado.<\/p>\n<p>Neste festival realizado na cidade do Porto, a Escola do Rock de Paredes de Coura volta a fazer parte do cartaz com o seu ensemble de guitarras, baterias, saxofones, trombones, trompetes e trompas.<\/p>\n<p>A \u2018Escola do Rock &#8211; Paredes de Coura\u2019 \u00e9 uma iniciativa do Munic\u00edpio, que em 2015 foi distinguido com o Pr\u00e9mio UM-Cidades institu\u00eddo pela Universidade do Minho.<\/p>\n<p>Com a colabora\u00e7\u00e3o e dire\u00e7\u00e3o art\u00edstica do\u00a0Space Ensemble, a Escola do Rock n\u00e3o s\u00f3 permite a um conjunto de m\u00fasicos provenientes de todo o pa\u00eds desenvolver compet\u00eancias musicais e criativas, em especial na \u00e1rea da m\u00fasica rock, como tamb\u00e9m promove \u2018tours\u2019 por Portugal e Galiza ou at\u00e9 a presen\u00e7a em grandes festivais ou eventos culturais de grande dimens\u00e3o, como ano ap\u00f3s ano se vem consolidando este Serralves em Festa.<\/p>\n","protected":false},"excerpt":{"rendered":"<p>A Escola do Rock de Paredes de Coura est\u00e1 de regresso ao Serralves em Festa. No domingo, 4 de junho, pelas 15h00, uma forma\u00e7\u00e3o de cerca de 40 jovens com idades entre os 13 e os 30 anos \u201cpromete um alinhamento empolgante\u201d no palco Prado. Neste festival realizado na cidade do Porto, a Escola do [&hellip;]<\/p>\n","protected":false},"author":1,"featured_media":92967,"comment_status":"closed","ping_status":"closed","sticky":false,"template":"","format":"standard","meta":{"_exactmetrics_skip_tracking":false,"_exactmetrics_sitenote_active":false,"_exactmetrics_sitenote_note":"","_exactmetrics_sitenote_category":0,"footnotes":""},"categories":[10],"tags":[24],"class_list":["post-92966","post","type-post","status-publish","format-standard","has-post-thumbnail","hentry","category-paredes-de-coura","tag-lazer"],"yoast_head":"<!-- This site is optimized with the Yoast SEO Premium plugin v27.4 (Yoast SEO v27.4) - https:\/\/yoast.com\/product\/yoast-seo-premium-wordpress\/ -->\n<title>Escola do Rock de Paredes de Coura repete Serralves em Festa<\/title>\n<meta name=\"description\" content=\"A Escola do Rock de Paredes de Coura est\u00e1 de regresso ao Serralves em Festa. No domingo, 4 de junho, pelas 15h00, uma forma\u00e7\u00e3o de cerca de 40 jovens com idades entre os 13 e os 30 anos \u201cpromete um alinhamento empolgante\u201d no palco Prado.\" \/>\n<meta name=\"robots\" content=\"index, follow, max-snippet:-1, max-image-preview:large, max-video-preview:-1\" \/>\n<link rel=\"canonical\" href=\"https:\/\/www.altominho.tv\/site\/2023\/06\/02\/serralves-em-festa-escola-do-rock-paredes-de-coura\/\" \/>\n<meta property=\"og:locale\" content=\"pt_PT\" \/>\n<meta property=\"og:type\" content=\"article\" \/>\n<meta property=\"og:title\" content=\"Escola do Rock de Paredes de Coura repete Serralves em Festa\" \/>\n<meta property=\"og:description\" content=\"A Escola do Rock de Paredes de Coura est\u00e1 de regresso ao Serralves em Festa. No domingo, 4 de junho, pelas 15h00, uma forma\u00e7\u00e3o de cerca de 40 jovens com idades entre os 13 e os 30 anos \u201cpromete um alinhamento empolgante\u201d no palco Prado.\" \/>\n<meta property=\"og:url\" content=\"https:\/\/www.altominho.tv\/site\/2023\/06\/02\/serralves-em-festa-escola-do-rock-paredes-de-coura\/\" \/>\n<meta property=\"og:site_name\" content=\"Altominho.tv\" \/>\n<meta property=\"article:publisher\" content=\"https:\/\/www.facebook.com\/altominhotv\" \/>\n<meta property=\"article:published_time\" content=\"2023-06-02T08:17:36+00:00\" \/>\n<meta property=\"article:modified_time\" content=\"2023-06-02T08:17:41+00:00\" \/>\n<meta property=\"og:image\" content=\"https:\/\/www.altominho.tv\/site\/wp-content\/uploads\/2023\/06\/Serralves.jpeg\" \/>\n\t<meta property=\"og:image:width\" content=\"1620\" \/>\n\t<meta property=\"og:image:height\" content=\"1080\" \/>\n\t<meta property=\"og:image:type\" content=\"image\/jpeg\" \/>\n<meta name=\"author\" content=\"Altominho.tv\" \/>\n<meta name=\"twitter:card\" content=\"summary_large_image\" \/>\n<meta name=\"twitter:creator\" content=\"@altominhoTV\" \/>\n<meta name=\"twitter:site\" content=\"@altominhoTV\" \/>\n<meta name=\"twitter:label1\" content=\"Escrito por\" \/>\n\t<meta name=\"twitter:data1\" content=\"Altominho.tv\" \/>\n\t<meta name=\"twitter:label2\" content=\"Tempo estimado de leitura\" \/>\n\t<meta name=\"twitter:data2\" content=\"1 minuto\" \/>\n<script type=\"application\/ld+json\" class=\"yoast-schema-graph\">{\"@context\":\"https:\\\/\\\/schema.org\",\"@graph\":[{\"@type\":\"Article\",\"@id\":\"https:\\\/\\\/www.altominho.tv\\\/site\\\/2023\\\/06\\\/02\\\/serralves-em-festa-escola-do-rock-paredes-de-coura\\\/#article\",\"isPartOf\":{\"@id\":\"https:\\\/\\\/www.altominho.tv\\\/site\\\/2023\\\/06\\\/02\\\/serralves-em-festa-escola-do-rock-paredes-de-coura\\\/\"},\"author\":{\"name\":\"Altominho.tv\",\"@id\":\"https:\\\/\\\/www.altominho.tv\\\/site\\\/#\\\/schema\\\/person\\\/4e536851627d7914baf3dac752b6af22\"},\"headline\":\"Escola do Rock de Paredes de Coura repete Serralves em Festa\",\"datePublished\":\"2023-06-02T08:17:36+00:00\",\"dateModified\":\"2023-06-02T08:17:41+00:00\",\"mainEntityOfPage\":{\"@id\":\"https:\\\/\\\/www.altominho.tv\\\/site\\\/2023\\\/06\\\/02\\\/serralves-em-festa-escola-do-rock-paredes-de-coura\\\/\"},\"wordCount\":196,\"image\":{\"@id\":\"https:\\\/\\\/www.altominho.tv\\\/site\\\/2023\\\/06\\\/02\\\/serralves-em-festa-escola-do-rock-paredes-de-coura\\\/#primaryimage\"},\"thumbnailUrl\":\"https:\\\/\\\/www.altominho.tv\\\/site\\\/wp-content\\\/uploads\\\/2023\\\/06\\\/Serralves.jpeg\",\"keywords\":[\"Lazer\"],\"articleSection\":[\"Paredes de Coura\"],\"inLanguage\":\"pt-PT\",\"copyrightYear\":\"2023\",\"copyrightHolder\":{\"@id\":\"https:\\\/\\\/www.altominho.tv\\\/site\\\/#organization\"}},{\"@type\":\"WebPage\",\"@id\":\"https:\\\/\\\/www.altominho.tv\\\/site\\\/2023\\\/06\\\/02\\\/serralves-em-festa-escola-do-rock-paredes-de-coura\\\/\",\"url\":\"https:\\\/\\\/www.altominho.tv\\\/site\\\/2023\\\/06\\\/02\\\/serralves-em-festa-escola-do-rock-paredes-de-coura\\\/\",\"name\":\"Escola do Rock de Paredes de Coura repete Serralves em Festa\",\"isPartOf\":{\"@id\":\"https:\\\/\\\/www.altominho.tv\\\/site\\\/#website\"},\"primaryImageOfPage\":{\"@id\":\"https:\\\/\\\/www.altominho.tv\\\/site\\\/2023\\\/06\\\/02\\\/serralves-em-festa-escola-do-rock-paredes-de-coura\\\/#primaryimage\"},\"image\":{\"@id\":\"https:\\\/\\\/www.altominho.tv\\\/site\\\/2023\\\/06\\\/02\\\/serralves-em-festa-escola-do-rock-paredes-de-coura\\\/#primaryimage\"},\"thumbnailUrl\":\"https:\\\/\\\/www.altominho.tv\\\/site\\\/wp-content\\\/uploads\\\/2023\\\/06\\\/Serralves.jpeg\",\"datePublished\":\"2023-06-02T08:17:36+00:00\",\"dateModified\":\"2023-06-02T08:17:41+00:00\",\"author\":{\"@id\":\"https:\\\/\\\/www.altominho.tv\\\/site\\\/#\\\/schema\\\/person\\\/4e536851627d7914baf3dac752b6af22\"},\"description\":\"A Escola do Rock de Paredes de Coura est\u00e1 de regresso ao Serralves em Festa. No domingo, 4 de junho, pelas 15h00, uma forma\u00e7\u00e3o de cerca de 40 jovens com idades entre os 13 e os 30 anos \u201cpromete um alinhamento empolgante\u201d no palco Prado.\",\"breadcrumb\":{\"@id\":\"https:\\\/\\\/www.altominho.tv\\\/site\\\/2023\\\/06\\\/02\\\/serralves-em-festa-escola-do-rock-paredes-de-coura\\\/#breadcrumb\"},\"inLanguage\":\"pt-PT\",\"potentialAction\":[{\"@type\":\"ReadAction\",\"target\":[\"https:\\\/\\\/www.altominho.tv\\\/site\\\/2023\\\/06\\\/02\\\/serralves-em-festa-escola-do-rock-paredes-de-coura\\\/\"]}]},{\"@type\":\"ImageObject\",\"inLanguage\":\"pt-PT\",\"@id\":\"https:\\\/\\\/www.altominho.tv\\\/site\\\/2023\\\/06\\\/02\\\/serralves-em-festa-escola-do-rock-paredes-de-coura\\\/#primaryimage\",\"url\":\"https:\\\/\\\/www.altominho.tv\\\/site\\\/wp-content\\\/uploads\\\/2023\\\/06\\\/Serralves.jpeg\",\"contentUrl\":\"https:\\\/\\\/www.altominho.tv\\\/site\\\/wp-content\\\/uploads\\\/2023\\\/06\\\/Serralves.jpeg\",\"width\":1620,\"height\":1080,\"caption\":\"Miguel Oliveira\"},{\"@type\":\"BreadcrumbList\",\"@id\":\"https:\\\/\\\/www.altominho.tv\\\/site\\\/2023\\\/06\\\/02\\\/serralves-em-festa-escola-do-rock-paredes-de-coura\\\/#breadcrumb\",\"itemListElement\":[{\"@type\":\"ListItem\",\"position\":1,\"name\":\"In\u00edcio\",\"item\":\"https:\\\/\\\/www.altominho.tv\\\/site\\\/\"},{\"@type\":\"ListItem\",\"position\":2,\"name\":\"Escola do Rock de Paredes de Coura repete Serralves em Festa\"}]},{\"@type\":\"WebSite\",\"@id\":\"https:\\\/\\\/www.altominho.tv\\\/site\\\/#website\",\"url\":\"https:\\\/\\\/www.altominho.tv\\\/site\\\/\",\"name\":\"Altominho.tv\",\"description\":\"A sua regi\u00e3o \u00e0 dist\u00e2ncia de um clique...\",\"potentialAction\":[{\"@type\":\"SearchAction\",\"target\":{\"@type\":\"EntryPoint\",\"urlTemplate\":\"https:\\\/\\\/www.altominho.tv\\\/site\\\/?s={search_term_string}\"},\"query-input\":{\"@type\":\"PropertyValueSpecification\",\"valueRequired\":true,\"valueName\":\"search_term_string\"}}],\"inLanguage\":\"pt-PT\"},{\"@type\":\"Person\",\"@id\":\"https:\\\/\\\/www.altominho.tv\\\/site\\\/#\\\/schema\\\/person\\\/4e536851627d7914baf3dac752b6af22\",\"name\":\"Altominho.tv\",\"image\":{\"@type\":\"ImageObject\",\"inLanguage\":\"pt-PT\",\"@id\":\"https:\\\/\\\/www.altominho.tv\\\/site\\\/wp-content\\\/uploads\\\/2019\\\/11\\\/Logo_Avatar_2-150x150.jpg\",\"url\":\"https:\\\/\\\/www.altominho.tv\\\/site\\\/wp-content\\\/uploads\\\/2019\\\/11\\\/Logo_Avatar_2-150x150.jpg\",\"contentUrl\":\"https:\\\/\\\/www.altominho.tv\\\/site\\\/wp-content\\\/uploads\\\/2019\\\/11\\\/Logo_Avatar_2-150x150.jpg\",\"caption\":\"Altominho.tv\"},\"url\":\"https:\\\/\\\/www.altominho.tv\\\/site\\\/author\\\/altominhotv-tecnico\\\/\"}]}<\/script>\n<!-- \/ Yoast SEO Premium plugin. -->","yoast_head_json":{"title":"Escola do Rock de Paredes de Coura repete Serralves em Festa","description":"A Escola do Rock de Paredes de Coura est\u00e1 de regresso ao Serralves em Festa. No domingo, 4 de junho, pelas 15h00, uma forma\u00e7\u00e3o de cerca de 40 jovens com idades entre os 13 e os 30 anos \u201cpromete um alinhamento empolgante\u201d no palco Prado.","robots":{"index":"index","follow":"follow","max-snippet":"max-snippet:-1","max-image-preview":"max-image-preview:large","max-video-preview":"max-video-preview:-1"},"canonical":"https:\/\/www.altominho.tv\/site\/2023\/06\/02\/serralves-em-festa-escola-do-rock-paredes-de-coura\/","og_locale":"pt_PT","og_type":"article","og_title":"Escola do Rock de Paredes de Coura repete Serralves em Festa","og_description":"A Escola do Rock de Paredes de Coura est\u00e1 de regresso ao Serralves em Festa. No domingo, 4 de junho, pelas 15h00, uma forma\u00e7\u00e3o de cerca de 40 jovens com idades entre os 13 e os 30 anos \u201cpromete um alinhamento empolgante\u201d no palco Prado.","og_url":"https:\/\/www.altominho.tv\/site\/2023\/06\/02\/serralves-em-festa-escola-do-rock-paredes-de-coura\/","og_site_name":"Altominho.tv","article_publisher":"https:\/\/www.facebook.com\/altominhotv","article_published_time":"2023-06-02T08:17:36+00:00","article_modified_time":"2023-06-02T08:17:41+00:00","og_image":[{"width":1620,"height":1080,"url":"https:\/\/www.altominho.tv\/site\/wp-content\/uploads\/2023\/06\/Serralves.jpeg","type":"image\/jpeg"}],"author":"Altominho.tv","twitter_card":"summary_large_image","twitter_creator":"@altominhoTV","twitter_site":"@altominhoTV","twitter_misc":{"Escrito por":"Altominho.tv","Tempo estimado de leitura":"1 minuto"},"schema":{"@context":"https:\/\/schema.org","@graph":[{"@type":"Article","@id":"https:\/\/www.altominho.tv\/site\/2023\/06\/02\/serralves-em-festa-escola-do-rock-paredes-de-coura\/#article","isPartOf":{"@id":"https:\/\/www.altominho.tv\/site\/2023\/06\/02\/serralves-em-festa-escola-do-rock-paredes-de-coura\/"},"author":{"name":"Altominho.tv","@id":"https:\/\/www.altominho.tv\/site\/#\/schema\/person\/4e536851627d7914baf3dac752b6af22"},"headline":"Escola do Rock de Paredes de Coura repete Serralves em Festa","datePublished":"2023-06-02T08:17:36+00:00","dateModified":"2023-06-02T08:17:41+00:00","mainEntityOfPage":{"@id":"https:\/\/www.altominho.tv\/site\/2023\/06\/02\/serralves-em-festa-escola-do-rock-paredes-de-coura\/"},"wordCount":196,"image":{"@id":"https:\/\/www.altominho.tv\/site\/2023\/06\/02\/serralves-em-festa-escola-do-rock-paredes-de-coura\/#primaryimage"},"thumbnailUrl":"https:\/\/www.altominho.tv\/site\/wp-content\/uploads\/2023\/06\/Serralves.jpeg","keywords":["Lazer"],"articleSection":["Paredes de Coura"],"inLanguage":"pt-PT","copyrightYear":"2023","copyrightHolder":{"@id":"https:\/\/www.altominho.tv\/site\/#organization"}},{"@type":"WebPage","@id":"https:\/\/www.altominho.tv\/site\/2023\/06\/02\/serralves-em-festa-escola-do-rock-paredes-de-coura\/","url":"https:\/\/www.altominho.tv\/site\/2023\/06\/02\/serralves-em-festa-escola-do-rock-paredes-de-coura\/","name":"Escola do Rock de Paredes de Coura repete Serralves em Festa","isPartOf":{"@id":"https:\/\/www.altominho.tv\/site\/#website"},"primaryImageOfPage":{"@id":"https:\/\/www.altominho.tv\/site\/2023\/06\/02\/serralves-em-festa-escola-do-rock-paredes-de-coura\/#primaryimage"},"image":{"@id":"https:\/\/www.altominho.tv\/site\/2023\/06\/02\/serralves-em-festa-escola-do-rock-paredes-de-coura\/#primaryimage"},"thumbnailUrl":"https:\/\/www.altominho.tv\/site\/wp-content\/uploads\/2023\/06\/Serralves.jpeg","datePublished":"2023-06-02T08:17:36+00:00","dateModified":"2023-06-02T08:17:41+00:00","author":{"@id":"https:\/\/www.altominho.tv\/site\/#\/schema\/person\/4e536851627d7914baf3dac752b6af22"},"description":"A Escola do Rock de Paredes de Coura est\u00e1 de regresso ao Serralves em Festa. No domingo, 4 de junho, pelas 15h00, uma forma\u00e7\u00e3o de cerca de 40 jovens com idades entre os 13 e os 30 anos \u201cpromete um alinhamento empolgante\u201d no palco Prado.","breadcrumb":{"@id":"https:\/\/www.altominho.tv\/site\/2023\/06\/02\/serralves-em-festa-escola-do-rock-paredes-de-coura\/#breadcrumb"},"inLanguage":"pt-PT","potentialAction":[{"@type":"ReadAction","target":["https:\/\/www.altominho.tv\/site\/2023\/06\/02\/serralves-em-festa-escola-do-rock-paredes-de-coura\/"]}]},{"@type":"ImageObject","inLanguage":"pt-PT","@id":"https:\/\/www.altominho.tv\/site\/2023\/06\/02\/serralves-em-festa-escola-do-rock-paredes-de-coura\/#primaryimage","url":"https:\/\/www.altominho.tv\/site\/wp-content\/uploads\/2023\/06\/Serralves.jpeg","contentUrl":"https:\/\/www.altominho.tv\/site\/wp-content\/uploads\/2023\/06\/Serralves.jpeg","width":1620,"height":1080,"caption":"Miguel Oliveira"},{"@type":"BreadcrumbList","@id":"https:\/\/www.altominho.tv\/site\/2023\/06\/02\/serralves-em-festa-escola-do-rock-paredes-de-coura\/#breadcrumb","itemListElement":[{"@type":"ListItem","position":1,"name":"In\u00edcio","item":"https:\/\/www.altominho.tv\/site\/"},{"@type":"ListItem","position":2,"name":"Escola do Rock de Paredes de Coura repete Serralves em Festa"}]},{"@type":"WebSite","@id":"https:\/\/www.altominho.tv\/site\/#website","url":"https:\/\/www.altominho.tv\/site\/","name":"Altominho.tv","description":"A sua regi\u00e3o \u00e0 dist\u00e2ncia de um clique...","potentialAction":[{"@type":"SearchAction","target":{"@type":"EntryPoint","urlTemplate":"https:\/\/www.altominho.tv\/site\/?s={search_term_string}"},"query-input":{"@type":"PropertyValueSpecification","valueRequired":true,"valueName":"search_term_string"}}],"inLanguage":"pt-PT"},{"@type":"Person","@id":"https:\/\/www.altominho.tv\/site\/#\/schema\/person\/4e536851627d7914baf3dac752b6af22","name":"Altominho.tv","image":{"@type":"ImageObject","inLanguage":"pt-PT","@id":"https:\/\/www.altominho.tv\/site\/wp-content\/uploads\/2019\/11\/Logo_Avatar_2-150x150.jpg","url":"https:\/\/www.altominho.tv\/site\/wp-content\/uploads\/2019\/11\/Logo_Avatar_2-150x150.jpg","contentUrl":"https:\/\/www.altominho.tv\/site\/wp-content\/uploads\/2019\/11\/Logo_Avatar_2-150x150.jpg","caption":"Altominho.tv"},"url":"https:\/\/www.altominho.tv\/site\/author\/altominhotv-tecnico\/"}]}},"_links":{"self":[{"href":"https:\/\/www.altominho.tv\/site\/wp-json\/wp\/v2\/posts\/92966","targetHints":{"allow":["GET"]}}],"collection":[{"href":"https:\/\/www.altominho.tv\/site\/wp-json\/wp\/v2\/posts"}],"about":[{"href":"https:\/\/www.altominho.tv\/site\/wp-json\/wp\/v2\/types\/post"}],"author":[{"embeddable":true,"href":"https:\/\/www.altominho.tv\/site\/wp-json\/wp\/v2\/users\/1"}],"replies":[{"embeddable":true,"href":"https:\/\/www.altominho.tv\/site\/wp-json\/wp\/v2\/comments?post=92966"}],"version-history":[{"count":1,"href":"https:\/\/www.altominho.tv\/site\/wp-json\/wp\/v2\/posts\/92966\/revisions"}],"predecessor-version":[{"id":92968,"href":"https:\/\/www.altominho.tv\/site\/wp-json\/wp\/v2\/posts\/92966\/revisions\/92968"}],"wp:featuredmedia":[{"embeddable":true,"href":"https:\/\/www.altominho.tv\/site\/wp-json\/wp\/v2\/media\/92967"}],"wp:attachment":[{"href":"https:\/\/www.altominho.tv\/site\/wp-json\/wp\/v2\/media?parent=92966"}],"wp:term":[{"taxonomy":"category","embeddable":true,"href":"https:\/\/www.altominho.tv\/site\/wp-json\/wp\/v2\/categories?post=92966"},{"taxonomy":"post_tag","embeddable":true,"href":"https:\/\/www.altominho.tv\/site\/wp-json\/wp\/v2\/tags?post=92966"}],"curies":[{"name":"wp","href":"https:\/\/api.w.org\/{rel}","templated":true}]}}