{"id":92932,"date":"2023-06-01T17:32:15","date_gmt":"2023-06-01T16:32:15","guid":{"rendered":"https:\/\/www.altominho.tv\/site\/?p=92932"},"modified":"2023-06-01T17:35:06","modified_gmt":"2023-06-01T16:35:06","slug":"tyre-extinguishers-movimento-portugal","status":"publish","type":"post","link":"https:\/\/www.altominho.tv\/site\/2023\/06\/01\/tyre-extinguishers-movimento-portugal\/","title":{"rendered":"Ativistas que esvaziam os pneus dos SUV chegaram a Portugal"},"content":{"rendered":"<p>O movimento clim\u00e1tico \u00b4Tyre Extinguishers`, um grupo an\u00f3nimo e descentralizado de jovens ambientalistas que saem \u00e0 rua de madrugada para furar os pneus de v\u00e1rios SUV, chegou a Portugal.<\/p>\n<p>\u201cAten\u00e7\u00e3o, o teu sugador de gasolina mata.\u201d Pode ler-se no t\u00edtulo da mensagem que muitos portugueses com carros SUV encontraram na madrugada de quarta-feira, 31 de maio, no vidro do ve\u00edculo, al\u00e9m dos pneus esvaziados.<\/p>\n<p>\u201cSomos pessoas de todas as esferas da vida e temos um \u00fanico objetivo: impossibilitar a possuir um enorme e poluente 4X4 nas \u00e1reas urbanas de todo o mundo. Estamos a defender-nos contra as mudan\u00e7as clim\u00e1ticas, a polui\u00e7\u00e3o do ar e condutores inseguros\u201d, l\u00ea-se na carta de apresenta\u00e7\u00e3o que as ativistas publicaram no seu<a href=\"https:\/\/www.tyreextinguishers.com\/\" target=\"_blank\" rel=\"noopener\">\u00a0site.<\/a><\/p>\n<p>Criado no Reino Unido, em mar\u00e7o de 2022, este movimento j\u00e1 atua em pa\u00edses como Alemanha, \u00c1ustria, Canad\u00e1, Estados Unidos da Am\u00e9rica, Fran\u00e7a, Nova Zel\u00e2ndia, Su\u00e9cia e Su\u00ed\u00e7a.<\/p>\n<p>Em novembro do ano passado, por exemplo, o grupo realizou \u201ca maior a\u00e7\u00e3o de sempre contra os SUV\u201d, quando 900 donos destes ve\u00edculos de oito pa\u00edses acordaram com os pneus esvaziados.<\/p>\n<p>Nessa altura, Portugal n\u00e3o foi atingido \u2014 mas estes ataques j\u00e1 chegaram a Lisboa. As imagens dos carros com os pneus furados, assim como as mensagens deixadas pelos ativistas, come\u00e7aram a ser divulgadas nas redes sociais.<\/p>\n<p>\u201cEsvazi\u00e1mos um ou mais dos teus pneus. Vais sentir raiva, mas n\u00e3o leves isto pessoalmente. N\u00e3o \u00e9s tu. \u00c9 o teu carro. Fizemos isto porque conduzir este ve\u00edculo gigante em \u00e1reas urbanas tem consequ\u00eancias imensas para as outras pessoas\u201d, l\u00ea-se na mensagem.<\/p>\n<p>\u201cOs SUVs causam mais polui\u00e7\u00e3o atmosf\u00e9rica do que os carros menores. E, em caso de acidente, h\u00e1 uma probabilidade maior de matarem algu\u00e9m. Estudos psicol\u00f3gicos demonstram que os condutores de SUV\u2019s s\u00e3o mais propensos a conduzir de forma arriscada. Os SUV\u2019s s\u00e3o desnecess\u00e1rios e pura vaidade\u201d, escreveram.<\/p>\n<p>E deixam ainda uma sugest\u00e3o aos condutores: \u201cN\u00e3o ter\u00e1s dificuldade em mover-te sem o teu sugador de gasolina, seja a p\u00e9, de bicicleta ou de transportes p\u00fablicos\u201d.<\/p>\n<p><img loading=\"lazy\" decoding=\"async\" class=\"alignnone size-medium wp-image-92957\" src=\"https:\/\/www.altominho.tv\/site\/wp-content\/uploads\/2023\/06\/pneus-310x433.png\" alt=\"\" width=\"310\" height=\"433\" srcset=\"https:\/\/www.altominho.tv\/site\/wp-content\/uploads\/2023\/06\/pneus-310x433.png 310w, https:\/\/www.altominho.tv\/site\/wp-content\/uploads\/2023\/06\/pneus-370x516.png 370w, https:\/\/www.altominho.tv\/site\/wp-content\/uploads\/2023\/06\/pneus-270x377.png 270w, https:\/\/www.altominho.tv\/site\/wp-content\/uploads\/2023\/06\/pneus.png 425w\" sizes=\"auto, (max-width: 310px) 100vw, 310px\" \/><\/p>\n","protected":false},"excerpt":{"rendered":"<p>O movimento clim\u00e1tico \u00b4Tyre Extinguishers`, um grupo an\u00f3nimo e descentralizado de jovens ambientalistas que saem \u00e0 rua de madrugada para furar os pneus de v\u00e1rios SUV, chegou a Portugal. \u201cAten\u00e7\u00e3o, o teu sugador de gasolina mata.\u201d Pode ler-se no t\u00edtulo da mensagem que muitos portugueses com carros SUV encontraram na madrugada de quarta-feira, 31 de [&hellip;]<\/p>\n","protected":false},"author":24,"featured_media":92933,"comment_status":"closed","ping_status":"closed","sticky":false,"template":"","format":"standard","meta":{"_exactmetrics_skip_tracking":false,"_exactmetrics_sitenote_active":false,"_exactmetrics_sitenote_note":"","_exactmetrics_sitenote_category":0,"footnotes":""},"categories":[56325],"tags":[27],"class_list":["post-92932","post","type-post","status-publish","format-standard","has-post-thumbnail","hentry","category-pais","tag-sociedade"],"yoast_head":"<!-- This site is optimized with the Yoast SEO Premium plugin v27.5 (Yoast SEO v27.5) - https:\/\/yoast.com\/product\/yoast-seo-premium-wordpress\/ -->\n<title>Ativistas que esvaziam os pneus dos SUV chegaram a Portugal<\/title>\n<meta name=\"description\" content=\"O movimento clim\u00e1tico \u00b4Tyre Extinguishers`, um grupo an\u00f3nimo e descentralizado de jovens ambientalistas que saem \u00e0 rua de madrugada para furar os pneus de v\u00e1rios SUV, chegou a Portugal.\" \/>\n<meta name=\"robots\" content=\"index, follow, max-snippet:-1, max-image-preview:large, max-video-preview:-1\" \/>\n<link rel=\"canonical\" href=\"https:\/\/www.altominho.tv\/site\/2023\/06\/01\/tyre-extinguishers-movimento-portugal\/\" \/>\n<meta property=\"og:locale\" content=\"pt_PT\" \/>\n<meta property=\"og:type\" content=\"article\" \/>\n<meta property=\"og:title\" content=\"Ativistas que esvaziam os pneus dos SUV chegaram a Portugal\" \/>\n<meta property=\"og:description\" content=\"O movimento clim\u00e1tico \u00b4Tyre Extinguishers`, um grupo an\u00f3nimo e descentralizado de jovens ambientalistas que saem \u00e0 rua de madrugada para furar os pneus de v\u00e1rios SUV, chegou a Portugal.\" \/>\n<meta property=\"og:url\" content=\"https:\/\/www.altominho.tv\/site\/2023\/06\/01\/tyre-extinguishers-movimento-portugal\/\" \/>\n<meta property=\"og:site_name\" content=\"Altominho.tv\" \/>\n<meta property=\"article:publisher\" content=\"https:\/\/www.facebook.com\/altominhotv\" \/>\n<meta property=\"article:published_time\" content=\"2023-06-01T16:32:15+00:00\" \/>\n<meta property=\"article:modified_time\" content=\"2023-06-01T16:35:06+00:00\" \/>\n<meta property=\"og:image\" content=\"https:\/\/www.altominho.tv\/site\/wp-content\/uploads\/2023\/06\/Pneus-furados.png\" \/>\n\t<meta property=\"og:image:width\" content=\"878\" \/>\n\t<meta property=\"og:image:height\" content=\"678\" \/>\n\t<meta property=\"og:image:type\" content=\"image\/png\" \/>\n<meta name=\"author\" content=\"Cesar Lopes\" \/>\n<meta name=\"twitter:card\" content=\"summary_large_image\" \/>\n<meta name=\"twitter:creator\" content=\"@altominhoTV\" \/>\n<meta name=\"twitter:site\" content=\"@altominhoTV\" \/>\n<meta name=\"twitter:label1\" content=\"Escrito por\" \/>\n\t<meta name=\"twitter:data1\" content=\"Cesar Lopes\" \/>\n\t<meta name=\"twitter:label2\" content=\"Tempo estimado de leitura\" \/>\n\t<meta name=\"twitter:data2\" content=\"3 minutos\" \/>\n<script type=\"application\/ld+json\" class=\"yoast-schema-graph\">{\"@context\":\"https:\\\/\\\/schema.org\",\"@graph\":[{\"@type\":\"Article\",\"@id\":\"https:\\\/\\\/www.altominho.tv\\\/site\\\/2023\\\/06\\\/01\\\/tyre-extinguishers-movimento-portugal\\\/#article\",\"isPartOf\":{\"@id\":\"https:\\\/\\\/www.altominho.tv\\\/site\\\/2023\\\/06\\\/01\\\/tyre-extinguishers-movimento-portugal\\\/\"},\"author\":{\"name\":\"Cesar Lopes\",\"@id\":\"https:\\\/\\\/www.altominho.tv\\\/site\\\/#\\\/schema\\\/person\\\/c5570e5afb933b8d08c43373326ef1b1\"},\"headline\":\"Ativistas que esvaziam os pneus dos SUV chegaram a Portugal\",\"datePublished\":\"2023-06-01T16:32:15+00:00\",\"dateModified\":\"2023-06-01T16:35:06+00:00\",\"mainEntityOfPage\":{\"@id\":\"https:\\\/\\\/www.altominho.tv\\\/site\\\/2023\\\/06\\\/01\\\/tyre-extinguishers-movimento-portugal\\\/\"},\"wordCount\":376,\"image\":{\"@id\":\"https:\\\/\\\/www.altominho.tv\\\/site\\\/2023\\\/06\\\/01\\\/tyre-extinguishers-movimento-portugal\\\/#primaryimage\"},\"thumbnailUrl\":\"https:\\\/\\\/www.altominho.tv\\\/site\\\/wp-content\\\/uploads\\\/2023\\\/06\\\/Pneus-furados.png\",\"keywords\":[\"Sociedade\"],\"articleSection\":[\"Pa\u00eds\"],\"inLanguage\":\"pt-PT\",\"copyrightYear\":\"2023\",\"copyrightHolder\":{\"@id\":\"https:\\\/\\\/www.altominho.tv\\\/site\\\/#organization\"}},{\"@type\":\"WebPage\",\"@id\":\"https:\\\/\\\/www.altominho.tv\\\/site\\\/2023\\\/06\\\/01\\\/tyre-extinguishers-movimento-portugal\\\/\",\"url\":\"https:\\\/\\\/www.altominho.tv\\\/site\\\/2023\\\/06\\\/01\\\/tyre-extinguishers-movimento-portugal\\\/\",\"name\":\"Ativistas que esvaziam os pneus dos SUV chegaram a Portugal\",\"isPartOf\":{\"@id\":\"https:\\\/\\\/www.altominho.tv\\\/site\\\/#website\"},\"primaryImageOfPage\":{\"@id\":\"https:\\\/\\\/www.altominho.tv\\\/site\\\/2023\\\/06\\\/01\\\/tyre-extinguishers-movimento-portugal\\\/#primaryimage\"},\"image\":{\"@id\":\"https:\\\/\\\/www.altominho.tv\\\/site\\\/2023\\\/06\\\/01\\\/tyre-extinguishers-movimento-portugal\\\/#primaryimage\"},\"thumbnailUrl\":\"https:\\\/\\\/www.altominho.tv\\\/site\\\/wp-content\\\/uploads\\\/2023\\\/06\\\/Pneus-furados.png\",\"datePublished\":\"2023-06-01T16:32:15+00:00\",\"dateModified\":\"2023-06-01T16:35:06+00:00\",\"author\":{\"@id\":\"https:\\\/\\\/www.altominho.tv\\\/site\\\/#\\\/schema\\\/person\\\/c5570e5afb933b8d08c43373326ef1b1\"},\"description\":\"O movimento clim\u00e1tico \u00b4Tyre Extinguishers`, um grupo an\u00f3nimo e descentralizado de jovens ambientalistas que saem \u00e0 rua de madrugada para furar os pneus de v\u00e1rios SUV, chegou a Portugal.\",\"breadcrumb\":{\"@id\":\"https:\\\/\\\/www.altominho.tv\\\/site\\\/2023\\\/06\\\/01\\\/tyre-extinguishers-movimento-portugal\\\/#breadcrumb\"},\"inLanguage\":\"pt-PT\",\"potentialAction\":[{\"@type\":\"ReadAction\",\"target\":[\"https:\\\/\\\/www.altominho.tv\\\/site\\\/2023\\\/06\\\/01\\\/tyre-extinguishers-movimento-portugal\\\/\"]}]},{\"@type\":\"ImageObject\",\"inLanguage\":\"pt-PT\",\"@id\":\"https:\\\/\\\/www.altominho.tv\\\/site\\\/2023\\\/06\\\/01\\\/tyre-extinguishers-movimento-portugal\\\/#primaryimage\",\"url\":\"https:\\\/\\\/www.altominho.tv\\\/site\\\/wp-content\\\/uploads\\\/2023\\\/06\\\/Pneus-furados.png\",\"contentUrl\":\"https:\\\/\\\/www.altominho.tv\\\/site\\\/wp-content\\\/uploads\\\/2023\\\/06\\\/Pneus-furados.png\",\"width\":878,\"height\":678},{\"@type\":\"BreadcrumbList\",\"@id\":\"https:\\\/\\\/www.altominho.tv\\\/site\\\/2023\\\/06\\\/01\\\/tyre-extinguishers-movimento-portugal\\\/#breadcrumb\",\"itemListElement\":[{\"@type\":\"ListItem\",\"position\":1,\"name\":\"In\u00edcio\",\"item\":\"https:\\\/\\\/www.altominho.tv\\\/site\\\/\"},{\"@type\":\"ListItem\",\"position\":2,\"name\":\"Ativistas que esvaziam os pneus dos SUV chegaram a Portugal\"}]},{\"@type\":\"WebSite\",\"@id\":\"https:\\\/\\\/www.altominho.tv\\\/site\\\/#website\",\"url\":\"https:\\\/\\\/www.altominho.tv\\\/site\\\/\",\"name\":\"Altominho.tv\",\"description\":\"A sua regi\u00e3o \u00e0 dist\u00e2ncia de um clique...\",\"potentialAction\":[{\"@type\":\"SearchAction\",\"target\":{\"@type\":\"EntryPoint\",\"urlTemplate\":\"https:\\\/\\\/www.altominho.tv\\\/site\\\/?s={search_term_string}\"},\"query-input\":{\"@type\":\"PropertyValueSpecification\",\"valueRequired\":true,\"valueName\":\"search_term_string\"}}],\"inLanguage\":\"pt-PT\"},{\"@type\":\"Person\",\"@id\":\"https:\\\/\\\/www.altominho.tv\\\/site\\\/#\\\/schema\\\/person\\\/c5570e5afb933b8d08c43373326ef1b1\",\"name\":\"Cesar Lopes\",\"image\":{\"@type\":\"ImageObject\",\"inLanguage\":\"pt-PT\",\"@id\":\"https:\\\/\\\/www.altominho.tv\\\/site\\\/wp-content\\\/uploads\\\/2022\\\/10\\\/Sem-Titulo-150x150.jpg\",\"url\":\"https:\\\/\\\/www.altominho.tv\\\/site\\\/wp-content\\\/uploads\\\/2022\\\/10\\\/Sem-Titulo-150x150.jpg\",\"contentUrl\":\"https:\\\/\\\/www.altominho.tv\\\/site\\\/wp-content\\\/uploads\\\/2022\\\/10\\\/Sem-Titulo-150x150.jpg\",\"caption\":\"Cesar Lopes\"},\"url\":\"https:\\\/\\\/www.altominho.tv\\\/site\\\/author\\\/cesarlopes\\\/\"}]}<\/script>\n<!-- \/ Yoast SEO Premium plugin. -->","yoast_head_json":{"title":"Ativistas que esvaziam os pneus dos SUV chegaram a Portugal","description":"O movimento clim\u00e1tico \u00b4Tyre Extinguishers`, um grupo an\u00f3nimo e descentralizado de jovens ambientalistas que saem \u00e0 rua de madrugada para furar os pneus de v\u00e1rios SUV, chegou a Portugal.","robots":{"index":"index","follow":"follow","max-snippet":"max-snippet:-1","max-image-preview":"max-image-preview:large","max-video-preview":"max-video-preview:-1"},"canonical":"https:\/\/www.altominho.tv\/site\/2023\/06\/01\/tyre-extinguishers-movimento-portugal\/","og_locale":"pt_PT","og_type":"article","og_title":"Ativistas que esvaziam os pneus dos SUV chegaram a Portugal","og_description":"O movimento clim\u00e1tico \u00b4Tyre Extinguishers`, um grupo an\u00f3nimo e descentralizado de jovens ambientalistas que saem \u00e0 rua de madrugada para furar os pneus de v\u00e1rios SUV, chegou a Portugal.","og_url":"https:\/\/www.altominho.tv\/site\/2023\/06\/01\/tyre-extinguishers-movimento-portugal\/","og_site_name":"Altominho.tv","article_publisher":"https:\/\/www.facebook.com\/altominhotv","article_published_time":"2023-06-01T16:32:15+00:00","article_modified_time":"2023-06-01T16:35:06+00:00","og_image":[{"width":878,"height":678,"url":"https:\/\/www.altominho.tv\/site\/wp-content\/uploads\/2023\/06\/Pneus-furados.png","type":"image\/png"}],"author":"Cesar Lopes","twitter_card":"summary_large_image","twitter_creator":"@altominhoTV","twitter_site":"@altominhoTV","twitter_misc":{"Escrito por":"Cesar Lopes","Tempo estimado de leitura":"3 minutos"},"schema":{"@context":"https:\/\/schema.org","@graph":[{"@type":"Article","@id":"https:\/\/www.altominho.tv\/site\/2023\/06\/01\/tyre-extinguishers-movimento-portugal\/#article","isPartOf":{"@id":"https:\/\/www.altominho.tv\/site\/2023\/06\/01\/tyre-extinguishers-movimento-portugal\/"},"author":{"name":"Cesar Lopes","@id":"https:\/\/www.altominho.tv\/site\/#\/schema\/person\/c5570e5afb933b8d08c43373326ef1b1"},"headline":"Ativistas que esvaziam os pneus dos SUV chegaram a Portugal","datePublished":"2023-06-01T16:32:15+00:00","dateModified":"2023-06-01T16:35:06+00:00","mainEntityOfPage":{"@id":"https:\/\/www.altominho.tv\/site\/2023\/06\/01\/tyre-extinguishers-movimento-portugal\/"},"wordCount":376,"image":{"@id":"https:\/\/www.altominho.tv\/site\/2023\/06\/01\/tyre-extinguishers-movimento-portugal\/#primaryimage"},"thumbnailUrl":"https:\/\/www.altominho.tv\/site\/wp-content\/uploads\/2023\/06\/Pneus-furados.png","keywords":["Sociedade"],"articleSection":["Pa\u00eds"],"inLanguage":"pt-PT","copyrightYear":"2023","copyrightHolder":{"@id":"https:\/\/www.altominho.tv\/site\/#organization"}},{"@type":"WebPage","@id":"https:\/\/www.altominho.tv\/site\/2023\/06\/01\/tyre-extinguishers-movimento-portugal\/","url":"https:\/\/www.altominho.tv\/site\/2023\/06\/01\/tyre-extinguishers-movimento-portugal\/","name":"Ativistas que esvaziam os pneus dos SUV chegaram a Portugal","isPartOf":{"@id":"https:\/\/www.altominho.tv\/site\/#website"},"primaryImageOfPage":{"@id":"https:\/\/www.altominho.tv\/site\/2023\/06\/01\/tyre-extinguishers-movimento-portugal\/#primaryimage"},"image":{"@id":"https:\/\/www.altominho.tv\/site\/2023\/06\/01\/tyre-extinguishers-movimento-portugal\/#primaryimage"},"thumbnailUrl":"https:\/\/www.altominho.tv\/site\/wp-content\/uploads\/2023\/06\/Pneus-furados.png","datePublished":"2023-06-01T16:32:15+00:00","dateModified":"2023-06-01T16:35:06+00:00","author":{"@id":"https:\/\/www.altominho.tv\/site\/#\/schema\/person\/c5570e5afb933b8d08c43373326ef1b1"},"description":"O movimento clim\u00e1tico \u00b4Tyre Extinguishers`, um grupo an\u00f3nimo e descentralizado de jovens ambientalistas que saem \u00e0 rua de madrugada para furar os pneus de v\u00e1rios SUV, chegou a Portugal.","breadcrumb":{"@id":"https:\/\/www.altominho.tv\/site\/2023\/06\/01\/tyre-extinguishers-movimento-portugal\/#breadcrumb"},"inLanguage":"pt-PT","potentialAction":[{"@type":"ReadAction","target":["https:\/\/www.altominho.tv\/site\/2023\/06\/01\/tyre-extinguishers-movimento-portugal\/"]}]},{"@type":"ImageObject","inLanguage":"pt-PT","@id":"https:\/\/www.altominho.tv\/site\/2023\/06\/01\/tyre-extinguishers-movimento-portugal\/#primaryimage","url":"https:\/\/www.altominho.tv\/site\/wp-content\/uploads\/2023\/06\/Pneus-furados.png","contentUrl":"https:\/\/www.altominho.tv\/site\/wp-content\/uploads\/2023\/06\/Pneus-furados.png","width":878,"height":678},{"@type":"BreadcrumbList","@id":"https:\/\/www.altominho.tv\/site\/2023\/06\/01\/tyre-extinguishers-movimento-portugal\/#breadcrumb","itemListElement":[{"@type":"ListItem","position":1,"name":"In\u00edcio","item":"https:\/\/www.altominho.tv\/site\/"},{"@type":"ListItem","position":2,"name":"Ativistas que esvaziam os pneus dos SUV chegaram a Portugal"}]},{"@type":"WebSite","@id":"https:\/\/www.altominho.tv\/site\/#website","url":"https:\/\/www.altominho.tv\/site\/","name":"Altominho.tv","description":"A sua regi\u00e3o \u00e0 dist\u00e2ncia de um clique...","potentialAction":[{"@type":"SearchAction","target":{"@type":"EntryPoint","urlTemplate":"https:\/\/www.altominho.tv\/site\/?s={search_term_string}"},"query-input":{"@type":"PropertyValueSpecification","valueRequired":true,"valueName":"search_term_string"}}],"inLanguage":"pt-PT"},{"@type":"Person","@id":"https:\/\/www.altominho.tv\/site\/#\/schema\/person\/c5570e5afb933b8d08c43373326ef1b1","name":"Cesar Lopes","image":{"@type":"ImageObject","inLanguage":"pt-PT","@id":"https:\/\/www.altominho.tv\/site\/wp-content\/uploads\/2022\/10\/Sem-Titulo-150x150.jpg","url":"https:\/\/www.altominho.tv\/site\/wp-content\/uploads\/2022\/10\/Sem-Titulo-150x150.jpg","contentUrl":"https:\/\/www.altominho.tv\/site\/wp-content\/uploads\/2022\/10\/Sem-Titulo-150x150.jpg","caption":"Cesar Lopes"},"url":"https:\/\/www.altominho.tv\/site\/author\/cesarlopes\/"}]}},"_links":{"self":[{"href":"https:\/\/www.altominho.tv\/site\/wp-json\/wp\/v2\/posts\/92932","targetHints":{"allow":["GET"]}}],"collection":[{"href":"https:\/\/www.altominho.tv\/site\/wp-json\/wp\/v2\/posts"}],"about":[{"href":"https:\/\/www.altominho.tv\/site\/wp-json\/wp\/v2\/types\/post"}],"author":[{"embeddable":true,"href":"https:\/\/www.altominho.tv\/site\/wp-json\/wp\/v2\/users\/24"}],"replies":[{"embeddable":true,"href":"https:\/\/www.altominho.tv\/site\/wp-json\/wp\/v2\/comments?post=92932"}],"version-history":[{"count":4,"href":"https:\/\/www.altominho.tv\/site\/wp-json\/wp\/v2\/posts\/92932\/revisions"}],"predecessor-version":[{"id":92958,"href":"https:\/\/www.altominho.tv\/site\/wp-json\/wp\/v2\/posts\/92932\/revisions\/92958"}],"wp:featuredmedia":[{"embeddable":true,"href":"https:\/\/www.altominho.tv\/site\/wp-json\/wp\/v2\/media\/92933"}],"wp:attachment":[{"href":"https:\/\/www.altominho.tv\/site\/wp-json\/wp\/v2\/media?parent=92932"}],"wp:term":[{"taxonomy":"category","embeddable":true,"href":"https:\/\/www.altominho.tv\/site\/wp-json\/wp\/v2\/categories?post=92932"},{"taxonomy":"post_tag","embeddable":true,"href":"https:\/\/www.altominho.tv\/site\/wp-json\/wp\/v2\/tags?post=92932"}],"curies":[{"name":"wp","href":"https:\/\/api.w.org\/{rel}","templated":true}]}}