{"id":92904,"date":"2023-05-31T17:46:04","date_gmt":"2023-05-31T16:46:04","guid":{"rendered":"https:\/\/www.altominho.tv\/site\/?p=92904"},"modified":"2023-05-31T17:46:09","modified_gmt":"2023-05-31T16:46:09","slug":"concedido-parecer-positivo-ao-plano-operacional-municipal","status":"publish","type":"post","link":"https:\/\/www.altominho.tv\/site\/2023\/05\/31\/concedido-parecer-positivo-ao-plano-operacional-municipal\/","title":{"rendered":"Concedido parecer positivo ao Plano Operacional Municipal"},"content":{"rendered":"<p>A Comiss\u00e3o Municipal para a Gest\u00e3o Integrada de Fogos Rurais de Caminha reuniu hoje, na Biblioteca Municipal, sob a presid\u00eancia de Rui Lages, Presidente da C\u00e2mara Caminha, tendo sido dado parecer positivo ao Plano Operacional Municipal 2023 (POM), documento estrat\u00e9gico na \u00e1rea do combate aos inc\u00eandios florestais e rurais.<\/p>\n<p>Este plano define a estrat\u00e9gia de preven\u00e7\u00e3o e combate dos inc\u00eandios florestais e regula a articula\u00e7\u00e3o entre entidades e organismos municipais e distritais, como a\u00e7\u00f5es de vigil\u00e2ncia, dete\u00e7\u00e3o, fiscaliza\u00e7\u00e3o, primeira interven\u00e7\u00e3o, combate, rescaldo e vigil\u00e2ncia p\u00f3s-inc\u00eandio.<\/p>\n<p>&#8220;Este \u00e9 mais um instrumento importante para a seguran\u00e7a das popula\u00e7\u00f5es e do territ\u00f3rio&#8221; revela a autarquia.<\/p>\n<p>Na Biblioteca Municipal, esta reuni\u00e3o juntou, representantes da GNR, do Comando dos Bombeiros de Caminha e do Comando dos Bombeiros de Vila Praia de \u00c2ncora.<\/p>\n<p>Estiveram ainda presentes representantes do ICNF &#8211; Instituto da Conserva\u00e7\u00e3o da Natureza e das Florestas, do Conselho Diretivo dos Baldios de Riba de \u00c2ncora, o coordenador municipal de Prote\u00e7\u00e3o Civil e Gabinete T\u00e9cnico Florestal.<\/p>\n","protected":false},"excerpt":{"rendered":"<p>A Comiss\u00e3o Municipal para a Gest\u00e3o Integrada de Fogos Rurais de Caminha reuniu hoje, na Biblioteca Municipal, sob a presid\u00eancia de Rui Lages, Presidente da C\u00e2mara Caminha, tendo sido dado parecer positivo ao Plano Operacional Municipal 2023 (POM), documento estrat\u00e9gico na \u00e1rea do combate aos inc\u00eandios florestais e rurais. Este plano define a estrat\u00e9gia de [&hellip;]<\/p>\n","protected":false},"author":28,"featured_media":92907,"comment_status":"closed","ping_status":"closed","sticky":false,"template":"","format":"standard","meta":{"_exactmetrics_skip_tracking":false,"_exactmetrics_sitenote_active":false,"_exactmetrics_sitenote_note":"","_exactmetrics_sitenote_category":0,"footnotes":""},"categories":[7],"tags":[56326,27],"class_list":["post-92904","post","type-post","status-publish","format-standard","has-post-thumbnail","hentry","category-caminha","tag-politica","tag-sociedade"],"yoast_head":"<!-- This site is optimized with the Yoast SEO Premium plugin v27.5 (Yoast SEO v27.5) - https:\/\/yoast.com\/product\/yoast-seo-premium-wordpress\/ -->\n<title>Concedido parecer positivo ao Plano Operacional Municipal<\/title>\n<meta name=\"description\" content=\"A Comiss\u00e3o Municipal para a Gest\u00e3o Integrada de Fogos Rurais de Caminha reuniu hoje, na Biblioteca Municipal, sob a presid\u00eancia de Rui Lages, Presidente da C\u00e2mara Caminha, tendo sido dado parecer positivo ao Plano Operacional Municipal 2023 (POM), documento estrat\u00e9gico na \u00e1rea do combate aos inc\u00eandios florestais e rurais.\" \/>\n<meta name=\"robots\" content=\"index, follow, max-snippet:-1, max-image-preview:large, max-video-preview:-1\" \/>\n<link rel=\"canonical\" href=\"https:\/\/www.altominho.tv\/site\/2023\/05\/31\/concedido-parecer-positivo-ao-plano-operacional-municipal\/\" \/>\n<meta property=\"og:locale\" content=\"pt_PT\" \/>\n<meta property=\"og:type\" content=\"article\" \/>\n<meta property=\"og:title\" content=\"Concedido parecer positivo ao Plano Operacional Municipal\" \/>\n<meta property=\"og:description\" content=\"A Comiss\u00e3o Municipal para a Gest\u00e3o Integrada de Fogos Rurais de Caminha reuniu hoje, na Biblioteca Municipal, sob a presid\u00eancia de Rui Lages, Presidente da C\u00e2mara Caminha, tendo sido dado parecer positivo ao Plano Operacional Municipal 2023 (POM), documento estrat\u00e9gico na \u00e1rea do combate aos inc\u00eandios florestais e rurais.\" \/>\n<meta property=\"og:url\" content=\"https:\/\/www.altominho.tv\/site\/2023\/05\/31\/concedido-parecer-positivo-ao-plano-operacional-municipal\/\" \/>\n<meta property=\"og:site_name\" content=\"Altominho.tv\" \/>\n<meta property=\"article:publisher\" content=\"https:\/\/www.facebook.com\/altominhotv\" \/>\n<meta property=\"article:published_time\" content=\"2023-05-31T16:46:04+00:00\" \/>\n<meta property=\"article:modified_time\" content=\"2023-05-31T16:46:09+00:00\" \/>\n<meta property=\"og:image\" content=\"https:\/\/www.altominho.tv\/site\/wp-content\/uploads\/2023\/05\/Foto-1-scaled.jpg\" \/>\n\t<meta property=\"og:image:width\" content=\"2560\" \/>\n\t<meta property=\"og:image:height\" content=\"1465\" \/>\n\t<meta property=\"og:image:type\" content=\"image\/jpeg\" \/>\n<meta name=\"author\" content=\"Beatriz Lira\" \/>\n<meta name=\"twitter:card\" content=\"summary_large_image\" \/>\n<meta name=\"twitter:creator\" content=\"@altominhoTV\" \/>\n<meta name=\"twitter:site\" content=\"@altominhoTV\" \/>\n<meta name=\"twitter:label1\" content=\"Escrito por\" \/>\n\t<meta name=\"twitter:data1\" content=\"Beatriz Lira\" \/>\n\t<meta name=\"twitter:label2\" content=\"Tempo estimado de leitura\" \/>\n\t<meta name=\"twitter:data2\" content=\"1 minuto\" \/>\n<script type=\"application\/ld+json\" class=\"yoast-schema-graph\">{\"@context\":\"https:\\\/\\\/schema.org\",\"@graph\":[{\"@type\":\"Article\",\"@id\":\"https:\\\/\\\/www.altominho.tv\\\/site\\\/2023\\\/05\\\/31\\\/concedido-parecer-positivo-ao-plano-operacional-municipal\\\/#article\",\"isPartOf\":{\"@id\":\"https:\\\/\\\/www.altominho.tv\\\/site\\\/2023\\\/05\\\/31\\\/concedido-parecer-positivo-ao-plano-operacional-municipal\\\/\"},\"author\":{\"name\":\"Beatriz Lira\",\"@id\":\"https:\\\/\\\/www.altominho.tv\\\/site\\\/#\\\/schema\\\/person\\\/f95a2097796cf4462fe1e476cddc40e4\"},\"headline\":\"Concedido parecer positivo ao Plano Operacional Municipal\",\"datePublished\":\"2023-05-31T16:46:04+00:00\",\"dateModified\":\"2023-05-31T16:46:09+00:00\",\"mainEntityOfPage\":{\"@id\":\"https:\\\/\\\/www.altominho.tv\\\/site\\\/2023\\\/05\\\/31\\\/concedido-parecer-positivo-ao-plano-operacional-municipal\\\/\"},\"wordCount\":191,\"image\":{\"@id\":\"https:\\\/\\\/www.altominho.tv\\\/site\\\/2023\\\/05\\\/31\\\/concedido-parecer-positivo-ao-plano-operacional-municipal\\\/#primaryimage\"},\"thumbnailUrl\":\"https:\\\/\\\/www.altominho.tv\\\/site\\\/wp-content\\\/uploads\\\/2023\\\/05\\\/Foto-1-scaled.jpg\",\"keywords\":[\"Pol\u00edtica\",\"Sociedade\"],\"articleSection\":[\"Caminha\"],\"inLanguage\":\"pt-PT\",\"copyrightYear\":\"2023\",\"copyrightHolder\":{\"@id\":\"https:\\\/\\\/www.altominho.tv\\\/site\\\/#organization\"}},{\"@type\":\"WebPage\",\"@id\":\"https:\\\/\\\/www.altominho.tv\\\/site\\\/2023\\\/05\\\/31\\\/concedido-parecer-positivo-ao-plano-operacional-municipal\\\/\",\"url\":\"https:\\\/\\\/www.altominho.tv\\\/site\\\/2023\\\/05\\\/31\\\/concedido-parecer-positivo-ao-plano-operacional-municipal\\\/\",\"name\":\"Concedido parecer positivo ao Plano Operacional Municipal\",\"isPartOf\":{\"@id\":\"https:\\\/\\\/www.altominho.tv\\\/site\\\/#website\"},\"primaryImageOfPage\":{\"@id\":\"https:\\\/\\\/www.altominho.tv\\\/site\\\/2023\\\/05\\\/31\\\/concedido-parecer-positivo-ao-plano-operacional-municipal\\\/#primaryimage\"},\"image\":{\"@id\":\"https:\\\/\\\/www.altominho.tv\\\/site\\\/2023\\\/05\\\/31\\\/concedido-parecer-positivo-ao-plano-operacional-municipal\\\/#primaryimage\"},\"thumbnailUrl\":\"https:\\\/\\\/www.altominho.tv\\\/site\\\/wp-content\\\/uploads\\\/2023\\\/05\\\/Foto-1-scaled.jpg\",\"datePublished\":\"2023-05-31T16:46:04+00:00\",\"dateModified\":\"2023-05-31T16:46:09+00:00\",\"author\":{\"@id\":\"https:\\\/\\\/www.altominho.tv\\\/site\\\/#\\\/schema\\\/person\\\/f95a2097796cf4462fe1e476cddc40e4\"},\"description\":\"A Comiss\u00e3o Municipal para a Gest\u00e3o Integrada de Fogos Rurais de Caminha reuniu hoje, na Biblioteca Municipal, sob a presid\u00eancia de Rui Lages, Presidente da C\u00e2mara Caminha, tendo sido dado parecer positivo ao Plano Operacional Municipal 2023 (POM), documento estrat\u00e9gico na \u00e1rea do combate aos inc\u00eandios florestais e rurais.\",\"breadcrumb\":{\"@id\":\"https:\\\/\\\/www.altominho.tv\\\/site\\\/2023\\\/05\\\/31\\\/concedido-parecer-positivo-ao-plano-operacional-municipal\\\/#breadcrumb\"},\"inLanguage\":\"pt-PT\",\"potentialAction\":[{\"@type\":\"ReadAction\",\"target\":[\"https:\\\/\\\/www.altominho.tv\\\/site\\\/2023\\\/05\\\/31\\\/concedido-parecer-positivo-ao-plano-operacional-municipal\\\/\"]}]},{\"@type\":\"ImageObject\",\"inLanguage\":\"pt-PT\",\"@id\":\"https:\\\/\\\/www.altominho.tv\\\/site\\\/2023\\\/05\\\/31\\\/concedido-parecer-positivo-ao-plano-operacional-municipal\\\/#primaryimage\",\"url\":\"https:\\\/\\\/www.altominho.tv\\\/site\\\/wp-content\\\/uploads\\\/2023\\\/05\\\/Foto-1-scaled.jpg\",\"contentUrl\":\"https:\\\/\\\/www.altominho.tv\\\/site\\\/wp-content\\\/uploads\\\/2023\\\/05\\\/Foto-1-scaled.jpg\",\"width\":2560,\"height\":1465},{\"@type\":\"BreadcrumbList\",\"@id\":\"https:\\\/\\\/www.altominho.tv\\\/site\\\/2023\\\/05\\\/31\\\/concedido-parecer-positivo-ao-plano-operacional-municipal\\\/#breadcrumb\",\"itemListElement\":[{\"@type\":\"ListItem\",\"position\":1,\"name\":\"In\u00edcio\",\"item\":\"https:\\\/\\\/www.altominho.tv\\\/site\\\/\"},{\"@type\":\"ListItem\",\"position\":2,\"name\":\"Concedido parecer positivo ao Plano Operacional Municipal\"}]},{\"@type\":\"WebSite\",\"@id\":\"https:\\\/\\\/www.altominho.tv\\\/site\\\/#website\",\"url\":\"https:\\\/\\\/www.altominho.tv\\\/site\\\/\",\"name\":\"Altominho.tv\",\"description\":\"A sua regi\u00e3o \u00e0 dist\u00e2ncia de um clique...\",\"potentialAction\":[{\"@type\":\"SearchAction\",\"target\":{\"@type\":\"EntryPoint\",\"urlTemplate\":\"https:\\\/\\\/www.altominho.tv\\\/site\\\/?s={search_term_string}\"},\"query-input\":{\"@type\":\"PropertyValueSpecification\",\"valueRequired\":true,\"valueName\":\"search_term_string\"}}],\"inLanguage\":\"pt-PT\"},{\"@type\":\"Person\",\"@id\":\"https:\\\/\\\/www.altominho.tv\\\/site\\\/#\\\/schema\\\/person\\\/f95a2097796cf4462fe1e476cddc40e4\",\"name\":\"Beatriz Lira\",\"image\":{\"@type\":\"ImageObject\",\"inLanguage\":\"pt-PT\",\"@id\":\"https:\\\/\\\/www.altominho.tv\\\/site\\\/wp-content\\\/uploads\\\/2023\\\/03\\\/Screenshot_20230306-141220_Photos-150x150.jpg\",\"url\":\"https:\\\/\\\/www.altominho.tv\\\/site\\\/wp-content\\\/uploads\\\/2023\\\/03\\\/Screenshot_20230306-141220_Photos-150x150.jpg\",\"contentUrl\":\"https:\\\/\\\/www.altominho.tv\\\/site\\\/wp-content\\\/uploads\\\/2023\\\/03\\\/Screenshot_20230306-141220_Photos-150x150.jpg\",\"caption\":\"Beatriz Lira\"},\"url\":\"https:\\\/\\\/www.altominho.tv\\\/site\\\/author\\\/beatriz\\\/\"}]}<\/script>\n<!-- \/ Yoast SEO Premium plugin. -->","yoast_head_json":{"title":"Concedido parecer positivo ao Plano Operacional Municipal","description":"A Comiss\u00e3o Municipal para a Gest\u00e3o Integrada de Fogos Rurais de Caminha reuniu hoje, na Biblioteca Municipal, sob a presid\u00eancia de Rui Lages, Presidente da C\u00e2mara Caminha, tendo sido dado parecer positivo ao Plano Operacional Municipal 2023 (POM), documento estrat\u00e9gico na \u00e1rea do combate aos inc\u00eandios florestais e rurais.","robots":{"index":"index","follow":"follow","max-snippet":"max-snippet:-1","max-image-preview":"max-image-preview:large","max-video-preview":"max-video-preview:-1"},"canonical":"https:\/\/www.altominho.tv\/site\/2023\/05\/31\/concedido-parecer-positivo-ao-plano-operacional-municipal\/","og_locale":"pt_PT","og_type":"article","og_title":"Concedido parecer positivo ao Plano Operacional Municipal","og_description":"A Comiss\u00e3o Municipal para a Gest\u00e3o Integrada de Fogos Rurais de Caminha reuniu hoje, na Biblioteca Municipal, sob a presid\u00eancia de Rui Lages, Presidente da C\u00e2mara Caminha, tendo sido dado parecer positivo ao Plano Operacional Municipal 2023 (POM), documento estrat\u00e9gico na \u00e1rea do combate aos inc\u00eandios florestais e rurais.","og_url":"https:\/\/www.altominho.tv\/site\/2023\/05\/31\/concedido-parecer-positivo-ao-plano-operacional-municipal\/","og_site_name":"Altominho.tv","article_publisher":"https:\/\/www.facebook.com\/altominhotv","article_published_time":"2023-05-31T16:46:04+00:00","article_modified_time":"2023-05-31T16:46:09+00:00","og_image":[{"width":2560,"height":1465,"url":"https:\/\/www.altominho.tv\/site\/wp-content\/uploads\/2023\/05\/Foto-1-scaled.jpg","type":"image\/jpeg"}],"author":"Beatriz Lira","twitter_card":"summary_large_image","twitter_creator":"@altominhoTV","twitter_site":"@altominhoTV","twitter_misc":{"Escrito por":"Beatriz Lira","Tempo estimado de leitura":"1 minuto"},"schema":{"@context":"https:\/\/schema.org","@graph":[{"@type":"Article","@id":"https:\/\/www.altominho.tv\/site\/2023\/05\/31\/concedido-parecer-positivo-ao-plano-operacional-municipal\/#article","isPartOf":{"@id":"https:\/\/www.altominho.tv\/site\/2023\/05\/31\/concedido-parecer-positivo-ao-plano-operacional-municipal\/"},"author":{"name":"Beatriz Lira","@id":"https:\/\/www.altominho.tv\/site\/#\/schema\/person\/f95a2097796cf4462fe1e476cddc40e4"},"headline":"Concedido parecer positivo ao Plano Operacional Municipal","datePublished":"2023-05-31T16:46:04+00:00","dateModified":"2023-05-31T16:46:09+00:00","mainEntityOfPage":{"@id":"https:\/\/www.altominho.tv\/site\/2023\/05\/31\/concedido-parecer-positivo-ao-plano-operacional-municipal\/"},"wordCount":191,"image":{"@id":"https:\/\/www.altominho.tv\/site\/2023\/05\/31\/concedido-parecer-positivo-ao-plano-operacional-municipal\/#primaryimage"},"thumbnailUrl":"https:\/\/www.altominho.tv\/site\/wp-content\/uploads\/2023\/05\/Foto-1-scaled.jpg","keywords":["Pol\u00edtica","Sociedade"],"articleSection":["Caminha"],"inLanguage":"pt-PT","copyrightYear":"2023","copyrightHolder":{"@id":"https:\/\/www.altominho.tv\/site\/#organization"}},{"@type":"WebPage","@id":"https:\/\/www.altominho.tv\/site\/2023\/05\/31\/concedido-parecer-positivo-ao-plano-operacional-municipal\/","url":"https:\/\/www.altominho.tv\/site\/2023\/05\/31\/concedido-parecer-positivo-ao-plano-operacional-municipal\/","name":"Concedido parecer positivo ao Plano Operacional Municipal","isPartOf":{"@id":"https:\/\/www.altominho.tv\/site\/#website"},"primaryImageOfPage":{"@id":"https:\/\/www.altominho.tv\/site\/2023\/05\/31\/concedido-parecer-positivo-ao-plano-operacional-municipal\/#primaryimage"},"image":{"@id":"https:\/\/www.altominho.tv\/site\/2023\/05\/31\/concedido-parecer-positivo-ao-plano-operacional-municipal\/#primaryimage"},"thumbnailUrl":"https:\/\/www.altominho.tv\/site\/wp-content\/uploads\/2023\/05\/Foto-1-scaled.jpg","datePublished":"2023-05-31T16:46:04+00:00","dateModified":"2023-05-31T16:46:09+00:00","author":{"@id":"https:\/\/www.altominho.tv\/site\/#\/schema\/person\/f95a2097796cf4462fe1e476cddc40e4"},"description":"A Comiss\u00e3o Municipal para a Gest\u00e3o Integrada de Fogos Rurais de Caminha reuniu hoje, na Biblioteca Municipal, sob a presid\u00eancia de Rui Lages, Presidente da C\u00e2mara Caminha, tendo sido dado parecer positivo ao Plano Operacional Municipal 2023 (POM), documento estrat\u00e9gico na \u00e1rea do combate aos inc\u00eandios florestais e rurais.","breadcrumb":{"@id":"https:\/\/www.altominho.tv\/site\/2023\/05\/31\/concedido-parecer-positivo-ao-plano-operacional-municipal\/#breadcrumb"},"inLanguage":"pt-PT","potentialAction":[{"@type":"ReadAction","target":["https:\/\/www.altominho.tv\/site\/2023\/05\/31\/concedido-parecer-positivo-ao-plano-operacional-municipal\/"]}]},{"@type":"ImageObject","inLanguage":"pt-PT","@id":"https:\/\/www.altominho.tv\/site\/2023\/05\/31\/concedido-parecer-positivo-ao-plano-operacional-municipal\/#primaryimage","url":"https:\/\/www.altominho.tv\/site\/wp-content\/uploads\/2023\/05\/Foto-1-scaled.jpg","contentUrl":"https:\/\/www.altominho.tv\/site\/wp-content\/uploads\/2023\/05\/Foto-1-scaled.jpg","width":2560,"height":1465},{"@type":"BreadcrumbList","@id":"https:\/\/www.altominho.tv\/site\/2023\/05\/31\/concedido-parecer-positivo-ao-plano-operacional-municipal\/#breadcrumb","itemListElement":[{"@type":"ListItem","position":1,"name":"In\u00edcio","item":"https:\/\/www.altominho.tv\/site\/"},{"@type":"ListItem","position":2,"name":"Concedido parecer positivo ao Plano Operacional Municipal"}]},{"@type":"WebSite","@id":"https:\/\/www.altominho.tv\/site\/#website","url":"https:\/\/www.altominho.tv\/site\/","name":"Altominho.tv","description":"A sua regi\u00e3o \u00e0 dist\u00e2ncia de um clique...","potentialAction":[{"@type":"SearchAction","target":{"@type":"EntryPoint","urlTemplate":"https:\/\/www.altominho.tv\/site\/?s={search_term_string}"},"query-input":{"@type":"PropertyValueSpecification","valueRequired":true,"valueName":"search_term_string"}}],"inLanguage":"pt-PT"},{"@type":"Person","@id":"https:\/\/www.altominho.tv\/site\/#\/schema\/person\/f95a2097796cf4462fe1e476cddc40e4","name":"Beatriz Lira","image":{"@type":"ImageObject","inLanguage":"pt-PT","@id":"https:\/\/www.altominho.tv\/site\/wp-content\/uploads\/2023\/03\/Screenshot_20230306-141220_Photos-150x150.jpg","url":"https:\/\/www.altominho.tv\/site\/wp-content\/uploads\/2023\/03\/Screenshot_20230306-141220_Photos-150x150.jpg","contentUrl":"https:\/\/www.altominho.tv\/site\/wp-content\/uploads\/2023\/03\/Screenshot_20230306-141220_Photos-150x150.jpg","caption":"Beatriz Lira"},"url":"https:\/\/www.altominho.tv\/site\/author\/beatriz\/"}]}},"_links":{"self":[{"href":"https:\/\/www.altominho.tv\/site\/wp-json\/wp\/v2\/posts\/92904","targetHints":{"allow":["GET"]}}],"collection":[{"href":"https:\/\/www.altominho.tv\/site\/wp-json\/wp\/v2\/posts"}],"about":[{"href":"https:\/\/www.altominho.tv\/site\/wp-json\/wp\/v2\/types\/post"}],"author":[{"embeddable":true,"href":"https:\/\/www.altominho.tv\/site\/wp-json\/wp\/v2\/users\/28"}],"replies":[{"embeddable":true,"href":"https:\/\/www.altominho.tv\/site\/wp-json\/wp\/v2\/comments?post=92904"}],"version-history":[{"count":3,"href":"https:\/\/www.altominho.tv\/site\/wp-json\/wp\/v2\/posts\/92904\/revisions"}],"predecessor-version":[{"id":92910,"href":"https:\/\/www.altominho.tv\/site\/wp-json\/wp\/v2\/posts\/92904\/revisions\/92910"}],"wp:featuredmedia":[{"embeddable":true,"href":"https:\/\/www.altominho.tv\/site\/wp-json\/wp\/v2\/media\/92907"}],"wp:attachment":[{"href":"https:\/\/www.altominho.tv\/site\/wp-json\/wp\/v2\/media?parent=92904"}],"wp:term":[{"taxonomy":"category","embeddable":true,"href":"https:\/\/www.altominho.tv\/site\/wp-json\/wp\/v2\/categories?post=92904"},{"taxonomy":"post_tag","embeddable":true,"href":"https:\/\/www.altominho.tv\/site\/wp-json\/wp\/v2\/tags?post=92904"}],"curies":[{"name":"wp","href":"https:\/\/api.w.org\/{rel}","templated":true}]}}