{"id":92879,"date":"2023-05-31T09:27:10","date_gmt":"2023-05-31T08:27:10","guid":{"rendered":"https:\/\/www.altominho.tv\/site\/?p=92879"},"modified":"2023-05-31T09:27:15","modified_gmt":"2023-05-31T08:27:15","slug":"pagamentos-por-cartao-ou-em-dinheiro-em-viana-do-castelo-quintuplicam-em-agosto","status":"publish","type":"post","link":"https:\/\/www.altominho.tv\/site\/2023\/05\/31\/pagamentos-por-cartao-ou-em-dinheiro-em-viana-do-castelo-quintuplicam-em-agosto\/","title":{"rendered":"Pagamentos por cart\u00e3o ou em dinheiro em Viana do Castelo quintuplicam em agosto"},"content":{"rendered":"<p>O presidente da VianaFestas disse ontem que as transa\u00e7\u00f5es eletr\u00f3nicas ou em numer\u00e1rio, no m\u00eas de agosto, quintuplicam em Viana do Castelo, \u201calavancadas\u201d pela realiza\u00e7\u00e3o da Romaria d\u2019Agonia.<\/p>\n<p>Em declara\u00e7\u00f5es aos jornalistas no final da apresenta\u00e7\u00e3o de um estudo de impacto econ\u00f3mico da Romaria d\u2019Agonia, Manuel Vitorino adiantou que no m\u00eas de agosto, e de acordo dados da SIBS, \u201cas transa\u00e7\u00f5es por via eletr\u00f3nica, atrav\u00e9s de cart\u00f5es, atingem mais de 105,4 milh\u00f5es de euros\u201d.<\/p>\n<p>\u201cDe janeiro a agosto de 2022 estamos a falar de mais de 322 milh\u00f5es e 400 mil euros. Quer dizer que o acumulado, de janeiro a julho, \u00e9 de 217. Se temos uma m\u00e9dia, ao longo de sete meses de 31 milh\u00f5es de euros e, temos no m\u00eas de agosto 105 milh\u00f5es e 400 mil euros quer dizer que h\u00e1 um fator multiplicador, apenas das transa\u00e7\u00f5es eletr\u00f3nicas de 3,38%. Se incluirmos as transa\u00e7\u00f5es em numer\u00e1rio, este fator \u00e9 alavancado, quase quintuplica\u201d, especificou.<\/p>\n<p>Margarete Costa, da empresa Digignozit, respons\u00e1vel pelo estudo, adiantou que, em 2022, um milh\u00e3o e 250 mil de pessoas visitaram Viana do Castelo durante os cinco dias da Romaria d\u2019Agonia.<\/p>\n<p>\u201cDesses visitantes 36,11 gastaram em m\u00e9dia de 70 euros, 17,22% gastaram 200 euros, 14,86% gastaram 30 euros, 9,27% gastaram 250 euros e, 7,33% gastaram at\u00e9 500 euros. Com base nestes valores conseguimos fazer o c\u00e1lculo, m\u00e9dio, o impacto econ\u00f3mico das fastas\u201d, afirmou.<\/p>\n<p>O estudo, apresentado durante cerca de duas horas na biblioteca municipal de Viana do Castelo, revela que, em agosto de 2022, foram realizadas em Viana do Castelo mais de 1,3 milh\u00f5es de transa\u00e7\u00f5es, com uma varia\u00e7\u00e3o hom\u00f3loga de 19%, relativas a opera\u00e7\u00f5es de pagamento eletr\u00f3nico, realizadas com cart\u00f5es de todos os pa\u00edses para pagamentos em todos os setores da economia\u201d.<\/p>\n<p>Margarete Costa explicou que o estudo, encomendado pela C\u00e2mara de Viana do Castelo, foi feito com base em dados do Instituto Nacional de Estat\u00edstica (INE) e da SIBS.<\/p>\n<p>A amostra do estudo abrangeu 2.880 visitantes, sendo que, presencialmente, foram auscultadas, entre 17 e 21 de agosto de 2022, 1.526 pessoas e, atrav\u00e9s de plataformas \u2018online\u2019 1.354.<\/p>\n<p>Os visitantes s\u00e3o, sobretudo, portugueses 63,68%, espanh\u00f3is, 32,08%, franceses 1,8% e Brasil 1,11%, sendo que 66% de participa\u00e7\u00e3o na romaria foi p\u00fablico feminino.<\/p>\n<p>O valor apurado de todas as opera\u00e7\u00f5es efetuadas, no m\u00eas de agosto de 2022, no concelho de Viana do Castelo, com cart\u00f5es de todos os pa\u00edses em alojamentos tur\u00edsticos, foi de 1,830.900 euros.<\/p>\n<p>A avalia\u00e7\u00e3o dos eventos da romaria recaiu no Desfile da Mordomia (com m\u00e9dia 4,50), seguido da confe\u00e7\u00e3o dos Tapetes Floridos nas Ruas da Ribeira (4,35), Prociss\u00e3o ao Mar e B\u00ean\u00e7\u00e3o dos Barcos dos Pescadores (4,28), e o Cortejo Hist\u00f3rico\/ Etnogr\u00e1fico (4,24).<\/p>\n<p>O \u201calojamento tur\u00edstico no distrito de Viana do Castelo registou 161.101 dormidas em agosto de 2022, apenas nos segmentos de hotelaria, alojamento local e turismo no espa\u00e7o rural e de habita\u00e7\u00e3o, os valores mensais mais elevados desde que h\u00e1 registo, correspondendo a varia\u00e7\u00f5es de 17,49% e 34,72% e 18,10%, respetivamente agosto de 2021 (137.118), 2020 (119.582) e 2019 (136.405), pela mesma ordem)\u201d.<\/p>\n<p>No concelho, \u201cnos primeiros dez meses de 2022, o h\u00f3spede por mercado teve maior express\u00e3o no interno, tendo crescido 10,57% face a 2019, contribuindo para um total de 134.552 h\u00f3spedes, mais 9,36% do que em 2019 (123.031)\u201d.<\/p>\n<p>\u201cO mercado externo teve um peso de +8,05% (em rela\u00e7\u00e3o a 2019) e registou 63.616 h\u00f3spedes estrangeiros. Agosto de 2022 contabilizou 20.036 h\u00f3spedes no total, 10.034 residentes em Portugal e 10.002 estrangeiros.<\/p>\n<p>A Romaria d\u2019Agonia vai realizar-se em 2023, pela primeira vez, em nove dias de festa, de 14 a 22 de agosto, face \u00e0 cada vez maior aflu\u00eancia, distribuindo os v\u00e1rios quadros j\u00e1 emblem\u00e1ticos, e como forma de potenciar a atra\u00e7\u00e3o tur\u00edstica de Viana do Castelo.<\/p>\n<p>A devo\u00e7\u00e3o \u00e0 Senhora d&#8217;Agonia iniciou-se em 1751, com a entrada da imagem na Capela do Bom Jesus. Em 1783, a Sagrada Congrega\u00e7\u00e3o dos Ritos concedeu faculdade e licen\u00e7a para todos os anos se celebrar nesta capela, no dia 20 de agosto, uma Missa Solene, data que a cidade de Viana elegeu como Feriado Municipal e que se comemora desde ent\u00e3o.<\/p>\n","protected":false},"excerpt":{"rendered":"<p>O presidente da VianaFestas disse ontem que as transa\u00e7\u00f5es eletr\u00f3nicas ou em numer\u00e1rio, no m\u00eas de agosto, quintuplicam em Viana do Castelo, \u201calavancadas\u201d pela realiza\u00e7\u00e3o da Romaria d\u2019Agonia. Em declara\u00e7\u00f5es aos jornalistas no final da apresenta\u00e7\u00e3o de um estudo de impacto econ\u00f3mico da Romaria d\u2019Agonia, Manuel Vitorino adiantou que no m\u00eas de agosto, e de [&hellip;]<\/p>\n","protected":false},"author":13,"featured_media":92880,"comment_status":"closed","ping_status":"closed","sticky":false,"template":"","format":"standard","meta":{"_exactmetrics_skip_tracking":false,"footnotes":""},"categories":[14],"tags":[21],"class_list":["post-92879","post","type-post","status-publish","format-standard","has-post-thumbnail","hentry","category-viana-do-castelo","tag-economia"],"yoast_head":"<!-- This site is optimized with the Yoast SEO Premium plugin v28.3 (Yoast SEO v28.3) - https:\/\/yoast.com\/product\/yoast-seo-premium-wordpress\/ -->\n<title>Pagamentos por cart\u00e3o ou em dinheiro em Viana do Castelo quintuplicam em agosto<\/title>\n<meta name=\"robots\" content=\"index, follow, max-snippet:-1, max-image-preview:large, max-video-preview:-1\" \/>\n<link rel=\"canonical\" href=\"https:\/\/www.altominho.tv\/site\/2023\/05\/31\/pagamentos-por-cartao-ou-em-dinheiro-em-viana-do-castelo-quintuplicam-em-agosto\/\" \/>\n<meta property=\"og:locale\" content=\"pt_PT\" \/>\n<meta property=\"og:type\" content=\"article\" \/>\n<meta property=\"og:title\" content=\"Pagamentos por cart\u00e3o ou em dinheiro em Viana do Castelo quintuplicam em agosto\" \/>\n<meta property=\"og:description\" content=\"O presidente da VianaFestas disse ontem que as transa\u00e7\u00f5es eletr\u00f3nicas ou em numer\u00e1rio, no m\u00eas de agosto, quintuplicam em Viana do Castelo, \u201calavancadas\u201d pela realiza\u00e7\u00e3o da Romaria d\u2019Agonia. Em declara\u00e7\u00f5es aos jornalistas no final da apresenta\u00e7\u00e3o de um estudo de impacto econ\u00f3mico da Romaria d\u2019Agonia, Manuel Vitorino adiantou que no m\u00eas de agosto, e de [&hellip;]\" \/>\n<meta property=\"og:url\" content=\"https:\/\/www.altominho.tv\/site\/2023\/05\/31\/pagamentos-por-cartao-ou-em-dinheiro-em-viana-do-castelo-quintuplicam-em-agosto\/\" \/>\n<meta property=\"og:site_name\" content=\"Altominho.tv\" \/>\n<meta property=\"article:publisher\" content=\"https:\/\/www.facebook.com\/altominhotv\" \/>\n<meta property=\"article:published_time\" content=\"2023-05-31T08:27:10+00:00\" \/>\n<meta property=\"article:modified_time\" content=\"2023-05-31T08:27:15+00:00\" \/>\n<meta property=\"og:image\" content=\"https:\/\/www.altominho.tv\/site\/wp-content\/uploads\/2023\/05\/agonia.jpeg\" \/>\n\t<meta property=\"og:image:width\" content=\"1855\" \/>\n\t<meta property=\"og:image:height\" content=\"1134\" \/>\n\t<meta property=\"og:image:type\" content=\"image\/jpeg\" \/>\n<meta name=\"author\" content=\"Lusa\" \/>\n<meta name=\"twitter:card\" content=\"summary_large_image\" \/>\n<meta name=\"twitter:creator\" content=\"@altominhoTV\" \/>\n<meta name=\"twitter:site\" content=\"@altominhoTV\" \/>\n<meta name=\"twitter:label1\" content=\"Escrito por\" \/>\n\t<meta name=\"twitter:data1\" content=\"Lusa\" \/>\n\t<meta name=\"twitter:label2\" content=\"Tempo estimado de leitura\" \/>\n\t<meta name=\"twitter:data2\" content=\"4 minutos\" \/>\n<script type=\"application\/ld+json\" class=\"yoast-schema-graph\">{\"@context\":\"https:\\\/\\\/schema.org\",\"@graph\":[{\"@type\":\"Article\",\"@id\":\"https:\\\/\\\/www.altominho.tv\\\/site\\\/2023\\\/05\\\/31\\\/pagamentos-por-cartao-ou-em-dinheiro-em-viana-do-castelo-quintuplicam-em-agosto\\\/#article\",\"isPartOf\":{\"@id\":\"https:\\\/\\\/www.altominho.tv\\\/site\\\/2023\\\/05\\\/31\\\/pagamentos-por-cartao-ou-em-dinheiro-em-viana-do-castelo-quintuplicam-em-agosto\\\/\"},\"author\":{\"name\":\"Lusa\",\"@id\":\"https:\\\/\\\/www.altominho.tv\\\/site\\\/#\\\/schema\\\/person\\\/63f693da3e1899361cbe955c46f3232e\"},\"headline\":\"Pagamentos por cart\u00e3o ou em dinheiro em Viana do Castelo quintuplicam em agosto\",\"datePublished\":\"2023-05-31T08:27:10+00:00\",\"dateModified\":\"2023-05-31T08:27:15+00:00\",\"mainEntityOfPage\":{\"@id\":\"https:\\\/\\\/www.altominho.tv\\\/site\\\/2023\\\/05\\\/31\\\/pagamentos-por-cartao-ou-em-dinheiro-em-viana-do-castelo-quintuplicam-em-agosto\\\/\"},\"wordCount\":696,\"image\":{\"@id\":\"https:\\\/\\\/www.altominho.tv\\\/site\\\/2023\\\/05\\\/31\\\/pagamentos-por-cartao-ou-em-dinheiro-em-viana-do-castelo-quintuplicam-em-agosto\\\/#primaryimage\"},\"thumbnailUrl\":\"https:\\\/\\\/www.altominho.tv\\\/site\\\/wp-content\\\/uploads\\\/2023\\\/05\\\/agonia.jpeg\",\"keywords\":[\"Economia\"],\"articleSection\":[\"Viana do Castelo\"],\"inLanguage\":\"pt-PT\",\"copyrightYear\":\"2023\",\"copyrightHolder\":{\"@id\":\"https:\\\/\\\/www.altominho.tv\\\/site\\\/#organization\"}},{\"@type\":\"WebPage\",\"@id\":\"https:\\\/\\\/www.altominho.tv\\\/site\\\/2023\\\/05\\\/31\\\/pagamentos-por-cartao-ou-em-dinheiro-em-viana-do-castelo-quintuplicam-em-agosto\\\/\",\"url\":\"https:\\\/\\\/www.altominho.tv\\\/site\\\/2023\\\/05\\\/31\\\/pagamentos-por-cartao-ou-em-dinheiro-em-viana-do-castelo-quintuplicam-em-agosto\\\/\",\"name\":\"Pagamentos por cart\u00e3o ou em dinheiro em Viana do Castelo quintuplicam em agosto\",\"isPartOf\":{\"@id\":\"https:\\\/\\\/www.altominho.tv\\\/site\\\/#website\"},\"primaryImageOfPage\":{\"@id\":\"https:\\\/\\\/www.altominho.tv\\\/site\\\/2023\\\/05\\\/31\\\/pagamentos-por-cartao-ou-em-dinheiro-em-viana-do-castelo-quintuplicam-em-agosto\\\/#primaryimage\"},\"image\":{\"@id\":\"https:\\\/\\\/www.altominho.tv\\\/site\\\/2023\\\/05\\\/31\\\/pagamentos-por-cartao-ou-em-dinheiro-em-viana-do-castelo-quintuplicam-em-agosto\\\/#primaryimage\"},\"thumbnailUrl\":\"https:\\\/\\\/www.altominho.tv\\\/site\\\/wp-content\\\/uploads\\\/2023\\\/05\\\/agonia.jpeg\",\"datePublished\":\"2023-05-31T08:27:10+00:00\",\"dateModified\":\"2023-05-31T08:27:15+00:00\",\"author\":{\"@id\":\"https:\\\/\\\/www.altominho.tv\\\/site\\\/#\\\/schema\\\/person\\\/63f693da3e1899361cbe955c46f3232e\"},\"breadcrumb\":{\"@id\":\"https:\\\/\\\/www.altominho.tv\\\/site\\\/2023\\\/05\\\/31\\\/pagamentos-por-cartao-ou-em-dinheiro-em-viana-do-castelo-quintuplicam-em-agosto\\\/#breadcrumb\"},\"inLanguage\":\"pt-PT\",\"potentialAction\":[{\"@type\":\"ReadAction\",\"target\":[\"https:\\\/\\\/www.altominho.tv\\\/site\\\/2023\\\/05\\\/31\\\/pagamentos-por-cartao-ou-em-dinheiro-em-viana-do-castelo-quintuplicam-em-agosto\\\/\"]}]},{\"@type\":\"ImageObject\",\"inLanguage\":\"pt-PT\",\"@id\":\"https:\\\/\\\/www.altominho.tv\\\/site\\\/2023\\\/05\\\/31\\\/pagamentos-por-cartao-ou-em-dinheiro-em-viana-do-castelo-quintuplicam-em-agosto\\\/#primaryimage\",\"url\":\"https:\\\/\\\/www.altominho.tv\\\/site\\\/wp-content\\\/uploads\\\/2023\\\/05\\\/agonia.jpeg\",\"contentUrl\":\"https:\\\/\\\/www.altominho.tv\\\/site\\\/wp-content\\\/uploads\\\/2023\\\/05\\\/agonia.jpeg\",\"width\":1855,\"height\":1134},{\"@type\":\"BreadcrumbList\",\"@id\":\"https:\\\/\\\/www.altominho.tv\\\/site\\\/2023\\\/05\\\/31\\\/pagamentos-por-cartao-ou-em-dinheiro-em-viana-do-castelo-quintuplicam-em-agosto\\\/#breadcrumb\",\"itemListElement\":[{\"@type\":\"ListItem\",\"position\":1,\"name\":\"In\u00edcio\",\"item\":\"https:\\\/\\\/www.altominho.tv\\\/site\\\/\"},{\"@type\":\"ListItem\",\"position\":2,\"name\":\"Pagamentos por cart\u00e3o ou em dinheiro em Viana do Castelo quintuplicam em agosto\"}]},{\"@type\":\"WebSite\",\"@id\":\"https:\\\/\\\/www.altominho.tv\\\/site\\\/#website\",\"url\":\"https:\\\/\\\/www.altominho.tv\\\/site\\\/\",\"name\":\"Altominho.tv\",\"description\":\"A sua regi\u00e3o \u00e0 dist\u00e2ncia de um clique...\",\"potentialAction\":[{\"@type\":\"SearchAction\",\"target\":{\"@type\":\"EntryPoint\",\"urlTemplate\":\"https:\\\/\\\/www.altominho.tv\\\/site\\\/?s={search_term_string}\"},\"query-input\":{\"@type\":\"PropertyValueSpecification\",\"valueRequired\":true,\"valueName\":\"search_term_string\"}}],\"inLanguage\":\"pt-PT\"},{\"@type\":\"Person\",\"@id\":\"https:\\\/\\\/www.altominho.tv\\\/site\\\/#\\\/schema\\\/person\\\/63f693da3e1899361cbe955c46f3232e\",\"name\":\"Lusa\",\"image\":{\"@type\":\"ImageObject\",\"inLanguage\":\"pt-PT\",\"@id\":\"https:\\\/\\\/www.altominho.tv\\\/site\\\/wp-content\\\/uploads\\\/2019\\\/08\\\/LUSA_Logo.gif\",\"url\":\"https:\\\/\\\/www.altominho.tv\\\/site\\\/wp-content\\\/uploads\\\/2019\\\/08\\\/LUSA_Logo.gif\",\"contentUrl\":\"https:\\\/\\\/www.altominho.tv\\\/site\\\/wp-content\\\/uploads\\\/2019\\\/08\\\/LUSA_Logo.gif\",\"caption\":\"Lusa\"},\"sameAs\":[\"http:\\\/\\\/\\\/\\\/www.altominho.tv\\\/site\"],\"url\":\"https:\\\/\\\/www.altominho.tv\\\/site\\\/author\\\/lusa\\\/\"}]}<\/script>\n<!-- \/ Yoast SEO Premium plugin. -->","yoast_head_json":{"title":"Pagamentos por cart\u00e3o ou em dinheiro em Viana do Castelo quintuplicam em agosto","robots":{"index":"index","follow":"follow","max-snippet":"max-snippet:-1","max-image-preview":"max-image-preview:large","max-video-preview":"max-video-preview:-1"},"canonical":"https:\/\/www.altominho.tv\/site\/2023\/05\/31\/pagamentos-por-cartao-ou-em-dinheiro-em-viana-do-castelo-quintuplicam-em-agosto\/","og_locale":"pt_PT","og_type":"article","og_title":"Pagamentos por cart\u00e3o ou em dinheiro em Viana do Castelo quintuplicam em agosto","og_description":"O presidente da VianaFestas disse ontem que as transa\u00e7\u00f5es eletr\u00f3nicas ou em numer\u00e1rio, no m\u00eas de agosto, quintuplicam em Viana do Castelo, \u201calavancadas\u201d pela realiza\u00e7\u00e3o da Romaria d\u2019Agonia. Em declara\u00e7\u00f5es aos jornalistas no final da apresenta\u00e7\u00e3o de um estudo de impacto econ\u00f3mico da Romaria d\u2019Agonia, Manuel Vitorino adiantou que no m\u00eas de agosto, e de [&hellip;]","og_url":"https:\/\/www.altominho.tv\/site\/2023\/05\/31\/pagamentos-por-cartao-ou-em-dinheiro-em-viana-do-castelo-quintuplicam-em-agosto\/","og_site_name":"Altominho.tv","article_publisher":"https:\/\/www.facebook.com\/altominhotv","article_published_time":"2023-05-31T08:27:10+00:00","article_modified_time":"2023-05-31T08:27:15+00:00","og_image":[{"width":1855,"height":1134,"url":"https:\/\/www.altominho.tv\/site\/wp-content\/uploads\/2023\/05\/agonia.jpeg","type":"image\/jpeg"}],"author":"Lusa","twitter_card":"summary_large_image","twitter_creator":"@altominhoTV","twitter_site":"@altominhoTV","twitter_misc":{"Escrito por":"Lusa","Tempo estimado de leitura":"4 minutos"},"schema":{"@context":"https:\/\/schema.org","@graph":[{"@type":"Article","@id":"https:\/\/www.altominho.tv\/site\/2023\/05\/31\/pagamentos-por-cartao-ou-em-dinheiro-em-viana-do-castelo-quintuplicam-em-agosto\/#article","isPartOf":{"@id":"https:\/\/www.altominho.tv\/site\/2023\/05\/31\/pagamentos-por-cartao-ou-em-dinheiro-em-viana-do-castelo-quintuplicam-em-agosto\/"},"author":{"name":"Lusa","@id":"https:\/\/www.altominho.tv\/site\/#\/schema\/person\/63f693da3e1899361cbe955c46f3232e"},"headline":"Pagamentos por cart\u00e3o ou em dinheiro em Viana do Castelo quintuplicam em agosto","datePublished":"2023-05-31T08:27:10+00:00","dateModified":"2023-05-31T08:27:15+00:00","mainEntityOfPage":{"@id":"https:\/\/www.altominho.tv\/site\/2023\/05\/31\/pagamentos-por-cartao-ou-em-dinheiro-em-viana-do-castelo-quintuplicam-em-agosto\/"},"wordCount":696,"image":{"@id":"https:\/\/www.altominho.tv\/site\/2023\/05\/31\/pagamentos-por-cartao-ou-em-dinheiro-em-viana-do-castelo-quintuplicam-em-agosto\/#primaryimage"},"thumbnailUrl":"https:\/\/www.altominho.tv\/site\/wp-content\/uploads\/2023\/05\/agonia.jpeg","keywords":["Economia"],"articleSection":["Viana do Castelo"],"inLanguage":"pt-PT","copyrightYear":"2023","copyrightHolder":{"@id":"https:\/\/www.altominho.tv\/site\/#organization"}},{"@type":"WebPage","@id":"https:\/\/www.altominho.tv\/site\/2023\/05\/31\/pagamentos-por-cartao-ou-em-dinheiro-em-viana-do-castelo-quintuplicam-em-agosto\/","url":"https:\/\/www.altominho.tv\/site\/2023\/05\/31\/pagamentos-por-cartao-ou-em-dinheiro-em-viana-do-castelo-quintuplicam-em-agosto\/","name":"Pagamentos por cart\u00e3o ou em dinheiro em Viana do Castelo quintuplicam em agosto","isPartOf":{"@id":"https:\/\/www.altominho.tv\/site\/#website"},"primaryImageOfPage":{"@id":"https:\/\/www.altominho.tv\/site\/2023\/05\/31\/pagamentos-por-cartao-ou-em-dinheiro-em-viana-do-castelo-quintuplicam-em-agosto\/#primaryimage"},"image":{"@id":"https:\/\/www.altominho.tv\/site\/2023\/05\/31\/pagamentos-por-cartao-ou-em-dinheiro-em-viana-do-castelo-quintuplicam-em-agosto\/#primaryimage"},"thumbnailUrl":"https:\/\/www.altominho.tv\/site\/wp-content\/uploads\/2023\/05\/agonia.jpeg","datePublished":"2023-05-31T08:27:10+00:00","dateModified":"2023-05-31T08:27:15+00:00","author":{"@id":"https:\/\/www.altominho.tv\/site\/#\/schema\/person\/63f693da3e1899361cbe955c46f3232e"},"breadcrumb":{"@id":"https:\/\/www.altominho.tv\/site\/2023\/05\/31\/pagamentos-por-cartao-ou-em-dinheiro-em-viana-do-castelo-quintuplicam-em-agosto\/#breadcrumb"},"inLanguage":"pt-PT","potentialAction":[{"@type":"ReadAction","target":["https:\/\/www.altominho.tv\/site\/2023\/05\/31\/pagamentos-por-cartao-ou-em-dinheiro-em-viana-do-castelo-quintuplicam-em-agosto\/"]}]},{"@type":"ImageObject","inLanguage":"pt-PT","@id":"https:\/\/www.altominho.tv\/site\/2023\/05\/31\/pagamentos-por-cartao-ou-em-dinheiro-em-viana-do-castelo-quintuplicam-em-agosto\/#primaryimage","url":"https:\/\/www.altominho.tv\/site\/wp-content\/uploads\/2023\/05\/agonia.jpeg","contentUrl":"https:\/\/www.altominho.tv\/site\/wp-content\/uploads\/2023\/05\/agonia.jpeg","width":1855,"height":1134},{"@type":"BreadcrumbList","@id":"https:\/\/www.altominho.tv\/site\/2023\/05\/31\/pagamentos-por-cartao-ou-em-dinheiro-em-viana-do-castelo-quintuplicam-em-agosto\/#breadcrumb","itemListElement":[{"@type":"ListItem","position":1,"name":"In\u00edcio","item":"https:\/\/www.altominho.tv\/site\/"},{"@type":"ListItem","position":2,"name":"Pagamentos por cart\u00e3o ou em dinheiro em Viana do Castelo quintuplicam em agosto"}]},{"@type":"WebSite","@id":"https:\/\/www.altominho.tv\/site\/#website","url":"https:\/\/www.altominho.tv\/site\/","name":"Altominho.tv","description":"A sua regi\u00e3o \u00e0 dist\u00e2ncia de um clique...","potentialAction":[{"@type":"SearchAction","target":{"@type":"EntryPoint","urlTemplate":"https:\/\/www.altominho.tv\/site\/?s={search_term_string}"},"query-input":{"@type":"PropertyValueSpecification","valueRequired":true,"valueName":"search_term_string"}}],"inLanguage":"pt-PT"},{"@type":"Person","@id":"https:\/\/www.altominho.tv\/site\/#\/schema\/person\/63f693da3e1899361cbe955c46f3232e","name":"Lusa","image":{"@type":"ImageObject","inLanguage":"pt-PT","@id":"https:\/\/www.altominho.tv\/site\/wp-content\/uploads\/2019\/08\/LUSA_Logo.gif","url":"https:\/\/www.altominho.tv\/site\/wp-content\/uploads\/2019\/08\/LUSA_Logo.gif","contentUrl":"https:\/\/www.altominho.tv\/site\/wp-content\/uploads\/2019\/08\/LUSA_Logo.gif","caption":"Lusa"},"sameAs":["http:\/\/\/\/www.altominho.tv\/site"],"url":"https:\/\/www.altominho.tv\/site\/author\/lusa\/"}]}},"_links":{"self":[{"href":"https:\/\/www.altominho.tv\/site\/wp-json\/wp\/v2\/posts\/92879","targetHints":{"allow":["GET"]}}],"collection":[{"href":"https:\/\/www.altominho.tv\/site\/wp-json\/wp\/v2\/posts"}],"about":[{"href":"https:\/\/www.altominho.tv\/site\/wp-json\/wp\/v2\/types\/post"}],"author":[{"embeddable":true,"href":"https:\/\/www.altominho.tv\/site\/wp-json\/wp\/v2\/users\/13"}],"replies":[{"embeddable":true,"href":"https:\/\/www.altominho.tv\/site\/wp-json\/wp\/v2\/comments?post=92879"}],"version-history":[{"count":1,"href":"https:\/\/www.altominho.tv\/site\/wp-json\/wp\/v2\/posts\/92879\/revisions"}],"predecessor-version":[{"id":92881,"href":"https:\/\/www.altominho.tv\/site\/wp-json\/wp\/v2\/posts\/92879\/revisions\/92881"}],"wp:featuredmedia":[{"embeddable":true,"href":"https:\/\/www.altominho.tv\/site\/wp-json\/wp\/v2\/media\/92880"}],"wp:attachment":[{"href":"https:\/\/www.altominho.tv\/site\/wp-json\/wp\/v2\/media?parent=92879"}],"wp:term":[{"taxonomy":"category","embeddable":true,"href":"https:\/\/www.altominho.tv\/site\/wp-json\/wp\/v2\/categories?post=92879"},{"taxonomy":"post_tag","embeddable":true,"href":"https:\/\/www.altominho.tv\/site\/wp-json\/wp\/v2\/tags?post=92879"}],"curies":[{"name":"wp","href":"https:\/\/api.w.org\/{rel}","templated":true}]}}