{"id":92870,"date":"2023-05-30T17:05:29","date_gmt":"2023-05-30T16:05:29","guid":{"rendered":"https:\/\/www.altominho.tv\/site\/?p=92870"},"modified":"2023-05-30T17:05:34","modified_gmt":"2023-05-30T16:05:34","slug":"capitania-de-caminha-permite-pesca-embarcada-na-insua-com-mar-e-vento-favoraveis","status":"publish","type":"post","link":"https:\/\/www.altominho.tv\/site\/2023\/05\/30\/capitania-de-caminha-permite-pesca-embarcada-na-insua-com-mar-e-vento-favoraveis\/","title":{"rendered":"Capitania de Caminha permite pesca embarcada na \u00cdnsua com mar e vento favor\u00e1veis"},"content":{"rendered":"<p>O capit\u00e3o do porto de Caminha informou hoje que a pesca embarcada l\u00fadica e profissional vai ser permitida na zona a sul da ilha da \u00cdnsua, sempre que as condi\u00e7\u00f5es meteorol\u00f3gicas e oceanogr\u00e1ficas sejam favor\u00e1veis \u00e0 navega\u00e7\u00e3o.<\/p>\n<p>\u201cEncontrei algum m\u00e9rito nas propostas que me foram apresentadas, na semana passada, pelos pescadores l\u00fadicos e decidi que iria fazer uma altera\u00e7\u00e3o ao edital, permitindo a pesca l\u00fadica embarcada, assim como a profissional, naquele local, mas dependendo das condi\u00e7\u00f5es meteorol\u00f3gicas e oceanogr\u00e1ficas\u201d, afirmou \u00e0 ag\u00eancia Lusa, Pedro Santos Jorge.<\/p>\n<p>Em causa est\u00e1 um edital que entrou em vigor no in\u00edcio de maio que, \u201cde acordo com este diploma legal, e tendo em conta os condicionalismos ao exerc\u00edcio deste tipo de pesca, preceituados na Portaria n.\u00ba 14\/2014, de 23 de janeiro, para garantir a seguran\u00e7a da navega\u00e7\u00e3o e a preserva\u00e7\u00e3o da biodiversidade marinha, \u00e9 expressamente proibida a pesca l\u00fadica apeada\u201d, refere o documento.<\/p>\n<p>Contactado, a prop\u00f3sito de um comunicado hoje enviado \u00e0 imprensa pelo movimento que representa cerca de 200 pescadores l\u00fadicos, o capit\u00e3o do porto e comandante da Pol\u00edcia Mar\u00edtima (PM) de Caminha, disse que a sua decis\u00e3o foi comunicada, na segunda-feira, numa reuni\u00e3o que manteve com o presidente e o vice-presidente da Associa\u00e7\u00e3o de Pescadores de Vila Praia de \u00c2ncora, Vasco Presa e Carlos Sampaio, respetivamente, e com Lu\u00eds Domingues, porta-voz dos pescadores l\u00fadicos.<\/p>\n<p>\u201cA Autoridade Mar\u00edtima tem um objetivo primordial. Salvaguardar a vida humana no mar e, prevenir acidentes. Eu n\u00e3o fico descansado se a pesca for efetuada, naquele local, em condi\u00e7\u00f5es de mar adversas. Nesse sentido, decidi reescrever alguns par\u00e1grafos do edital, permitindo a pesca, quando o mar e o vento possibilitam e, n\u00e3o permitindo quando as condi\u00e7\u00f5es meteorol\u00f3gicas e oceanogr\u00e1ficas s\u00e3o adversas\u201d, frisou\u00a0Pedro Santos Jorge.<\/p>\n<p>Na semana passada, ap\u00f3s uma reuni\u00e3o com os mesmos representantes da pesca em Caminha, Pedro Santos Jorge anunciou a permiss\u00e3o da l\u00fadica apeada na ilha da \u00cdnsua, exceto no po\u00e7o da foz, onde j\u00e1 era proibido pescar.\u2028\u2028Hoje no comunicado, o movimento de pescadores l\u00fadicos refere que \u201cas medidas apresentadas n\u00e3o v\u00e3o, na totalidade ao encontro das suas pretens\u00f5es\u201d por serem \u201cextremamente limitadoras \u00e0 pr\u00e1tica da pesca embarcada na zona sul\u201d da \u00cdnsua.<\/p>\n<p>\u201cTendo em conta que as condi\u00e7\u00f5es meteorol\u00f3gicas e oceanogr\u00e1ficas (vento e mar) apresentadas para que seja permitida a pr\u00e1tica desta atividade nesta zona s\u00e3o extremamente confinantes, e comparando-as com outras atividades\/modalidades (como a pr\u00f3pria navega\u00e7\u00e3o em si, assim como outros desportos n\u00e1uticos). que s\u00e3o poss\u00edveis no mesmo local com condi\u00e7\u00f5es de vento e mar muito superiores ao que \u00e9 permitida a pesca. Desta forma sentimos que mais uma vez, sai prejudicada a pesca l\u00fadica\u201d, refere a nota.<\/p>\n<p>O movimento adianta tamb\u00e9m que ir\u00e1 criar \u201cuma associa\u00e7\u00e3o de pescadores para representar os pescadores l\u00fadicos, nesta zona, de forma a proteger e a dar voz aos interesses da pesca l\u00fadica nesta localiza\u00e7\u00e3o e em todo o rio Minho\u201d.<\/p>\n<p>O movimento considera que \u201ca Associa\u00e7\u00e3o de Pescadores de Vila Praia de \u00c2ncora n\u00e3o defendeu as suas pretens\u00f5es neste processo, al\u00e9m da tomada de decis\u00f5es por um dirigente da parte da pesca profissional que deitou por terra as negocia\u00e7\u00f5es com as entidades, que estavam muito bem encaminhadas\u201d.<\/p>\n<p>\u201cNada beneficiam a nossa causa, e agiram sem consulta dos elementos deste movimento. Das propostas por n\u00f3s apresentadas nenhuma foi aceite ou negociada, sendo que apenas nos foi apresentada uma decis\u00e3o final, sem termos sido consultados sobre a mesma e sem margem para negocia\u00e7\u00e3o da parte do porta-voz do grupo Lu\u00eds Domingues e do vice-presidente da associa\u00e7\u00e3o e respons\u00e1vel pela parte l\u00fadica Carlos Sampaio. Resta-nos aguardar pela publica\u00e7\u00e3o da altera\u00e7\u00e3o ao edital 653\/2023, para a\u00ed tomarmos uma posi\u00e7\u00e3o sobre esta mat\u00e9ria\u201d, acrescenta a nota.<\/p>\n","protected":false},"excerpt":{"rendered":"<p>O capit\u00e3o do porto de Caminha informou hoje que a pesca embarcada l\u00fadica e profissional vai ser permitida na zona a sul da ilha da \u00cdnsua, sempre que as condi\u00e7\u00f5es meteorol\u00f3gicas e oceanogr\u00e1ficas sejam favor\u00e1veis \u00e0 navega\u00e7\u00e3o. \u201cEncontrei algum m\u00e9rito nas propostas que me foram apresentadas, na semana passada, pelos pescadores l\u00fadicos e decidi que [&hellip;]<\/p>\n","protected":false},"author":13,"featured_media":92871,"comment_status":"closed","ping_status":"closed","sticky":false,"template":"","format":"standard","meta":{"_exactmetrics_skip_tracking":false,"_exactmetrics_sitenote_active":false,"_exactmetrics_sitenote_note":"","_exactmetrics_sitenote_category":0,"footnotes":""},"categories":[7],"tags":[27],"class_list":["post-92870","post","type-post","status-publish","format-standard","has-post-thumbnail","hentry","category-caminha","tag-sociedade"],"yoast_head":"<!-- This site is optimized with the Yoast SEO Premium plugin v27.5 (Yoast SEO v27.5) - https:\/\/yoast.com\/product\/yoast-seo-premium-wordpress\/ -->\n<title>Capitania de Caminha permite pesca embarcada na \u00cdnsua com mar e vento favor\u00e1veis<\/title>\n<meta name=\"description\" content=\"O capit\u00e3o do porto de Caminha informou hoje que a pesca embarcada l\u00fadica e profissional vai ser permitida na zona a sul da ilha da \u00cdnsua, sempre que as condi\u00e7\u00f5es meteorol\u00f3gicas e oceanogr\u00e1ficas sejam favor\u00e1veis \u00e0 navega\u00e7\u00e3o.\" \/>\n<meta name=\"robots\" content=\"index, follow, max-snippet:-1, max-image-preview:large, max-video-preview:-1\" \/>\n<link rel=\"canonical\" href=\"https:\/\/www.altominho.tv\/site\/2023\/05\/30\/capitania-de-caminha-permite-pesca-embarcada-na-insua-com-mar-e-vento-favoraveis\/\" \/>\n<meta property=\"og:locale\" content=\"pt_PT\" \/>\n<meta property=\"og:type\" content=\"article\" \/>\n<meta property=\"og:title\" content=\"Capitania de Caminha permite pesca embarcada na \u00cdnsua com mar e vento favor\u00e1veis\" \/>\n<meta property=\"og:description\" content=\"O capit\u00e3o do porto de Caminha informou hoje que a pesca embarcada l\u00fadica e profissional vai ser permitida na zona a sul da ilha da \u00cdnsua, sempre que as condi\u00e7\u00f5es meteorol\u00f3gicas e oceanogr\u00e1ficas sejam favor\u00e1veis \u00e0 navega\u00e7\u00e3o.\" \/>\n<meta property=\"og:url\" content=\"https:\/\/www.altominho.tv\/site\/2023\/05\/30\/capitania-de-caminha-permite-pesca-embarcada-na-insua-com-mar-e-vento-favoraveis\/\" \/>\n<meta property=\"og:site_name\" content=\"Altominho.tv\" \/>\n<meta property=\"article:publisher\" content=\"https:\/\/www.facebook.com\/altominhotv\" \/>\n<meta property=\"article:published_time\" content=\"2023-05-30T16:05:29+00:00\" \/>\n<meta property=\"article:modified_time\" content=\"2023-05-30T16:05:34+00:00\" \/>\n<meta property=\"og:image\" content=\"https:\/\/www.altominho.tv\/site\/wp-content\/uploads\/2023\/05\/pesca-lampreia-740x444-1.jpeg\" \/>\n\t<meta property=\"og:image:width\" content=\"740\" \/>\n\t<meta property=\"og:image:height\" content=\"444\" \/>\n\t<meta property=\"og:image:type\" content=\"image\/jpeg\" \/>\n<meta name=\"author\" content=\"Lusa\" \/>\n<meta name=\"twitter:card\" content=\"summary_large_image\" \/>\n<meta name=\"twitter:creator\" content=\"@altominhoTV\" \/>\n<meta name=\"twitter:site\" content=\"@altominhoTV\" \/>\n<meta name=\"twitter:label1\" content=\"Escrito por\" \/>\n\t<meta name=\"twitter:data1\" content=\"Lusa\" \/>\n\t<meta name=\"twitter:label2\" content=\"Tempo estimado de leitura\" \/>\n\t<meta name=\"twitter:data2\" content=\"4 minutos\" \/>\n<script type=\"application\/ld+json\" class=\"yoast-schema-graph\">{\"@context\":\"https:\\\/\\\/schema.org\",\"@graph\":[{\"@type\":\"Article\",\"@id\":\"https:\\\/\\\/www.altominho.tv\\\/site\\\/2023\\\/05\\\/30\\\/capitania-de-caminha-permite-pesca-embarcada-na-insua-com-mar-e-vento-favoraveis\\\/#article\",\"isPartOf\":{\"@id\":\"https:\\\/\\\/www.altominho.tv\\\/site\\\/2023\\\/05\\\/30\\\/capitania-de-caminha-permite-pesca-embarcada-na-insua-com-mar-e-vento-favoraveis\\\/\"},\"author\":{\"name\":\"Lusa\",\"@id\":\"https:\\\/\\\/www.altominho.tv\\\/site\\\/#\\\/schema\\\/person\\\/63f693da3e1899361cbe955c46f3232e\"},\"headline\":\"Capitania de Caminha permite pesca embarcada na \u00cdnsua com mar e vento favor\u00e1veis\",\"datePublished\":\"2023-05-30T16:05:29+00:00\",\"dateModified\":\"2023-05-30T16:05:34+00:00\",\"mainEntityOfPage\":{\"@id\":\"https:\\\/\\\/www.altominho.tv\\\/site\\\/2023\\\/05\\\/30\\\/capitania-de-caminha-permite-pesca-embarcada-na-insua-com-mar-e-vento-favoraveis\\\/\"},\"wordCount\":696,\"image\":{\"@id\":\"https:\\\/\\\/www.altominho.tv\\\/site\\\/2023\\\/05\\\/30\\\/capitania-de-caminha-permite-pesca-embarcada-na-insua-com-mar-e-vento-favoraveis\\\/#primaryimage\"},\"thumbnailUrl\":\"https:\\\/\\\/www.altominho.tv\\\/site\\\/wp-content\\\/uploads\\\/2023\\\/05\\\/pesca-lampreia-740x444-1.jpeg\",\"keywords\":[\"Sociedade\"],\"articleSection\":[\"Caminha\"],\"inLanguage\":\"pt-PT\",\"copyrightYear\":\"2023\",\"copyrightHolder\":{\"@id\":\"https:\\\/\\\/www.altominho.tv\\\/site\\\/#organization\"}},{\"@type\":\"WebPage\",\"@id\":\"https:\\\/\\\/www.altominho.tv\\\/site\\\/2023\\\/05\\\/30\\\/capitania-de-caminha-permite-pesca-embarcada-na-insua-com-mar-e-vento-favoraveis\\\/\",\"url\":\"https:\\\/\\\/www.altominho.tv\\\/site\\\/2023\\\/05\\\/30\\\/capitania-de-caminha-permite-pesca-embarcada-na-insua-com-mar-e-vento-favoraveis\\\/\",\"name\":\"Capitania de Caminha permite pesca embarcada na \u00cdnsua com mar e vento favor\u00e1veis\",\"isPartOf\":{\"@id\":\"https:\\\/\\\/www.altominho.tv\\\/site\\\/#website\"},\"primaryImageOfPage\":{\"@id\":\"https:\\\/\\\/www.altominho.tv\\\/site\\\/2023\\\/05\\\/30\\\/capitania-de-caminha-permite-pesca-embarcada-na-insua-com-mar-e-vento-favoraveis\\\/#primaryimage\"},\"image\":{\"@id\":\"https:\\\/\\\/www.altominho.tv\\\/site\\\/2023\\\/05\\\/30\\\/capitania-de-caminha-permite-pesca-embarcada-na-insua-com-mar-e-vento-favoraveis\\\/#primaryimage\"},\"thumbnailUrl\":\"https:\\\/\\\/www.altominho.tv\\\/site\\\/wp-content\\\/uploads\\\/2023\\\/05\\\/pesca-lampreia-740x444-1.jpeg\",\"datePublished\":\"2023-05-30T16:05:29+00:00\",\"dateModified\":\"2023-05-30T16:05:34+00:00\",\"author\":{\"@id\":\"https:\\\/\\\/www.altominho.tv\\\/site\\\/#\\\/schema\\\/person\\\/63f693da3e1899361cbe955c46f3232e\"},\"description\":\"O capit\u00e3o do porto de Caminha informou hoje que a pesca embarcada l\u00fadica e profissional vai ser permitida na zona a sul da ilha da \u00cdnsua, sempre que as condi\u00e7\u00f5es meteorol\u00f3gicas e oceanogr\u00e1ficas sejam favor\u00e1veis \u00e0 navega\u00e7\u00e3o.\",\"breadcrumb\":{\"@id\":\"https:\\\/\\\/www.altominho.tv\\\/site\\\/2023\\\/05\\\/30\\\/capitania-de-caminha-permite-pesca-embarcada-na-insua-com-mar-e-vento-favoraveis\\\/#breadcrumb\"},\"inLanguage\":\"pt-PT\",\"potentialAction\":[{\"@type\":\"ReadAction\",\"target\":[\"https:\\\/\\\/www.altominho.tv\\\/site\\\/2023\\\/05\\\/30\\\/capitania-de-caminha-permite-pesca-embarcada-na-insua-com-mar-e-vento-favoraveis\\\/\"]}]},{\"@type\":\"ImageObject\",\"inLanguage\":\"pt-PT\",\"@id\":\"https:\\\/\\\/www.altominho.tv\\\/site\\\/2023\\\/05\\\/30\\\/capitania-de-caminha-permite-pesca-embarcada-na-insua-com-mar-e-vento-favoraveis\\\/#primaryimage\",\"url\":\"https:\\\/\\\/www.altominho.tv\\\/site\\\/wp-content\\\/uploads\\\/2023\\\/05\\\/pesca-lampreia-740x444-1.jpeg\",\"contentUrl\":\"https:\\\/\\\/www.altominho.tv\\\/site\\\/wp-content\\\/uploads\\\/2023\\\/05\\\/pesca-lampreia-740x444-1.jpeg\",\"width\":740,\"height\":444},{\"@type\":\"BreadcrumbList\",\"@id\":\"https:\\\/\\\/www.altominho.tv\\\/site\\\/2023\\\/05\\\/30\\\/capitania-de-caminha-permite-pesca-embarcada-na-insua-com-mar-e-vento-favoraveis\\\/#breadcrumb\",\"itemListElement\":[{\"@type\":\"ListItem\",\"position\":1,\"name\":\"In\u00edcio\",\"item\":\"https:\\\/\\\/www.altominho.tv\\\/site\\\/\"},{\"@type\":\"ListItem\",\"position\":2,\"name\":\"Capitania de Caminha permite pesca embarcada na \u00cdnsua com mar e vento favor\u00e1veis\"}]},{\"@type\":\"WebSite\",\"@id\":\"https:\\\/\\\/www.altominho.tv\\\/site\\\/#website\",\"url\":\"https:\\\/\\\/www.altominho.tv\\\/site\\\/\",\"name\":\"Altominho.tv\",\"description\":\"A sua regi\u00e3o \u00e0 dist\u00e2ncia de um clique...\",\"potentialAction\":[{\"@type\":\"SearchAction\",\"target\":{\"@type\":\"EntryPoint\",\"urlTemplate\":\"https:\\\/\\\/www.altominho.tv\\\/site\\\/?s={search_term_string}\"},\"query-input\":{\"@type\":\"PropertyValueSpecification\",\"valueRequired\":true,\"valueName\":\"search_term_string\"}}],\"inLanguage\":\"pt-PT\"},{\"@type\":\"Person\",\"@id\":\"https:\\\/\\\/www.altominho.tv\\\/site\\\/#\\\/schema\\\/person\\\/63f693da3e1899361cbe955c46f3232e\",\"name\":\"Lusa\",\"image\":{\"@type\":\"ImageObject\",\"inLanguage\":\"pt-PT\",\"@id\":\"https:\\\/\\\/www.altominho.tv\\\/site\\\/wp-content\\\/uploads\\\/2019\\\/08\\\/LUSA_Logo.gif\",\"url\":\"https:\\\/\\\/www.altominho.tv\\\/site\\\/wp-content\\\/uploads\\\/2019\\\/08\\\/LUSA_Logo.gif\",\"contentUrl\":\"https:\\\/\\\/www.altominho.tv\\\/site\\\/wp-content\\\/uploads\\\/2019\\\/08\\\/LUSA_Logo.gif\",\"caption\":\"Lusa\"},\"sameAs\":[\"http:\\\/\\\/\\\/\\\/www.altominho.tv\\\/site\"],\"url\":\"https:\\\/\\\/www.altominho.tv\\\/site\\\/author\\\/lusa\\\/\"}]}<\/script>\n<!-- \/ Yoast SEO Premium plugin. -->","yoast_head_json":{"title":"Capitania de Caminha permite pesca embarcada na \u00cdnsua com mar e vento favor\u00e1veis","description":"O capit\u00e3o do porto de Caminha informou hoje que a pesca embarcada l\u00fadica e profissional vai ser permitida na zona a sul da ilha da \u00cdnsua, sempre que as condi\u00e7\u00f5es meteorol\u00f3gicas e oceanogr\u00e1ficas sejam favor\u00e1veis \u00e0 navega\u00e7\u00e3o.","robots":{"index":"index","follow":"follow","max-snippet":"max-snippet:-1","max-image-preview":"max-image-preview:large","max-video-preview":"max-video-preview:-1"},"canonical":"https:\/\/www.altominho.tv\/site\/2023\/05\/30\/capitania-de-caminha-permite-pesca-embarcada-na-insua-com-mar-e-vento-favoraveis\/","og_locale":"pt_PT","og_type":"article","og_title":"Capitania de Caminha permite pesca embarcada na \u00cdnsua com mar e vento favor\u00e1veis","og_description":"O capit\u00e3o do porto de Caminha informou hoje que a pesca embarcada l\u00fadica e profissional vai ser permitida na zona a sul da ilha da \u00cdnsua, sempre que as condi\u00e7\u00f5es meteorol\u00f3gicas e oceanogr\u00e1ficas sejam favor\u00e1veis \u00e0 navega\u00e7\u00e3o.","og_url":"https:\/\/www.altominho.tv\/site\/2023\/05\/30\/capitania-de-caminha-permite-pesca-embarcada-na-insua-com-mar-e-vento-favoraveis\/","og_site_name":"Altominho.tv","article_publisher":"https:\/\/www.facebook.com\/altominhotv","article_published_time":"2023-05-30T16:05:29+00:00","article_modified_time":"2023-05-30T16:05:34+00:00","og_image":[{"width":740,"height":444,"url":"https:\/\/www.altominho.tv\/site\/wp-content\/uploads\/2023\/05\/pesca-lampreia-740x444-1.jpeg","type":"image\/jpeg"}],"author":"Lusa","twitter_card":"summary_large_image","twitter_creator":"@altominhoTV","twitter_site":"@altominhoTV","twitter_misc":{"Escrito por":"Lusa","Tempo estimado de leitura":"4 minutos"},"schema":{"@context":"https:\/\/schema.org","@graph":[{"@type":"Article","@id":"https:\/\/www.altominho.tv\/site\/2023\/05\/30\/capitania-de-caminha-permite-pesca-embarcada-na-insua-com-mar-e-vento-favoraveis\/#article","isPartOf":{"@id":"https:\/\/www.altominho.tv\/site\/2023\/05\/30\/capitania-de-caminha-permite-pesca-embarcada-na-insua-com-mar-e-vento-favoraveis\/"},"author":{"name":"Lusa","@id":"https:\/\/www.altominho.tv\/site\/#\/schema\/person\/63f693da3e1899361cbe955c46f3232e"},"headline":"Capitania de Caminha permite pesca embarcada na \u00cdnsua com mar e vento favor\u00e1veis","datePublished":"2023-05-30T16:05:29+00:00","dateModified":"2023-05-30T16:05:34+00:00","mainEntityOfPage":{"@id":"https:\/\/www.altominho.tv\/site\/2023\/05\/30\/capitania-de-caminha-permite-pesca-embarcada-na-insua-com-mar-e-vento-favoraveis\/"},"wordCount":696,"image":{"@id":"https:\/\/www.altominho.tv\/site\/2023\/05\/30\/capitania-de-caminha-permite-pesca-embarcada-na-insua-com-mar-e-vento-favoraveis\/#primaryimage"},"thumbnailUrl":"https:\/\/www.altominho.tv\/site\/wp-content\/uploads\/2023\/05\/pesca-lampreia-740x444-1.jpeg","keywords":["Sociedade"],"articleSection":["Caminha"],"inLanguage":"pt-PT","copyrightYear":"2023","copyrightHolder":{"@id":"https:\/\/www.altominho.tv\/site\/#organization"}},{"@type":"WebPage","@id":"https:\/\/www.altominho.tv\/site\/2023\/05\/30\/capitania-de-caminha-permite-pesca-embarcada-na-insua-com-mar-e-vento-favoraveis\/","url":"https:\/\/www.altominho.tv\/site\/2023\/05\/30\/capitania-de-caminha-permite-pesca-embarcada-na-insua-com-mar-e-vento-favoraveis\/","name":"Capitania de Caminha permite pesca embarcada na \u00cdnsua com mar e vento favor\u00e1veis","isPartOf":{"@id":"https:\/\/www.altominho.tv\/site\/#website"},"primaryImageOfPage":{"@id":"https:\/\/www.altominho.tv\/site\/2023\/05\/30\/capitania-de-caminha-permite-pesca-embarcada-na-insua-com-mar-e-vento-favoraveis\/#primaryimage"},"image":{"@id":"https:\/\/www.altominho.tv\/site\/2023\/05\/30\/capitania-de-caminha-permite-pesca-embarcada-na-insua-com-mar-e-vento-favoraveis\/#primaryimage"},"thumbnailUrl":"https:\/\/www.altominho.tv\/site\/wp-content\/uploads\/2023\/05\/pesca-lampreia-740x444-1.jpeg","datePublished":"2023-05-30T16:05:29+00:00","dateModified":"2023-05-30T16:05:34+00:00","author":{"@id":"https:\/\/www.altominho.tv\/site\/#\/schema\/person\/63f693da3e1899361cbe955c46f3232e"},"description":"O capit\u00e3o do porto de Caminha informou hoje que a pesca embarcada l\u00fadica e profissional vai ser permitida na zona a sul da ilha da \u00cdnsua, sempre que as condi\u00e7\u00f5es meteorol\u00f3gicas e oceanogr\u00e1ficas sejam favor\u00e1veis \u00e0 navega\u00e7\u00e3o.","breadcrumb":{"@id":"https:\/\/www.altominho.tv\/site\/2023\/05\/30\/capitania-de-caminha-permite-pesca-embarcada-na-insua-com-mar-e-vento-favoraveis\/#breadcrumb"},"inLanguage":"pt-PT","potentialAction":[{"@type":"ReadAction","target":["https:\/\/www.altominho.tv\/site\/2023\/05\/30\/capitania-de-caminha-permite-pesca-embarcada-na-insua-com-mar-e-vento-favoraveis\/"]}]},{"@type":"ImageObject","inLanguage":"pt-PT","@id":"https:\/\/www.altominho.tv\/site\/2023\/05\/30\/capitania-de-caminha-permite-pesca-embarcada-na-insua-com-mar-e-vento-favoraveis\/#primaryimage","url":"https:\/\/www.altominho.tv\/site\/wp-content\/uploads\/2023\/05\/pesca-lampreia-740x444-1.jpeg","contentUrl":"https:\/\/www.altominho.tv\/site\/wp-content\/uploads\/2023\/05\/pesca-lampreia-740x444-1.jpeg","width":740,"height":444},{"@type":"BreadcrumbList","@id":"https:\/\/www.altominho.tv\/site\/2023\/05\/30\/capitania-de-caminha-permite-pesca-embarcada-na-insua-com-mar-e-vento-favoraveis\/#breadcrumb","itemListElement":[{"@type":"ListItem","position":1,"name":"In\u00edcio","item":"https:\/\/www.altominho.tv\/site\/"},{"@type":"ListItem","position":2,"name":"Capitania de Caminha permite pesca embarcada na \u00cdnsua com mar e vento favor\u00e1veis"}]},{"@type":"WebSite","@id":"https:\/\/www.altominho.tv\/site\/#website","url":"https:\/\/www.altominho.tv\/site\/","name":"Altominho.tv","description":"A sua regi\u00e3o \u00e0 dist\u00e2ncia de um clique...","potentialAction":[{"@type":"SearchAction","target":{"@type":"EntryPoint","urlTemplate":"https:\/\/www.altominho.tv\/site\/?s={search_term_string}"},"query-input":{"@type":"PropertyValueSpecification","valueRequired":true,"valueName":"search_term_string"}}],"inLanguage":"pt-PT"},{"@type":"Person","@id":"https:\/\/www.altominho.tv\/site\/#\/schema\/person\/63f693da3e1899361cbe955c46f3232e","name":"Lusa","image":{"@type":"ImageObject","inLanguage":"pt-PT","@id":"https:\/\/www.altominho.tv\/site\/wp-content\/uploads\/2019\/08\/LUSA_Logo.gif","url":"https:\/\/www.altominho.tv\/site\/wp-content\/uploads\/2019\/08\/LUSA_Logo.gif","contentUrl":"https:\/\/www.altominho.tv\/site\/wp-content\/uploads\/2019\/08\/LUSA_Logo.gif","caption":"Lusa"},"sameAs":["http:\/\/\/\/www.altominho.tv\/site"],"url":"https:\/\/www.altominho.tv\/site\/author\/lusa\/"}]}},"_links":{"self":[{"href":"https:\/\/www.altominho.tv\/site\/wp-json\/wp\/v2\/posts\/92870","targetHints":{"allow":["GET"]}}],"collection":[{"href":"https:\/\/www.altominho.tv\/site\/wp-json\/wp\/v2\/posts"}],"about":[{"href":"https:\/\/www.altominho.tv\/site\/wp-json\/wp\/v2\/types\/post"}],"author":[{"embeddable":true,"href":"https:\/\/www.altominho.tv\/site\/wp-json\/wp\/v2\/users\/13"}],"replies":[{"embeddable":true,"href":"https:\/\/www.altominho.tv\/site\/wp-json\/wp\/v2\/comments?post=92870"}],"version-history":[{"count":1,"href":"https:\/\/www.altominho.tv\/site\/wp-json\/wp\/v2\/posts\/92870\/revisions"}],"predecessor-version":[{"id":92872,"href":"https:\/\/www.altominho.tv\/site\/wp-json\/wp\/v2\/posts\/92870\/revisions\/92872"}],"wp:featuredmedia":[{"embeddable":true,"href":"https:\/\/www.altominho.tv\/site\/wp-json\/wp\/v2\/media\/92871"}],"wp:attachment":[{"href":"https:\/\/www.altominho.tv\/site\/wp-json\/wp\/v2\/media?parent=92870"}],"wp:term":[{"taxonomy":"category","embeddable":true,"href":"https:\/\/www.altominho.tv\/site\/wp-json\/wp\/v2\/categories?post=92870"},{"taxonomy":"post_tag","embeddable":true,"href":"https:\/\/www.altominho.tv\/site\/wp-json\/wp\/v2\/tags?post=92870"}],"curies":[{"name":"wp","href":"https:\/\/api.w.org\/{rel}","templated":true}]}}