{"id":92848,"date":"2023-05-30T14:41:10","date_gmt":"2023-05-30T13:41:10","guid":{"rendered":"https:\/\/www.altominho.tv\/site\/?p=92848"},"modified":"2023-05-30T15:06:03","modified_gmt":"2023-05-30T14:06:03","slug":"exposicao-paixao-morte-e-ressurreicao-de-cristo-ja-foi-visitada-por-quatro-centenas-de-pessoas","status":"publish","type":"post","link":"https:\/\/www.altominho.tv\/site\/2023\/05\/30\/exposicao-paixao-morte-e-ressurreicao-de-cristo-ja-foi-visitada-por-quatro-centenas-de-pessoas\/","title":{"rendered":"Exposi\u00e7\u00e3o \u201cPaix\u00e3o, Morte e Ressurrei\u00e7\u00e3o de Cristo\u201d j\u00e1 foi visitada por quatro centenas de pessoas"},"content":{"rendered":"\n<p>A exposi\u00e7\u00e3o \u201cPaix\u00e3o, Morte e Ressurrei\u00e7\u00e3o de Cristo\u201d que apresenta imagens de todas as par\u00f3quias do concelho, obras que v\u00e3o desde o s\u00e9culo XVIII ao s\u00e9culo XX e que s\u00e3o inspiradas nas tr\u00eas fases da vida de Cristo, j\u00e1 foi visitada por quatro centenas de pessoas. Inaugurada a 4 de abril, esta exposi\u00e7\u00e3o pode ser visitada at\u00e9 dia 2 de junho, no Museu Municipal de Caminha.<\/p>\n\n\n\n<p>\u201cPaix\u00e3o, Morte e Ressurrei\u00e7\u00e3o de Cristo\u201d \u2013 Arte em Imagem pelas Par\u00f3quias do Concelho de Caminha, tem organiza\u00e7\u00e3o conjunta da C\u00e2mara Municipal, Arciprestado de Caminha e Par\u00f3quias de Caminha.<\/p>\n\n\n\n<p>A mostra \u00e9 composta por mais de duas dezenas de imagens patentes na sala maior do Museu Municipal de Caminha, no 1\u00ba piso. Divino Salvador do Mundo, da Igreja Matriz de Vila Praia de \u00c2ncora; Senhor dos Passos, da Igreja Matriz de Venade; Cristo Crucificado, da Igreja Matriz de Argela; Senhor dos Passos, da Capela do Senhor dos Passos de Vilar de Mouros; Nossa Senhora das Dores, da Igreja Matriz de Arga de Cima; Nossa Senhora das Neves, da Igreja Matriz de \u00c2ncora; Nossa senhora da Soledade, da Capela de Nossa Senhora da Agonia de Caminha; Nossa Senhora do Calv\u00e1rio, da Igreja Matriz de Arga de Baixo, s\u00e3o algumas das esculturas que comp\u00f5em a mostra. Para al\u00e9m das esculturas, esta exposi\u00e7\u00e3o tamb\u00e9m conta com a Cruz Processional do s\u00e9culo XX em prata da Igreja Matriz de Riba de \u00c2ncora, Vile e Dem e, ainda o Crucifixo de S\u00e3o Bartolomeu dos M\u00e1rtires da Igreja Matriz de Orbac\u00e9m.<\/p>\n\n\n\n<p>\u00c9 de salientar ainda que, esta exposi\u00e7\u00e3o \u201cPaix\u00e3o, Morte e Ressurrei\u00e7\u00e3o de Cristo\u201d \u2013 Arte em Imagem pelas Par\u00f3quias do Concelho de Caminha &#8211; tem uma dimens\u00e3o art\u00edstica que vai para al\u00e9m da componente religiosa, j\u00e1 que apresenta per\u00edodos distintos da arte religiosa, interessantes para qualquer pessoa que pura e simplesmente seja admiradora desta forma de arte e aprecie a beleza destas imagens, para al\u00e9m do seu significado.<\/p>\n","protected":false},"excerpt":{"rendered":"<p>A exposi\u00e7\u00e3o \u201cPaix\u00e3o, Morte e Ressurrei\u00e7\u00e3o de Cristo\u201d que apresenta imagens de todas as par\u00f3quias do concelho, obras que v\u00e3o desde o s\u00e9culo XVIII ao s\u00e9culo XX e que s\u00e3o inspiradas nas tr\u00eas fases da vida de Cristo, j\u00e1 foi visitada por quatro centenas de pessoas. Inaugurada a 4 de abril, esta exposi\u00e7\u00e3o pode ser [&hellip;]<\/p>\n","protected":false},"author":1,"featured_media":92850,"comment_status":"closed","ping_status":"closed","sticky":false,"template":"","format":"standard","meta":{"_exactmetrics_skip_tracking":false,"_exactmetrics_sitenote_active":false,"_exactmetrics_sitenote_note":"","_exactmetrics_sitenote_category":0,"footnotes":""},"categories":[7],"tags":[27],"class_list":["post-92848","post","type-post","status-publish","format-standard","has-post-thumbnail","hentry","category-caminha","tag-sociedade"],"yoast_head":"<!-- This site is optimized with the Yoast SEO Premium plugin v27.5 (Yoast SEO v27.5) - https:\/\/yoast.com\/product\/yoast-seo-premium-wordpress\/ -->\n<title>Exposi\u00e7\u00e3o \u201cPaix\u00e3o, Morte e Ressurrei\u00e7\u00e3o de Cristo\u201d j\u00e1 foi visitada por quatro centenas de pessoas<\/title>\n<meta name=\"robots\" content=\"index, follow, max-snippet:-1, max-image-preview:large, max-video-preview:-1\" \/>\n<link rel=\"canonical\" href=\"https:\/\/www.altominho.tv\/site\/2023\/05\/30\/exposicao-paixao-morte-e-ressurreicao-de-cristo-ja-foi-visitada-por-quatro-centenas-de-pessoas\/\" \/>\n<meta property=\"og:locale\" content=\"pt_PT\" \/>\n<meta property=\"og:type\" content=\"article\" \/>\n<meta property=\"og:title\" content=\"Exposi\u00e7\u00e3o \u201cPaix\u00e3o, Morte e Ressurrei\u00e7\u00e3o de Cristo\u201d j\u00e1 foi visitada por quatro centenas de pessoas\" \/>\n<meta property=\"og:description\" content=\"A exposi\u00e7\u00e3o \u201cPaix\u00e3o, Morte e Ressurrei\u00e7\u00e3o de Cristo\u201d que apresenta imagens de todas as par\u00f3quias do concelho, obras que v\u00e3o desde o s\u00e9culo XVIII ao s\u00e9culo XX e que s\u00e3o inspiradas nas tr\u00eas fases da vida de Cristo, j\u00e1 foi visitada por quatro centenas de pessoas. Inaugurada a 4 de abril, esta exposi\u00e7\u00e3o pode ser [&hellip;]\" \/>\n<meta property=\"og:url\" content=\"https:\/\/www.altominho.tv\/site\/2023\/05\/30\/exposicao-paixao-morte-e-ressurreicao-de-cristo-ja-foi-visitada-por-quatro-centenas-de-pessoas\/\" \/>\n<meta property=\"og:site_name\" content=\"Altominho.tv\" \/>\n<meta property=\"article:publisher\" content=\"https:\/\/www.facebook.com\/altominhotv\" \/>\n<meta property=\"article:published_time\" content=\"2023-05-30T13:41:10+00:00\" \/>\n<meta property=\"article:modified_time\" content=\"2023-05-30T14:06:03+00:00\" \/>\n<meta property=\"og:image\" content=\"https:\/\/www.altominho.tv\/site\/wp-content\/uploads\/2023\/05\/foto-4.jpg\" \/>\n\t<meta property=\"og:image:width\" content=\"1620\" \/>\n\t<meta property=\"og:image:height\" content=\"1080\" \/>\n\t<meta property=\"og:image:type\" content=\"image\/jpeg\" \/>\n<meta name=\"author\" content=\"Altominho.tv\" \/>\n<meta name=\"twitter:card\" content=\"summary_large_image\" \/>\n<meta name=\"twitter:creator\" content=\"@altominhoTV\" \/>\n<meta name=\"twitter:site\" content=\"@altominhoTV\" \/>\n<meta name=\"twitter:label1\" content=\"Escrito por\" \/>\n\t<meta name=\"twitter:data1\" content=\"Altominho.tv\" \/>\n\t<meta name=\"twitter:label2\" content=\"Tempo estimado de leitura\" \/>\n\t<meta name=\"twitter:data2\" content=\"2 minutos\" \/>\n<script type=\"application\/ld+json\" class=\"yoast-schema-graph\">{\"@context\":\"https:\\\/\\\/schema.org\",\"@graph\":[{\"@type\":\"Article\",\"@id\":\"https:\\\/\\\/www.altominho.tv\\\/site\\\/2023\\\/05\\\/30\\\/exposicao-paixao-morte-e-ressurreicao-de-cristo-ja-foi-visitada-por-quatro-centenas-de-pessoas\\\/#article\",\"isPartOf\":{\"@id\":\"https:\\\/\\\/www.altominho.tv\\\/site\\\/2023\\\/05\\\/30\\\/exposicao-paixao-morte-e-ressurreicao-de-cristo-ja-foi-visitada-por-quatro-centenas-de-pessoas\\\/\"},\"author\":{\"name\":\"Altominho.tv\",\"@id\":\"https:\\\/\\\/www.altominho.tv\\\/site\\\/#\\\/schema\\\/person\\\/4e536851627d7914baf3dac752b6af22\"},\"headline\":\"Exposi\u00e7\u00e3o \u201cPaix\u00e3o, Morte e Ressurrei\u00e7\u00e3o de Cristo\u201d j\u00e1 foi visitada por quatro centenas de pessoas\",\"datePublished\":\"2023-05-30T13:41:10+00:00\",\"dateModified\":\"2023-05-30T14:06:03+00:00\",\"mainEntityOfPage\":{\"@id\":\"https:\\\/\\\/www.altominho.tv\\\/site\\\/2023\\\/05\\\/30\\\/exposicao-paixao-morte-e-ressurreicao-de-cristo-ja-foi-visitada-por-quatro-centenas-de-pessoas\\\/\"},\"wordCount\":365,\"image\":{\"@id\":\"https:\\\/\\\/www.altominho.tv\\\/site\\\/2023\\\/05\\\/30\\\/exposicao-paixao-morte-e-ressurreicao-de-cristo-ja-foi-visitada-por-quatro-centenas-de-pessoas\\\/#primaryimage\"},\"thumbnailUrl\":\"https:\\\/\\\/www.altominho.tv\\\/site\\\/wp-content\\\/uploads\\\/2023\\\/05\\\/foto-4.jpg\",\"keywords\":[\"Sociedade\"],\"articleSection\":[\"Caminha\"],\"inLanguage\":\"pt-PT\",\"copyrightYear\":\"2023\",\"copyrightHolder\":{\"@id\":\"https:\\\/\\\/www.altominho.tv\\\/site\\\/#organization\"}},{\"@type\":\"WebPage\",\"@id\":\"https:\\\/\\\/www.altominho.tv\\\/site\\\/2023\\\/05\\\/30\\\/exposicao-paixao-morte-e-ressurreicao-de-cristo-ja-foi-visitada-por-quatro-centenas-de-pessoas\\\/\",\"url\":\"https:\\\/\\\/www.altominho.tv\\\/site\\\/2023\\\/05\\\/30\\\/exposicao-paixao-morte-e-ressurreicao-de-cristo-ja-foi-visitada-por-quatro-centenas-de-pessoas\\\/\",\"name\":\"Exposi\u00e7\u00e3o \u201cPaix\u00e3o, Morte e Ressurrei\u00e7\u00e3o de Cristo\u201d j\u00e1 foi visitada por quatro centenas de pessoas\",\"isPartOf\":{\"@id\":\"https:\\\/\\\/www.altominho.tv\\\/site\\\/#website\"},\"primaryImageOfPage\":{\"@id\":\"https:\\\/\\\/www.altominho.tv\\\/site\\\/2023\\\/05\\\/30\\\/exposicao-paixao-morte-e-ressurreicao-de-cristo-ja-foi-visitada-por-quatro-centenas-de-pessoas\\\/#primaryimage\"},\"image\":{\"@id\":\"https:\\\/\\\/www.altominho.tv\\\/site\\\/2023\\\/05\\\/30\\\/exposicao-paixao-morte-e-ressurreicao-de-cristo-ja-foi-visitada-por-quatro-centenas-de-pessoas\\\/#primaryimage\"},\"thumbnailUrl\":\"https:\\\/\\\/www.altominho.tv\\\/site\\\/wp-content\\\/uploads\\\/2023\\\/05\\\/foto-4.jpg\",\"datePublished\":\"2023-05-30T13:41:10+00:00\",\"dateModified\":\"2023-05-30T14:06:03+00:00\",\"author\":{\"@id\":\"https:\\\/\\\/www.altominho.tv\\\/site\\\/#\\\/schema\\\/person\\\/4e536851627d7914baf3dac752b6af22\"},\"breadcrumb\":{\"@id\":\"https:\\\/\\\/www.altominho.tv\\\/site\\\/2023\\\/05\\\/30\\\/exposicao-paixao-morte-e-ressurreicao-de-cristo-ja-foi-visitada-por-quatro-centenas-de-pessoas\\\/#breadcrumb\"},\"inLanguage\":\"pt-PT\",\"potentialAction\":[{\"@type\":\"ReadAction\",\"target\":[\"https:\\\/\\\/www.altominho.tv\\\/site\\\/2023\\\/05\\\/30\\\/exposicao-paixao-morte-e-ressurreicao-de-cristo-ja-foi-visitada-por-quatro-centenas-de-pessoas\\\/\"]}]},{\"@type\":\"ImageObject\",\"inLanguage\":\"pt-PT\",\"@id\":\"https:\\\/\\\/www.altominho.tv\\\/site\\\/2023\\\/05\\\/30\\\/exposicao-paixao-morte-e-ressurreicao-de-cristo-ja-foi-visitada-por-quatro-centenas-de-pessoas\\\/#primaryimage\",\"url\":\"https:\\\/\\\/www.altominho.tv\\\/site\\\/wp-content\\\/uploads\\\/2023\\\/05\\\/foto-4.jpg\",\"contentUrl\":\"https:\\\/\\\/www.altominho.tv\\\/site\\\/wp-content\\\/uploads\\\/2023\\\/05\\\/foto-4.jpg\",\"width\":1620,\"height\":1080},{\"@type\":\"BreadcrumbList\",\"@id\":\"https:\\\/\\\/www.altominho.tv\\\/site\\\/2023\\\/05\\\/30\\\/exposicao-paixao-morte-e-ressurreicao-de-cristo-ja-foi-visitada-por-quatro-centenas-de-pessoas\\\/#breadcrumb\",\"itemListElement\":[{\"@type\":\"ListItem\",\"position\":1,\"name\":\"In\u00edcio\",\"item\":\"https:\\\/\\\/www.altominho.tv\\\/site\\\/\"},{\"@type\":\"ListItem\",\"position\":2,\"name\":\"Exposi\u00e7\u00e3o \u201cPaix\u00e3o, Morte e Ressurrei\u00e7\u00e3o de Cristo\u201d j\u00e1 foi visitada por quatro centenas de pessoas\"}]},{\"@type\":\"WebSite\",\"@id\":\"https:\\\/\\\/www.altominho.tv\\\/site\\\/#website\",\"url\":\"https:\\\/\\\/www.altominho.tv\\\/site\\\/\",\"name\":\"Altominho.tv\",\"description\":\"A sua regi\u00e3o \u00e0 dist\u00e2ncia de um clique...\",\"potentialAction\":[{\"@type\":\"SearchAction\",\"target\":{\"@type\":\"EntryPoint\",\"urlTemplate\":\"https:\\\/\\\/www.altominho.tv\\\/site\\\/?s={search_term_string}\"},\"query-input\":{\"@type\":\"PropertyValueSpecification\",\"valueRequired\":true,\"valueName\":\"search_term_string\"}}],\"inLanguage\":\"pt-PT\"},{\"@type\":\"Person\",\"@id\":\"https:\\\/\\\/www.altominho.tv\\\/site\\\/#\\\/schema\\\/person\\\/4e536851627d7914baf3dac752b6af22\",\"name\":\"Altominho.tv\",\"image\":{\"@type\":\"ImageObject\",\"inLanguage\":\"pt-PT\",\"@id\":\"https:\\\/\\\/www.altominho.tv\\\/site\\\/wp-content\\\/uploads\\\/2019\\\/11\\\/Logo_Avatar_2-150x150.jpg\",\"url\":\"https:\\\/\\\/www.altominho.tv\\\/site\\\/wp-content\\\/uploads\\\/2019\\\/11\\\/Logo_Avatar_2-150x150.jpg\",\"contentUrl\":\"https:\\\/\\\/www.altominho.tv\\\/site\\\/wp-content\\\/uploads\\\/2019\\\/11\\\/Logo_Avatar_2-150x150.jpg\",\"caption\":\"Altominho.tv\"},\"url\":\"https:\\\/\\\/www.altominho.tv\\\/site\\\/author\\\/altominhotv-tecnico\\\/\"}]}<\/script>\n<!-- \/ Yoast SEO Premium plugin. -->","yoast_head_json":{"title":"Exposi\u00e7\u00e3o \u201cPaix\u00e3o, Morte e Ressurrei\u00e7\u00e3o de Cristo\u201d j\u00e1 foi visitada por quatro centenas de pessoas","robots":{"index":"index","follow":"follow","max-snippet":"max-snippet:-1","max-image-preview":"max-image-preview:large","max-video-preview":"max-video-preview:-1"},"canonical":"https:\/\/www.altominho.tv\/site\/2023\/05\/30\/exposicao-paixao-morte-e-ressurreicao-de-cristo-ja-foi-visitada-por-quatro-centenas-de-pessoas\/","og_locale":"pt_PT","og_type":"article","og_title":"Exposi\u00e7\u00e3o \u201cPaix\u00e3o, Morte e Ressurrei\u00e7\u00e3o de Cristo\u201d j\u00e1 foi visitada por quatro centenas de pessoas","og_description":"A exposi\u00e7\u00e3o \u201cPaix\u00e3o, Morte e Ressurrei\u00e7\u00e3o de Cristo\u201d que apresenta imagens de todas as par\u00f3quias do concelho, obras que v\u00e3o desde o s\u00e9culo XVIII ao s\u00e9culo XX e que s\u00e3o inspiradas nas tr\u00eas fases da vida de Cristo, j\u00e1 foi visitada por quatro centenas de pessoas. Inaugurada a 4 de abril, esta exposi\u00e7\u00e3o pode ser [&hellip;]","og_url":"https:\/\/www.altominho.tv\/site\/2023\/05\/30\/exposicao-paixao-morte-e-ressurreicao-de-cristo-ja-foi-visitada-por-quatro-centenas-de-pessoas\/","og_site_name":"Altominho.tv","article_publisher":"https:\/\/www.facebook.com\/altominhotv","article_published_time":"2023-05-30T13:41:10+00:00","article_modified_time":"2023-05-30T14:06:03+00:00","og_image":[{"width":1620,"height":1080,"url":"https:\/\/www.altominho.tv\/site\/wp-content\/uploads\/2023\/05\/foto-4.jpg","type":"image\/jpeg"}],"author":"Altominho.tv","twitter_card":"summary_large_image","twitter_creator":"@altominhoTV","twitter_site":"@altominhoTV","twitter_misc":{"Escrito por":"Altominho.tv","Tempo estimado de leitura":"2 minutos"},"schema":{"@context":"https:\/\/schema.org","@graph":[{"@type":"Article","@id":"https:\/\/www.altominho.tv\/site\/2023\/05\/30\/exposicao-paixao-morte-e-ressurreicao-de-cristo-ja-foi-visitada-por-quatro-centenas-de-pessoas\/#article","isPartOf":{"@id":"https:\/\/www.altominho.tv\/site\/2023\/05\/30\/exposicao-paixao-morte-e-ressurreicao-de-cristo-ja-foi-visitada-por-quatro-centenas-de-pessoas\/"},"author":{"name":"Altominho.tv","@id":"https:\/\/www.altominho.tv\/site\/#\/schema\/person\/4e536851627d7914baf3dac752b6af22"},"headline":"Exposi\u00e7\u00e3o \u201cPaix\u00e3o, Morte e Ressurrei\u00e7\u00e3o de Cristo\u201d j\u00e1 foi visitada por quatro centenas de pessoas","datePublished":"2023-05-30T13:41:10+00:00","dateModified":"2023-05-30T14:06:03+00:00","mainEntityOfPage":{"@id":"https:\/\/www.altominho.tv\/site\/2023\/05\/30\/exposicao-paixao-morte-e-ressurreicao-de-cristo-ja-foi-visitada-por-quatro-centenas-de-pessoas\/"},"wordCount":365,"image":{"@id":"https:\/\/www.altominho.tv\/site\/2023\/05\/30\/exposicao-paixao-morte-e-ressurreicao-de-cristo-ja-foi-visitada-por-quatro-centenas-de-pessoas\/#primaryimage"},"thumbnailUrl":"https:\/\/www.altominho.tv\/site\/wp-content\/uploads\/2023\/05\/foto-4.jpg","keywords":["Sociedade"],"articleSection":["Caminha"],"inLanguage":"pt-PT","copyrightYear":"2023","copyrightHolder":{"@id":"https:\/\/www.altominho.tv\/site\/#organization"}},{"@type":"WebPage","@id":"https:\/\/www.altominho.tv\/site\/2023\/05\/30\/exposicao-paixao-morte-e-ressurreicao-de-cristo-ja-foi-visitada-por-quatro-centenas-de-pessoas\/","url":"https:\/\/www.altominho.tv\/site\/2023\/05\/30\/exposicao-paixao-morte-e-ressurreicao-de-cristo-ja-foi-visitada-por-quatro-centenas-de-pessoas\/","name":"Exposi\u00e7\u00e3o \u201cPaix\u00e3o, Morte e Ressurrei\u00e7\u00e3o de Cristo\u201d j\u00e1 foi visitada por quatro centenas de pessoas","isPartOf":{"@id":"https:\/\/www.altominho.tv\/site\/#website"},"primaryImageOfPage":{"@id":"https:\/\/www.altominho.tv\/site\/2023\/05\/30\/exposicao-paixao-morte-e-ressurreicao-de-cristo-ja-foi-visitada-por-quatro-centenas-de-pessoas\/#primaryimage"},"image":{"@id":"https:\/\/www.altominho.tv\/site\/2023\/05\/30\/exposicao-paixao-morte-e-ressurreicao-de-cristo-ja-foi-visitada-por-quatro-centenas-de-pessoas\/#primaryimage"},"thumbnailUrl":"https:\/\/www.altominho.tv\/site\/wp-content\/uploads\/2023\/05\/foto-4.jpg","datePublished":"2023-05-30T13:41:10+00:00","dateModified":"2023-05-30T14:06:03+00:00","author":{"@id":"https:\/\/www.altominho.tv\/site\/#\/schema\/person\/4e536851627d7914baf3dac752b6af22"},"breadcrumb":{"@id":"https:\/\/www.altominho.tv\/site\/2023\/05\/30\/exposicao-paixao-morte-e-ressurreicao-de-cristo-ja-foi-visitada-por-quatro-centenas-de-pessoas\/#breadcrumb"},"inLanguage":"pt-PT","potentialAction":[{"@type":"ReadAction","target":["https:\/\/www.altominho.tv\/site\/2023\/05\/30\/exposicao-paixao-morte-e-ressurreicao-de-cristo-ja-foi-visitada-por-quatro-centenas-de-pessoas\/"]}]},{"@type":"ImageObject","inLanguage":"pt-PT","@id":"https:\/\/www.altominho.tv\/site\/2023\/05\/30\/exposicao-paixao-morte-e-ressurreicao-de-cristo-ja-foi-visitada-por-quatro-centenas-de-pessoas\/#primaryimage","url":"https:\/\/www.altominho.tv\/site\/wp-content\/uploads\/2023\/05\/foto-4.jpg","contentUrl":"https:\/\/www.altominho.tv\/site\/wp-content\/uploads\/2023\/05\/foto-4.jpg","width":1620,"height":1080},{"@type":"BreadcrumbList","@id":"https:\/\/www.altominho.tv\/site\/2023\/05\/30\/exposicao-paixao-morte-e-ressurreicao-de-cristo-ja-foi-visitada-por-quatro-centenas-de-pessoas\/#breadcrumb","itemListElement":[{"@type":"ListItem","position":1,"name":"In\u00edcio","item":"https:\/\/www.altominho.tv\/site\/"},{"@type":"ListItem","position":2,"name":"Exposi\u00e7\u00e3o \u201cPaix\u00e3o, Morte e Ressurrei\u00e7\u00e3o de Cristo\u201d j\u00e1 foi visitada por quatro centenas de pessoas"}]},{"@type":"WebSite","@id":"https:\/\/www.altominho.tv\/site\/#website","url":"https:\/\/www.altominho.tv\/site\/","name":"Altominho.tv","description":"A sua regi\u00e3o \u00e0 dist\u00e2ncia de um clique...","potentialAction":[{"@type":"SearchAction","target":{"@type":"EntryPoint","urlTemplate":"https:\/\/www.altominho.tv\/site\/?s={search_term_string}"},"query-input":{"@type":"PropertyValueSpecification","valueRequired":true,"valueName":"search_term_string"}}],"inLanguage":"pt-PT"},{"@type":"Person","@id":"https:\/\/www.altominho.tv\/site\/#\/schema\/person\/4e536851627d7914baf3dac752b6af22","name":"Altominho.tv","image":{"@type":"ImageObject","inLanguage":"pt-PT","@id":"https:\/\/www.altominho.tv\/site\/wp-content\/uploads\/2019\/11\/Logo_Avatar_2-150x150.jpg","url":"https:\/\/www.altominho.tv\/site\/wp-content\/uploads\/2019\/11\/Logo_Avatar_2-150x150.jpg","contentUrl":"https:\/\/www.altominho.tv\/site\/wp-content\/uploads\/2019\/11\/Logo_Avatar_2-150x150.jpg","caption":"Altominho.tv"},"url":"https:\/\/www.altominho.tv\/site\/author\/altominhotv-tecnico\/"}]}},"_links":{"self":[{"href":"https:\/\/www.altominho.tv\/site\/wp-json\/wp\/v2\/posts\/92848","targetHints":{"allow":["GET"]}}],"collection":[{"href":"https:\/\/www.altominho.tv\/site\/wp-json\/wp\/v2\/posts"}],"about":[{"href":"https:\/\/www.altominho.tv\/site\/wp-json\/wp\/v2\/types\/post"}],"author":[{"embeddable":true,"href":"https:\/\/www.altominho.tv\/site\/wp-json\/wp\/v2\/users\/1"}],"replies":[{"embeddable":true,"href":"https:\/\/www.altominho.tv\/site\/wp-json\/wp\/v2\/comments?post=92848"}],"version-history":[{"count":1,"href":"https:\/\/www.altominho.tv\/site\/wp-json\/wp\/v2\/posts\/92848\/revisions"}],"predecessor-version":[{"id":92849,"href":"https:\/\/www.altominho.tv\/site\/wp-json\/wp\/v2\/posts\/92848\/revisions\/92849"}],"wp:featuredmedia":[{"embeddable":true,"href":"https:\/\/www.altominho.tv\/site\/wp-json\/wp\/v2\/media\/92850"}],"wp:attachment":[{"href":"https:\/\/www.altominho.tv\/site\/wp-json\/wp\/v2\/media?parent=92848"}],"wp:term":[{"taxonomy":"category","embeddable":true,"href":"https:\/\/www.altominho.tv\/site\/wp-json\/wp\/v2\/categories?post=92848"},{"taxonomy":"post_tag","embeddable":true,"href":"https:\/\/www.altominho.tv\/site\/wp-json\/wp\/v2\/tags?post=92848"}],"curies":[{"name":"wp","href":"https:\/\/api.w.org\/{rel}","templated":true}]}}