{"id":92828,"date":"2023-05-30T11:24:29","date_gmt":"2023-05-30T10:24:29","guid":{"rendered":"https:\/\/www.altominho.tv\/site\/?p=92828"},"modified":"2023-05-30T11:24:34","modified_gmt":"2023-05-30T10:24:34","slug":"praia-do-forte-do-cao-em-ancora-e-distinguida-como-zero-poluicao","status":"publish","type":"post","link":"https:\/\/www.altominho.tv\/site\/2023\/05\/30\/praia-do-forte-do-cao-em-ancora-e-distinguida-como-zero-poluicao\/","title":{"rendered":"Praia do Forte do C\u00e3o em \u00c2ncora \u00e9 distinguida como &#8220;Zero Polui\u00e7\u00e3o&#8221;"},"content":{"rendered":"<p>A Praia do Forte do C\u00e3o, em \u00c2ncora, conquistou, mais uma vez, um galard\u00e3o de excel\u00eancia e exclusividade, ao ser distinguida pela Associa\u00e7\u00e3o Zero como de &#8220;polui\u00e7\u00e3o zero&#8221;.<\/p>\n<p>A praia conquista j\u00e1 um pr\u00e9mio pela Quercus como &#8220;Praia com Qualidade de ouro&#8221; e vai hastear, novamente, a Bandeira Azul da Europa.<\/p>\n<p>Segundo o munic\u00edpio,\u00a0 s\u00e3o&#8221;motivos de grande orgulho para o concelho, que em v\u00e9speras de iniciar mais uma \u00e9poca balnear, v\u00ea reconhecida a qualidade e seguran\u00e7a de todas as praias, somando cinco Bandeiras Azuis, tr\u00eas galard\u00f5es \u201cPraia com Qualidade de Ouro\u201d e agora, \u201cpolui\u00e7\u00e3o zero\u201d.<\/p>\n<p>A autarquia revela que &#8220;uma praia zero polui\u00e7\u00e3o \u00e9 aquela em que n\u00e3o foi detetada qualquer contamina\u00e7\u00e3o microbiol\u00f3gica nas an\u00e1lises efetuadas \u00e0s \u00e1guas nos \u00faltimos tr\u00eas anos. Em todas as an\u00e1lises efetuadas, n\u00e3o houve sequer a dete\u00e7\u00e3o de qualquer unidade formadora de col\u00f3nias\u201d.<\/p>\n<p>Os primeiros galard\u00f5es conhecidos para esta \u00e9poca balnear foram os da Bandeira Azul da Europa e cinco Bandeiras Azuis foram atribu\u00eddas a todas as praias mar\u00edtimas do concelho de Caminha: Praia da Foz do Minho, Praia de Moledo, Praia de Vila Praia de \u00c2ncora e Praia do Forte do C\u00e3o; assim como \u00e0 Praia Fluvial das Azenhas, em Vilar de Mouros.<\/p>\n","protected":false},"excerpt":{"rendered":"<p>A Praia do Forte do C\u00e3o, em \u00c2ncora, conquistou, mais uma vez, um galard\u00e3o de excel\u00eancia e exclusividade, ao ser distinguida pela Associa\u00e7\u00e3o Zero como de &#8220;polui\u00e7\u00e3o zero&#8221;. A praia conquista j\u00e1 um pr\u00e9mio pela Quercus como &#8220;Praia com Qualidade de ouro&#8221; e vai hastear, novamente, a Bandeira Azul da Europa. Segundo o munic\u00edpio,\u00a0 s\u00e3o&#8221;motivos [&hellip;]<\/p>\n","protected":false},"author":28,"featured_media":92837,"comment_status":"closed","ping_status":"closed","sticky":false,"template":"","format":"standard","meta":{"_exactmetrics_skip_tracking":false,"_exactmetrics_sitenote_active":false,"_exactmetrics_sitenote_note":"","_exactmetrics_sitenote_category":0,"footnotes":""},"categories":[7],"tags":[27],"class_list":["post-92828","post","type-post","status-publish","format-standard","has-post-thumbnail","hentry","category-caminha","tag-sociedade"],"yoast_head":"<!-- This site is optimized with the Yoast SEO Premium plugin v27.5 (Yoast SEO v27.5) - https:\/\/yoast.com\/product\/yoast-seo-premium-wordpress\/ -->\n<title>Praia do Forte do C\u00e3o em \u00c2ncora \u00e9 distinguida como &quot;Zero Polui\u00e7\u00e3o&quot;<\/title>\n<meta name=\"description\" content=\"A Praia do Forte do C\u00e3o, em \u00c2ncora, conquistou, mais uma vez, um galard\u00e3o de excel\u00eancia e exclusividade, ao ser distinguida pela Associa\u00e7\u00e3o Zero como de &quot;polui\u00e7\u00e3o zero&quot;\" \/>\n<meta name=\"robots\" content=\"index, follow, max-snippet:-1, max-image-preview:large, max-video-preview:-1\" \/>\n<link rel=\"canonical\" href=\"https:\/\/www.altominho.tv\/site\/2023\/05\/30\/praia-do-forte-do-cao-em-ancora-e-distinguida-como-zero-poluicao\/\" \/>\n<meta property=\"og:locale\" content=\"pt_PT\" \/>\n<meta property=\"og:type\" content=\"article\" \/>\n<meta property=\"og:title\" content=\"Praia do Forte do C\u00e3o em \u00c2ncora \u00e9 distinguida como &quot;Zero Polui\u00e7\u00e3o&quot;\" \/>\n<meta property=\"og:description\" content=\"A Praia do Forte do C\u00e3o, em \u00c2ncora, conquistou, mais uma vez, um galard\u00e3o de excel\u00eancia e exclusividade, ao ser distinguida pela Associa\u00e7\u00e3o Zero como de &quot;polui\u00e7\u00e3o zero&quot;\" \/>\n<meta property=\"og:url\" content=\"https:\/\/www.altominho.tv\/site\/2023\/05\/30\/praia-do-forte-do-cao-em-ancora-e-distinguida-como-zero-poluicao\/\" \/>\n<meta property=\"og:site_name\" content=\"Altominho.tv\" \/>\n<meta property=\"article:publisher\" content=\"https:\/\/www.facebook.com\/altominhotv\" \/>\n<meta property=\"article:published_time\" content=\"2023-05-30T10:24:29+00:00\" \/>\n<meta property=\"article:modified_time\" content=\"2023-05-30T10:24:34+00:00\" \/>\n<meta property=\"og:image\" content=\"https:\/\/www.altominho.tv\/site\/wp-content\/uploads\/2023\/05\/Forte-do-Cao-Ancora.jpg\" \/>\n\t<meta property=\"og:image:width\" content=\"1620\" \/>\n\t<meta property=\"og:image:height\" content=\"1080\" \/>\n\t<meta property=\"og:image:type\" content=\"image\/jpeg\" \/>\n<meta name=\"author\" content=\"Beatriz Lira\" \/>\n<meta name=\"twitter:card\" content=\"summary_large_image\" \/>\n<meta name=\"twitter:creator\" content=\"@altominhoTV\" \/>\n<meta name=\"twitter:site\" content=\"@altominhoTV\" \/>\n<meta name=\"twitter:label1\" content=\"Escrito por\" \/>\n\t<meta name=\"twitter:data1\" content=\"Beatriz Lira\" \/>\n\t<meta name=\"twitter:label2\" content=\"Tempo estimado de leitura\" \/>\n\t<meta name=\"twitter:data2\" content=\"2 minutos\" \/>\n<script type=\"application\/ld+json\" class=\"yoast-schema-graph\">{\"@context\":\"https:\\\/\\\/schema.org\",\"@graph\":[{\"@type\":\"Article\",\"@id\":\"https:\\\/\\\/www.altominho.tv\\\/site\\\/2023\\\/05\\\/30\\\/praia-do-forte-do-cao-em-ancora-e-distinguida-como-zero-poluicao\\\/#article\",\"isPartOf\":{\"@id\":\"https:\\\/\\\/www.altominho.tv\\\/site\\\/2023\\\/05\\\/30\\\/praia-do-forte-do-cao-em-ancora-e-distinguida-como-zero-poluicao\\\/\"},\"author\":{\"name\":\"Beatriz Lira\",\"@id\":\"https:\\\/\\\/www.altominho.tv\\\/site\\\/#\\\/schema\\\/person\\\/f95a2097796cf4462fe1e476cddc40e4\"},\"headline\":\"Praia do Forte do C\u00e3o em \u00c2ncora \u00e9 distinguida como &#8220;Zero Polui\u00e7\u00e3o&#8221;\",\"datePublished\":\"2023-05-30T10:24:29+00:00\",\"dateModified\":\"2023-05-30T10:24:34+00:00\",\"mainEntityOfPage\":{\"@id\":\"https:\\\/\\\/www.altominho.tv\\\/site\\\/2023\\\/05\\\/30\\\/praia-do-forte-do-cao-em-ancora-e-distinguida-como-zero-poluicao\\\/\"},\"wordCount\":238,\"image\":{\"@id\":\"https:\\\/\\\/www.altominho.tv\\\/site\\\/2023\\\/05\\\/30\\\/praia-do-forte-do-cao-em-ancora-e-distinguida-como-zero-poluicao\\\/#primaryimage\"},\"thumbnailUrl\":\"https:\\\/\\\/www.altominho.tv\\\/site\\\/wp-content\\\/uploads\\\/2023\\\/05\\\/Forte-do-Cao-Ancora.jpg\",\"keywords\":[\"Sociedade\"],\"articleSection\":[\"Caminha\"],\"inLanguage\":\"pt-PT\",\"copyrightYear\":\"2023\",\"copyrightHolder\":{\"@id\":\"https:\\\/\\\/www.altominho.tv\\\/site\\\/#organization\"}},{\"@type\":\"WebPage\",\"@id\":\"https:\\\/\\\/www.altominho.tv\\\/site\\\/2023\\\/05\\\/30\\\/praia-do-forte-do-cao-em-ancora-e-distinguida-como-zero-poluicao\\\/\",\"url\":\"https:\\\/\\\/www.altominho.tv\\\/site\\\/2023\\\/05\\\/30\\\/praia-do-forte-do-cao-em-ancora-e-distinguida-como-zero-poluicao\\\/\",\"name\":\"Praia do Forte do C\u00e3o em \u00c2ncora \u00e9 distinguida como \\\"Zero Polui\u00e7\u00e3o\\\"\",\"isPartOf\":{\"@id\":\"https:\\\/\\\/www.altominho.tv\\\/site\\\/#website\"},\"primaryImageOfPage\":{\"@id\":\"https:\\\/\\\/www.altominho.tv\\\/site\\\/2023\\\/05\\\/30\\\/praia-do-forte-do-cao-em-ancora-e-distinguida-como-zero-poluicao\\\/#primaryimage\"},\"image\":{\"@id\":\"https:\\\/\\\/www.altominho.tv\\\/site\\\/2023\\\/05\\\/30\\\/praia-do-forte-do-cao-em-ancora-e-distinguida-como-zero-poluicao\\\/#primaryimage\"},\"thumbnailUrl\":\"https:\\\/\\\/www.altominho.tv\\\/site\\\/wp-content\\\/uploads\\\/2023\\\/05\\\/Forte-do-Cao-Ancora.jpg\",\"datePublished\":\"2023-05-30T10:24:29+00:00\",\"dateModified\":\"2023-05-30T10:24:34+00:00\",\"author\":{\"@id\":\"https:\\\/\\\/www.altominho.tv\\\/site\\\/#\\\/schema\\\/person\\\/f95a2097796cf4462fe1e476cddc40e4\"},\"description\":\"A Praia do Forte do C\u00e3o, em \u00c2ncora, conquistou, mais uma vez, um galard\u00e3o de excel\u00eancia e exclusividade, ao ser distinguida pela Associa\u00e7\u00e3o Zero como de \\\"polui\u00e7\u00e3o zero\\\"\",\"breadcrumb\":{\"@id\":\"https:\\\/\\\/www.altominho.tv\\\/site\\\/2023\\\/05\\\/30\\\/praia-do-forte-do-cao-em-ancora-e-distinguida-como-zero-poluicao\\\/#breadcrumb\"},\"inLanguage\":\"pt-PT\",\"potentialAction\":[{\"@type\":\"ReadAction\",\"target\":[\"https:\\\/\\\/www.altominho.tv\\\/site\\\/2023\\\/05\\\/30\\\/praia-do-forte-do-cao-em-ancora-e-distinguida-como-zero-poluicao\\\/\"]}]},{\"@type\":\"ImageObject\",\"inLanguage\":\"pt-PT\",\"@id\":\"https:\\\/\\\/www.altominho.tv\\\/site\\\/2023\\\/05\\\/30\\\/praia-do-forte-do-cao-em-ancora-e-distinguida-como-zero-poluicao\\\/#primaryimage\",\"url\":\"https:\\\/\\\/www.altominho.tv\\\/site\\\/wp-content\\\/uploads\\\/2023\\\/05\\\/Forte-do-Cao-Ancora.jpg\",\"contentUrl\":\"https:\\\/\\\/www.altominho.tv\\\/site\\\/wp-content\\\/uploads\\\/2023\\\/05\\\/Forte-do-Cao-Ancora.jpg\",\"width\":1620,\"height\":1080},{\"@type\":\"BreadcrumbList\",\"@id\":\"https:\\\/\\\/www.altominho.tv\\\/site\\\/2023\\\/05\\\/30\\\/praia-do-forte-do-cao-em-ancora-e-distinguida-como-zero-poluicao\\\/#breadcrumb\",\"itemListElement\":[{\"@type\":\"ListItem\",\"position\":1,\"name\":\"In\u00edcio\",\"item\":\"https:\\\/\\\/www.altominho.tv\\\/site\\\/\"},{\"@type\":\"ListItem\",\"position\":2,\"name\":\"Praia do Forte do C\u00e3o em \u00c2ncora \u00e9 distinguida como &#8220;Zero Polui\u00e7\u00e3o&#8221;\"}]},{\"@type\":\"WebSite\",\"@id\":\"https:\\\/\\\/www.altominho.tv\\\/site\\\/#website\",\"url\":\"https:\\\/\\\/www.altominho.tv\\\/site\\\/\",\"name\":\"Altominho.tv\",\"description\":\"A sua regi\u00e3o \u00e0 dist\u00e2ncia de um clique...\",\"potentialAction\":[{\"@type\":\"SearchAction\",\"target\":{\"@type\":\"EntryPoint\",\"urlTemplate\":\"https:\\\/\\\/www.altominho.tv\\\/site\\\/?s={search_term_string}\"},\"query-input\":{\"@type\":\"PropertyValueSpecification\",\"valueRequired\":true,\"valueName\":\"search_term_string\"}}],\"inLanguage\":\"pt-PT\"},{\"@type\":\"Person\",\"@id\":\"https:\\\/\\\/www.altominho.tv\\\/site\\\/#\\\/schema\\\/person\\\/f95a2097796cf4462fe1e476cddc40e4\",\"name\":\"Beatriz Lira\",\"image\":{\"@type\":\"ImageObject\",\"inLanguage\":\"pt-PT\",\"@id\":\"https:\\\/\\\/www.altominho.tv\\\/site\\\/wp-content\\\/uploads\\\/2023\\\/03\\\/Screenshot_20230306-141220_Photos-150x150.jpg\",\"url\":\"https:\\\/\\\/www.altominho.tv\\\/site\\\/wp-content\\\/uploads\\\/2023\\\/03\\\/Screenshot_20230306-141220_Photos-150x150.jpg\",\"contentUrl\":\"https:\\\/\\\/www.altominho.tv\\\/site\\\/wp-content\\\/uploads\\\/2023\\\/03\\\/Screenshot_20230306-141220_Photos-150x150.jpg\",\"caption\":\"Beatriz Lira\"},\"url\":\"https:\\\/\\\/www.altominho.tv\\\/site\\\/author\\\/beatriz\\\/\"}]}<\/script>\n<!-- \/ Yoast SEO Premium plugin. -->","yoast_head_json":{"title":"Praia do Forte do C\u00e3o em \u00c2ncora \u00e9 distinguida como \"Zero Polui\u00e7\u00e3o\"","description":"A Praia do Forte do C\u00e3o, em \u00c2ncora, conquistou, mais uma vez, um galard\u00e3o de excel\u00eancia e exclusividade, ao ser distinguida pela Associa\u00e7\u00e3o Zero como de \"polui\u00e7\u00e3o zero\"","robots":{"index":"index","follow":"follow","max-snippet":"max-snippet:-1","max-image-preview":"max-image-preview:large","max-video-preview":"max-video-preview:-1"},"canonical":"https:\/\/www.altominho.tv\/site\/2023\/05\/30\/praia-do-forte-do-cao-em-ancora-e-distinguida-como-zero-poluicao\/","og_locale":"pt_PT","og_type":"article","og_title":"Praia do Forte do C\u00e3o em \u00c2ncora \u00e9 distinguida como \"Zero Polui\u00e7\u00e3o\"","og_description":"A Praia do Forte do C\u00e3o, em \u00c2ncora, conquistou, mais uma vez, um galard\u00e3o de excel\u00eancia e exclusividade, ao ser distinguida pela Associa\u00e7\u00e3o Zero como de \"polui\u00e7\u00e3o zero\"","og_url":"https:\/\/www.altominho.tv\/site\/2023\/05\/30\/praia-do-forte-do-cao-em-ancora-e-distinguida-como-zero-poluicao\/","og_site_name":"Altominho.tv","article_publisher":"https:\/\/www.facebook.com\/altominhotv","article_published_time":"2023-05-30T10:24:29+00:00","article_modified_time":"2023-05-30T10:24:34+00:00","og_image":[{"width":1620,"height":1080,"url":"https:\/\/www.altominho.tv\/site\/wp-content\/uploads\/2023\/05\/Forte-do-Cao-Ancora.jpg","type":"image\/jpeg"}],"author":"Beatriz Lira","twitter_card":"summary_large_image","twitter_creator":"@altominhoTV","twitter_site":"@altominhoTV","twitter_misc":{"Escrito por":"Beatriz Lira","Tempo estimado de leitura":"2 minutos"},"schema":{"@context":"https:\/\/schema.org","@graph":[{"@type":"Article","@id":"https:\/\/www.altominho.tv\/site\/2023\/05\/30\/praia-do-forte-do-cao-em-ancora-e-distinguida-como-zero-poluicao\/#article","isPartOf":{"@id":"https:\/\/www.altominho.tv\/site\/2023\/05\/30\/praia-do-forte-do-cao-em-ancora-e-distinguida-como-zero-poluicao\/"},"author":{"name":"Beatriz Lira","@id":"https:\/\/www.altominho.tv\/site\/#\/schema\/person\/f95a2097796cf4462fe1e476cddc40e4"},"headline":"Praia do Forte do C\u00e3o em \u00c2ncora \u00e9 distinguida como &#8220;Zero Polui\u00e7\u00e3o&#8221;","datePublished":"2023-05-30T10:24:29+00:00","dateModified":"2023-05-30T10:24:34+00:00","mainEntityOfPage":{"@id":"https:\/\/www.altominho.tv\/site\/2023\/05\/30\/praia-do-forte-do-cao-em-ancora-e-distinguida-como-zero-poluicao\/"},"wordCount":238,"image":{"@id":"https:\/\/www.altominho.tv\/site\/2023\/05\/30\/praia-do-forte-do-cao-em-ancora-e-distinguida-como-zero-poluicao\/#primaryimage"},"thumbnailUrl":"https:\/\/www.altominho.tv\/site\/wp-content\/uploads\/2023\/05\/Forte-do-Cao-Ancora.jpg","keywords":["Sociedade"],"articleSection":["Caminha"],"inLanguage":"pt-PT","copyrightYear":"2023","copyrightHolder":{"@id":"https:\/\/www.altominho.tv\/site\/#organization"}},{"@type":"WebPage","@id":"https:\/\/www.altominho.tv\/site\/2023\/05\/30\/praia-do-forte-do-cao-em-ancora-e-distinguida-como-zero-poluicao\/","url":"https:\/\/www.altominho.tv\/site\/2023\/05\/30\/praia-do-forte-do-cao-em-ancora-e-distinguida-como-zero-poluicao\/","name":"Praia do Forte do C\u00e3o em \u00c2ncora \u00e9 distinguida como \"Zero Polui\u00e7\u00e3o\"","isPartOf":{"@id":"https:\/\/www.altominho.tv\/site\/#website"},"primaryImageOfPage":{"@id":"https:\/\/www.altominho.tv\/site\/2023\/05\/30\/praia-do-forte-do-cao-em-ancora-e-distinguida-como-zero-poluicao\/#primaryimage"},"image":{"@id":"https:\/\/www.altominho.tv\/site\/2023\/05\/30\/praia-do-forte-do-cao-em-ancora-e-distinguida-como-zero-poluicao\/#primaryimage"},"thumbnailUrl":"https:\/\/www.altominho.tv\/site\/wp-content\/uploads\/2023\/05\/Forte-do-Cao-Ancora.jpg","datePublished":"2023-05-30T10:24:29+00:00","dateModified":"2023-05-30T10:24:34+00:00","author":{"@id":"https:\/\/www.altominho.tv\/site\/#\/schema\/person\/f95a2097796cf4462fe1e476cddc40e4"},"description":"A Praia do Forte do C\u00e3o, em \u00c2ncora, conquistou, mais uma vez, um galard\u00e3o de excel\u00eancia e exclusividade, ao ser distinguida pela Associa\u00e7\u00e3o Zero como de \"polui\u00e7\u00e3o zero\"","breadcrumb":{"@id":"https:\/\/www.altominho.tv\/site\/2023\/05\/30\/praia-do-forte-do-cao-em-ancora-e-distinguida-como-zero-poluicao\/#breadcrumb"},"inLanguage":"pt-PT","potentialAction":[{"@type":"ReadAction","target":["https:\/\/www.altominho.tv\/site\/2023\/05\/30\/praia-do-forte-do-cao-em-ancora-e-distinguida-como-zero-poluicao\/"]}]},{"@type":"ImageObject","inLanguage":"pt-PT","@id":"https:\/\/www.altominho.tv\/site\/2023\/05\/30\/praia-do-forte-do-cao-em-ancora-e-distinguida-como-zero-poluicao\/#primaryimage","url":"https:\/\/www.altominho.tv\/site\/wp-content\/uploads\/2023\/05\/Forte-do-Cao-Ancora.jpg","contentUrl":"https:\/\/www.altominho.tv\/site\/wp-content\/uploads\/2023\/05\/Forte-do-Cao-Ancora.jpg","width":1620,"height":1080},{"@type":"BreadcrumbList","@id":"https:\/\/www.altominho.tv\/site\/2023\/05\/30\/praia-do-forte-do-cao-em-ancora-e-distinguida-como-zero-poluicao\/#breadcrumb","itemListElement":[{"@type":"ListItem","position":1,"name":"In\u00edcio","item":"https:\/\/www.altominho.tv\/site\/"},{"@type":"ListItem","position":2,"name":"Praia do Forte do C\u00e3o em \u00c2ncora \u00e9 distinguida como &#8220;Zero Polui\u00e7\u00e3o&#8221;"}]},{"@type":"WebSite","@id":"https:\/\/www.altominho.tv\/site\/#website","url":"https:\/\/www.altominho.tv\/site\/","name":"Altominho.tv","description":"A sua regi\u00e3o \u00e0 dist\u00e2ncia de um clique...","potentialAction":[{"@type":"SearchAction","target":{"@type":"EntryPoint","urlTemplate":"https:\/\/www.altominho.tv\/site\/?s={search_term_string}"},"query-input":{"@type":"PropertyValueSpecification","valueRequired":true,"valueName":"search_term_string"}}],"inLanguage":"pt-PT"},{"@type":"Person","@id":"https:\/\/www.altominho.tv\/site\/#\/schema\/person\/f95a2097796cf4462fe1e476cddc40e4","name":"Beatriz Lira","image":{"@type":"ImageObject","inLanguage":"pt-PT","@id":"https:\/\/www.altominho.tv\/site\/wp-content\/uploads\/2023\/03\/Screenshot_20230306-141220_Photos-150x150.jpg","url":"https:\/\/www.altominho.tv\/site\/wp-content\/uploads\/2023\/03\/Screenshot_20230306-141220_Photos-150x150.jpg","contentUrl":"https:\/\/www.altominho.tv\/site\/wp-content\/uploads\/2023\/03\/Screenshot_20230306-141220_Photos-150x150.jpg","caption":"Beatriz Lira"},"url":"https:\/\/www.altominho.tv\/site\/author\/beatriz\/"}]}},"_links":{"self":[{"href":"https:\/\/www.altominho.tv\/site\/wp-json\/wp\/v2\/posts\/92828","targetHints":{"allow":["GET"]}}],"collection":[{"href":"https:\/\/www.altominho.tv\/site\/wp-json\/wp\/v2\/posts"}],"about":[{"href":"https:\/\/www.altominho.tv\/site\/wp-json\/wp\/v2\/types\/post"}],"author":[{"embeddable":true,"href":"https:\/\/www.altominho.tv\/site\/wp-json\/wp\/v2\/users\/28"}],"replies":[{"embeddable":true,"href":"https:\/\/www.altominho.tv\/site\/wp-json\/wp\/v2\/comments?post=92828"}],"version-history":[{"count":1,"href":"https:\/\/www.altominho.tv\/site\/wp-json\/wp\/v2\/posts\/92828\/revisions"}],"predecessor-version":[{"id":92838,"href":"https:\/\/www.altominho.tv\/site\/wp-json\/wp\/v2\/posts\/92828\/revisions\/92838"}],"wp:featuredmedia":[{"embeddable":true,"href":"https:\/\/www.altominho.tv\/site\/wp-json\/wp\/v2\/media\/92837"}],"wp:attachment":[{"href":"https:\/\/www.altominho.tv\/site\/wp-json\/wp\/v2\/media?parent=92828"}],"wp:term":[{"taxonomy":"category","embeddable":true,"href":"https:\/\/www.altominho.tv\/site\/wp-json\/wp\/v2\/categories?post=92828"},{"taxonomy":"post_tag","embeddable":true,"href":"https:\/\/www.altominho.tv\/site\/wp-json\/wp\/v2\/tags?post=92828"}],"curies":[{"name":"wp","href":"https:\/\/api.w.org\/{rel}","templated":true}]}}