{"id":9281,"date":"2018-02-06T15:16:43","date_gmt":"2018-02-06T15:16:43","guid":{"rendered":"http:\/\/www.altominho.tv\/site\/?p=9281"},"modified":"2018-02-06T15:16:43","modified_gmt":"2018-02-06T15:16:43","slug":"caminha-prepara-se-para-viver-o-melhor-carnaval-de-sempre","status":"publish","type":"post","link":"https:\/\/www.altominho.tv\/site\/2018\/02\/06\/caminha-prepara-se-para-viver-o-melhor-carnaval-de-sempre\/","title":{"rendered":"Caminha prepara-se para viver o &#8220;melhor carnaval de sempre&#8221;"},"content":{"rendered":"<p>Desfile de Carnaval das escolas e JIS, Concurso Desfile de Carnaval Noturno &#8220;A Famosa Cegada \u00e9 o Carnaval em Caminha&#8221; e Baile do Assalto s\u00e3o algumas das atra\u00e7\u00f5es do Carnaval de Caminha para este ano.<\/p>\n<p>Com uma visibilidade cada vez maior, espera-se que o tradicional desfile noturno que sai \u00e0s ruas da vila na segunda-feira, dia 12 de fevereiro, seja o \u2018melhor de sempre\u2019 e traga a Caminha milhares de participantes e visitantes. O objetivo \u00e9 fazer com que Caminha integre os roteiros tur\u00edsticos dos melhores Carnavais do pa\u00eds. Este ano, h\u00e1 cinco mil euros em pr\u00e9mios.<\/p>\n<p>No concelho, o Carnaval arranca no dia 9, com os corsos carnavalescos das escolas nas ruas de Vila Praia de \u00c2ncora e de Caminha. Da parte da manh\u00e3, o corso sai \u00e0s ruas de Vila Praia de \u00c2ncora, com a participa\u00e7\u00e3o das Escolas e Jardins de Inf\u00e2ncia do Vale do \u00c2ncora e das Associa\u00e7\u00f5es e Institui\u00e7\u00f5es. Da parte da Caminha, \u00e9 a vez dos alunos das Escolas e Jardins de Inf\u00e2ncia do Vale Coura, bem como das Associa\u00e7\u00f5es e Institui\u00e7\u00f5es celebrarem o carnaval pelas ruas da Vila. O Corso de Carnaval \u00e9 organizado pelo Agrupamento de Escola Sid\u00f3nio Pais e conta com o apoio do Munic\u00edpio de Caminha.<\/p>\n<p>A folia continua no dia 10 de fevereiro, a partir das 22h30, com a edi\u00e7\u00e3o de mais um Baile do Assalto no Valadares, Teatro Municipal, um baile que marcou gera\u00e7\u00f5es e que continua a ser uma das atra\u00e7\u00f5es da programa\u00e7\u00e3o de Carnaval. O Baile do Assalto \u00e9 organizado pelos comerciantes do concelho e conta com o apoio da C\u00e2mara Municipal de Caminha e da Uni\u00e3o de Freguesias de Caminha (Matriz) e Vilarelho.<\/p>\n<p>&#8220;A Famosa Cegada \u00e9 o Carnaval em Caminha&#8221; termina com o Concurso Desfile de Carnaval Noturno no dia 12, que este ano promete surpreender quer ao n\u00edvel de participantes, quer de visitantes. Os interessados em fazer parte desta \u201cfamosa cegada\u201d podem-no fazer em grupo\/comparsa (composto por um m\u00ednimo de quatro elementos) ou individualmente (um \u00fanico indiv\u00edduo disfar\u00e7ado, ou at\u00e9 ao m\u00e1ximo de tr\u00eas elementos). Em \u201cjogo\u201d h\u00e1 cinco mil euros em pr\u00e9mios.<\/p>\n<p>As inscri\u00e7\u00f5es j\u00e1 est\u00e3o a decorrer, embora possam ser efetuadas no pr\u00f3prio dia, na Pra\u00e7a Conselheiro Silva Torres, at\u00e9 \u00e0s 21H30.<\/p>\n","protected":false},"excerpt":{"rendered":"<p>Desfile de Carnaval das escolas e JIS, Concurso Desfile de Carnaval Noturno &#8220;A Famosa Cegada \u00e9 o Carnaval em Caminha&#8221; e Baile do Assalto s\u00e3o algumas das atra\u00e7\u00f5es do Carnaval de Caminha para este ano. Com uma visibilidade cada vez maior, espera-se que o tradicional desfile noturno que sai \u00e0s ruas da vila na segunda-feira, [&hellip;]<\/p>\n","protected":false},"author":6,"featured_media":9282,"comment_status":"closed","ping_status":"closed","sticky":false,"template":"","format":"standard","meta":{"_exactmetrics_skip_tracking":false,"_exactmetrics_sitenote_active":false,"_exactmetrics_sitenote_note":"","_exactmetrics_sitenote_category":0,"footnotes":""},"categories":[7],"tags":[24],"class_list":["post-9281","post","type-post","status-publish","format-standard","has-post-thumbnail","hentry","category-caminha","tag-lazer"],"yoast_head":"<!-- This site is optimized with the Yoast SEO Premium plugin v27.5 (Yoast SEO v27.5) - https:\/\/yoast.com\/product\/yoast-seo-premium-wordpress\/ -->\n<title>Caminha prepara-se para viver o &quot;melhor carnaval de sempre&quot;<\/title>\n<meta name=\"robots\" content=\"index, follow, max-snippet:-1, max-image-preview:large, max-video-preview:-1\" \/>\n<link rel=\"canonical\" href=\"https:\/\/www.altominho.tv\/site\/2018\/02\/06\/caminha-prepara-se-para-viver-o-melhor-carnaval-de-sempre\/\" \/>\n<meta property=\"og:locale\" content=\"pt_PT\" \/>\n<meta property=\"og:type\" content=\"article\" \/>\n<meta property=\"og:title\" content=\"Caminha prepara-se para viver o &quot;melhor carnaval de sempre&quot;\" \/>\n<meta property=\"og:description\" content=\"Desfile de Carnaval das escolas e JIS, Concurso Desfile de Carnaval Noturno &#8220;A Famosa Cegada \u00e9 o Carnaval em Caminha&#8221; e Baile do Assalto s\u00e3o algumas das atra\u00e7\u00f5es do Carnaval de Caminha para este ano. Com uma visibilidade cada vez maior, espera-se que o tradicional desfile noturno que sai \u00e0s ruas da vila na segunda-feira, [&hellip;]\" \/>\n<meta property=\"og:url\" content=\"https:\/\/www.altominho.tv\/site\/2018\/02\/06\/caminha-prepara-se-para-viver-o-melhor-carnaval-de-sempre\/\" \/>\n<meta property=\"og:site_name\" content=\"Altominho.tv\" \/>\n<meta property=\"article:publisher\" content=\"https:\/\/www.facebook.com\/altominhotv\" \/>\n<meta property=\"article:published_time\" content=\"2018-02-06T15:16:43+00:00\" \/>\n<meta property=\"og:image\" content=\"https:\/\/www.altominho.tv\/site\/wp-content\/uploads\/2018\/02\/Carnaval-2017-1.jpg\" \/>\n\t<meta property=\"og:image:width\" content=\"1200\" \/>\n\t<meta property=\"og:image:height\" content=\"800\" \/>\n\t<meta property=\"og:image:type\" content=\"image\/jpeg\" \/>\n<meta name=\"author\" content=\"C\u00e1tia Malheiro\" \/>\n<meta name=\"twitter:card\" content=\"summary_large_image\" \/>\n<meta name=\"twitter:creator\" content=\"@altominhoTV\" \/>\n<meta name=\"twitter:site\" content=\"@altominhoTV\" \/>\n<meta name=\"twitter:label1\" content=\"Escrito por\" \/>\n\t<meta name=\"twitter:data1\" content=\"C\u00e1tia Malheiro\" \/>\n\t<meta name=\"twitter:label2\" content=\"Tempo estimado de leitura\" \/>\n\t<meta name=\"twitter:data2\" content=\"2 minutos\" \/>\n<script type=\"application\/ld+json\" class=\"yoast-schema-graph\">{\"@context\":\"https:\\\/\\\/schema.org\",\"@graph\":[{\"@type\":\"Article\",\"@id\":\"https:\\\/\\\/www.altominho.tv\\\/site\\\/2018\\\/02\\\/06\\\/caminha-prepara-se-para-viver-o-melhor-carnaval-de-sempre\\\/#article\",\"isPartOf\":{\"@id\":\"https:\\\/\\\/www.altominho.tv\\\/site\\\/2018\\\/02\\\/06\\\/caminha-prepara-se-para-viver-o-melhor-carnaval-de-sempre\\\/\"},\"author\":{\"name\":\"C\u00e1tia Malheiro\",\"@id\":\"https:\\\/\\\/www.altominho.tv\\\/site\\\/#\\\/schema\\\/person\\\/5c9404a8b438614c93da6ca09db92574\"},\"headline\":\"Caminha prepara-se para viver o &#8220;melhor carnaval de sempre&#8221;\",\"datePublished\":\"2018-02-06T15:16:43+00:00\",\"mainEntityOfPage\":{\"@id\":\"https:\\\/\\\/www.altominho.tv\\\/site\\\/2018\\\/02\\\/06\\\/caminha-prepara-se-para-viver-o-melhor-carnaval-de-sempre\\\/\"},\"wordCount\":401,\"image\":{\"@id\":\"https:\\\/\\\/www.altominho.tv\\\/site\\\/2018\\\/02\\\/06\\\/caminha-prepara-se-para-viver-o-melhor-carnaval-de-sempre\\\/#primaryimage\"},\"thumbnailUrl\":\"https:\\\/\\\/www.altominho.tv\\\/site\\\/wp-content\\\/uploads\\\/2018\\\/02\\\/Carnaval-2017-1.jpg\",\"keywords\":[\"Lazer\"],\"articleSection\":[\"Caminha\"],\"inLanguage\":\"pt-PT\",\"copyrightYear\":\"2018\",\"copyrightHolder\":{\"@id\":\"https:\\\/\\\/www.altominho.tv\\\/site\\\/#organization\"}},{\"@type\":\"WebPage\",\"@id\":\"https:\\\/\\\/www.altominho.tv\\\/site\\\/2018\\\/02\\\/06\\\/caminha-prepara-se-para-viver-o-melhor-carnaval-de-sempre\\\/\",\"url\":\"https:\\\/\\\/www.altominho.tv\\\/site\\\/2018\\\/02\\\/06\\\/caminha-prepara-se-para-viver-o-melhor-carnaval-de-sempre\\\/\",\"name\":\"Caminha prepara-se para viver o \\\"melhor carnaval de sempre\\\"\",\"isPartOf\":{\"@id\":\"https:\\\/\\\/www.altominho.tv\\\/site\\\/#website\"},\"primaryImageOfPage\":{\"@id\":\"https:\\\/\\\/www.altominho.tv\\\/site\\\/2018\\\/02\\\/06\\\/caminha-prepara-se-para-viver-o-melhor-carnaval-de-sempre\\\/#primaryimage\"},\"image\":{\"@id\":\"https:\\\/\\\/www.altominho.tv\\\/site\\\/2018\\\/02\\\/06\\\/caminha-prepara-se-para-viver-o-melhor-carnaval-de-sempre\\\/#primaryimage\"},\"thumbnailUrl\":\"https:\\\/\\\/www.altominho.tv\\\/site\\\/wp-content\\\/uploads\\\/2018\\\/02\\\/Carnaval-2017-1.jpg\",\"datePublished\":\"2018-02-06T15:16:43+00:00\",\"author\":{\"@id\":\"https:\\\/\\\/www.altominho.tv\\\/site\\\/#\\\/schema\\\/person\\\/5c9404a8b438614c93da6ca09db92574\"},\"breadcrumb\":{\"@id\":\"https:\\\/\\\/www.altominho.tv\\\/site\\\/2018\\\/02\\\/06\\\/caminha-prepara-se-para-viver-o-melhor-carnaval-de-sempre\\\/#breadcrumb\"},\"inLanguage\":\"pt-PT\",\"potentialAction\":[{\"@type\":\"ReadAction\",\"target\":[\"https:\\\/\\\/www.altominho.tv\\\/site\\\/2018\\\/02\\\/06\\\/caminha-prepara-se-para-viver-o-melhor-carnaval-de-sempre\\\/\"]}]},{\"@type\":\"ImageObject\",\"inLanguage\":\"pt-PT\",\"@id\":\"https:\\\/\\\/www.altominho.tv\\\/site\\\/2018\\\/02\\\/06\\\/caminha-prepara-se-para-viver-o-melhor-carnaval-de-sempre\\\/#primaryimage\",\"url\":\"https:\\\/\\\/www.altominho.tv\\\/site\\\/wp-content\\\/uploads\\\/2018\\\/02\\\/Carnaval-2017-1.jpg\",\"contentUrl\":\"https:\\\/\\\/www.altominho.tv\\\/site\\\/wp-content\\\/uploads\\\/2018\\\/02\\\/Carnaval-2017-1.jpg\",\"width\":1200,\"height\":800},{\"@type\":\"BreadcrumbList\",\"@id\":\"https:\\\/\\\/www.altominho.tv\\\/site\\\/2018\\\/02\\\/06\\\/caminha-prepara-se-para-viver-o-melhor-carnaval-de-sempre\\\/#breadcrumb\",\"itemListElement\":[{\"@type\":\"ListItem\",\"position\":1,\"name\":\"In\u00edcio\",\"item\":\"https:\\\/\\\/www.altominho.tv\\\/site\\\/\"},{\"@type\":\"ListItem\",\"position\":2,\"name\":\"Caminha prepara-se para viver o &#8220;melhor carnaval de sempre&#8221;\"}]},{\"@type\":\"WebSite\",\"@id\":\"https:\\\/\\\/www.altominho.tv\\\/site\\\/#website\",\"url\":\"https:\\\/\\\/www.altominho.tv\\\/site\\\/\",\"name\":\"Altominho.tv\",\"description\":\"A sua regi\u00e3o \u00e0 dist\u00e2ncia de um clique...\",\"potentialAction\":[{\"@type\":\"SearchAction\",\"target\":{\"@type\":\"EntryPoint\",\"urlTemplate\":\"https:\\\/\\\/www.altominho.tv\\\/site\\\/?s={search_term_string}\"},\"query-input\":{\"@type\":\"PropertyValueSpecification\",\"valueRequired\":true,\"valueName\":\"search_term_string\"}}],\"inLanguage\":\"pt-PT\"},{\"@type\":\"Person\",\"@id\":\"https:\\\/\\\/www.altominho.tv\\\/site\\\/#\\\/schema\\\/person\\\/5c9404a8b438614c93da6ca09db92574\",\"name\":\"C\u00e1tia Malheiro\",\"image\":{\"@type\":\"ImageObject\",\"inLanguage\":\"pt-PT\",\"@id\":\"https:\\\/\\\/www.altominho.tv\\\/site\\\/wp-content\\\/uploads\\\/2017\\\/11\\\/Catia_Malheiro-150x150.jpg\",\"url\":\"https:\\\/\\\/www.altominho.tv\\\/site\\\/wp-content\\\/uploads\\\/2017\\\/11\\\/Catia_Malheiro-150x150.jpg\",\"contentUrl\":\"https:\\\/\\\/www.altominho.tv\\\/site\\\/wp-content\\\/uploads\\\/2017\\\/11\\\/Catia_Malheiro-150x150.jpg\",\"caption\":\"C\u00e1tia Malheiro\"},\"url\":\"https:\\\/\\\/www.altominho.tv\\\/site\\\/author\\\/catiamalheiro\\\/\"}]}<\/script>\n<!-- \/ Yoast SEO Premium plugin. -->","yoast_head_json":{"title":"Caminha prepara-se para viver o \"melhor carnaval de sempre\"","robots":{"index":"index","follow":"follow","max-snippet":"max-snippet:-1","max-image-preview":"max-image-preview:large","max-video-preview":"max-video-preview:-1"},"canonical":"https:\/\/www.altominho.tv\/site\/2018\/02\/06\/caminha-prepara-se-para-viver-o-melhor-carnaval-de-sempre\/","og_locale":"pt_PT","og_type":"article","og_title":"Caminha prepara-se para viver o \"melhor carnaval de sempre\"","og_description":"Desfile de Carnaval das escolas e JIS, Concurso Desfile de Carnaval Noturno &#8220;A Famosa Cegada \u00e9 o Carnaval em Caminha&#8221; e Baile do Assalto s\u00e3o algumas das atra\u00e7\u00f5es do Carnaval de Caminha para este ano. Com uma visibilidade cada vez maior, espera-se que o tradicional desfile noturno que sai \u00e0s ruas da vila na segunda-feira, [&hellip;]","og_url":"https:\/\/www.altominho.tv\/site\/2018\/02\/06\/caminha-prepara-se-para-viver-o-melhor-carnaval-de-sempre\/","og_site_name":"Altominho.tv","article_publisher":"https:\/\/www.facebook.com\/altominhotv","article_published_time":"2018-02-06T15:16:43+00:00","og_image":[{"width":1200,"height":800,"url":"https:\/\/www.altominho.tv\/site\/wp-content\/uploads\/2018\/02\/Carnaval-2017-1.jpg","type":"image\/jpeg"}],"author":"C\u00e1tia Malheiro","twitter_card":"summary_large_image","twitter_creator":"@altominhoTV","twitter_site":"@altominhoTV","twitter_misc":{"Escrito por":"C\u00e1tia Malheiro","Tempo estimado de leitura":"2 minutos"},"schema":{"@context":"https:\/\/schema.org","@graph":[{"@type":"Article","@id":"https:\/\/www.altominho.tv\/site\/2018\/02\/06\/caminha-prepara-se-para-viver-o-melhor-carnaval-de-sempre\/#article","isPartOf":{"@id":"https:\/\/www.altominho.tv\/site\/2018\/02\/06\/caminha-prepara-se-para-viver-o-melhor-carnaval-de-sempre\/"},"author":{"name":"C\u00e1tia Malheiro","@id":"https:\/\/www.altominho.tv\/site\/#\/schema\/person\/5c9404a8b438614c93da6ca09db92574"},"headline":"Caminha prepara-se para viver o &#8220;melhor carnaval de sempre&#8221;","datePublished":"2018-02-06T15:16:43+00:00","mainEntityOfPage":{"@id":"https:\/\/www.altominho.tv\/site\/2018\/02\/06\/caminha-prepara-se-para-viver-o-melhor-carnaval-de-sempre\/"},"wordCount":401,"image":{"@id":"https:\/\/www.altominho.tv\/site\/2018\/02\/06\/caminha-prepara-se-para-viver-o-melhor-carnaval-de-sempre\/#primaryimage"},"thumbnailUrl":"https:\/\/www.altominho.tv\/site\/wp-content\/uploads\/2018\/02\/Carnaval-2017-1.jpg","keywords":["Lazer"],"articleSection":["Caminha"],"inLanguage":"pt-PT","copyrightYear":"2018","copyrightHolder":{"@id":"https:\/\/www.altominho.tv\/site\/#organization"}},{"@type":"WebPage","@id":"https:\/\/www.altominho.tv\/site\/2018\/02\/06\/caminha-prepara-se-para-viver-o-melhor-carnaval-de-sempre\/","url":"https:\/\/www.altominho.tv\/site\/2018\/02\/06\/caminha-prepara-se-para-viver-o-melhor-carnaval-de-sempre\/","name":"Caminha prepara-se para viver o \"melhor carnaval de sempre\"","isPartOf":{"@id":"https:\/\/www.altominho.tv\/site\/#website"},"primaryImageOfPage":{"@id":"https:\/\/www.altominho.tv\/site\/2018\/02\/06\/caminha-prepara-se-para-viver-o-melhor-carnaval-de-sempre\/#primaryimage"},"image":{"@id":"https:\/\/www.altominho.tv\/site\/2018\/02\/06\/caminha-prepara-se-para-viver-o-melhor-carnaval-de-sempre\/#primaryimage"},"thumbnailUrl":"https:\/\/www.altominho.tv\/site\/wp-content\/uploads\/2018\/02\/Carnaval-2017-1.jpg","datePublished":"2018-02-06T15:16:43+00:00","author":{"@id":"https:\/\/www.altominho.tv\/site\/#\/schema\/person\/5c9404a8b438614c93da6ca09db92574"},"breadcrumb":{"@id":"https:\/\/www.altominho.tv\/site\/2018\/02\/06\/caminha-prepara-se-para-viver-o-melhor-carnaval-de-sempre\/#breadcrumb"},"inLanguage":"pt-PT","potentialAction":[{"@type":"ReadAction","target":["https:\/\/www.altominho.tv\/site\/2018\/02\/06\/caminha-prepara-se-para-viver-o-melhor-carnaval-de-sempre\/"]}]},{"@type":"ImageObject","inLanguage":"pt-PT","@id":"https:\/\/www.altominho.tv\/site\/2018\/02\/06\/caminha-prepara-se-para-viver-o-melhor-carnaval-de-sempre\/#primaryimage","url":"https:\/\/www.altominho.tv\/site\/wp-content\/uploads\/2018\/02\/Carnaval-2017-1.jpg","contentUrl":"https:\/\/www.altominho.tv\/site\/wp-content\/uploads\/2018\/02\/Carnaval-2017-1.jpg","width":1200,"height":800},{"@type":"BreadcrumbList","@id":"https:\/\/www.altominho.tv\/site\/2018\/02\/06\/caminha-prepara-se-para-viver-o-melhor-carnaval-de-sempre\/#breadcrumb","itemListElement":[{"@type":"ListItem","position":1,"name":"In\u00edcio","item":"https:\/\/www.altominho.tv\/site\/"},{"@type":"ListItem","position":2,"name":"Caminha prepara-se para viver o &#8220;melhor carnaval de sempre&#8221;"}]},{"@type":"WebSite","@id":"https:\/\/www.altominho.tv\/site\/#website","url":"https:\/\/www.altominho.tv\/site\/","name":"Altominho.tv","description":"A sua regi\u00e3o \u00e0 dist\u00e2ncia de um clique...","potentialAction":[{"@type":"SearchAction","target":{"@type":"EntryPoint","urlTemplate":"https:\/\/www.altominho.tv\/site\/?s={search_term_string}"},"query-input":{"@type":"PropertyValueSpecification","valueRequired":true,"valueName":"search_term_string"}}],"inLanguage":"pt-PT"},{"@type":"Person","@id":"https:\/\/www.altominho.tv\/site\/#\/schema\/person\/5c9404a8b438614c93da6ca09db92574","name":"C\u00e1tia Malheiro","image":{"@type":"ImageObject","inLanguage":"pt-PT","@id":"https:\/\/www.altominho.tv\/site\/wp-content\/uploads\/2017\/11\/Catia_Malheiro-150x150.jpg","url":"https:\/\/www.altominho.tv\/site\/wp-content\/uploads\/2017\/11\/Catia_Malheiro-150x150.jpg","contentUrl":"https:\/\/www.altominho.tv\/site\/wp-content\/uploads\/2017\/11\/Catia_Malheiro-150x150.jpg","caption":"C\u00e1tia Malheiro"},"url":"https:\/\/www.altominho.tv\/site\/author\/catiamalheiro\/"}]}},"_links":{"self":[{"href":"https:\/\/www.altominho.tv\/site\/wp-json\/wp\/v2\/posts\/9281","targetHints":{"allow":["GET"]}}],"collection":[{"href":"https:\/\/www.altominho.tv\/site\/wp-json\/wp\/v2\/posts"}],"about":[{"href":"https:\/\/www.altominho.tv\/site\/wp-json\/wp\/v2\/types\/post"}],"author":[{"embeddable":true,"href":"https:\/\/www.altominho.tv\/site\/wp-json\/wp\/v2\/users\/6"}],"replies":[{"embeddable":true,"href":"https:\/\/www.altominho.tv\/site\/wp-json\/wp\/v2\/comments?post=9281"}],"version-history":[{"count":0,"href":"https:\/\/www.altominho.tv\/site\/wp-json\/wp\/v2\/posts\/9281\/revisions"}],"wp:featuredmedia":[{"embeddable":true,"href":"https:\/\/www.altominho.tv\/site\/wp-json\/wp\/v2\/media\/9282"}],"wp:attachment":[{"href":"https:\/\/www.altominho.tv\/site\/wp-json\/wp\/v2\/media?parent=9281"}],"wp:term":[{"taxonomy":"category","embeddable":true,"href":"https:\/\/www.altominho.tv\/site\/wp-json\/wp\/v2\/categories?post=9281"},{"taxonomy":"post_tag","embeddable":true,"href":"https:\/\/www.altominho.tv\/site\/wp-json\/wp\/v2\/tags?post=9281"}],"curies":[{"name":"wp","href":"https:\/\/api.w.org\/{rel}","templated":true}]}}