{"id":92777,"date":"2023-05-29T11:17:38","date_gmt":"2023-05-29T10:17:38","guid":{"rendered":"https:\/\/www.altominho.tv\/site\/?p=92777"},"modified":"2023-05-29T11:17:43","modified_gmt":"2023-05-29T10:17:43","slug":"valenca-recebe-festival-de-tunas-mistas-no-fim-de-semana","status":"publish","type":"post","link":"https:\/\/www.altominho.tv\/site\/2023\/05\/29\/valenca-recebe-festival-de-tunas-mistas-no-fim-de-semana\/","title":{"rendered":"Valen\u00e7a recebe Festival de Tunas Mistas no fim de semana"},"content":{"rendered":"<p>Valen\u00e7a acolhe o esp\u00edrito acad\u00e9mico no pr\u00f3ximo fim de semana, dia 2 e 3 de junho, com o festival de tunas \u201cToca Tuna Fortaleza\u201d.<\/p>\n<p>O evento conta com cinco tunas portuguesas, a Educatuna &#8211; Tuna Mista da Escola Superior de Educa\u00e7\u00e3o de Paula Frassinetti, a VemTuna &#8211; Tuna Mista da Escola Superior de Educa\u00e7\u00e3o\u00a0 do IPVC, a Maratuna &#8211; Tuna Mista da Faculdade de Ci\u00eancias do Desporto e Educa\u00e7\u00e3o F\u00edsica da Universidade de Coimbra, a Tuness &#8211; Tuna Mista da Escola Superior de Sa\u00fade do IPVC e a Rausstuna &#8211; Tuna Mista de Bragan\u00e7a.<\/p>\n<p>O concurso tem, ainda, como convidada a Tuna de Veteranos de Viana do Castelo.<\/p>\n<p>Organizado pela \u00a0TUNESCE \u2013 da E.S.C.E.\u2013 Escola Superior de Ci\u00eancias Empresariais de Valen\u00e7a, e com o apoio da C\u00e2mara Municipal, este evento ter\u00e1 lugar no Jardim Municipal, com in\u00edcio na sexta-feira, pelas 21h30.<\/p>\n<p>Durante o dia de s\u00e1bado, as tunas ir\u00e3o percorrer a Fortaleza e a cidade com v\u00e1rias atua\u00e7\u00f5es.<\/p>\n<p>Ambos os espet\u00e1culos ser\u00e3o abertos ao p\u00fablico e com entrada livre.<\/p>\n<p>A autarquia &#8220;v\u00ea este evento com grande expectativa pelo grande sucesso da edi\u00e7\u00e3o anterior.&#8221;<\/p>\n<p>O Munic\u00edpio entende este festival &#8220;como um marco anual do esp\u00edrito acad\u00e9mico na cidade e em que a comunidade da ESCE, j\u00e1 com mais de 700 alunos e duas d\u00e9cadas em Valen\u00e7a \u00e9 parte integrante e constituinte da vida e identidade valenciana.&#8221;<\/p>\n","protected":false},"excerpt":{"rendered":"<p>Valen\u00e7a acolhe o esp\u00edrito acad\u00e9mico no pr\u00f3ximo fim de semana, dia 2 e 3 de junho, com o festival de tunas \u201cToca Tuna Fortaleza\u201d. O evento conta com cinco tunas portuguesas, a Educatuna &#8211; Tuna Mista da Escola Superior de Educa\u00e7\u00e3o de Paula Frassinetti, a VemTuna &#8211; Tuna Mista da Escola Superior de Educa\u00e7\u00e3o\u00a0 do [&hellip;]<\/p>\n","protected":false},"author":28,"featured_media":92780,"comment_status":"closed","ping_status":"closed","sticky":false,"template":"","format":"standard","meta":{"_exactmetrics_skip_tracking":false,"footnotes":""},"categories":[13],"tags":[19],"class_list":["post-92777","post","type-post","status-publish","format-standard","has-post-thumbnail","hentry","category-valenca","tag-cultura"],"yoast_head":"<!-- This site is optimized with the Yoast SEO Premium plugin v28.3 (Yoast SEO v28.3) - https:\/\/yoast.com\/product\/yoast-seo-premium-wordpress\/ -->\n<title>Valen\u00e7a recebe Festival de Tunas Mistas no fim de semana<\/title>\n<meta name=\"description\" content=\"Valen\u00e7a acolhe o esp\u00edrito acad\u00e9mico no pr\u00f3ximo fim de semana, dia 2 e 3 de junho, com o festival de tunas \u201cToca Tuna Fortaleza\u201d.\u00a0\" \/>\n<meta name=\"robots\" content=\"index, follow, max-snippet:-1, max-image-preview:large, max-video-preview:-1\" \/>\n<link rel=\"canonical\" href=\"https:\/\/www.altominho.tv\/site\/2023\/05\/29\/valenca-recebe-festival-de-tunas-mistas-no-fim-de-semana\/\" \/>\n<meta property=\"og:locale\" content=\"pt_PT\" \/>\n<meta property=\"og:type\" content=\"article\" \/>\n<meta property=\"og:title\" content=\"Valen\u00e7a recebe Festival de Tunas Mistas no fim de semana\" \/>\n<meta property=\"og:description\" content=\"Valen\u00e7a acolhe o esp\u00edrito acad\u00e9mico no pr\u00f3ximo fim de semana, dia 2 e 3 de junho, com o festival de tunas \u201cToca Tuna Fortaleza\u201d.\u00a0\" \/>\n<meta property=\"og:url\" content=\"https:\/\/www.altominho.tv\/site\/2023\/05\/29\/valenca-recebe-festival-de-tunas-mistas-no-fim-de-semana\/\" \/>\n<meta property=\"og:site_name\" content=\"Altominho.tv\" \/>\n<meta property=\"article:publisher\" content=\"https:\/\/www.facebook.com\/altominhotv\" \/>\n<meta property=\"article:published_time\" content=\"2023-05-29T10:17:38+00:00\" \/>\n<meta property=\"article:modified_time\" content=\"2023-05-29T10:17:43+00:00\" \/>\n<meta property=\"og:image\" content=\"https:\/\/www.altominho.tv\/site\/wp-content\/uploads\/2023\/05\/Valenca-cidade-scaled-1.jpeg\" \/>\n\t<meta property=\"og:image:width\" content=\"2560\" \/>\n\t<meta property=\"og:image:height\" content=\"1440\" \/>\n\t<meta property=\"og:image:type\" content=\"image\/jpeg\" \/>\n<meta name=\"author\" content=\"Beatriz Lira\" \/>\n<meta name=\"twitter:card\" content=\"summary_large_image\" \/>\n<meta name=\"twitter:creator\" content=\"@altominhoTV\" \/>\n<meta name=\"twitter:site\" content=\"@altominhoTV\" \/>\n<meta name=\"twitter:label1\" content=\"Escrito por\" \/>\n\t<meta name=\"twitter:data1\" content=\"Beatriz Lira\" \/>\n\t<meta name=\"twitter:label2\" content=\"Tempo estimado de leitura\" \/>\n\t<meta name=\"twitter:data2\" content=\"2 minutos\" \/>\n<script type=\"application\/ld+json\" class=\"yoast-schema-graph\">{\"@context\":\"https:\\\/\\\/schema.org\",\"@graph\":[{\"@type\":\"Article\",\"@id\":\"https:\\\/\\\/www.altominho.tv\\\/site\\\/2023\\\/05\\\/29\\\/valenca-recebe-festival-de-tunas-mistas-no-fim-de-semana\\\/#article\",\"isPartOf\":{\"@id\":\"https:\\\/\\\/www.altominho.tv\\\/site\\\/2023\\\/05\\\/29\\\/valenca-recebe-festival-de-tunas-mistas-no-fim-de-semana\\\/\"},\"author\":{\"name\":\"Beatriz Lira\",\"@id\":\"https:\\\/\\\/www.altominho.tv\\\/site\\\/#\\\/schema\\\/person\\\/f95a2097796cf4462fe1e476cddc40e4\"},\"headline\":\"Valen\u00e7a recebe Festival de Tunas Mistas no fim de semana\",\"datePublished\":\"2023-05-29T10:17:38+00:00\",\"dateModified\":\"2023-05-29T10:17:43+00:00\",\"mainEntityOfPage\":{\"@id\":\"https:\\\/\\\/www.altominho.tv\\\/site\\\/2023\\\/05\\\/29\\\/valenca-recebe-festival-de-tunas-mistas-no-fim-de-semana\\\/\"},\"wordCount\":262,\"image\":{\"@id\":\"https:\\\/\\\/www.altominho.tv\\\/site\\\/2023\\\/05\\\/29\\\/valenca-recebe-festival-de-tunas-mistas-no-fim-de-semana\\\/#primaryimage\"},\"thumbnailUrl\":\"https:\\\/\\\/www.altominho.tv\\\/site\\\/wp-content\\\/uploads\\\/2023\\\/05\\\/Valenca-cidade-scaled-1.jpeg\",\"keywords\":[\"Cultura\"],\"articleSection\":[\"Valen\u00e7a\"],\"inLanguage\":\"pt-PT\",\"copyrightYear\":\"2023\",\"copyrightHolder\":{\"@id\":\"https:\\\/\\\/www.altominho.tv\\\/site\\\/#organization\"}},{\"@type\":\"WebPage\",\"@id\":\"https:\\\/\\\/www.altominho.tv\\\/site\\\/2023\\\/05\\\/29\\\/valenca-recebe-festival-de-tunas-mistas-no-fim-de-semana\\\/\",\"url\":\"https:\\\/\\\/www.altominho.tv\\\/site\\\/2023\\\/05\\\/29\\\/valenca-recebe-festival-de-tunas-mistas-no-fim-de-semana\\\/\",\"name\":\"Valen\u00e7a recebe Festival de Tunas Mistas no fim de semana\",\"isPartOf\":{\"@id\":\"https:\\\/\\\/www.altominho.tv\\\/site\\\/#website\"},\"primaryImageOfPage\":{\"@id\":\"https:\\\/\\\/www.altominho.tv\\\/site\\\/2023\\\/05\\\/29\\\/valenca-recebe-festival-de-tunas-mistas-no-fim-de-semana\\\/#primaryimage\"},\"image\":{\"@id\":\"https:\\\/\\\/www.altominho.tv\\\/site\\\/2023\\\/05\\\/29\\\/valenca-recebe-festival-de-tunas-mistas-no-fim-de-semana\\\/#primaryimage\"},\"thumbnailUrl\":\"https:\\\/\\\/www.altominho.tv\\\/site\\\/wp-content\\\/uploads\\\/2023\\\/05\\\/Valenca-cidade-scaled-1.jpeg\",\"datePublished\":\"2023-05-29T10:17:38+00:00\",\"dateModified\":\"2023-05-29T10:17:43+00:00\",\"author\":{\"@id\":\"https:\\\/\\\/www.altominho.tv\\\/site\\\/#\\\/schema\\\/person\\\/f95a2097796cf4462fe1e476cddc40e4\"},\"description\":\"Valen\u00e7a acolhe o esp\u00edrito acad\u00e9mico no pr\u00f3ximo fim de semana, dia 2 e 3 de junho, com o festival de tunas \u201cToca Tuna Fortaleza\u201d.\u00a0\",\"breadcrumb\":{\"@id\":\"https:\\\/\\\/www.altominho.tv\\\/site\\\/2023\\\/05\\\/29\\\/valenca-recebe-festival-de-tunas-mistas-no-fim-de-semana\\\/#breadcrumb\"},\"inLanguage\":\"pt-PT\",\"potentialAction\":[{\"@type\":\"ReadAction\",\"target\":[\"https:\\\/\\\/www.altominho.tv\\\/site\\\/2023\\\/05\\\/29\\\/valenca-recebe-festival-de-tunas-mistas-no-fim-de-semana\\\/\"]}]},{\"@type\":\"ImageObject\",\"inLanguage\":\"pt-PT\",\"@id\":\"https:\\\/\\\/www.altominho.tv\\\/site\\\/2023\\\/05\\\/29\\\/valenca-recebe-festival-de-tunas-mistas-no-fim-de-semana\\\/#primaryimage\",\"url\":\"https:\\\/\\\/www.altominho.tv\\\/site\\\/wp-content\\\/uploads\\\/2023\\\/05\\\/Valenca-cidade-scaled-1.jpeg\",\"contentUrl\":\"https:\\\/\\\/www.altominho.tv\\\/site\\\/wp-content\\\/uploads\\\/2023\\\/05\\\/Valenca-cidade-scaled-1.jpeg\",\"width\":2560,\"height\":1440},{\"@type\":\"BreadcrumbList\",\"@id\":\"https:\\\/\\\/www.altominho.tv\\\/site\\\/2023\\\/05\\\/29\\\/valenca-recebe-festival-de-tunas-mistas-no-fim-de-semana\\\/#breadcrumb\",\"itemListElement\":[{\"@type\":\"ListItem\",\"position\":1,\"name\":\"In\u00edcio\",\"item\":\"https:\\\/\\\/www.altominho.tv\\\/site\\\/\"},{\"@type\":\"ListItem\",\"position\":2,\"name\":\"Valen\u00e7a recebe Festival de Tunas Mistas no fim de semana\"}]},{\"@type\":\"WebSite\",\"@id\":\"https:\\\/\\\/www.altominho.tv\\\/site\\\/#website\",\"url\":\"https:\\\/\\\/www.altominho.tv\\\/site\\\/\",\"name\":\"Altominho.tv\",\"description\":\"A sua regi\u00e3o \u00e0 dist\u00e2ncia de um clique...\",\"potentialAction\":[{\"@type\":\"SearchAction\",\"target\":{\"@type\":\"EntryPoint\",\"urlTemplate\":\"https:\\\/\\\/www.altominho.tv\\\/site\\\/?s={search_term_string}\"},\"query-input\":{\"@type\":\"PropertyValueSpecification\",\"valueRequired\":true,\"valueName\":\"search_term_string\"}}],\"inLanguage\":\"pt-PT\"},{\"@type\":\"Person\",\"@id\":\"https:\\\/\\\/www.altominho.tv\\\/site\\\/#\\\/schema\\\/person\\\/f95a2097796cf4462fe1e476cddc40e4\",\"name\":\"Beatriz Lira\",\"image\":{\"@type\":\"ImageObject\",\"inLanguage\":\"pt-PT\",\"@id\":\"https:\\\/\\\/www.altominho.tv\\\/site\\\/wp-content\\\/uploads\\\/2023\\\/03\\\/Screenshot_20230306-141220_Photos-150x150.jpg\",\"url\":\"https:\\\/\\\/www.altominho.tv\\\/site\\\/wp-content\\\/uploads\\\/2023\\\/03\\\/Screenshot_20230306-141220_Photos-150x150.jpg\",\"contentUrl\":\"https:\\\/\\\/www.altominho.tv\\\/site\\\/wp-content\\\/uploads\\\/2023\\\/03\\\/Screenshot_20230306-141220_Photos-150x150.jpg\",\"caption\":\"Beatriz Lira\"},\"url\":\"https:\\\/\\\/www.altominho.tv\\\/site\\\/author\\\/beatriz\\\/\"}]}<\/script>\n<!-- \/ Yoast SEO Premium plugin. -->","yoast_head_json":{"title":"Valen\u00e7a recebe Festival de Tunas Mistas no fim de semana","description":"Valen\u00e7a acolhe o esp\u00edrito acad\u00e9mico no pr\u00f3ximo fim de semana, dia 2 e 3 de junho, com o festival de tunas \u201cToca Tuna Fortaleza\u201d.\u00a0","robots":{"index":"index","follow":"follow","max-snippet":"max-snippet:-1","max-image-preview":"max-image-preview:large","max-video-preview":"max-video-preview:-1"},"canonical":"https:\/\/www.altominho.tv\/site\/2023\/05\/29\/valenca-recebe-festival-de-tunas-mistas-no-fim-de-semana\/","og_locale":"pt_PT","og_type":"article","og_title":"Valen\u00e7a recebe Festival de Tunas Mistas no fim de semana","og_description":"Valen\u00e7a acolhe o esp\u00edrito acad\u00e9mico no pr\u00f3ximo fim de semana, dia 2 e 3 de junho, com o festival de tunas \u201cToca Tuna Fortaleza\u201d.\u00a0","og_url":"https:\/\/www.altominho.tv\/site\/2023\/05\/29\/valenca-recebe-festival-de-tunas-mistas-no-fim-de-semana\/","og_site_name":"Altominho.tv","article_publisher":"https:\/\/www.facebook.com\/altominhotv","article_published_time":"2023-05-29T10:17:38+00:00","article_modified_time":"2023-05-29T10:17:43+00:00","og_image":[{"width":2560,"height":1440,"url":"https:\/\/www.altominho.tv\/site\/wp-content\/uploads\/2023\/05\/Valenca-cidade-scaled-1.jpeg","type":"image\/jpeg"}],"author":"Beatriz Lira","twitter_card":"summary_large_image","twitter_creator":"@altominhoTV","twitter_site":"@altominhoTV","twitter_misc":{"Escrito por":"Beatriz Lira","Tempo estimado de leitura":"2 minutos"},"schema":{"@context":"https:\/\/schema.org","@graph":[{"@type":"Article","@id":"https:\/\/www.altominho.tv\/site\/2023\/05\/29\/valenca-recebe-festival-de-tunas-mistas-no-fim-de-semana\/#article","isPartOf":{"@id":"https:\/\/www.altominho.tv\/site\/2023\/05\/29\/valenca-recebe-festival-de-tunas-mistas-no-fim-de-semana\/"},"author":{"name":"Beatriz Lira","@id":"https:\/\/www.altominho.tv\/site\/#\/schema\/person\/f95a2097796cf4462fe1e476cddc40e4"},"headline":"Valen\u00e7a recebe Festival de Tunas Mistas no fim de semana","datePublished":"2023-05-29T10:17:38+00:00","dateModified":"2023-05-29T10:17:43+00:00","mainEntityOfPage":{"@id":"https:\/\/www.altominho.tv\/site\/2023\/05\/29\/valenca-recebe-festival-de-tunas-mistas-no-fim-de-semana\/"},"wordCount":262,"image":{"@id":"https:\/\/www.altominho.tv\/site\/2023\/05\/29\/valenca-recebe-festival-de-tunas-mistas-no-fim-de-semana\/#primaryimage"},"thumbnailUrl":"https:\/\/www.altominho.tv\/site\/wp-content\/uploads\/2023\/05\/Valenca-cidade-scaled-1.jpeg","keywords":["Cultura"],"articleSection":["Valen\u00e7a"],"inLanguage":"pt-PT","copyrightYear":"2023","copyrightHolder":{"@id":"https:\/\/www.altominho.tv\/site\/#organization"}},{"@type":"WebPage","@id":"https:\/\/www.altominho.tv\/site\/2023\/05\/29\/valenca-recebe-festival-de-tunas-mistas-no-fim-de-semana\/","url":"https:\/\/www.altominho.tv\/site\/2023\/05\/29\/valenca-recebe-festival-de-tunas-mistas-no-fim-de-semana\/","name":"Valen\u00e7a recebe Festival de Tunas Mistas no fim de semana","isPartOf":{"@id":"https:\/\/www.altominho.tv\/site\/#website"},"primaryImageOfPage":{"@id":"https:\/\/www.altominho.tv\/site\/2023\/05\/29\/valenca-recebe-festival-de-tunas-mistas-no-fim-de-semana\/#primaryimage"},"image":{"@id":"https:\/\/www.altominho.tv\/site\/2023\/05\/29\/valenca-recebe-festival-de-tunas-mistas-no-fim-de-semana\/#primaryimage"},"thumbnailUrl":"https:\/\/www.altominho.tv\/site\/wp-content\/uploads\/2023\/05\/Valenca-cidade-scaled-1.jpeg","datePublished":"2023-05-29T10:17:38+00:00","dateModified":"2023-05-29T10:17:43+00:00","author":{"@id":"https:\/\/www.altominho.tv\/site\/#\/schema\/person\/f95a2097796cf4462fe1e476cddc40e4"},"description":"Valen\u00e7a acolhe o esp\u00edrito acad\u00e9mico no pr\u00f3ximo fim de semana, dia 2 e 3 de junho, com o festival de tunas \u201cToca Tuna Fortaleza\u201d.\u00a0","breadcrumb":{"@id":"https:\/\/www.altominho.tv\/site\/2023\/05\/29\/valenca-recebe-festival-de-tunas-mistas-no-fim-de-semana\/#breadcrumb"},"inLanguage":"pt-PT","potentialAction":[{"@type":"ReadAction","target":["https:\/\/www.altominho.tv\/site\/2023\/05\/29\/valenca-recebe-festival-de-tunas-mistas-no-fim-de-semana\/"]}]},{"@type":"ImageObject","inLanguage":"pt-PT","@id":"https:\/\/www.altominho.tv\/site\/2023\/05\/29\/valenca-recebe-festival-de-tunas-mistas-no-fim-de-semana\/#primaryimage","url":"https:\/\/www.altominho.tv\/site\/wp-content\/uploads\/2023\/05\/Valenca-cidade-scaled-1.jpeg","contentUrl":"https:\/\/www.altominho.tv\/site\/wp-content\/uploads\/2023\/05\/Valenca-cidade-scaled-1.jpeg","width":2560,"height":1440},{"@type":"BreadcrumbList","@id":"https:\/\/www.altominho.tv\/site\/2023\/05\/29\/valenca-recebe-festival-de-tunas-mistas-no-fim-de-semana\/#breadcrumb","itemListElement":[{"@type":"ListItem","position":1,"name":"In\u00edcio","item":"https:\/\/www.altominho.tv\/site\/"},{"@type":"ListItem","position":2,"name":"Valen\u00e7a recebe Festival de Tunas Mistas no fim de semana"}]},{"@type":"WebSite","@id":"https:\/\/www.altominho.tv\/site\/#website","url":"https:\/\/www.altominho.tv\/site\/","name":"Altominho.tv","description":"A sua regi\u00e3o \u00e0 dist\u00e2ncia de um clique...","potentialAction":[{"@type":"SearchAction","target":{"@type":"EntryPoint","urlTemplate":"https:\/\/www.altominho.tv\/site\/?s={search_term_string}"},"query-input":{"@type":"PropertyValueSpecification","valueRequired":true,"valueName":"search_term_string"}}],"inLanguage":"pt-PT"},{"@type":"Person","@id":"https:\/\/www.altominho.tv\/site\/#\/schema\/person\/f95a2097796cf4462fe1e476cddc40e4","name":"Beatriz Lira","image":{"@type":"ImageObject","inLanguage":"pt-PT","@id":"https:\/\/www.altominho.tv\/site\/wp-content\/uploads\/2023\/03\/Screenshot_20230306-141220_Photos-150x150.jpg","url":"https:\/\/www.altominho.tv\/site\/wp-content\/uploads\/2023\/03\/Screenshot_20230306-141220_Photos-150x150.jpg","contentUrl":"https:\/\/www.altominho.tv\/site\/wp-content\/uploads\/2023\/03\/Screenshot_20230306-141220_Photos-150x150.jpg","caption":"Beatriz Lira"},"url":"https:\/\/www.altominho.tv\/site\/author\/beatriz\/"}]}},"_links":{"self":[{"href":"https:\/\/www.altominho.tv\/site\/wp-json\/wp\/v2\/posts\/92777","targetHints":{"allow":["GET"]}}],"collection":[{"href":"https:\/\/www.altominho.tv\/site\/wp-json\/wp\/v2\/posts"}],"about":[{"href":"https:\/\/www.altominho.tv\/site\/wp-json\/wp\/v2\/types\/post"}],"author":[{"embeddable":true,"href":"https:\/\/www.altominho.tv\/site\/wp-json\/wp\/v2\/users\/28"}],"replies":[{"embeddable":true,"href":"https:\/\/www.altominho.tv\/site\/wp-json\/wp\/v2\/comments?post=92777"}],"version-history":[{"count":1,"href":"https:\/\/www.altominho.tv\/site\/wp-json\/wp\/v2\/posts\/92777\/revisions"}],"predecessor-version":[{"id":92779,"href":"https:\/\/www.altominho.tv\/site\/wp-json\/wp\/v2\/posts\/92777\/revisions\/92779"}],"wp:featuredmedia":[{"embeddable":true,"href":"https:\/\/www.altominho.tv\/site\/wp-json\/wp\/v2\/media\/92780"}],"wp:attachment":[{"href":"https:\/\/www.altominho.tv\/site\/wp-json\/wp\/v2\/media?parent=92777"}],"wp:term":[{"taxonomy":"category","embeddable":true,"href":"https:\/\/www.altominho.tv\/site\/wp-json\/wp\/v2\/categories?post=92777"},{"taxonomy":"post_tag","embeddable":true,"href":"https:\/\/www.altominho.tv\/site\/wp-json\/wp\/v2\/tags?post=92777"}],"curies":[{"name":"wp","href":"https:\/\/api.w.org\/{rel}","templated":true}]}}