{"id":9258,"date":"2018-02-06T10:41:12","date_gmt":"2018-02-06T10:41:12","guid":{"rendered":"http:\/\/www.altominho.tv\/site\/?p=9258"},"modified":"2018-02-06T10:41:12","modified_gmt":"2018-02-06T10:41:12","slug":"grupo-de-jovens-de-seixas-organiza-carnaval-a-favor-dos-bombeiros-de-caminha","status":"publish","type":"post","link":"https:\/\/www.altominho.tv\/site\/2018\/02\/06\/grupo-de-jovens-de-seixas-organiza-carnaval-a-favor-dos-bombeiros-de-caminha\/","title":{"rendered":"Grupo de Jovens de Seixas organiza Carnaval a favor dos Bombeiros de Caminha"},"content":{"rendered":"<p>O Grupo de Jovens de Seixas vai organizar no pr\u00f3ximo dia 10, a partir das 22h00, mais um Carnaval Solid\u00e1rio, na Villa Idalina, em Seixas.<\/p>\n<p>Parte da bilheteira reverte a favor da\u00a0Associa\u00e7\u00e3o Humanit\u00e1ria do Bombeiros de Caminha.<\/p>\n<p>O Grupo de Jovens de Seixas promete uma vez mais uma grande festa e por isso desafia todos a fantasiarem-se e a divertirem-se nesta festa de Carnaval solid\u00e1ria.<\/p>\n","protected":false},"excerpt":{"rendered":"<p>O Grupo de Jovens de Seixas vai organizar no pr\u00f3ximo dia 10, a partir das 22h00, mais um Carnaval Solid\u00e1rio, na Villa Idalina, em Seixas. Parte da bilheteira reverte a favor da\u00a0Associa\u00e7\u00e3o Humanit\u00e1ria do Bombeiros de Caminha. O Grupo de Jovens de Seixas promete uma vez mais uma grande festa e por isso desafia todos [&hellip;]<\/p>\n","protected":false},"author":6,"featured_media":9259,"comment_status":"closed","ping_status":"closed","sticky":false,"template":"","format":"standard","meta":{"_exactmetrics_skip_tracking":false,"_exactmetrics_sitenote_active":false,"_exactmetrics_sitenote_note":"","_exactmetrics_sitenote_category":0,"footnotes":""},"categories":[7],"tags":[24],"class_list":["post-9258","post","type-post","status-publish","format-standard","has-post-thumbnail","hentry","category-caminha","tag-lazer"],"yoast_head":"<!-- This site is optimized with the Yoast SEO Premium plugin v27.5 (Yoast SEO v27.5) - https:\/\/yoast.com\/product\/yoast-seo-premium-wordpress\/ -->\n<title>Grupo de Jovens de Seixas organiza Carnaval a favor dos Bombeiros de Caminha<\/title>\n<meta name=\"robots\" content=\"index, follow, max-snippet:-1, max-image-preview:large, max-video-preview:-1\" \/>\n<link rel=\"canonical\" href=\"https:\/\/www.altominho.tv\/site\/2018\/02\/06\/grupo-de-jovens-de-seixas-organiza-carnaval-a-favor-dos-bombeiros-de-caminha\/\" \/>\n<meta property=\"og:locale\" content=\"pt_PT\" \/>\n<meta property=\"og:type\" content=\"article\" \/>\n<meta property=\"og:title\" content=\"Grupo de Jovens de Seixas organiza Carnaval a favor dos Bombeiros de Caminha\" \/>\n<meta property=\"og:description\" content=\"O Grupo de Jovens de Seixas vai organizar no pr\u00f3ximo dia 10, a partir das 22h00, mais um Carnaval Solid\u00e1rio, na Villa Idalina, em Seixas. Parte da bilheteira reverte a favor da\u00a0Associa\u00e7\u00e3o Humanit\u00e1ria do Bombeiros de Caminha. O Grupo de Jovens de Seixas promete uma vez mais uma grande festa e por isso desafia todos [&hellip;]\" \/>\n<meta property=\"og:url\" content=\"https:\/\/www.altominho.tv\/site\/2018\/02\/06\/grupo-de-jovens-de-seixas-organiza-carnaval-a-favor-dos-bombeiros-de-caminha\/\" \/>\n<meta property=\"og:site_name\" content=\"Altominho.tv\" \/>\n<meta property=\"article:publisher\" content=\"https:\/\/www.facebook.com\/altominhotv\" \/>\n<meta property=\"article:published_time\" content=\"2018-02-06T10:41:12+00:00\" \/>\n<meta property=\"og:image\" content=\"https:\/\/www.altominho.tv\/site\/wp-content\/uploads\/2018\/02\/carn.jpg\" \/>\n\t<meta property=\"og:image:width\" content=\"960\" \/>\n\t<meta property=\"og:image:height\" content=\"640\" \/>\n\t<meta property=\"og:image:type\" content=\"image\/jpeg\" \/>\n<meta name=\"author\" content=\"C\u00e1tia Malheiro\" \/>\n<meta name=\"twitter:card\" content=\"summary_large_image\" \/>\n<meta name=\"twitter:creator\" content=\"@altominhoTV\" \/>\n<meta name=\"twitter:site\" content=\"@altominhoTV\" \/>\n<meta name=\"twitter:label1\" content=\"Escrito por\" \/>\n\t<meta name=\"twitter:data1\" content=\"C\u00e1tia Malheiro\" \/>\n<script type=\"application\/ld+json\" class=\"yoast-schema-graph\">{\"@context\":\"https:\\\/\\\/schema.org\",\"@graph\":[{\"@type\":\"Article\",\"@id\":\"https:\\\/\\\/www.altominho.tv\\\/site\\\/2018\\\/02\\\/06\\\/grupo-de-jovens-de-seixas-organiza-carnaval-a-favor-dos-bombeiros-de-caminha\\\/#article\",\"isPartOf\":{\"@id\":\"https:\\\/\\\/www.altominho.tv\\\/site\\\/2018\\\/02\\\/06\\\/grupo-de-jovens-de-seixas-organiza-carnaval-a-favor-dos-bombeiros-de-caminha\\\/\"},\"author\":{\"name\":\"C\u00e1tia Malheiro\",\"@id\":\"https:\\\/\\\/www.altominho.tv\\\/site\\\/#\\\/schema\\\/person\\\/5c9404a8b438614c93da6ca09db92574\"},\"headline\":\"Grupo de Jovens de Seixas organiza Carnaval a favor dos Bombeiros de Caminha\",\"datePublished\":\"2018-02-06T10:41:12+00:00\",\"mainEntityOfPage\":{\"@id\":\"https:\\\/\\\/www.altominho.tv\\\/site\\\/2018\\\/02\\\/06\\\/grupo-de-jovens-de-seixas-organiza-carnaval-a-favor-dos-bombeiros-de-caminha\\\/\"},\"wordCount\":83,\"image\":{\"@id\":\"https:\\\/\\\/www.altominho.tv\\\/site\\\/2018\\\/02\\\/06\\\/grupo-de-jovens-de-seixas-organiza-carnaval-a-favor-dos-bombeiros-de-caminha\\\/#primaryimage\"},\"thumbnailUrl\":\"https:\\\/\\\/www.altominho.tv\\\/site\\\/wp-content\\\/uploads\\\/2018\\\/02\\\/carn.jpg\",\"keywords\":[\"Lazer\"],\"articleSection\":[\"Caminha\"],\"inLanguage\":\"pt-PT\",\"copyrightYear\":\"2018\",\"copyrightHolder\":{\"@id\":\"https:\\\/\\\/www.altominho.tv\\\/site\\\/#organization\"}},{\"@type\":\"WebPage\",\"@id\":\"https:\\\/\\\/www.altominho.tv\\\/site\\\/2018\\\/02\\\/06\\\/grupo-de-jovens-de-seixas-organiza-carnaval-a-favor-dos-bombeiros-de-caminha\\\/\",\"url\":\"https:\\\/\\\/www.altominho.tv\\\/site\\\/2018\\\/02\\\/06\\\/grupo-de-jovens-de-seixas-organiza-carnaval-a-favor-dos-bombeiros-de-caminha\\\/\",\"name\":\"Grupo de Jovens de Seixas organiza Carnaval a favor dos Bombeiros de Caminha\",\"isPartOf\":{\"@id\":\"https:\\\/\\\/www.altominho.tv\\\/site\\\/#website\"},\"primaryImageOfPage\":{\"@id\":\"https:\\\/\\\/www.altominho.tv\\\/site\\\/2018\\\/02\\\/06\\\/grupo-de-jovens-de-seixas-organiza-carnaval-a-favor-dos-bombeiros-de-caminha\\\/#primaryimage\"},\"image\":{\"@id\":\"https:\\\/\\\/www.altominho.tv\\\/site\\\/2018\\\/02\\\/06\\\/grupo-de-jovens-de-seixas-organiza-carnaval-a-favor-dos-bombeiros-de-caminha\\\/#primaryimage\"},\"thumbnailUrl\":\"https:\\\/\\\/www.altominho.tv\\\/site\\\/wp-content\\\/uploads\\\/2018\\\/02\\\/carn.jpg\",\"datePublished\":\"2018-02-06T10:41:12+00:00\",\"author\":{\"@id\":\"https:\\\/\\\/www.altominho.tv\\\/site\\\/#\\\/schema\\\/person\\\/5c9404a8b438614c93da6ca09db92574\"},\"breadcrumb\":{\"@id\":\"https:\\\/\\\/www.altominho.tv\\\/site\\\/2018\\\/02\\\/06\\\/grupo-de-jovens-de-seixas-organiza-carnaval-a-favor-dos-bombeiros-de-caminha\\\/#breadcrumb\"},\"inLanguage\":\"pt-PT\",\"potentialAction\":[{\"@type\":\"ReadAction\",\"target\":[\"https:\\\/\\\/www.altominho.tv\\\/site\\\/2018\\\/02\\\/06\\\/grupo-de-jovens-de-seixas-organiza-carnaval-a-favor-dos-bombeiros-de-caminha\\\/\"]}]},{\"@type\":\"ImageObject\",\"inLanguage\":\"pt-PT\",\"@id\":\"https:\\\/\\\/www.altominho.tv\\\/site\\\/2018\\\/02\\\/06\\\/grupo-de-jovens-de-seixas-organiza-carnaval-a-favor-dos-bombeiros-de-caminha\\\/#primaryimage\",\"url\":\"https:\\\/\\\/www.altominho.tv\\\/site\\\/wp-content\\\/uploads\\\/2018\\\/02\\\/carn.jpg\",\"contentUrl\":\"https:\\\/\\\/www.altominho.tv\\\/site\\\/wp-content\\\/uploads\\\/2018\\\/02\\\/carn.jpg\",\"width\":960,\"height\":640},{\"@type\":\"BreadcrumbList\",\"@id\":\"https:\\\/\\\/www.altominho.tv\\\/site\\\/2018\\\/02\\\/06\\\/grupo-de-jovens-de-seixas-organiza-carnaval-a-favor-dos-bombeiros-de-caminha\\\/#breadcrumb\",\"itemListElement\":[{\"@type\":\"ListItem\",\"position\":1,\"name\":\"In\u00edcio\",\"item\":\"https:\\\/\\\/www.altominho.tv\\\/site\\\/\"},{\"@type\":\"ListItem\",\"position\":2,\"name\":\"Grupo de Jovens de Seixas organiza Carnaval a favor dos Bombeiros de Caminha\"}]},{\"@type\":\"WebSite\",\"@id\":\"https:\\\/\\\/www.altominho.tv\\\/site\\\/#website\",\"url\":\"https:\\\/\\\/www.altominho.tv\\\/site\\\/\",\"name\":\"Altominho.tv\",\"description\":\"A sua regi\u00e3o \u00e0 dist\u00e2ncia de um clique...\",\"potentialAction\":[{\"@type\":\"SearchAction\",\"target\":{\"@type\":\"EntryPoint\",\"urlTemplate\":\"https:\\\/\\\/www.altominho.tv\\\/site\\\/?s={search_term_string}\"},\"query-input\":{\"@type\":\"PropertyValueSpecification\",\"valueRequired\":true,\"valueName\":\"search_term_string\"}}],\"inLanguage\":\"pt-PT\"},{\"@type\":\"Person\",\"@id\":\"https:\\\/\\\/www.altominho.tv\\\/site\\\/#\\\/schema\\\/person\\\/5c9404a8b438614c93da6ca09db92574\",\"name\":\"C\u00e1tia Malheiro\",\"image\":{\"@type\":\"ImageObject\",\"inLanguage\":\"pt-PT\",\"@id\":\"https:\\\/\\\/www.altominho.tv\\\/site\\\/wp-content\\\/uploads\\\/2017\\\/11\\\/Catia_Malheiro-150x150.jpg\",\"url\":\"https:\\\/\\\/www.altominho.tv\\\/site\\\/wp-content\\\/uploads\\\/2017\\\/11\\\/Catia_Malheiro-150x150.jpg\",\"contentUrl\":\"https:\\\/\\\/www.altominho.tv\\\/site\\\/wp-content\\\/uploads\\\/2017\\\/11\\\/Catia_Malheiro-150x150.jpg\",\"caption\":\"C\u00e1tia Malheiro\"},\"url\":\"https:\\\/\\\/www.altominho.tv\\\/site\\\/author\\\/catiamalheiro\\\/\"}]}<\/script>\n<!-- \/ Yoast SEO Premium plugin. -->","yoast_head_json":{"title":"Grupo de Jovens de Seixas organiza Carnaval a favor dos Bombeiros de Caminha","robots":{"index":"index","follow":"follow","max-snippet":"max-snippet:-1","max-image-preview":"max-image-preview:large","max-video-preview":"max-video-preview:-1"},"canonical":"https:\/\/www.altominho.tv\/site\/2018\/02\/06\/grupo-de-jovens-de-seixas-organiza-carnaval-a-favor-dos-bombeiros-de-caminha\/","og_locale":"pt_PT","og_type":"article","og_title":"Grupo de Jovens de Seixas organiza Carnaval a favor dos Bombeiros de Caminha","og_description":"O Grupo de Jovens de Seixas vai organizar no pr\u00f3ximo dia 10, a partir das 22h00, mais um Carnaval Solid\u00e1rio, na Villa Idalina, em Seixas. Parte da bilheteira reverte a favor da\u00a0Associa\u00e7\u00e3o Humanit\u00e1ria do Bombeiros de Caminha. O Grupo de Jovens de Seixas promete uma vez mais uma grande festa e por isso desafia todos [&hellip;]","og_url":"https:\/\/www.altominho.tv\/site\/2018\/02\/06\/grupo-de-jovens-de-seixas-organiza-carnaval-a-favor-dos-bombeiros-de-caminha\/","og_site_name":"Altominho.tv","article_publisher":"https:\/\/www.facebook.com\/altominhotv","article_published_time":"2018-02-06T10:41:12+00:00","og_image":[{"width":960,"height":640,"url":"https:\/\/www.altominho.tv\/site\/wp-content\/uploads\/2018\/02\/carn.jpg","type":"image\/jpeg"}],"author":"C\u00e1tia Malheiro","twitter_card":"summary_large_image","twitter_creator":"@altominhoTV","twitter_site":"@altominhoTV","twitter_misc":{"Escrito por":"C\u00e1tia Malheiro"},"schema":{"@context":"https:\/\/schema.org","@graph":[{"@type":"Article","@id":"https:\/\/www.altominho.tv\/site\/2018\/02\/06\/grupo-de-jovens-de-seixas-organiza-carnaval-a-favor-dos-bombeiros-de-caminha\/#article","isPartOf":{"@id":"https:\/\/www.altominho.tv\/site\/2018\/02\/06\/grupo-de-jovens-de-seixas-organiza-carnaval-a-favor-dos-bombeiros-de-caminha\/"},"author":{"name":"C\u00e1tia Malheiro","@id":"https:\/\/www.altominho.tv\/site\/#\/schema\/person\/5c9404a8b438614c93da6ca09db92574"},"headline":"Grupo de Jovens de Seixas organiza Carnaval a favor dos Bombeiros de Caminha","datePublished":"2018-02-06T10:41:12+00:00","mainEntityOfPage":{"@id":"https:\/\/www.altominho.tv\/site\/2018\/02\/06\/grupo-de-jovens-de-seixas-organiza-carnaval-a-favor-dos-bombeiros-de-caminha\/"},"wordCount":83,"image":{"@id":"https:\/\/www.altominho.tv\/site\/2018\/02\/06\/grupo-de-jovens-de-seixas-organiza-carnaval-a-favor-dos-bombeiros-de-caminha\/#primaryimage"},"thumbnailUrl":"https:\/\/www.altominho.tv\/site\/wp-content\/uploads\/2018\/02\/carn.jpg","keywords":["Lazer"],"articleSection":["Caminha"],"inLanguage":"pt-PT","copyrightYear":"2018","copyrightHolder":{"@id":"https:\/\/www.altominho.tv\/site\/#organization"}},{"@type":"WebPage","@id":"https:\/\/www.altominho.tv\/site\/2018\/02\/06\/grupo-de-jovens-de-seixas-organiza-carnaval-a-favor-dos-bombeiros-de-caminha\/","url":"https:\/\/www.altominho.tv\/site\/2018\/02\/06\/grupo-de-jovens-de-seixas-organiza-carnaval-a-favor-dos-bombeiros-de-caminha\/","name":"Grupo de Jovens de Seixas organiza Carnaval a favor dos Bombeiros de Caminha","isPartOf":{"@id":"https:\/\/www.altominho.tv\/site\/#website"},"primaryImageOfPage":{"@id":"https:\/\/www.altominho.tv\/site\/2018\/02\/06\/grupo-de-jovens-de-seixas-organiza-carnaval-a-favor-dos-bombeiros-de-caminha\/#primaryimage"},"image":{"@id":"https:\/\/www.altominho.tv\/site\/2018\/02\/06\/grupo-de-jovens-de-seixas-organiza-carnaval-a-favor-dos-bombeiros-de-caminha\/#primaryimage"},"thumbnailUrl":"https:\/\/www.altominho.tv\/site\/wp-content\/uploads\/2018\/02\/carn.jpg","datePublished":"2018-02-06T10:41:12+00:00","author":{"@id":"https:\/\/www.altominho.tv\/site\/#\/schema\/person\/5c9404a8b438614c93da6ca09db92574"},"breadcrumb":{"@id":"https:\/\/www.altominho.tv\/site\/2018\/02\/06\/grupo-de-jovens-de-seixas-organiza-carnaval-a-favor-dos-bombeiros-de-caminha\/#breadcrumb"},"inLanguage":"pt-PT","potentialAction":[{"@type":"ReadAction","target":["https:\/\/www.altominho.tv\/site\/2018\/02\/06\/grupo-de-jovens-de-seixas-organiza-carnaval-a-favor-dos-bombeiros-de-caminha\/"]}]},{"@type":"ImageObject","inLanguage":"pt-PT","@id":"https:\/\/www.altominho.tv\/site\/2018\/02\/06\/grupo-de-jovens-de-seixas-organiza-carnaval-a-favor-dos-bombeiros-de-caminha\/#primaryimage","url":"https:\/\/www.altominho.tv\/site\/wp-content\/uploads\/2018\/02\/carn.jpg","contentUrl":"https:\/\/www.altominho.tv\/site\/wp-content\/uploads\/2018\/02\/carn.jpg","width":960,"height":640},{"@type":"BreadcrumbList","@id":"https:\/\/www.altominho.tv\/site\/2018\/02\/06\/grupo-de-jovens-de-seixas-organiza-carnaval-a-favor-dos-bombeiros-de-caminha\/#breadcrumb","itemListElement":[{"@type":"ListItem","position":1,"name":"In\u00edcio","item":"https:\/\/www.altominho.tv\/site\/"},{"@type":"ListItem","position":2,"name":"Grupo de Jovens de Seixas organiza Carnaval a favor dos Bombeiros de Caminha"}]},{"@type":"WebSite","@id":"https:\/\/www.altominho.tv\/site\/#website","url":"https:\/\/www.altominho.tv\/site\/","name":"Altominho.tv","description":"A sua regi\u00e3o \u00e0 dist\u00e2ncia de um clique...","potentialAction":[{"@type":"SearchAction","target":{"@type":"EntryPoint","urlTemplate":"https:\/\/www.altominho.tv\/site\/?s={search_term_string}"},"query-input":{"@type":"PropertyValueSpecification","valueRequired":true,"valueName":"search_term_string"}}],"inLanguage":"pt-PT"},{"@type":"Person","@id":"https:\/\/www.altominho.tv\/site\/#\/schema\/person\/5c9404a8b438614c93da6ca09db92574","name":"C\u00e1tia Malheiro","image":{"@type":"ImageObject","inLanguage":"pt-PT","@id":"https:\/\/www.altominho.tv\/site\/wp-content\/uploads\/2017\/11\/Catia_Malheiro-150x150.jpg","url":"https:\/\/www.altominho.tv\/site\/wp-content\/uploads\/2017\/11\/Catia_Malheiro-150x150.jpg","contentUrl":"https:\/\/www.altominho.tv\/site\/wp-content\/uploads\/2017\/11\/Catia_Malheiro-150x150.jpg","caption":"C\u00e1tia Malheiro"},"url":"https:\/\/www.altominho.tv\/site\/author\/catiamalheiro\/"}]}},"_links":{"self":[{"href":"https:\/\/www.altominho.tv\/site\/wp-json\/wp\/v2\/posts\/9258","targetHints":{"allow":["GET"]}}],"collection":[{"href":"https:\/\/www.altominho.tv\/site\/wp-json\/wp\/v2\/posts"}],"about":[{"href":"https:\/\/www.altominho.tv\/site\/wp-json\/wp\/v2\/types\/post"}],"author":[{"embeddable":true,"href":"https:\/\/www.altominho.tv\/site\/wp-json\/wp\/v2\/users\/6"}],"replies":[{"embeddable":true,"href":"https:\/\/www.altominho.tv\/site\/wp-json\/wp\/v2\/comments?post=9258"}],"version-history":[{"count":0,"href":"https:\/\/www.altominho.tv\/site\/wp-json\/wp\/v2\/posts\/9258\/revisions"}],"wp:featuredmedia":[{"embeddable":true,"href":"https:\/\/www.altominho.tv\/site\/wp-json\/wp\/v2\/media\/9259"}],"wp:attachment":[{"href":"https:\/\/www.altominho.tv\/site\/wp-json\/wp\/v2\/media?parent=9258"}],"wp:term":[{"taxonomy":"category","embeddable":true,"href":"https:\/\/www.altominho.tv\/site\/wp-json\/wp\/v2\/categories?post=9258"},{"taxonomy":"post_tag","embeddable":true,"href":"https:\/\/www.altominho.tv\/site\/wp-json\/wp\/v2\/tags?post=9258"}],"curies":[{"name":"wp","href":"https:\/\/api.w.org\/{rel}","templated":true}]}}