{"id":92511,"date":"2023-05-18T10:47:24","date_gmt":"2023-05-18T09:47:24","guid":{"rendered":"https:\/\/www.altominho.tv\/site\/?p=92511"},"modified":"2023-05-18T10:54:45","modified_gmt":"2023-05-18T09:54:45","slug":"coldplay-festival-paredes-de-coura","status":"publish","type":"post","link":"https:\/\/www.altominho.tv\/site\/2023\/05\/18\/coldplay-festival-paredes-de-coura\/","title":{"rendered":"&#8220;Adivinhei que havia ali talento, mas para chegar a esta dimens\u00e3o estratosf\u00e9rica n\u00e3o&#8221;"},"content":{"rendered":"<p>\u201cNa altura n\u00e3o esperava que eles atingissem este patamar. \u00c9 a banda mais importante do Mundo na atualidade.\u201d As palavras s\u00e3o de Jo\u00e3o Carvalho, um dos respons\u00e1veis pela estreia dos Coldplay em Portugal, precisamente no Festival Paredes de Coura h\u00e1 23 anos.<\/p>\n<p>\u201cJ\u00e1 se via talento, via-se que era uma banda que sabia fazer belas can\u00e7\u00f5es\u201d, recorda o diretor da Ritmos, em declara\u00e7\u00f5es \u00e0 <strong>Altominho TV<\/strong>.<\/p>\n<p>A 13 de agosto de 2000, no mesmo dia em que atuaram Mr. Bungle, The Flaming Lips e M\u00e3o Morta, o grupo brit\u00e2nico, que editara o \u00e1lbum de estreia, &#8220;Parachutes&#8221;, um m\u00eas antes, apresentou-se com um espet\u00e1culo composto por oito can\u00e7\u00f5es, entre as quais os primeiros \u00eaxitos &#8216;Yellow&#8217; e &#8216;Trouble&#8217;.<\/p>\n<p>&#8220;Esta \u00e9 a nossa primeira vez em Portugal, por favor sejam simp\u00e1ticos&#8221;, pediu Chris Martin no in\u00edcio do concerto. \u201cEste \u00e9 o nosso single de sucesso em Inglaterra, n\u00e3o sei se algum de voc\u00eas conhece\u201d, questionou o vocalista antes de apresentar &#8216;Yellow&#8217;.<\/p>\n<p>\u201cNa altura eles estavam em primeiro lugar no Top Brit\u00e2nico. Havia j\u00e1 ali um protagonismo que eles tinham, que ainda n\u00e3o tinha chegado a Portugal. Mas sim, eu adivinhei que havia ali talento, mas para chegar a esta dimens\u00e3o estratosf\u00e9rica n\u00e3o. N\u00e3o pensei que acontecesse\u201d, revela Jo\u00e3o Carvalho.<\/p>\n<p>Depois do ter dado ontem o seu primeiro concerto no Est\u00e1dio Cidade de Coimbra, os Coldplay voltam a subir ao palco hoje, no s\u00e1bado e no domingo, naqueles que s\u00e3o os primeiros concertos da passagem da tour mundial \u201cMusic of the Spheres\u201d pela Europa.<\/p>\n<p>A pr\u00f3xima edi\u00e7\u00e3o do Vodafone Paredes de Coura acontece de 16 a 19 de agosto de 2023\u00a0.<\/p>\n","protected":false},"excerpt":{"rendered":"<p>\u201cNa altura n\u00e3o esperava que eles atingissem este patamar. \u00c9 a banda mais importante do Mundo na atualidade.\u201d As palavras s\u00e3o de Jo\u00e3o Carvalho, um dos respons\u00e1veis pela estreia dos Coldplay em Portugal, precisamente no Festival Paredes de Coura h\u00e1 23 anos. \u201cJ\u00e1 se via talento, via-se que era uma banda que sabia fazer belas [&hellip;]<\/p>\n","protected":false},"author":24,"featured_media":92505,"comment_status":"closed","ping_status":"closed","sticky":false,"template":"","format":"standard","meta":{"_exactmetrics_skip_tracking":false,"_exactmetrics_sitenote_active":false,"_exactmetrics_sitenote_note":"","_exactmetrics_sitenote_category":0,"footnotes":""},"categories":[10],"tags":[24],"class_list":["post-92511","post","type-post","status-publish","format-standard","has-post-thumbnail","hentry","category-paredes-de-coura","tag-lazer"],"yoast_head":"<!-- This site is optimized with the Yoast SEO Premium plugin v27.5 (Yoast SEO v27.5) - https:\/\/yoast.com\/product\/yoast-seo-premium-wordpress\/ -->\n<title>&quot;Adivinhei que havia ali talento, mas para chegar a esta dimens\u00e3o estratosf\u00e9rica n\u00e3o&quot;<\/title>\n<meta name=\"description\" content=\"\u201cNa altura n\u00e3o esperava que eles atingissem este patamar. \u00c9 a banda mais importante do Mundo na atualidade.\u201d As palavras s\u00e3o de Jo\u00e3o Carvalho, um dos respons\u00e1veis pela estreia dos Coldplay em Portugal, precisamente no Festival Paredes de Coura h\u00e1 quase 23 anos.\" \/>\n<meta name=\"robots\" content=\"index, follow, max-snippet:-1, max-image-preview:large, max-video-preview:-1\" \/>\n<link rel=\"canonical\" href=\"https:\/\/www.altominho.tv\/site\/2023\/05\/18\/coldplay-festival-paredes-de-coura\/\" \/>\n<meta property=\"og:locale\" content=\"pt_PT\" \/>\n<meta property=\"og:type\" content=\"article\" \/>\n<meta property=\"og:title\" content=\"&quot;Adivinhei que havia ali talento, mas para chegar a esta dimens\u00e3o estratosf\u00e9rica n\u00e3o&quot;\" \/>\n<meta property=\"og:description\" content=\"\u201cNa altura n\u00e3o esperava que eles atingissem este patamar. \u00c9 a banda mais importante do Mundo na atualidade.\u201d As palavras s\u00e3o de Jo\u00e3o Carvalho, um dos respons\u00e1veis pela estreia dos Coldplay em Portugal, precisamente no Festival Paredes de Coura h\u00e1 quase 23 anos.\" \/>\n<meta property=\"og:url\" content=\"https:\/\/www.altominho.tv\/site\/2023\/05\/18\/coldplay-festival-paredes-de-coura\/\" \/>\n<meta property=\"og:site_name\" content=\"Altominho.tv\" \/>\n<meta property=\"article:publisher\" content=\"https:\/\/www.facebook.com\/altominhotv\" \/>\n<meta property=\"article:published_time\" content=\"2023-05-18T09:47:24+00:00\" \/>\n<meta property=\"article:modified_time\" content=\"2023-05-18T09:54:45+00:00\" \/>\n<meta property=\"og:image\" content=\"https:\/\/www.altominho.tv\/site\/wp-content\/uploads\/2023\/05\/coldplay.jpg\" \/>\n\t<meta property=\"og:image:width\" content=\"1861\" \/>\n\t<meta property=\"og:image:height\" content=\"984\" \/>\n\t<meta property=\"og:image:type\" content=\"image\/jpeg\" \/>\n<meta name=\"author\" content=\"Cesar Lopes\" \/>\n<meta name=\"twitter:card\" content=\"summary_large_image\" \/>\n<meta name=\"twitter:creator\" content=\"@altominhoTV\" \/>\n<meta name=\"twitter:site\" content=\"@altominhoTV\" \/>\n<meta name=\"twitter:label1\" content=\"Escrito por\" \/>\n\t<meta name=\"twitter:data1\" content=\"Cesar Lopes\" \/>\n\t<meta name=\"twitter:label2\" content=\"Tempo estimado de leitura\" \/>\n\t<meta name=\"twitter:data2\" content=\"2 minutos\" \/>\n<script type=\"application\/ld+json\" class=\"yoast-schema-graph\">{\"@context\":\"https:\\\/\\\/schema.org\",\"@graph\":[{\"@type\":\"Article\",\"@id\":\"https:\\\/\\\/www.altominho.tv\\\/site\\\/2023\\\/05\\\/18\\\/coldplay-festival-paredes-de-coura\\\/#article\",\"isPartOf\":{\"@id\":\"https:\\\/\\\/www.altominho.tv\\\/site\\\/2023\\\/05\\\/18\\\/coldplay-festival-paredes-de-coura\\\/\"},\"author\":{\"name\":\"Cesar Lopes\",\"@id\":\"https:\\\/\\\/www.altominho.tv\\\/site\\\/#\\\/schema\\\/person\\\/c5570e5afb933b8d08c43373326ef1b1\"},\"headline\":\"&#8220;Adivinhei que havia ali talento, mas para chegar a esta dimens\u00e3o estratosf\u00e9rica n\u00e3o&#8221;\",\"datePublished\":\"2023-05-18T09:47:24+00:00\",\"dateModified\":\"2023-05-18T09:54:45+00:00\",\"mainEntityOfPage\":{\"@id\":\"https:\\\/\\\/www.altominho.tv\\\/site\\\/2023\\\/05\\\/18\\\/coldplay-festival-paredes-de-coura\\\/\"},\"wordCount\":300,\"image\":{\"@id\":\"https:\\\/\\\/www.altominho.tv\\\/site\\\/2023\\\/05\\\/18\\\/coldplay-festival-paredes-de-coura\\\/#primaryimage\"},\"thumbnailUrl\":\"https:\\\/\\\/www.altominho.tv\\\/site\\\/wp-content\\\/uploads\\\/2023\\\/05\\\/coldplay.jpg\",\"keywords\":[\"Lazer\"],\"articleSection\":[\"Paredes de Coura\"],\"inLanguage\":\"pt-PT\",\"copyrightYear\":\"2023\",\"copyrightHolder\":{\"@id\":\"https:\\\/\\\/www.altominho.tv\\\/site\\\/#organization\"}},{\"@type\":\"WebPage\",\"@id\":\"https:\\\/\\\/www.altominho.tv\\\/site\\\/2023\\\/05\\\/18\\\/coldplay-festival-paredes-de-coura\\\/\",\"url\":\"https:\\\/\\\/www.altominho.tv\\\/site\\\/2023\\\/05\\\/18\\\/coldplay-festival-paredes-de-coura\\\/\",\"name\":\"\\\"Adivinhei que havia ali talento, mas para chegar a esta dimens\u00e3o estratosf\u00e9rica n\u00e3o\\\"\",\"isPartOf\":{\"@id\":\"https:\\\/\\\/www.altominho.tv\\\/site\\\/#website\"},\"primaryImageOfPage\":{\"@id\":\"https:\\\/\\\/www.altominho.tv\\\/site\\\/2023\\\/05\\\/18\\\/coldplay-festival-paredes-de-coura\\\/#primaryimage\"},\"image\":{\"@id\":\"https:\\\/\\\/www.altominho.tv\\\/site\\\/2023\\\/05\\\/18\\\/coldplay-festival-paredes-de-coura\\\/#primaryimage\"},\"thumbnailUrl\":\"https:\\\/\\\/www.altominho.tv\\\/site\\\/wp-content\\\/uploads\\\/2023\\\/05\\\/coldplay.jpg\",\"datePublished\":\"2023-05-18T09:47:24+00:00\",\"dateModified\":\"2023-05-18T09:54:45+00:00\",\"author\":{\"@id\":\"https:\\\/\\\/www.altominho.tv\\\/site\\\/#\\\/schema\\\/person\\\/c5570e5afb933b8d08c43373326ef1b1\"},\"description\":\"\u201cNa altura n\u00e3o esperava que eles atingissem este patamar. \u00c9 a banda mais importante do Mundo na atualidade.\u201d As palavras s\u00e3o de Jo\u00e3o Carvalho, um dos respons\u00e1veis pela estreia dos Coldplay em Portugal, precisamente no Festival Paredes de Coura h\u00e1 quase 23 anos.\",\"breadcrumb\":{\"@id\":\"https:\\\/\\\/www.altominho.tv\\\/site\\\/2023\\\/05\\\/18\\\/coldplay-festival-paredes-de-coura\\\/#breadcrumb\"},\"inLanguage\":\"pt-PT\",\"potentialAction\":[{\"@type\":\"ReadAction\",\"target\":[\"https:\\\/\\\/www.altominho.tv\\\/site\\\/2023\\\/05\\\/18\\\/coldplay-festival-paredes-de-coura\\\/\"]}]},{\"@type\":\"ImageObject\",\"inLanguage\":\"pt-PT\",\"@id\":\"https:\\\/\\\/www.altominho.tv\\\/site\\\/2023\\\/05\\\/18\\\/coldplay-festival-paredes-de-coura\\\/#primaryimage\",\"url\":\"https:\\\/\\\/www.altominho.tv\\\/site\\\/wp-content\\\/uploads\\\/2023\\\/05\\\/coldplay.jpg\",\"contentUrl\":\"https:\\\/\\\/www.altominho.tv\\\/site\\\/wp-content\\\/uploads\\\/2023\\\/05\\\/coldplay.jpg\",\"width\":1861,\"height\":984},{\"@type\":\"BreadcrumbList\",\"@id\":\"https:\\\/\\\/www.altominho.tv\\\/site\\\/2023\\\/05\\\/18\\\/coldplay-festival-paredes-de-coura\\\/#breadcrumb\",\"itemListElement\":[{\"@type\":\"ListItem\",\"position\":1,\"name\":\"In\u00edcio\",\"item\":\"https:\\\/\\\/www.altominho.tv\\\/site\\\/\"},{\"@type\":\"ListItem\",\"position\":2,\"name\":\"&#8220;Adivinhei que havia ali talento, mas para chegar a esta dimens\u00e3o estratosf\u00e9rica n\u00e3o&#8221;\"}]},{\"@type\":\"WebSite\",\"@id\":\"https:\\\/\\\/www.altominho.tv\\\/site\\\/#website\",\"url\":\"https:\\\/\\\/www.altominho.tv\\\/site\\\/\",\"name\":\"Altominho.tv\",\"description\":\"A sua regi\u00e3o \u00e0 dist\u00e2ncia de um clique...\",\"potentialAction\":[{\"@type\":\"SearchAction\",\"target\":{\"@type\":\"EntryPoint\",\"urlTemplate\":\"https:\\\/\\\/www.altominho.tv\\\/site\\\/?s={search_term_string}\"},\"query-input\":{\"@type\":\"PropertyValueSpecification\",\"valueRequired\":true,\"valueName\":\"search_term_string\"}}],\"inLanguage\":\"pt-PT\"},{\"@type\":\"Person\",\"@id\":\"https:\\\/\\\/www.altominho.tv\\\/site\\\/#\\\/schema\\\/person\\\/c5570e5afb933b8d08c43373326ef1b1\",\"name\":\"Cesar Lopes\",\"image\":{\"@type\":\"ImageObject\",\"inLanguage\":\"pt-PT\",\"@id\":\"https:\\\/\\\/www.altominho.tv\\\/site\\\/wp-content\\\/uploads\\\/2022\\\/10\\\/Sem-Titulo-150x150.jpg\",\"url\":\"https:\\\/\\\/www.altominho.tv\\\/site\\\/wp-content\\\/uploads\\\/2022\\\/10\\\/Sem-Titulo-150x150.jpg\",\"contentUrl\":\"https:\\\/\\\/www.altominho.tv\\\/site\\\/wp-content\\\/uploads\\\/2022\\\/10\\\/Sem-Titulo-150x150.jpg\",\"caption\":\"Cesar Lopes\"},\"url\":\"https:\\\/\\\/www.altominho.tv\\\/site\\\/author\\\/cesarlopes\\\/\"}]}<\/script>\n<!-- \/ Yoast SEO Premium plugin. -->","yoast_head_json":{"title":"\"Adivinhei que havia ali talento, mas para chegar a esta dimens\u00e3o estratosf\u00e9rica n\u00e3o\"","description":"\u201cNa altura n\u00e3o esperava que eles atingissem este patamar. \u00c9 a banda mais importante do Mundo na atualidade.\u201d As palavras s\u00e3o de Jo\u00e3o Carvalho, um dos respons\u00e1veis pela estreia dos Coldplay em Portugal, precisamente no Festival Paredes de Coura h\u00e1 quase 23 anos.","robots":{"index":"index","follow":"follow","max-snippet":"max-snippet:-1","max-image-preview":"max-image-preview:large","max-video-preview":"max-video-preview:-1"},"canonical":"https:\/\/www.altominho.tv\/site\/2023\/05\/18\/coldplay-festival-paredes-de-coura\/","og_locale":"pt_PT","og_type":"article","og_title":"\"Adivinhei que havia ali talento, mas para chegar a esta dimens\u00e3o estratosf\u00e9rica n\u00e3o\"","og_description":"\u201cNa altura n\u00e3o esperava que eles atingissem este patamar. \u00c9 a banda mais importante do Mundo na atualidade.\u201d As palavras s\u00e3o de Jo\u00e3o Carvalho, um dos respons\u00e1veis pela estreia dos Coldplay em Portugal, precisamente no Festival Paredes de Coura h\u00e1 quase 23 anos.","og_url":"https:\/\/www.altominho.tv\/site\/2023\/05\/18\/coldplay-festival-paredes-de-coura\/","og_site_name":"Altominho.tv","article_publisher":"https:\/\/www.facebook.com\/altominhotv","article_published_time":"2023-05-18T09:47:24+00:00","article_modified_time":"2023-05-18T09:54:45+00:00","og_image":[{"width":1861,"height":984,"url":"https:\/\/www.altominho.tv\/site\/wp-content\/uploads\/2023\/05\/coldplay.jpg","type":"image\/jpeg"}],"author":"Cesar Lopes","twitter_card":"summary_large_image","twitter_creator":"@altominhoTV","twitter_site":"@altominhoTV","twitter_misc":{"Escrito por":"Cesar Lopes","Tempo estimado de leitura":"2 minutos"},"schema":{"@context":"https:\/\/schema.org","@graph":[{"@type":"Article","@id":"https:\/\/www.altominho.tv\/site\/2023\/05\/18\/coldplay-festival-paredes-de-coura\/#article","isPartOf":{"@id":"https:\/\/www.altominho.tv\/site\/2023\/05\/18\/coldplay-festival-paredes-de-coura\/"},"author":{"name":"Cesar Lopes","@id":"https:\/\/www.altominho.tv\/site\/#\/schema\/person\/c5570e5afb933b8d08c43373326ef1b1"},"headline":"&#8220;Adivinhei que havia ali talento, mas para chegar a esta dimens\u00e3o estratosf\u00e9rica n\u00e3o&#8221;","datePublished":"2023-05-18T09:47:24+00:00","dateModified":"2023-05-18T09:54:45+00:00","mainEntityOfPage":{"@id":"https:\/\/www.altominho.tv\/site\/2023\/05\/18\/coldplay-festival-paredes-de-coura\/"},"wordCount":300,"image":{"@id":"https:\/\/www.altominho.tv\/site\/2023\/05\/18\/coldplay-festival-paredes-de-coura\/#primaryimage"},"thumbnailUrl":"https:\/\/www.altominho.tv\/site\/wp-content\/uploads\/2023\/05\/coldplay.jpg","keywords":["Lazer"],"articleSection":["Paredes de Coura"],"inLanguage":"pt-PT","copyrightYear":"2023","copyrightHolder":{"@id":"https:\/\/www.altominho.tv\/site\/#organization"}},{"@type":"WebPage","@id":"https:\/\/www.altominho.tv\/site\/2023\/05\/18\/coldplay-festival-paredes-de-coura\/","url":"https:\/\/www.altominho.tv\/site\/2023\/05\/18\/coldplay-festival-paredes-de-coura\/","name":"\"Adivinhei que havia ali talento, mas para chegar a esta dimens\u00e3o estratosf\u00e9rica n\u00e3o\"","isPartOf":{"@id":"https:\/\/www.altominho.tv\/site\/#website"},"primaryImageOfPage":{"@id":"https:\/\/www.altominho.tv\/site\/2023\/05\/18\/coldplay-festival-paredes-de-coura\/#primaryimage"},"image":{"@id":"https:\/\/www.altominho.tv\/site\/2023\/05\/18\/coldplay-festival-paredes-de-coura\/#primaryimage"},"thumbnailUrl":"https:\/\/www.altominho.tv\/site\/wp-content\/uploads\/2023\/05\/coldplay.jpg","datePublished":"2023-05-18T09:47:24+00:00","dateModified":"2023-05-18T09:54:45+00:00","author":{"@id":"https:\/\/www.altominho.tv\/site\/#\/schema\/person\/c5570e5afb933b8d08c43373326ef1b1"},"description":"\u201cNa altura n\u00e3o esperava que eles atingissem este patamar. \u00c9 a banda mais importante do Mundo na atualidade.\u201d As palavras s\u00e3o de Jo\u00e3o Carvalho, um dos respons\u00e1veis pela estreia dos Coldplay em Portugal, precisamente no Festival Paredes de Coura h\u00e1 quase 23 anos.","breadcrumb":{"@id":"https:\/\/www.altominho.tv\/site\/2023\/05\/18\/coldplay-festival-paredes-de-coura\/#breadcrumb"},"inLanguage":"pt-PT","potentialAction":[{"@type":"ReadAction","target":["https:\/\/www.altominho.tv\/site\/2023\/05\/18\/coldplay-festival-paredes-de-coura\/"]}]},{"@type":"ImageObject","inLanguage":"pt-PT","@id":"https:\/\/www.altominho.tv\/site\/2023\/05\/18\/coldplay-festival-paredes-de-coura\/#primaryimage","url":"https:\/\/www.altominho.tv\/site\/wp-content\/uploads\/2023\/05\/coldplay.jpg","contentUrl":"https:\/\/www.altominho.tv\/site\/wp-content\/uploads\/2023\/05\/coldplay.jpg","width":1861,"height":984},{"@type":"BreadcrumbList","@id":"https:\/\/www.altominho.tv\/site\/2023\/05\/18\/coldplay-festival-paredes-de-coura\/#breadcrumb","itemListElement":[{"@type":"ListItem","position":1,"name":"In\u00edcio","item":"https:\/\/www.altominho.tv\/site\/"},{"@type":"ListItem","position":2,"name":"&#8220;Adivinhei que havia ali talento, mas para chegar a esta dimens\u00e3o estratosf\u00e9rica n\u00e3o&#8221;"}]},{"@type":"WebSite","@id":"https:\/\/www.altominho.tv\/site\/#website","url":"https:\/\/www.altominho.tv\/site\/","name":"Altominho.tv","description":"A sua regi\u00e3o \u00e0 dist\u00e2ncia de um clique...","potentialAction":[{"@type":"SearchAction","target":{"@type":"EntryPoint","urlTemplate":"https:\/\/www.altominho.tv\/site\/?s={search_term_string}"},"query-input":{"@type":"PropertyValueSpecification","valueRequired":true,"valueName":"search_term_string"}}],"inLanguage":"pt-PT"},{"@type":"Person","@id":"https:\/\/www.altominho.tv\/site\/#\/schema\/person\/c5570e5afb933b8d08c43373326ef1b1","name":"Cesar Lopes","image":{"@type":"ImageObject","inLanguage":"pt-PT","@id":"https:\/\/www.altominho.tv\/site\/wp-content\/uploads\/2022\/10\/Sem-Titulo-150x150.jpg","url":"https:\/\/www.altominho.tv\/site\/wp-content\/uploads\/2022\/10\/Sem-Titulo-150x150.jpg","contentUrl":"https:\/\/www.altominho.tv\/site\/wp-content\/uploads\/2022\/10\/Sem-Titulo-150x150.jpg","caption":"Cesar Lopes"},"url":"https:\/\/www.altominho.tv\/site\/author\/cesarlopes\/"}]}},"_links":{"self":[{"href":"https:\/\/www.altominho.tv\/site\/wp-json\/wp\/v2\/posts\/92511","targetHints":{"allow":["GET"]}}],"collection":[{"href":"https:\/\/www.altominho.tv\/site\/wp-json\/wp\/v2\/posts"}],"about":[{"href":"https:\/\/www.altominho.tv\/site\/wp-json\/wp\/v2\/types\/post"}],"author":[{"embeddable":true,"href":"https:\/\/www.altominho.tv\/site\/wp-json\/wp\/v2\/users\/24"}],"replies":[{"embeddable":true,"href":"https:\/\/www.altominho.tv\/site\/wp-json\/wp\/v2\/comments?post=92511"}],"version-history":[{"count":2,"href":"https:\/\/www.altominho.tv\/site\/wp-json\/wp\/v2\/posts\/92511\/revisions"}],"predecessor-version":[{"id":92515,"href":"https:\/\/www.altominho.tv\/site\/wp-json\/wp\/v2\/posts\/92511\/revisions\/92515"}],"wp:featuredmedia":[{"embeddable":true,"href":"https:\/\/www.altominho.tv\/site\/wp-json\/wp\/v2\/media\/92505"}],"wp:attachment":[{"href":"https:\/\/www.altominho.tv\/site\/wp-json\/wp\/v2\/media?parent=92511"}],"wp:term":[{"taxonomy":"category","embeddable":true,"href":"https:\/\/www.altominho.tv\/site\/wp-json\/wp\/v2\/categories?post=92511"},{"taxonomy":"post_tag","embeddable":true,"href":"https:\/\/www.altominho.tv\/site\/wp-json\/wp\/v2\/tags?post=92511"}],"curies":[{"name":"wp","href":"https:\/\/api.w.org\/{rel}","templated":true}]}}