{"id":92497,"date":"2023-05-18T17:39:27","date_gmt":"2023-05-18T16:39:27","guid":{"rendered":"https:\/\/www.altominho.tv\/site\/?p=92497"},"modified":"2023-05-18T17:39:32","modified_gmt":"2023-05-18T16:39:32","slug":"feira-do-vinho-tinto-regressa-a-tangil-de-26-a-28-de-maio","status":"publish","type":"post","link":"https:\/\/www.altominho.tv\/site\/2023\/05\/18\/feira-do-vinho-tinto-regressa-a-tangil-de-26-a-28-de-maio\/","title":{"rendered":"Feira do Vinho Tinto regressa a Tangil de 26 a 28 de maio"},"content":{"rendered":"<p>A freguesia de Tangil, em Mon\u00e7\u00e3o, recebe mais uma edi\u00e7\u00e3o da Feira do Vinho Tinto, entre 26 e 28 de maio. Os vinhos da sub-regi\u00e3o de Mon\u00e7\u00e3o e Melga\u00e7o v\u00e3o estar em destaque no certame, que conta tamb\u00e9m com outros produtos locais e anima\u00e7\u00e3o musical.<\/p>\n<p>Promovida pela Junta de Freguesia de Tangil, com o apoio das associa\u00e7\u00f5es locais e do munic\u00edpio de Mon\u00e7\u00e3o, a feira est\u00e1 de regresso para a d\u00e9cima edi\u00e7\u00e3o, ap\u00f3s uma interrup\u00e7\u00e3o for\u00e7ada por causa da pandemia de Covid-19.<\/p>\n<p>&#8220;Como \u00e9 a primeira edi\u00e7\u00e3o depois da pandemia, o objetivo \u00e9 trazer de volta a Feira do Vinho Tinto e promover o que \u00e9 local. Queremos refor\u00e7ar e consolidar este evento da nossa terra para que possa continuar a crescer, edi\u00e7\u00e3o ap\u00f3s edi\u00e7\u00e3o&#8221;, afirmou o presidente da Junta de Freguesia de Tangil, Michel Fernandes, em declara\u00e7\u00f5es \u00e0 Altominho TV.<\/p>\n<p>Este ano, a feira volta a realizar-se no espa\u00e7o exterior da Casa do Povo de Tangil com a participa\u00e7\u00e3o de cerca de 25 expositores de vinhos, fumeiro, petiscos, doces, artesanato e material agr\u00edcola.<\/p>\n<p>&#8220;Nesta edi\u00e7\u00e3o, s\u00f3 estar\u00e3o presentes vinhos verdes tintos de marcas certificadas porque queremos valorizar e dar dignidade aos produtores da sub-regi\u00e3o de Mon\u00e7\u00e3o e Melga\u00e7o que participam no evento. Teremos ainda, como novidade, o espumante tinto e o vinho ros\u00e9&#8221;, revelou o respons\u00e1vel pela organiza\u00e7\u00e3o.<\/p>\n<p>&#8220;Queremos que o vinho seja o principal protagonista desta feira e a principal atra\u00e7\u00e3o para os visitantes. Simultaneamente, queremos trazer anima\u00e7\u00e3o a cargo dos grupos locais&#8221;, acrescentou.<\/p>\n<p>O programa arranca na sexta-feira, 26 de maio, pelas 18h00, com a inaugura\u00e7\u00e3o da sede da Real Confraria do Vinho Verde Tinto, seguindo-se a abertura oficial da Feira do Vinho Tinto, \u00e0s 19h00. Ainda no primeiro dia, \u00e0s 21h00, decorre o tradicional Encontro de Concertinas e Cantares.<\/p>\n<p>No s\u00e1bado, o dia come\u00e7a com o Raid da Pedra Solta. A feira abre novamente \u00e0s 10h30, com o desfile das confrarias, seguido do cap\u00edtulo de entroniza\u00e7\u00e3o da Real Confraria do Vinho Verde Tinto. Durante a tarde, o destaque vai para a mesa redonda intitulada &#8220;Conversas com Vinho Tinto&#8221;.<\/p>\n<p>A anima\u00e7\u00e3o musical estar\u00e1 a cargo de artistas locais e de charangas da vizinha Galiza. No s\u00e1bado, h\u00e1 atua\u00e7\u00f5es de Dario Rocha, Charanga Imperiais, Charanga Algazarra, grupo (Des)Fados, grupo Paralelos e DJ Pedro Pagodes.<\/p>\n<p>No domingo, as portas da feira abrem \u00e0s 10h00 e, pelas 11h30, decorre um <em>workshop <\/em>sobre Roscas de Mon\u00e7\u00e3o. Durante a tarde, atuam o grupo Amar&amp;Dar, o Rancho Folcl\u00f3rico Moleirinhos do Gadanha, o Rancho Folcl\u00f3rico da Casa do Povo de Melga\u00e7o e a Charanga Cantos Somos.\u00a0O evento encerra \u00e0s 19h00.<\/p>\n","protected":false},"excerpt":{"rendered":"<p>A freguesia de Tangil, em Mon\u00e7\u00e3o, recebe mais uma edi\u00e7\u00e3o da Feira do Vinho Tinto, entre 26 e 28 de maio. Os vinhos da sub-regi\u00e3o de Mon\u00e7\u00e3o e Melga\u00e7o v\u00e3o estar em destaque no certame, que conta tamb\u00e9m com outros produtos locais e anima\u00e7\u00e3o musical. Promovida pela Junta de Freguesia de Tangil, com o apoio [&hellip;]<\/p>\n","protected":false},"author":12,"featured_media":92498,"comment_status":"closed","ping_status":"closed","sticky":false,"template":"","format":"standard","meta":{"_exactmetrics_skip_tracking":false,"footnotes":""},"categories":[9],"tags":[24],"class_list":["post-92497","post","type-post","status-publish","format-standard","has-post-thumbnail","hentry","category-moncao","tag-lazer"],"yoast_head":"<!-- This site is optimized with the Yoast SEO Premium plugin v28.3 (Yoast SEO v28.3) - https:\/\/yoast.com\/product\/yoast-seo-premium-wordpress\/ -->\n<title>Feira do Vinho Tinto regressa a Tangil de 26 a 28 de maio<\/title>\n<meta name=\"description\" content=\"A freguesia de Tangil, em Mon\u00e7\u00e3o, recebe a d\u00e9cima edi\u00e7\u00e3o da Feira do Vinho Tinto, que regressa ap\u00f3s quatro anos de interrup\u00e7\u00e3o.\" \/>\n<meta name=\"robots\" content=\"index, follow, max-snippet:-1, max-image-preview:large, max-video-preview:-1\" \/>\n<link rel=\"canonical\" href=\"https:\/\/www.altominho.tv\/site\/2023\/05\/18\/feira-do-vinho-tinto-regressa-a-tangil-de-26-a-28-de-maio\/\" \/>\n<meta property=\"og:locale\" content=\"pt_PT\" \/>\n<meta property=\"og:type\" content=\"article\" \/>\n<meta property=\"og:title\" content=\"Feira do Vinho Tinto regressa a Tangil de 26 a 28 de maio\" \/>\n<meta property=\"og:description\" content=\"A freguesia de Tangil, em Mon\u00e7\u00e3o, recebe a d\u00e9cima edi\u00e7\u00e3o da Feira do Vinho Tinto, que regressa ap\u00f3s quatro anos de interrup\u00e7\u00e3o.\" \/>\n<meta property=\"og:url\" content=\"https:\/\/www.altominho.tv\/site\/2023\/05\/18\/feira-do-vinho-tinto-regressa-a-tangil-de-26-a-28-de-maio\/\" \/>\n<meta property=\"og:site_name\" content=\"Altominho.tv\" \/>\n<meta property=\"article:publisher\" content=\"https:\/\/www.facebook.com\/altominhotv\" \/>\n<meta property=\"article:published_time\" content=\"2023-05-18T16:39:27+00:00\" \/>\n<meta property=\"article:modified_time\" content=\"2023-05-18T16:39:32+00:00\" \/>\n<meta property=\"og:image\" content=\"https:\/\/www.altominho.tv\/site\/wp-content\/uploads\/2023\/05\/Feira-do-vinho-tinto-e1684398734903.jpg\" \/>\n\t<meta property=\"og:image:width\" content=\"1080\" \/>\n\t<meta property=\"og:image:height\" content=\"702\" \/>\n\t<meta property=\"og:image:type\" content=\"image\/jpeg\" \/>\n<meta name=\"author\" content=\"Andreia Ferreira\" \/>\n<meta name=\"twitter:card\" content=\"summary_large_image\" \/>\n<meta name=\"twitter:creator\" content=\"@altominhoTV\" \/>\n<meta name=\"twitter:site\" content=\"@altominhoTV\" \/>\n<meta name=\"twitter:label1\" content=\"Escrito por\" \/>\n\t<meta name=\"twitter:data1\" content=\"Andreia Ferreira\" \/>\n\t<meta name=\"twitter:label2\" content=\"Tempo estimado de leitura\" \/>\n\t<meta name=\"twitter:data2\" content=\"3 minutos\" \/>\n<script type=\"application\/ld+json\" class=\"yoast-schema-graph\">{\"@context\":\"https:\\\/\\\/schema.org\",\"@graph\":[{\"@type\":\"Article\",\"@id\":\"https:\\\/\\\/www.altominho.tv\\\/site\\\/2023\\\/05\\\/18\\\/feira-do-vinho-tinto-regressa-a-tangil-de-26-a-28-de-maio\\\/#article\",\"isPartOf\":{\"@id\":\"https:\\\/\\\/www.altominho.tv\\\/site\\\/2023\\\/05\\\/18\\\/feira-do-vinho-tinto-regressa-a-tangil-de-26-a-28-de-maio\\\/\"},\"author\":{\"name\":\"Andreia Ferreira\",\"@id\":\"https:\\\/\\\/www.altominho.tv\\\/site\\\/#\\\/schema\\\/person\\\/d9be4265364723f14ea8e0d56a1d38cd\"},\"headline\":\"Feira do Vinho Tinto regressa a Tangil de 26 a 28 de maio\",\"datePublished\":\"2023-05-18T16:39:27+00:00\",\"dateModified\":\"2023-05-18T16:39:32+00:00\",\"mainEntityOfPage\":{\"@id\":\"https:\\\/\\\/www.altominho.tv\\\/site\\\/2023\\\/05\\\/18\\\/feira-do-vinho-tinto-regressa-a-tangil-de-26-a-28-de-maio\\\/\"},\"wordCount\":479,\"image\":{\"@id\":\"https:\\\/\\\/www.altominho.tv\\\/site\\\/2023\\\/05\\\/18\\\/feira-do-vinho-tinto-regressa-a-tangil-de-26-a-28-de-maio\\\/#primaryimage\"},\"thumbnailUrl\":\"https:\\\/\\\/www.altominho.tv\\\/site\\\/wp-content\\\/uploads\\\/2023\\\/05\\\/Feira-do-vinho-tinto-e1684398734903.jpg\",\"keywords\":[\"Lazer\"],\"articleSection\":[\"Mon\u00e7\u00e3o\"],\"inLanguage\":\"pt-PT\",\"copyrightYear\":\"2023\",\"copyrightHolder\":{\"@id\":\"https:\\\/\\\/www.altominho.tv\\\/site\\\/#organization\"}},{\"@type\":\"WebPage\",\"@id\":\"https:\\\/\\\/www.altominho.tv\\\/site\\\/2023\\\/05\\\/18\\\/feira-do-vinho-tinto-regressa-a-tangil-de-26-a-28-de-maio\\\/\",\"url\":\"https:\\\/\\\/www.altominho.tv\\\/site\\\/2023\\\/05\\\/18\\\/feira-do-vinho-tinto-regressa-a-tangil-de-26-a-28-de-maio\\\/\",\"name\":\"Feira do Vinho Tinto regressa a Tangil de 26 a 28 de maio\",\"isPartOf\":{\"@id\":\"https:\\\/\\\/www.altominho.tv\\\/site\\\/#website\"},\"primaryImageOfPage\":{\"@id\":\"https:\\\/\\\/www.altominho.tv\\\/site\\\/2023\\\/05\\\/18\\\/feira-do-vinho-tinto-regressa-a-tangil-de-26-a-28-de-maio\\\/#primaryimage\"},\"image\":{\"@id\":\"https:\\\/\\\/www.altominho.tv\\\/site\\\/2023\\\/05\\\/18\\\/feira-do-vinho-tinto-regressa-a-tangil-de-26-a-28-de-maio\\\/#primaryimage\"},\"thumbnailUrl\":\"https:\\\/\\\/www.altominho.tv\\\/site\\\/wp-content\\\/uploads\\\/2023\\\/05\\\/Feira-do-vinho-tinto-e1684398734903.jpg\",\"datePublished\":\"2023-05-18T16:39:27+00:00\",\"dateModified\":\"2023-05-18T16:39:32+00:00\",\"author\":{\"@id\":\"https:\\\/\\\/www.altominho.tv\\\/site\\\/#\\\/schema\\\/person\\\/d9be4265364723f14ea8e0d56a1d38cd\"},\"description\":\"A freguesia de Tangil, em Mon\u00e7\u00e3o, recebe a d\u00e9cima edi\u00e7\u00e3o da Feira do Vinho Tinto, que regressa ap\u00f3s quatro anos de interrup\u00e7\u00e3o.\",\"breadcrumb\":{\"@id\":\"https:\\\/\\\/www.altominho.tv\\\/site\\\/2023\\\/05\\\/18\\\/feira-do-vinho-tinto-regressa-a-tangil-de-26-a-28-de-maio\\\/#breadcrumb\"},\"inLanguage\":\"pt-PT\",\"potentialAction\":[{\"@type\":\"ReadAction\",\"target\":[\"https:\\\/\\\/www.altominho.tv\\\/site\\\/2023\\\/05\\\/18\\\/feira-do-vinho-tinto-regressa-a-tangil-de-26-a-28-de-maio\\\/\"]}]},{\"@type\":\"ImageObject\",\"inLanguage\":\"pt-PT\",\"@id\":\"https:\\\/\\\/www.altominho.tv\\\/site\\\/2023\\\/05\\\/18\\\/feira-do-vinho-tinto-regressa-a-tangil-de-26-a-28-de-maio\\\/#primaryimage\",\"url\":\"https:\\\/\\\/www.altominho.tv\\\/site\\\/wp-content\\\/uploads\\\/2023\\\/05\\\/Feira-do-vinho-tinto-e1684398734903.jpg\",\"contentUrl\":\"https:\\\/\\\/www.altominho.tv\\\/site\\\/wp-content\\\/uploads\\\/2023\\\/05\\\/Feira-do-vinho-tinto-e1684398734903.jpg\",\"width\":1080,\"height\":702},{\"@type\":\"BreadcrumbList\",\"@id\":\"https:\\\/\\\/www.altominho.tv\\\/site\\\/2023\\\/05\\\/18\\\/feira-do-vinho-tinto-regressa-a-tangil-de-26-a-28-de-maio\\\/#breadcrumb\",\"itemListElement\":[{\"@type\":\"ListItem\",\"position\":1,\"name\":\"In\u00edcio\",\"item\":\"https:\\\/\\\/www.altominho.tv\\\/site\\\/\"},{\"@type\":\"ListItem\",\"position\":2,\"name\":\"Feira do Vinho Tinto regressa a Tangil de 26 a 28 de maio\"}]},{\"@type\":\"WebSite\",\"@id\":\"https:\\\/\\\/www.altominho.tv\\\/site\\\/#website\",\"url\":\"https:\\\/\\\/www.altominho.tv\\\/site\\\/\",\"name\":\"Altominho.tv\",\"description\":\"A sua regi\u00e3o \u00e0 dist\u00e2ncia de um clique...\",\"potentialAction\":[{\"@type\":\"SearchAction\",\"target\":{\"@type\":\"EntryPoint\",\"urlTemplate\":\"https:\\\/\\\/www.altominho.tv\\\/site\\\/?s={search_term_string}\"},\"query-input\":{\"@type\":\"PropertyValueSpecification\",\"valueRequired\":true,\"valueName\":\"search_term_string\"}}],\"inLanguage\":\"pt-PT\"},{\"@type\":\"Person\",\"@id\":\"https:\\\/\\\/www.altominho.tv\\\/site\\\/#\\\/schema\\\/person\\\/d9be4265364723f14ea8e0d56a1d38cd\",\"name\":\"Andreia Ferreira\",\"image\":{\"@type\":\"ImageObject\",\"inLanguage\":\"pt-PT\",\"@id\":\"https:\\\/\\\/www.altominho.tv\\\/site\\\/wp-content\\\/uploads\\\/2021\\\/01\\\/AndreiaFerreira-150x150.jpg\",\"url\":\"https:\\\/\\\/www.altominho.tv\\\/site\\\/wp-content\\\/uploads\\\/2021\\\/01\\\/AndreiaFerreira-150x150.jpg\",\"contentUrl\":\"https:\\\/\\\/www.altominho.tv\\\/site\\\/wp-content\\\/uploads\\\/2021\\\/01\\\/AndreiaFerreira-150x150.jpg\",\"caption\":\"Andreia Ferreira\"},\"url\":\"https:\\\/\\\/www.altominho.tv\\\/site\\\/author\\\/andreiaferreira\\\/\"}]}<\/script>\n<!-- \/ Yoast SEO Premium plugin. -->","yoast_head_json":{"title":"Feira do Vinho Tinto regressa a Tangil de 26 a 28 de maio","description":"A freguesia de Tangil, em Mon\u00e7\u00e3o, recebe a d\u00e9cima edi\u00e7\u00e3o da Feira do Vinho Tinto, que regressa ap\u00f3s quatro anos de interrup\u00e7\u00e3o.","robots":{"index":"index","follow":"follow","max-snippet":"max-snippet:-1","max-image-preview":"max-image-preview:large","max-video-preview":"max-video-preview:-1"},"canonical":"https:\/\/www.altominho.tv\/site\/2023\/05\/18\/feira-do-vinho-tinto-regressa-a-tangil-de-26-a-28-de-maio\/","og_locale":"pt_PT","og_type":"article","og_title":"Feira do Vinho Tinto regressa a Tangil de 26 a 28 de maio","og_description":"A freguesia de Tangil, em Mon\u00e7\u00e3o, recebe a d\u00e9cima edi\u00e7\u00e3o da Feira do Vinho Tinto, que regressa ap\u00f3s quatro anos de interrup\u00e7\u00e3o.","og_url":"https:\/\/www.altominho.tv\/site\/2023\/05\/18\/feira-do-vinho-tinto-regressa-a-tangil-de-26-a-28-de-maio\/","og_site_name":"Altominho.tv","article_publisher":"https:\/\/www.facebook.com\/altominhotv","article_published_time":"2023-05-18T16:39:27+00:00","article_modified_time":"2023-05-18T16:39:32+00:00","og_image":[{"width":1080,"height":702,"url":"https:\/\/www.altominho.tv\/site\/wp-content\/uploads\/2023\/05\/Feira-do-vinho-tinto-e1684398734903.jpg","type":"image\/jpeg"}],"author":"Andreia Ferreira","twitter_card":"summary_large_image","twitter_creator":"@altominhoTV","twitter_site":"@altominhoTV","twitter_misc":{"Escrito por":"Andreia Ferreira","Tempo estimado de leitura":"3 minutos"},"schema":{"@context":"https:\/\/schema.org","@graph":[{"@type":"Article","@id":"https:\/\/www.altominho.tv\/site\/2023\/05\/18\/feira-do-vinho-tinto-regressa-a-tangil-de-26-a-28-de-maio\/#article","isPartOf":{"@id":"https:\/\/www.altominho.tv\/site\/2023\/05\/18\/feira-do-vinho-tinto-regressa-a-tangil-de-26-a-28-de-maio\/"},"author":{"name":"Andreia Ferreira","@id":"https:\/\/www.altominho.tv\/site\/#\/schema\/person\/d9be4265364723f14ea8e0d56a1d38cd"},"headline":"Feira do Vinho Tinto regressa a Tangil de 26 a 28 de maio","datePublished":"2023-05-18T16:39:27+00:00","dateModified":"2023-05-18T16:39:32+00:00","mainEntityOfPage":{"@id":"https:\/\/www.altominho.tv\/site\/2023\/05\/18\/feira-do-vinho-tinto-regressa-a-tangil-de-26-a-28-de-maio\/"},"wordCount":479,"image":{"@id":"https:\/\/www.altominho.tv\/site\/2023\/05\/18\/feira-do-vinho-tinto-regressa-a-tangil-de-26-a-28-de-maio\/#primaryimage"},"thumbnailUrl":"https:\/\/www.altominho.tv\/site\/wp-content\/uploads\/2023\/05\/Feira-do-vinho-tinto-e1684398734903.jpg","keywords":["Lazer"],"articleSection":["Mon\u00e7\u00e3o"],"inLanguage":"pt-PT","copyrightYear":"2023","copyrightHolder":{"@id":"https:\/\/www.altominho.tv\/site\/#organization"}},{"@type":"WebPage","@id":"https:\/\/www.altominho.tv\/site\/2023\/05\/18\/feira-do-vinho-tinto-regressa-a-tangil-de-26-a-28-de-maio\/","url":"https:\/\/www.altominho.tv\/site\/2023\/05\/18\/feira-do-vinho-tinto-regressa-a-tangil-de-26-a-28-de-maio\/","name":"Feira do Vinho Tinto regressa a Tangil de 26 a 28 de maio","isPartOf":{"@id":"https:\/\/www.altominho.tv\/site\/#website"},"primaryImageOfPage":{"@id":"https:\/\/www.altominho.tv\/site\/2023\/05\/18\/feira-do-vinho-tinto-regressa-a-tangil-de-26-a-28-de-maio\/#primaryimage"},"image":{"@id":"https:\/\/www.altominho.tv\/site\/2023\/05\/18\/feira-do-vinho-tinto-regressa-a-tangil-de-26-a-28-de-maio\/#primaryimage"},"thumbnailUrl":"https:\/\/www.altominho.tv\/site\/wp-content\/uploads\/2023\/05\/Feira-do-vinho-tinto-e1684398734903.jpg","datePublished":"2023-05-18T16:39:27+00:00","dateModified":"2023-05-18T16:39:32+00:00","author":{"@id":"https:\/\/www.altominho.tv\/site\/#\/schema\/person\/d9be4265364723f14ea8e0d56a1d38cd"},"description":"A freguesia de Tangil, em Mon\u00e7\u00e3o, recebe a d\u00e9cima edi\u00e7\u00e3o da Feira do Vinho Tinto, que regressa ap\u00f3s quatro anos de interrup\u00e7\u00e3o.","breadcrumb":{"@id":"https:\/\/www.altominho.tv\/site\/2023\/05\/18\/feira-do-vinho-tinto-regressa-a-tangil-de-26-a-28-de-maio\/#breadcrumb"},"inLanguage":"pt-PT","potentialAction":[{"@type":"ReadAction","target":["https:\/\/www.altominho.tv\/site\/2023\/05\/18\/feira-do-vinho-tinto-regressa-a-tangil-de-26-a-28-de-maio\/"]}]},{"@type":"ImageObject","inLanguage":"pt-PT","@id":"https:\/\/www.altominho.tv\/site\/2023\/05\/18\/feira-do-vinho-tinto-regressa-a-tangil-de-26-a-28-de-maio\/#primaryimage","url":"https:\/\/www.altominho.tv\/site\/wp-content\/uploads\/2023\/05\/Feira-do-vinho-tinto-e1684398734903.jpg","contentUrl":"https:\/\/www.altominho.tv\/site\/wp-content\/uploads\/2023\/05\/Feira-do-vinho-tinto-e1684398734903.jpg","width":1080,"height":702},{"@type":"BreadcrumbList","@id":"https:\/\/www.altominho.tv\/site\/2023\/05\/18\/feira-do-vinho-tinto-regressa-a-tangil-de-26-a-28-de-maio\/#breadcrumb","itemListElement":[{"@type":"ListItem","position":1,"name":"In\u00edcio","item":"https:\/\/www.altominho.tv\/site\/"},{"@type":"ListItem","position":2,"name":"Feira do Vinho Tinto regressa a Tangil de 26 a 28 de maio"}]},{"@type":"WebSite","@id":"https:\/\/www.altominho.tv\/site\/#website","url":"https:\/\/www.altominho.tv\/site\/","name":"Altominho.tv","description":"A sua regi\u00e3o \u00e0 dist\u00e2ncia de um clique...","potentialAction":[{"@type":"SearchAction","target":{"@type":"EntryPoint","urlTemplate":"https:\/\/www.altominho.tv\/site\/?s={search_term_string}"},"query-input":{"@type":"PropertyValueSpecification","valueRequired":true,"valueName":"search_term_string"}}],"inLanguage":"pt-PT"},{"@type":"Person","@id":"https:\/\/www.altominho.tv\/site\/#\/schema\/person\/d9be4265364723f14ea8e0d56a1d38cd","name":"Andreia Ferreira","image":{"@type":"ImageObject","inLanguage":"pt-PT","@id":"https:\/\/www.altominho.tv\/site\/wp-content\/uploads\/2021\/01\/AndreiaFerreira-150x150.jpg","url":"https:\/\/www.altominho.tv\/site\/wp-content\/uploads\/2021\/01\/AndreiaFerreira-150x150.jpg","contentUrl":"https:\/\/www.altominho.tv\/site\/wp-content\/uploads\/2021\/01\/AndreiaFerreira-150x150.jpg","caption":"Andreia Ferreira"},"url":"https:\/\/www.altominho.tv\/site\/author\/andreiaferreira\/"}]}},"_links":{"self":[{"href":"https:\/\/www.altominho.tv\/site\/wp-json\/wp\/v2\/posts\/92497","targetHints":{"allow":["GET"]}}],"collection":[{"href":"https:\/\/www.altominho.tv\/site\/wp-json\/wp\/v2\/posts"}],"about":[{"href":"https:\/\/www.altominho.tv\/site\/wp-json\/wp\/v2\/types\/post"}],"author":[{"embeddable":true,"href":"https:\/\/www.altominho.tv\/site\/wp-json\/wp\/v2\/users\/12"}],"replies":[{"embeddable":true,"href":"https:\/\/www.altominho.tv\/site\/wp-json\/wp\/v2\/comments?post=92497"}],"version-history":[{"count":5,"href":"https:\/\/www.altominho.tv\/site\/wp-json\/wp\/v2\/posts\/92497\/revisions"}],"predecessor-version":[{"id":92535,"href":"https:\/\/www.altominho.tv\/site\/wp-json\/wp\/v2\/posts\/92497\/revisions\/92535"}],"wp:featuredmedia":[{"embeddable":true,"href":"https:\/\/www.altominho.tv\/site\/wp-json\/wp\/v2\/media\/92498"}],"wp:attachment":[{"href":"https:\/\/www.altominho.tv\/site\/wp-json\/wp\/v2\/media?parent=92497"}],"wp:term":[{"taxonomy":"category","embeddable":true,"href":"https:\/\/www.altominho.tv\/site\/wp-json\/wp\/v2\/categories?post=92497"},{"taxonomy":"post_tag","embeddable":true,"href":"https:\/\/www.altominho.tv\/site\/wp-json\/wp\/v2\/tags?post=92497"}],"curies":[{"name":"wp","href":"https:\/\/api.w.org\/{rel}","templated":true}]}}