{"id":92312,"date":"2023-05-13T14:57:24","date_gmt":"2023-05-13T13:57:24","guid":{"rendered":"https:\/\/www.altominho.tv\/site\/?p=92312"},"modified":"2023-05-13T14:57:29","modified_gmt":"2023-05-13T13:57:29","slug":"valenca-colisao-provoca-um-morto","status":"publish","type":"post","link":"https:\/\/www.altominho.tv\/site\/2023\/05\/13\/valenca-colisao-provoca-um-morto\/","title":{"rendered":"Valen\u00e7a: colis\u00e3o provoca um morto"},"content":{"rendered":"\n<p class=\"wp-block-paragraph\">Colis\u00e3o em Valen\u00e7a entre duas motas e um carro resulta num morto e um ferido ligeiro.  <\/p>\n\n\n\n<p class=\"wp-block-paragraph\">Segundo declara\u00e7\u00f5es fornecidas \u00e0 <strong>Altominho TV<\/strong>, a v\u00edtima que conduzia um dos motociclos tinha 37 anos.<\/p>\n\n\n\n<p class=\"wp-block-paragraph\">O ferido ligeiro tinha 24 anos e foi transportado para o Hospital de Viana do Castelo.<\/p>\n\n\n\n<p class=\"wp-block-paragraph\">A condutora do ve\u00edculo ligeiro recusou transporte hospitalar e tinha 50 anos. <\/p>\n\n\n\n<p class=\"wp-block-paragraph\">A ocorr\u00eancia deu-se no in\u00edcio da tarde deste s\u00e1bado, sendo que o alerta foi dado \u00e0s 13h05. As v\u00edtimas seguiam no sentido Tui\/Valen\u00e7a, na A3.<\/p>\n\n\n\n<p class=\"wp-block-paragraph\">No local estiveram os Bombeiros Volunt\u00e1rios de Valen\u00e7a, com tr\u00eas operacionais, ambul\u00e2ncias SIV de Melga\u00e7o, SIV de Valen\u00e7a, a VMER do Alto Minho e a GNR. <\/p>\n","protected":false},"excerpt":{"rendered":"<p>Colis\u00e3o em Valen\u00e7a entre duas motas e um carro resulta num morto e um ferido ligeiro. Segundo declara\u00e7\u00f5es fornecidas \u00e0 Altominho TV, a v\u00edtima que conduzia um dos motociclos tinha 37 anos. O ferido ligeiro tinha 24 anos e foi transportado para o Hospital de Viana do Castelo. A condutora do ve\u00edculo ligeiro recusou transporte [&hellip;]<\/p>\n","protected":false},"author":28,"featured_media":92313,"comment_status":"closed","ping_status":"closed","sticky":false,"template":"","format":"standard","meta":{"_exactmetrics_skip_tracking":false,"footnotes":""},"categories":[13],"tags":[27],"class_list":["post-92312","post","type-post","status-publish","format-standard","has-post-thumbnail","hentry","category-valenca","tag-sociedade"],"yoast_head":"<!-- This site is optimized with the Yoast SEO Premium plugin v28.3 (Yoast SEO v28.3) - https:\/\/yoast.com\/product\/yoast-seo-premium-wordpress\/ -->\n<title>Valen\u00e7a: colis\u00e3o provoca um morto<\/title>\n<meta name=\"description\" content=\"Colis\u00e3o em Valen\u00e7a entre duas motas e um carro resulta num morto e um ferido ligeiro. Segundo declara\u00e7\u00f5es fornecidas \u00e0 Altominho TV, a v\u00edtima que conduzia um dos motociclos tinha 37 anos.\" \/>\n<meta name=\"robots\" content=\"index, follow, max-snippet:-1, max-image-preview:large, max-video-preview:-1\" \/>\n<link rel=\"canonical\" href=\"https:\/\/www.altominho.tv\/site\/2023\/05\/13\/valenca-colisao-provoca-um-morto\/\" \/>\n<meta property=\"og:locale\" content=\"pt_PT\" \/>\n<meta property=\"og:type\" content=\"article\" \/>\n<meta property=\"og:title\" content=\"Valen\u00e7a: colis\u00e3o provoca um morto\" \/>\n<meta property=\"og:description\" content=\"Colis\u00e3o em Valen\u00e7a entre duas motas e um carro resulta num morto e um ferido ligeiro. Segundo declara\u00e7\u00f5es fornecidas \u00e0 Altominho TV, a v\u00edtima que conduzia um dos motociclos tinha 37 anos.\" \/>\n<meta property=\"og:url\" content=\"https:\/\/www.altominho.tv\/site\/2023\/05\/13\/valenca-colisao-provoca-um-morto\/\" \/>\n<meta property=\"og:site_name\" content=\"Altominho.tv\" \/>\n<meta property=\"article:publisher\" content=\"https:\/\/www.facebook.com\/altominhotv\" \/>\n<meta property=\"article:published_time\" content=\"2023-05-13T13:57:24+00:00\" \/>\n<meta property=\"article:modified_time\" content=\"2023-05-13T13:57:29+00:00\" \/>\n<meta property=\"og:image\" content=\"https:\/\/www.altominho.tv\/site\/wp-content\/uploads\/2023\/05\/ULTIMAHORA_VALENCA.jpeg\" \/>\n\t<meta property=\"og:image:width\" content=\"1920\" \/>\n\t<meta property=\"og:image:height\" content=\"1080\" \/>\n\t<meta property=\"og:image:type\" content=\"image\/jpeg\" \/>\n<meta name=\"author\" content=\"Beatriz Lira\" \/>\n<meta name=\"twitter:card\" content=\"summary_large_image\" \/>\n<meta name=\"twitter:creator\" content=\"@altominhoTV\" \/>\n<meta name=\"twitter:site\" content=\"@altominhoTV\" \/>\n<meta name=\"twitter:label1\" content=\"Escrito por\" \/>\n\t<meta name=\"twitter:data1\" content=\"Beatriz Lira\" \/>\n\t<meta name=\"twitter:label2\" content=\"Tempo estimado de leitura\" \/>\n\t<meta name=\"twitter:data2\" content=\"1 minuto\" \/>\n<script type=\"application\/ld+json\" class=\"yoast-schema-graph\">{\"@context\":\"https:\\\/\\\/schema.org\",\"@graph\":[{\"@type\":\"Article\",\"@id\":\"https:\\\/\\\/www.altominho.tv\\\/site\\\/2023\\\/05\\\/13\\\/valenca-colisao-provoca-um-morto\\\/#article\",\"isPartOf\":{\"@id\":\"https:\\\/\\\/www.altominho.tv\\\/site\\\/2023\\\/05\\\/13\\\/valenca-colisao-provoca-um-morto\\\/\"},\"author\":{\"name\":\"Beatriz Lira\",\"@id\":\"https:\\\/\\\/www.altominho.tv\\\/site\\\/#\\\/schema\\\/person\\\/f95a2097796cf4462fe1e476cddc40e4\"},\"headline\":\"Valen\u00e7a: colis\u00e3o provoca um morto\",\"datePublished\":\"2023-05-13T13:57:24+00:00\",\"dateModified\":\"2023-05-13T13:57:29+00:00\",\"mainEntityOfPage\":{\"@id\":\"https:\\\/\\\/www.altominho.tv\\\/site\\\/2023\\\/05\\\/13\\\/valenca-colisao-provoca-um-morto\\\/\"},\"wordCount\":131,\"image\":{\"@id\":\"https:\\\/\\\/www.altominho.tv\\\/site\\\/2023\\\/05\\\/13\\\/valenca-colisao-provoca-um-morto\\\/#primaryimage\"},\"thumbnailUrl\":\"https:\\\/\\\/www.altominho.tv\\\/site\\\/wp-content\\\/uploads\\\/2023\\\/05\\\/ULTIMAHORA_VALENCA.jpeg\",\"keywords\":[\"Sociedade\"],\"articleSection\":[\"Valen\u00e7a\"],\"inLanguage\":\"pt-PT\",\"copyrightYear\":\"2023\",\"copyrightHolder\":{\"@id\":\"https:\\\/\\\/www.altominho.tv\\\/site\\\/#organization\"}},{\"@type\":\"WebPage\",\"@id\":\"https:\\\/\\\/www.altominho.tv\\\/site\\\/2023\\\/05\\\/13\\\/valenca-colisao-provoca-um-morto\\\/\",\"url\":\"https:\\\/\\\/www.altominho.tv\\\/site\\\/2023\\\/05\\\/13\\\/valenca-colisao-provoca-um-morto\\\/\",\"name\":\"Valen\u00e7a: colis\u00e3o provoca um morto\",\"isPartOf\":{\"@id\":\"https:\\\/\\\/www.altominho.tv\\\/site\\\/#website\"},\"primaryImageOfPage\":{\"@id\":\"https:\\\/\\\/www.altominho.tv\\\/site\\\/2023\\\/05\\\/13\\\/valenca-colisao-provoca-um-morto\\\/#primaryimage\"},\"image\":{\"@id\":\"https:\\\/\\\/www.altominho.tv\\\/site\\\/2023\\\/05\\\/13\\\/valenca-colisao-provoca-um-morto\\\/#primaryimage\"},\"thumbnailUrl\":\"https:\\\/\\\/www.altominho.tv\\\/site\\\/wp-content\\\/uploads\\\/2023\\\/05\\\/ULTIMAHORA_VALENCA.jpeg\",\"datePublished\":\"2023-05-13T13:57:24+00:00\",\"dateModified\":\"2023-05-13T13:57:29+00:00\",\"author\":{\"@id\":\"https:\\\/\\\/www.altominho.tv\\\/site\\\/#\\\/schema\\\/person\\\/f95a2097796cf4462fe1e476cddc40e4\"},\"description\":\"Colis\u00e3o em Valen\u00e7a entre duas motas e um carro resulta num morto e um ferido ligeiro. Segundo declara\u00e7\u00f5es fornecidas \u00e0 Altominho TV, a v\u00edtima que conduzia um dos motociclos tinha 37 anos.\",\"breadcrumb\":{\"@id\":\"https:\\\/\\\/www.altominho.tv\\\/site\\\/2023\\\/05\\\/13\\\/valenca-colisao-provoca-um-morto\\\/#breadcrumb\"},\"inLanguage\":\"pt-PT\",\"potentialAction\":[{\"@type\":\"ReadAction\",\"target\":[\"https:\\\/\\\/www.altominho.tv\\\/site\\\/2023\\\/05\\\/13\\\/valenca-colisao-provoca-um-morto\\\/\"]}]},{\"@type\":\"ImageObject\",\"inLanguage\":\"pt-PT\",\"@id\":\"https:\\\/\\\/www.altominho.tv\\\/site\\\/2023\\\/05\\\/13\\\/valenca-colisao-provoca-um-morto\\\/#primaryimage\",\"url\":\"https:\\\/\\\/www.altominho.tv\\\/site\\\/wp-content\\\/uploads\\\/2023\\\/05\\\/ULTIMAHORA_VALENCA.jpeg\",\"contentUrl\":\"https:\\\/\\\/www.altominho.tv\\\/site\\\/wp-content\\\/uploads\\\/2023\\\/05\\\/ULTIMAHORA_VALENCA.jpeg\",\"width\":1920,\"height\":1080},{\"@type\":\"BreadcrumbList\",\"@id\":\"https:\\\/\\\/www.altominho.tv\\\/site\\\/2023\\\/05\\\/13\\\/valenca-colisao-provoca-um-morto\\\/#breadcrumb\",\"itemListElement\":[{\"@type\":\"ListItem\",\"position\":1,\"name\":\"In\u00edcio\",\"item\":\"https:\\\/\\\/www.altominho.tv\\\/site\\\/\"},{\"@type\":\"ListItem\",\"position\":2,\"name\":\"Valen\u00e7a: colis\u00e3o provoca um morto\"}]},{\"@type\":\"WebSite\",\"@id\":\"https:\\\/\\\/www.altominho.tv\\\/site\\\/#website\",\"url\":\"https:\\\/\\\/www.altominho.tv\\\/site\\\/\",\"name\":\"Altominho.tv\",\"description\":\"A sua regi\u00e3o \u00e0 dist\u00e2ncia de um clique...\",\"potentialAction\":[{\"@type\":\"SearchAction\",\"target\":{\"@type\":\"EntryPoint\",\"urlTemplate\":\"https:\\\/\\\/www.altominho.tv\\\/site\\\/?s={search_term_string}\"},\"query-input\":{\"@type\":\"PropertyValueSpecification\",\"valueRequired\":true,\"valueName\":\"search_term_string\"}}],\"inLanguage\":\"pt-PT\"},{\"@type\":\"Person\",\"@id\":\"https:\\\/\\\/www.altominho.tv\\\/site\\\/#\\\/schema\\\/person\\\/f95a2097796cf4462fe1e476cddc40e4\",\"name\":\"Beatriz Lira\",\"image\":{\"@type\":\"ImageObject\",\"inLanguage\":\"pt-PT\",\"@id\":\"https:\\\/\\\/www.altominho.tv\\\/site\\\/wp-content\\\/uploads\\\/2023\\\/03\\\/Screenshot_20230306-141220_Photos-150x150.jpg\",\"url\":\"https:\\\/\\\/www.altominho.tv\\\/site\\\/wp-content\\\/uploads\\\/2023\\\/03\\\/Screenshot_20230306-141220_Photos-150x150.jpg\",\"contentUrl\":\"https:\\\/\\\/www.altominho.tv\\\/site\\\/wp-content\\\/uploads\\\/2023\\\/03\\\/Screenshot_20230306-141220_Photos-150x150.jpg\",\"caption\":\"Beatriz Lira\"},\"url\":\"https:\\\/\\\/www.altominho.tv\\\/site\\\/author\\\/beatriz\\\/\"}]}<\/script>\n<!-- \/ Yoast SEO Premium plugin. -->","yoast_head_json":{"title":"Valen\u00e7a: colis\u00e3o provoca um morto","description":"Colis\u00e3o em Valen\u00e7a entre duas motas e um carro resulta num morto e um ferido ligeiro. Segundo declara\u00e7\u00f5es fornecidas \u00e0 Altominho TV, a v\u00edtima que conduzia um dos motociclos tinha 37 anos.","robots":{"index":"index","follow":"follow","max-snippet":"max-snippet:-1","max-image-preview":"max-image-preview:large","max-video-preview":"max-video-preview:-1"},"canonical":"https:\/\/www.altominho.tv\/site\/2023\/05\/13\/valenca-colisao-provoca-um-morto\/","og_locale":"pt_PT","og_type":"article","og_title":"Valen\u00e7a: colis\u00e3o provoca um morto","og_description":"Colis\u00e3o em Valen\u00e7a entre duas motas e um carro resulta num morto e um ferido ligeiro. Segundo declara\u00e7\u00f5es fornecidas \u00e0 Altominho TV, a v\u00edtima que conduzia um dos motociclos tinha 37 anos.","og_url":"https:\/\/www.altominho.tv\/site\/2023\/05\/13\/valenca-colisao-provoca-um-morto\/","og_site_name":"Altominho.tv","article_publisher":"https:\/\/www.facebook.com\/altominhotv","article_published_time":"2023-05-13T13:57:24+00:00","article_modified_time":"2023-05-13T13:57:29+00:00","og_image":[{"width":1920,"height":1080,"url":"https:\/\/www.altominho.tv\/site\/wp-content\/uploads\/2023\/05\/ULTIMAHORA_VALENCA.jpeg","type":"image\/jpeg"}],"author":"Beatriz Lira","twitter_card":"summary_large_image","twitter_creator":"@altominhoTV","twitter_site":"@altominhoTV","twitter_misc":{"Escrito por":"Beatriz Lira","Tempo estimado de leitura":"1 minuto"},"schema":{"@context":"https:\/\/schema.org","@graph":[{"@type":"Article","@id":"https:\/\/www.altominho.tv\/site\/2023\/05\/13\/valenca-colisao-provoca-um-morto\/#article","isPartOf":{"@id":"https:\/\/www.altominho.tv\/site\/2023\/05\/13\/valenca-colisao-provoca-um-morto\/"},"author":{"name":"Beatriz Lira","@id":"https:\/\/www.altominho.tv\/site\/#\/schema\/person\/f95a2097796cf4462fe1e476cddc40e4"},"headline":"Valen\u00e7a: colis\u00e3o provoca um morto","datePublished":"2023-05-13T13:57:24+00:00","dateModified":"2023-05-13T13:57:29+00:00","mainEntityOfPage":{"@id":"https:\/\/www.altominho.tv\/site\/2023\/05\/13\/valenca-colisao-provoca-um-morto\/"},"wordCount":131,"image":{"@id":"https:\/\/www.altominho.tv\/site\/2023\/05\/13\/valenca-colisao-provoca-um-morto\/#primaryimage"},"thumbnailUrl":"https:\/\/www.altominho.tv\/site\/wp-content\/uploads\/2023\/05\/ULTIMAHORA_VALENCA.jpeg","keywords":["Sociedade"],"articleSection":["Valen\u00e7a"],"inLanguage":"pt-PT","copyrightYear":"2023","copyrightHolder":{"@id":"https:\/\/www.altominho.tv\/site\/#organization"}},{"@type":"WebPage","@id":"https:\/\/www.altominho.tv\/site\/2023\/05\/13\/valenca-colisao-provoca-um-morto\/","url":"https:\/\/www.altominho.tv\/site\/2023\/05\/13\/valenca-colisao-provoca-um-morto\/","name":"Valen\u00e7a: colis\u00e3o provoca um morto","isPartOf":{"@id":"https:\/\/www.altominho.tv\/site\/#website"},"primaryImageOfPage":{"@id":"https:\/\/www.altominho.tv\/site\/2023\/05\/13\/valenca-colisao-provoca-um-morto\/#primaryimage"},"image":{"@id":"https:\/\/www.altominho.tv\/site\/2023\/05\/13\/valenca-colisao-provoca-um-morto\/#primaryimage"},"thumbnailUrl":"https:\/\/www.altominho.tv\/site\/wp-content\/uploads\/2023\/05\/ULTIMAHORA_VALENCA.jpeg","datePublished":"2023-05-13T13:57:24+00:00","dateModified":"2023-05-13T13:57:29+00:00","author":{"@id":"https:\/\/www.altominho.tv\/site\/#\/schema\/person\/f95a2097796cf4462fe1e476cddc40e4"},"description":"Colis\u00e3o em Valen\u00e7a entre duas motas e um carro resulta num morto e um ferido ligeiro. Segundo declara\u00e7\u00f5es fornecidas \u00e0 Altominho TV, a v\u00edtima que conduzia um dos motociclos tinha 37 anos.","breadcrumb":{"@id":"https:\/\/www.altominho.tv\/site\/2023\/05\/13\/valenca-colisao-provoca-um-morto\/#breadcrumb"},"inLanguage":"pt-PT","potentialAction":[{"@type":"ReadAction","target":["https:\/\/www.altominho.tv\/site\/2023\/05\/13\/valenca-colisao-provoca-um-morto\/"]}]},{"@type":"ImageObject","inLanguage":"pt-PT","@id":"https:\/\/www.altominho.tv\/site\/2023\/05\/13\/valenca-colisao-provoca-um-morto\/#primaryimage","url":"https:\/\/www.altominho.tv\/site\/wp-content\/uploads\/2023\/05\/ULTIMAHORA_VALENCA.jpeg","contentUrl":"https:\/\/www.altominho.tv\/site\/wp-content\/uploads\/2023\/05\/ULTIMAHORA_VALENCA.jpeg","width":1920,"height":1080},{"@type":"BreadcrumbList","@id":"https:\/\/www.altominho.tv\/site\/2023\/05\/13\/valenca-colisao-provoca-um-morto\/#breadcrumb","itemListElement":[{"@type":"ListItem","position":1,"name":"In\u00edcio","item":"https:\/\/www.altominho.tv\/site\/"},{"@type":"ListItem","position":2,"name":"Valen\u00e7a: colis\u00e3o provoca um morto"}]},{"@type":"WebSite","@id":"https:\/\/www.altominho.tv\/site\/#website","url":"https:\/\/www.altominho.tv\/site\/","name":"Altominho.tv","description":"A sua regi\u00e3o \u00e0 dist\u00e2ncia de um clique...","potentialAction":[{"@type":"SearchAction","target":{"@type":"EntryPoint","urlTemplate":"https:\/\/www.altominho.tv\/site\/?s={search_term_string}"},"query-input":{"@type":"PropertyValueSpecification","valueRequired":true,"valueName":"search_term_string"}}],"inLanguage":"pt-PT"},{"@type":"Person","@id":"https:\/\/www.altominho.tv\/site\/#\/schema\/person\/f95a2097796cf4462fe1e476cddc40e4","name":"Beatriz Lira","image":{"@type":"ImageObject","inLanguage":"pt-PT","@id":"https:\/\/www.altominho.tv\/site\/wp-content\/uploads\/2023\/03\/Screenshot_20230306-141220_Photos-150x150.jpg","url":"https:\/\/www.altominho.tv\/site\/wp-content\/uploads\/2023\/03\/Screenshot_20230306-141220_Photos-150x150.jpg","contentUrl":"https:\/\/www.altominho.tv\/site\/wp-content\/uploads\/2023\/03\/Screenshot_20230306-141220_Photos-150x150.jpg","caption":"Beatriz Lira"},"url":"https:\/\/www.altominho.tv\/site\/author\/beatriz\/"}]}},"_links":{"self":[{"href":"https:\/\/www.altominho.tv\/site\/wp-json\/wp\/v2\/posts\/92312","targetHints":{"allow":["GET"]}}],"collection":[{"href":"https:\/\/www.altominho.tv\/site\/wp-json\/wp\/v2\/posts"}],"about":[{"href":"https:\/\/www.altominho.tv\/site\/wp-json\/wp\/v2\/types\/post"}],"author":[{"embeddable":true,"href":"https:\/\/www.altominho.tv\/site\/wp-json\/wp\/v2\/users\/28"}],"replies":[{"embeddable":true,"href":"https:\/\/www.altominho.tv\/site\/wp-json\/wp\/v2\/comments?post=92312"}],"version-history":[{"count":1,"href":"https:\/\/www.altominho.tv\/site\/wp-json\/wp\/v2\/posts\/92312\/revisions"}],"predecessor-version":[{"id":92314,"href":"https:\/\/www.altominho.tv\/site\/wp-json\/wp\/v2\/posts\/92312\/revisions\/92314"}],"wp:featuredmedia":[{"embeddable":true,"href":"https:\/\/www.altominho.tv\/site\/wp-json\/wp\/v2\/media\/92313"}],"wp:attachment":[{"href":"https:\/\/www.altominho.tv\/site\/wp-json\/wp\/v2\/media?parent=92312"}],"wp:term":[{"taxonomy":"category","embeddable":true,"href":"https:\/\/www.altominho.tv\/site\/wp-json\/wp\/v2\/categories?post=92312"},{"taxonomy":"post_tag","embeddable":true,"href":"https:\/\/www.altominho.tv\/site\/wp-json\/wp\/v2\/tags?post=92312"}],"curies":[{"name":"wp","href":"https:\/\/api.w.org\/{rel}","templated":true}]}}