{"id":9226,"date":"2018-02-05T16:30:39","date_gmt":"2018-02-05T16:30:39","guid":{"rendered":"http:\/\/www.altominho.tv\/site\/?p=9226"},"modified":"2018-02-05T16:33:06","modified_gmt":"2018-02-05T16:33:06","slug":"reconstrucao-do-bar-da-alameda-representa-um-investimento-de-cerca-de-125-mil-euros","status":"publish","type":"post","link":"https:\/\/www.altominho.tv\/site\/2018\/02\/05\/reconstrucao-do-bar-da-alameda-representa-um-investimento-de-cerca-de-125-mil-euros\/","title":{"rendered":"Reconstru\u00e7\u00e3o do Bar da Alameda representa um investimento de cerca de 125 mil euros"},"content":{"rendered":"<p>O Munic\u00edpio de Melga\u00e7o, informou hoje em comunicado, que j\u00e1 arrancaram as obras de reconstru\u00e7\u00e3o do Bar da Alameda.<\/p>\n<p>Estas obras representam um investimento de cerca de 125 mil euros.<\/p>\n<p>&#8220;Com esta interven\u00e7\u00e3o ser\u00e1 tamb\u00e9m requalificada a envolvente extramuros do Castelo de Melga\u00e7o, tornando toda aquela \u00e1rea mais agrad\u00e1vel, assumindo-se sempre o compromisso entre o patrim\u00f3nio e a contemporaneidade&#8221;, pode ler-se ainda no comunicado.<\/p>\n<p>Com este projeto &#8220;est\u00e1 a ser repensado&#8221; o edif\u00edcio para que sirva de lazer e de estadia a quem visita a Vila, mais propriamente o Centro Hist\u00f3rico.<\/p>\n<p>Ser\u00e1 preservada a fun\u00e7\u00e3o de Biblioteca de Ver\u00e3o localizada \u00e0 entrada da Alameda e ser\u00e1 ainda criado um espa\u00e7o de promo\u00e7\u00e3o e divulga\u00e7\u00e3o de Melga\u00e7o e da regi\u00e3o e tamb\u00e9m de venda de produtos locais, informou ainda o Munic\u00edpio de Melga\u00e7o.<\/p>\n","protected":false},"excerpt":{"rendered":"<p>O Munic\u00edpio de Melga\u00e7o, informou hoje em comunicado, que j\u00e1 arrancaram as obras de reconstru\u00e7\u00e3o do Bar da Alameda. Estas obras representam um investimento de cerca de 125 mil euros. &#8220;Com esta interven\u00e7\u00e3o ser\u00e1 tamb\u00e9m requalificada a envolvente extramuros do Castelo de Melga\u00e7o, tornando toda aquela \u00e1rea mais agrad\u00e1vel, assumindo-se sempre o compromisso entre o [&hellip;]<\/p>\n","protected":false},"author":7,"featured_media":9227,"comment_status":"closed","ping_status":"closed","sticky":false,"template":"","format":"standard","meta":{"_exactmetrics_skip_tracking":false,"_exactmetrics_sitenote_active":false,"_exactmetrics_sitenote_note":"","_exactmetrics_sitenote_category":0,"footnotes":""},"categories":[8],"tags":[27],"class_list":["post-9226","post","type-post","status-publish","format-standard","has-post-thumbnail","hentry","category-melgaco","tag-sociedade"],"yoast_head":"<!-- This site is optimized with the Yoast SEO Premium plugin v27.5 (Yoast SEO v27.5) - https:\/\/yoast.com\/product\/yoast-seo-premium-wordpress\/ -->\n<title>Reconstru\u00e7\u00e3o do Bar da Alameda representa um investimento de cerca de 125 mil euros<\/title>\n<meta name=\"robots\" content=\"index, follow, max-snippet:-1, max-image-preview:large, max-video-preview:-1\" \/>\n<link rel=\"canonical\" href=\"https:\/\/www.altominho.tv\/site\/2018\/02\/05\/reconstrucao-do-bar-da-alameda-representa-um-investimento-de-cerca-de-125-mil-euros\/\" \/>\n<meta property=\"og:locale\" content=\"pt_PT\" \/>\n<meta property=\"og:type\" content=\"article\" \/>\n<meta property=\"og:title\" content=\"Reconstru\u00e7\u00e3o do Bar da Alameda representa um investimento de cerca de 125 mil euros\" \/>\n<meta property=\"og:description\" content=\"O Munic\u00edpio de Melga\u00e7o, informou hoje em comunicado, que j\u00e1 arrancaram as obras de reconstru\u00e7\u00e3o do Bar da Alameda. Estas obras representam um investimento de cerca de 125 mil euros. &#8220;Com esta interven\u00e7\u00e3o ser\u00e1 tamb\u00e9m requalificada a envolvente extramuros do Castelo de Melga\u00e7o, tornando toda aquela \u00e1rea mais agrad\u00e1vel, assumindo-se sempre o compromisso entre o [&hellip;]\" \/>\n<meta property=\"og:url\" content=\"https:\/\/www.altominho.tv\/site\/2018\/02\/05\/reconstrucao-do-bar-da-alameda-representa-um-investimento-de-cerca-de-125-mil-euros\/\" \/>\n<meta property=\"og:site_name\" content=\"Altominho.tv\" \/>\n<meta property=\"article:publisher\" content=\"https:\/\/www.facebook.com\/altominhotv\" \/>\n<meta property=\"article:published_time\" content=\"2018-02-05T16:30:39+00:00\" \/>\n<meta property=\"article:modified_time\" content=\"2018-02-05T16:33:06+00:00\" \/>\n<meta property=\"og:image\" content=\"https:\/\/www.altominho.tv\/site\/wp-content\/uploads\/2018\/02\/Bar-da-Alameda-6.jpg\" \/>\n\t<meta property=\"og:image:width\" content=\"3543\" \/>\n\t<meta property=\"og:image:height\" content=\"2362\" \/>\n\t<meta property=\"og:image:type\" content=\"image\/jpeg\" \/>\n<meta name=\"author\" content=\"Andreia Cunha\" \/>\n<meta name=\"twitter:card\" content=\"summary_large_image\" \/>\n<meta name=\"twitter:creator\" content=\"@altominhoTV\" \/>\n<meta name=\"twitter:site\" content=\"@altominhoTV\" \/>\n<meta name=\"twitter:label1\" content=\"Escrito por\" \/>\n\t<meta name=\"twitter:data1\" content=\"Andreia Cunha\" \/>\n\t<meta name=\"twitter:label2\" content=\"Tempo estimado de leitura\" \/>\n\t<meta name=\"twitter:data2\" content=\"1 minuto\" \/>\n<script type=\"application\/ld+json\" class=\"yoast-schema-graph\">{\"@context\":\"https:\\\/\\\/schema.org\",\"@graph\":[{\"@type\":\"Article\",\"@id\":\"https:\\\/\\\/www.altominho.tv\\\/site\\\/2018\\\/02\\\/05\\\/reconstrucao-do-bar-da-alameda-representa-um-investimento-de-cerca-de-125-mil-euros\\\/#article\",\"isPartOf\":{\"@id\":\"https:\\\/\\\/www.altominho.tv\\\/site\\\/2018\\\/02\\\/05\\\/reconstrucao-do-bar-da-alameda-representa-um-investimento-de-cerca-de-125-mil-euros\\\/\"},\"author\":{\"name\":\"Andreia Cunha\",\"@id\":\"https:\\\/\\\/www.altominho.tv\\\/site\\\/#\\\/schema\\\/person\\\/a0e4ef6d041f98ca284393d8f1d97153\"},\"headline\":\"Reconstru\u00e7\u00e3o do Bar da Alameda representa um investimento de cerca de 125 mil euros\",\"datePublished\":\"2018-02-05T16:30:39+00:00\",\"dateModified\":\"2018-02-05T16:33:06+00:00\",\"mainEntityOfPage\":{\"@id\":\"https:\\\/\\\/www.altominho.tv\\\/site\\\/2018\\\/02\\\/05\\\/reconstrucao-do-bar-da-alameda-representa-um-investimento-de-cerca-de-125-mil-euros\\\/\"},\"wordCount\":164,\"image\":{\"@id\":\"https:\\\/\\\/www.altominho.tv\\\/site\\\/2018\\\/02\\\/05\\\/reconstrucao-do-bar-da-alameda-representa-um-investimento-de-cerca-de-125-mil-euros\\\/#primaryimage\"},\"thumbnailUrl\":\"https:\\\/\\\/www.altominho.tv\\\/site\\\/wp-content\\\/uploads\\\/2018\\\/02\\\/Bar-da-Alameda-6.jpg\",\"keywords\":[\"Sociedade\"],\"articleSection\":[\"Melga\u00e7o\"],\"inLanguage\":\"pt-PT\",\"copyrightYear\":\"2018\",\"copyrightHolder\":{\"@id\":\"https:\\\/\\\/www.altominho.tv\\\/site\\\/#organization\"}},{\"@type\":\"WebPage\",\"@id\":\"https:\\\/\\\/www.altominho.tv\\\/site\\\/2018\\\/02\\\/05\\\/reconstrucao-do-bar-da-alameda-representa-um-investimento-de-cerca-de-125-mil-euros\\\/\",\"url\":\"https:\\\/\\\/www.altominho.tv\\\/site\\\/2018\\\/02\\\/05\\\/reconstrucao-do-bar-da-alameda-representa-um-investimento-de-cerca-de-125-mil-euros\\\/\",\"name\":\"Reconstru\u00e7\u00e3o do Bar da Alameda representa um investimento de cerca de 125 mil euros\",\"isPartOf\":{\"@id\":\"https:\\\/\\\/www.altominho.tv\\\/site\\\/#website\"},\"primaryImageOfPage\":{\"@id\":\"https:\\\/\\\/www.altominho.tv\\\/site\\\/2018\\\/02\\\/05\\\/reconstrucao-do-bar-da-alameda-representa-um-investimento-de-cerca-de-125-mil-euros\\\/#primaryimage\"},\"image\":{\"@id\":\"https:\\\/\\\/www.altominho.tv\\\/site\\\/2018\\\/02\\\/05\\\/reconstrucao-do-bar-da-alameda-representa-um-investimento-de-cerca-de-125-mil-euros\\\/#primaryimage\"},\"thumbnailUrl\":\"https:\\\/\\\/www.altominho.tv\\\/site\\\/wp-content\\\/uploads\\\/2018\\\/02\\\/Bar-da-Alameda-6.jpg\",\"datePublished\":\"2018-02-05T16:30:39+00:00\",\"dateModified\":\"2018-02-05T16:33:06+00:00\",\"author\":{\"@id\":\"https:\\\/\\\/www.altominho.tv\\\/site\\\/#\\\/schema\\\/person\\\/a0e4ef6d041f98ca284393d8f1d97153\"},\"breadcrumb\":{\"@id\":\"https:\\\/\\\/www.altominho.tv\\\/site\\\/2018\\\/02\\\/05\\\/reconstrucao-do-bar-da-alameda-representa-um-investimento-de-cerca-de-125-mil-euros\\\/#breadcrumb\"},\"inLanguage\":\"pt-PT\",\"potentialAction\":[{\"@type\":\"ReadAction\",\"target\":[\"https:\\\/\\\/www.altominho.tv\\\/site\\\/2018\\\/02\\\/05\\\/reconstrucao-do-bar-da-alameda-representa-um-investimento-de-cerca-de-125-mil-euros\\\/\"]}]},{\"@type\":\"ImageObject\",\"inLanguage\":\"pt-PT\",\"@id\":\"https:\\\/\\\/www.altominho.tv\\\/site\\\/2018\\\/02\\\/05\\\/reconstrucao-do-bar-da-alameda-representa-um-investimento-de-cerca-de-125-mil-euros\\\/#primaryimage\",\"url\":\"https:\\\/\\\/www.altominho.tv\\\/site\\\/wp-content\\\/uploads\\\/2018\\\/02\\\/Bar-da-Alameda-6.jpg\",\"contentUrl\":\"https:\\\/\\\/www.altominho.tv\\\/site\\\/wp-content\\\/uploads\\\/2018\\\/02\\\/Bar-da-Alameda-6.jpg\",\"width\":3543,\"height\":2362},{\"@type\":\"BreadcrumbList\",\"@id\":\"https:\\\/\\\/www.altominho.tv\\\/site\\\/2018\\\/02\\\/05\\\/reconstrucao-do-bar-da-alameda-representa-um-investimento-de-cerca-de-125-mil-euros\\\/#breadcrumb\",\"itemListElement\":[{\"@type\":\"ListItem\",\"position\":1,\"name\":\"In\u00edcio\",\"item\":\"https:\\\/\\\/www.altominho.tv\\\/site\\\/\"},{\"@type\":\"ListItem\",\"position\":2,\"name\":\"Reconstru\u00e7\u00e3o do Bar da Alameda representa um investimento de cerca de 125 mil euros\"}]},{\"@type\":\"WebSite\",\"@id\":\"https:\\\/\\\/www.altominho.tv\\\/site\\\/#website\",\"url\":\"https:\\\/\\\/www.altominho.tv\\\/site\\\/\",\"name\":\"Altominho.tv\",\"description\":\"A sua regi\u00e3o \u00e0 dist\u00e2ncia de um clique...\",\"potentialAction\":[{\"@type\":\"SearchAction\",\"target\":{\"@type\":\"EntryPoint\",\"urlTemplate\":\"https:\\\/\\\/www.altominho.tv\\\/site\\\/?s={search_term_string}\"},\"query-input\":{\"@type\":\"PropertyValueSpecification\",\"valueRequired\":true,\"valueName\":\"search_term_string\"}}],\"inLanguage\":\"pt-PT\"},{\"@type\":\"Person\",\"@id\":\"https:\\\/\\\/www.altominho.tv\\\/site\\\/#\\\/schema\\\/person\\\/a0e4ef6d041f98ca284393d8f1d97153\",\"name\":\"Andreia Cunha\",\"image\":{\"@type\":\"ImageObject\",\"inLanguage\":\"pt-PT\",\"@id\":\"https:\\\/\\\/www.altominho.tv\\\/site\\\/wp-content\\\/uploads\\\/2017\\\/11\\\/Andreia_Cunha-1-150x150.jpg\",\"url\":\"https:\\\/\\\/www.altominho.tv\\\/site\\\/wp-content\\\/uploads\\\/2017\\\/11\\\/Andreia_Cunha-1-150x150.jpg\",\"contentUrl\":\"https:\\\/\\\/www.altominho.tv\\\/site\\\/wp-content\\\/uploads\\\/2017\\\/11\\\/Andreia_Cunha-1-150x150.jpg\",\"caption\":\"Andreia Cunha\"},\"url\":\"https:\\\/\\\/www.altominho.tv\\\/site\\\/author\\\/andreiacunha\\\/\"}]}<\/script>\n<!-- \/ Yoast SEO Premium plugin. -->","yoast_head_json":{"title":"Reconstru\u00e7\u00e3o do Bar da Alameda representa um investimento de cerca de 125 mil euros","robots":{"index":"index","follow":"follow","max-snippet":"max-snippet:-1","max-image-preview":"max-image-preview:large","max-video-preview":"max-video-preview:-1"},"canonical":"https:\/\/www.altominho.tv\/site\/2018\/02\/05\/reconstrucao-do-bar-da-alameda-representa-um-investimento-de-cerca-de-125-mil-euros\/","og_locale":"pt_PT","og_type":"article","og_title":"Reconstru\u00e7\u00e3o do Bar da Alameda representa um investimento de cerca de 125 mil euros","og_description":"O Munic\u00edpio de Melga\u00e7o, informou hoje em comunicado, que j\u00e1 arrancaram as obras de reconstru\u00e7\u00e3o do Bar da Alameda. Estas obras representam um investimento de cerca de 125 mil euros. &#8220;Com esta interven\u00e7\u00e3o ser\u00e1 tamb\u00e9m requalificada a envolvente extramuros do Castelo de Melga\u00e7o, tornando toda aquela \u00e1rea mais agrad\u00e1vel, assumindo-se sempre o compromisso entre o [&hellip;]","og_url":"https:\/\/www.altominho.tv\/site\/2018\/02\/05\/reconstrucao-do-bar-da-alameda-representa-um-investimento-de-cerca-de-125-mil-euros\/","og_site_name":"Altominho.tv","article_publisher":"https:\/\/www.facebook.com\/altominhotv","article_published_time":"2018-02-05T16:30:39+00:00","article_modified_time":"2018-02-05T16:33:06+00:00","og_image":[{"width":3543,"height":2362,"url":"https:\/\/www.altominho.tv\/site\/wp-content\/uploads\/2018\/02\/Bar-da-Alameda-6.jpg","type":"image\/jpeg"}],"author":"Andreia Cunha","twitter_card":"summary_large_image","twitter_creator":"@altominhoTV","twitter_site":"@altominhoTV","twitter_misc":{"Escrito por":"Andreia Cunha","Tempo estimado de leitura":"1 minuto"},"schema":{"@context":"https:\/\/schema.org","@graph":[{"@type":"Article","@id":"https:\/\/www.altominho.tv\/site\/2018\/02\/05\/reconstrucao-do-bar-da-alameda-representa-um-investimento-de-cerca-de-125-mil-euros\/#article","isPartOf":{"@id":"https:\/\/www.altominho.tv\/site\/2018\/02\/05\/reconstrucao-do-bar-da-alameda-representa-um-investimento-de-cerca-de-125-mil-euros\/"},"author":{"name":"Andreia Cunha","@id":"https:\/\/www.altominho.tv\/site\/#\/schema\/person\/a0e4ef6d041f98ca284393d8f1d97153"},"headline":"Reconstru\u00e7\u00e3o do Bar da Alameda representa um investimento de cerca de 125 mil euros","datePublished":"2018-02-05T16:30:39+00:00","dateModified":"2018-02-05T16:33:06+00:00","mainEntityOfPage":{"@id":"https:\/\/www.altominho.tv\/site\/2018\/02\/05\/reconstrucao-do-bar-da-alameda-representa-um-investimento-de-cerca-de-125-mil-euros\/"},"wordCount":164,"image":{"@id":"https:\/\/www.altominho.tv\/site\/2018\/02\/05\/reconstrucao-do-bar-da-alameda-representa-um-investimento-de-cerca-de-125-mil-euros\/#primaryimage"},"thumbnailUrl":"https:\/\/www.altominho.tv\/site\/wp-content\/uploads\/2018\/02\/Bar-da-Alameda-6.jpg","keywords":["Sociedade"],"articleSection":["Melga\u00e7o"],"inLanguage":"pt-PT","copyrightYear":"2018","copyrightHolder":{"@id":"https:\/\/www.altominho.tv\/site\/#organization"}},{"@type":"WebPage","@id":"https:\/\/www.altominho.tv\/site\/2018\/02\/05\/reconstrucao-do-bar-da-alameda-representa-um-investimento-de-cerca-de-125-mil-euros\/","url":"https:\/\/www.altominho.tv\/site\/2018\/02\/05\/reconstrucao-do-bar-da-alameda-representa-um-investimento-de-cerca-de-125-mil-euros\/","name":"Reconstru\u00e7\u00e3o do Bar da Alameda representa um investimento de cerca de 125 mil euros","isPartOf":{"@id":"https:\/\/www.altominho.tv\/site\/#website"},"primaryImageOfPage":{"@id":"https:\/\/www.altominho.tv\/site\/2018\/02\/05\/reconstrucao-do-bar-da-alameda-representa-um-investimento-de-cerca-de-125-mil-euros\/#primaryimage"},"image":{"@id":"https:\/\/www.altominho.tv\/site\/2018\/02\/05\/reconstrucao-do-bar-da-alameda-representa-um-investimento-de-cerca-de-125-mil-euros\/#primaryimage"},"thumbnailUrl":"https:\/\/www.altominho.tv\/site\/wp-content\/uploads\/2018\/02\/Bar-da-Alameda-6.jpg","datePublished":"2018-02-05T16:30:39+00:00","dateModified":"2018-02-05T16:33:06+00:00","author":{"@id":"https:\/\/www.altominho.tv\/site\/#\/schema\/person\/a0e4ef6d041f98ca284393d8f1d97153"},"breadcrumb":{"@id":"https:\/\/www.altominho.tv\/site\/2018\/02\/05\/reconstrucao-do-bar-da-alameda-representa-um-investimento-de-cerca-de-125-mil-euros\/#breadcrumb"},"inLanguage":"pt-PT","potentialAction":[{"@type":"ReadAction","target":["https:\/\/www.altominho.tv\/site\/2018\/02\/05\/reconstrucao-do-bar-da-alameda-representa-um-investimento-de-cerca-de-125-mil-euros\/"]}]},{"@type":"ImageObject","inLanguage":"pt-PT","@id":"https:\/\/www.altominho.tv\/site\/2018\/02\/05\/reconstrucao-do-bar-da-alameda-representa-um-investimento-de-cerca-de-125-mil-euros\/#primaryimage","url":"https:\/\/www.altominho.tv\/site\/wp-content\/uploads\/2018\/02\/Bar-da-Alameda-6.jpg","contentUrl":"https:\/\/www.altominho.tv\/site\/wp-content\/uploads\/2018\/02\/Bar-da-Alameda-6.jpg","width":3543,"height":2362},{"@type":"BreadcrumbList","@id":"https:\/\/www.altominho.tv\/site\/2018\/02\/05\/reconstrucao-do-bar-da-alameda-representa-um-investimento-de-cerca-de-125-mil-euros\/#breadcrumb","itemListElement":[{"@type":"ListItem","position":1,"name":"In\u00edcio","item":"https:\/\/www.altominho.tv\/site\/"},{"@type":"ListItem","position":2,"name":"Reconstru\u00e7\u00e3o do Bar da Alameda representa um investimento de cerca de 125 mil euros"}]},{"@type":"WebSite","@id":"https:\/\/www.altominho.tv\/site\/#website","url":"https:\/\/www.altominho.tv\/site\/","name":"Altominho.tv","description":"A sua regi\u00e3o \u00e0 dist\u00e2ncia de um clique...","potentialAction":[{"@type":"SearchAction","target":{"@type":"EntryPoint","urlTemplate":"https:\/\/www.altominho.tv\/site\/?s={search_term_string}"},"query-input":{"@type":"PropertyValueSpecification","valueRequired":true,"valueName":"search_term_string"}}],"inLanguage":"pt-PT"},{"@type":"Person","@id":"https:\/\/www.altominho.tv\/site\/#\/schema\/person\/a0e4ef6d041f98ca284393d8f1d97153","name":"Andreia Cunha","image":{"@type":"ImageObject","inLanguage":"pt-PT","@id":"https:\/\/www.altominho.tv\/site\/wp-content\/uploads\/2017\/11\/Andreia_Cunha-1-150x150.jpg","url":"https:\/\/www.altominho.tv\/site\/wp-content\/uploads\/2017\/11\/Andreia_Cunha-1-150x150.jpg","contentUrl":"https:\/\/www.altominho.tv\/site\/wp-content\/uploads\/2017\/11\/Andreia_Cunha-1-150x150.jpg","caption":"Andreia Cunha"},"url":"https:\/\/www.altominho.tv\/site\/author\/andreiacunha\/"}]}},"_links":{"self":[{"href":"https:\/\/www.altominho.tv\/site\/wp-json\/wp\/v2\/posts\/9226","targetHints":{"allow":["GET"]}}],"collection":[{"href":"https:\/\/www.altominho.tv\/site\/wp-json\/wp\/v2\/posts"}],"about":[{"href":"https:\/\/www.altominho.tv\/site\/wp-json\/wp\/v2\/types\/post"}],"author":[{"embeddable":true,"href":"https:\/\/www.altominho.tv\/site\/wp-json\/wp\/v2\/users\/7"}],"replies":[{"embeddable":true,"href":"https:\/\/www.altominho.tv\/site\/wp-json\/wp\/v2\/comments?post=9226"}],"version-history":[{"count":0,"href":"https:\/\/www.altominho.tv\/site\/wp-json\/wp\/v2\/posts\/9226\/revisions"}],"wp:featuredmedia":[{"embeddable":true,"href":"https:\/\/www.altominho.tv\/site\/wp-json\/wp\/v2\/media\/9227"}],"wp:attachment":[{"href":"https:\/\/www.altominho.tv\/site\/wp-json\/wp\/v2\/media?parent=9226"}],"wp:term":[{"taxonomy":"category","embeddable":true,"href":"https:\/\/www.altominho.tv\/site\/wp-json\/wp\/v2\/categories?post=9226"},{"taxonomy":"post_tag","embeddable":true,"href":"https:\/\/www.altominho.tv\/site\/wp-json\/wp\/v2\/tags?post=9226"}],"curies":[{"name":"wp","href":"https:\/\/api.w.org\/{rel}","templated":true}]}}