{"id":91704,"date":"2023-04-26T15:18:56","date_gmt":"2023-04-26T14:18:56","guid":{"rendered":"https:\/\/www.altominho.tv\/site\/?p=91704"},"modified":"2023-04-26T15:21:59","modified_gmt":"2023-04-26T14:21:59","slug":"aldeias-de-portugal","status":"publish","type":"post","link":"https:\/\/www.altominho.tv\/site\/2023\/04\/26\/aldeias-de-portugal\/","title":{"rendered":"Uni\u00e3o de Freguesias de Arga certificada como Aldeia de Portugal"},"content":{"rendered":"<p>Bragan\u00e7a, Aveiro, Viana do Castelo e Faro s\u00e3o os distritos do pa\u00eds onde est\u00e3o localizadas as novas oito Aldeias de Portugal, anunciou hoje a Associa\u00e7\u00e3o do Turismo de Aldeia (ATA), que atribuiu a certifica\u00e7\u00e3o.<\/p>\n<p>Em comunicado hoje enviado \u00e0 ag\u00eancia Lusa, a ATA, com sede em Ponte de Lima, destaca que Bragan\u00e7a totaliza quatro novas aldeias classificadas: Podence, no concelho de Macedo de Cavalheiros, distrito de Bragan\u00e7a, conhecida pelo Entrudo Chocalheiro classificado como Patrim\u00f3nio Cultural Imaterial da Humanidade desde 2019, Algoso, no concelho de Vimioso, Moimenta da Raia, no concelho de Vinhais, e Sambade, em Alf\u00e2ndega da F\u00e9.<\/p>\n<p>A sul, a rede de Aldeias de Portugal \u00e9 refor\u00e7ada com a entrada da Alte, em Faro.<\/p>\n<p>No concelho de Caminha, distrito de Viana do Castelo, as Argas (de Baixo, Cima e de S\u00e3o Jo\u00e3o), situadas na Serra d\u2019Arga, atualmente em processo de classifica\u00e7\u00e3o como Paisagem Protegida Regional, \u00e9 a \u00fanica Uni\u00e3o de Freguesias certificada.<\/p>\n<p>No distrito de Aveiro, Folhense, no concelho de Vale de Cambra, e Vale de \u00cdlhavo, no munic\u00edpio de \u00cdlhavo, s\u00e3o as novas aldeias classificadas com o selo que&nbsp;&#8220;atesta a identidade dos territ\u00f3rios mais genu\u00ednos do pa\u00eds&#8221;.<\/p>\n<p>\u201cEstamos particularmente orgulhosos destas ades\u00f5es ao universo das Aldeias de Portugal, porque, al\u00e9m de evidenciarem a especial for\u00e7a da regi\u00e3o norte na preserva\u00e7\u00e3o dos seus territ\u00f3rios mais tradicionais, tamb\u00e9m refletem o refor\u00e7o geogr\u00e1fico da marca no sul do pa\u00eds, cuja menor representatividade na rede era uma lacuna que lament\u00e1vamos\u201d, afirmou diretora da ATA, Teresa Pouzada, citada na nota.<\/p>\n<p>A respons\u00e1vel admitiu que \u201co processo de ades\u00e3o \u00e9 particularmente minucioso e obriga ao envolvimento de v\u00e1rias entidades, para garantia de que toda a comunidade associada ao povoado est\u00e1 efetivamente envolvida na candidatura e motivada para o projeto de desenvolvimento que a marca \u2018Aldeias de Portugal\u2019 preconiza\u201d.<\/p>\n<p>Mas, disse, \u201cesperamos que a entrada de Alte na rede confira uma nova din\u00e2mica \u00e0 promo\u00e7\u00e3o dos territ\u00f3rios mais genu\u00ednos do Algarve, que est\u00e1 cheio de potencial neste dom\u00ednio do turismo rural\u201d.<\/p>\n<p>A classifica\u00e7\u00e3o agora anunciada p\u00f5e fim a \u201calguns meses de an\u00e1lise dos diferentes aspetos exigidos para candidatura\u201d.<\/p>\n<p>\u201cEstas novas ades\u00f5es s\u00f3 provam como as Aldeias de Portugal, mesmo nas circunst\u00e2ncias mais rurais, podem ser ativas, din\u00e2micas e, na realidade, uma verdadeira fonte de inspira\u00e7\u00e3o no que se refere \u00e0 qualidade de vida a que todos devemos aspirar enquanto sociedade\u201d, frisou Teresa Pouzada.<\/p>\n<p>A ATA foi fundada em 1999 e \u00e9 composta por v\u00e1rias institui\u00e7\u00f5es empenhadas em potenciar o desenvolvimento socioecon\u00f3mico, a promo\u00e7\u00e3o tur\u00edstica e a preserva\u00e7\u00e3o patrimonial dos territ\u00f3rios rurais mais representativos das origens da genu\u00edna identidade portuguesa.<\/p>\n<p>Atualmente, a institui\u00e7\u00e3o conta com 17 associados de todo o pa\u00eds.<\/p>\n<p>O selo Aldeias de Portugal \u201cdistingue os povoados mais caracter\u00edsticos da ruralidade portuguesa, em vertentes como o patrim\u00f3nio hist\u00f3rico e cultural, gastronomia e artesanato, pr\u00e1ticas e costumes sociais, recursos naturais e agr\u00edcolas, of\u00edcios e produtos regionais\u201d.<\/p>\n","protected":false},"excerpt":{"rendered":"<p>Bragan\u00e7a, Aveiro, Viana do Castelo e Faro s\u00e3o os distritos do pa\u00eds onde est\u00e3o localizadas as novas oito Aldeias de Portugal, anunciou hoje a Associa\u00e7\u00e3o do Turismo de Aldeia (ATA), que atribuiu a certifica\u00e7\u00e3o. Em comunicado hoje enviado \u00e0 ag\u00eancia Lusa, a ATA, com sede em Ponte de Lima, destaca que Bragan\u00e7a totaliza quatro novas [&hellip;]<\/p>\n","protected":false},"author":13,"featured_media":91705,"comment_status":"closed","ping_status":"closed","sticky":false,"template":"","format":"standard","meta":{"_exactmetrics_skip_tracking":false,"_exactmetrics_sitenote_active":false,"_exactmetrics_sitenote_note":"","_exactmetrics_sitenote_category":0,"footnotes":""},"categories":[7],"tags":[56329],"class_list":["post-91704","post","type-post","status-publish","format-standard","has-post-thumbnail","hentry","category-caminha","tag-turismo"],"yoast_head":"<!-- This site is optimized with the Yoast SEO Premium plugin v27.5 (Yoast SEO v27.5) - https:\/\/yoast.com\/product\/yoast-seo-premium-wordpress\/ -->\n<title>Uni\u00e3o de Freguesias de Arga certificada como Aldeia de Portugal<\/title>\n<meta name=\"description\" content=\"Bragan\u00e7a, Aveiro, Viana do Castelo e Faro s\u00e3o os distritos do pa\u00eds onde est\u00e3o localizadas as novas oito Aldeias de Portugal, anunciou hoje a Associa\u00e7\u00e3o do Turismo de Aldeia (ATA), que atribuiu a certifica\u00e7\u00e3o.\" \/>\n<meta name=\"robots\" content=\"index, follow, max-snippet:-1, max-image-preview:large, max-video-preview:-1\" \/>\n<link rel=\"canonical\" href=\"https:\/\/www.altominho.tv\/site\/2023\/04\/26\/aldeias-de-portugal\/\" \/>\n<meta property=\"og:locale\" content=\"pt_PT\" \/>\n<meta property=\"og:type\" content=\"article\" \/>\n<meta property=\"og:title\" content=\"Uni\u00e3o de Freguesias de Arga certificada como Aldeia de Portugal\" \/>\n<meta property=\"og:description\" content=\"Bragan\u00e7a, Aveiro, Viana do Castelo e Faro s\u00e3o os distritos do pa\u00eds onde est\u00e3o localizadas as novas oito Aldeias de Portugal, anunciou hoje a Associa\u00e7\u00e3o do Turismo de Aldeia (ATA), que atribuiu a certifica\u00e7\u00e3o.\" \/>\n<meta property=\"og:url\" content=\"https:\/\/www.altominho.tv\/site\/2023\/04\/26\/aldeias-de-portugal\/\" \/>\n<meta property=\"og:site_name\" content=\"Altominho.tv\" \/>\n<meta property=\"article:publisher\" content=\"https:\/\/www.facebook.com\/altominhotv\" \/>\n<meta property=\"article:published_time\" content=\"2023-04-26T14:18:56+00:00\" \/>\n<meta property=\"article:modified_time\" content=\"2023-04-26T14:21:59+00:00\" \/>\n<meta property=\"og:image\" content=\"https:\/\/www.altominho.tv\/site\/wp-content\/uploads\/2023\/04\/Argas.jpeg\" \/>\n\t<meta property=\"og:image:width\" content=\"1280\" \/>\n\t<meta property=\"og:image:height\" content=\"720\" \/>\n\t<meta property=\"og:image:type\" content=\"image\/jpeg\" \/>\n<meta name=\"author\" content=\"Lusa\" \/>\n<meta name=\"twitter:card\" content=\"summary_large_image\" \/>\n<meta name=\"twitter:creator\" content=\"@altominhoTV\" \/>\n<meta name=\"twitter:site\" content=\"@altominhoTV\" \/>\n<meta name=\"twitter:label1\" content=\"Escrito por\" \/>\n\t<meta name=\"twitter:data1\" content=\"Lusa\" \/>\n\t<meta name=\"twitter:label2\" content=\"Tempo estimado de leitura\" \/>\n\t<meta name=\"twitter:data2\" content=\"3 minutos\" \/>\n<script type=\"application\/ld+json\" class=\"yoast-schema-graph\">{\"@context\":\"https:\\\/\\\/schema.org\",\"@graph\":[{\"@type\":\"Article\",\"@id\":\"https:\\\/\\\/www.altominho.tv\\\/site\\\/2023\\\/04\\\/26\\\/aldeias-de-portugal\\\/#article\",\"isPartOf\":{\"@id\":\"https:\\\/\\\/www.altominho.tv\\\/site\\\/2023\\\/04\\\/26\\\/aldeias-de-portugal\\\/\"},\"author\":{\"name\":\"Lusa\",\"@id\":\"https:\\\/\\\/www.altominho.tv\\\/site\\\/#\\\/schema\\\/person\\\/63f693da3e1899361cbe955c46f3232e\"},\"headline\":\"Uni\u00e3o de Freguesias de Arga certificada como Aldeia de Portugal\",\"datePublished\":\"2023-04-26T14:18:56+00:00\",\"dateModified\":\"2023-04-26T14:21:59+00:00\",\"mainEntityOfPage\":{\"@id\":\"https:\\\/\\\/www.altominho.tv\\\/site\\\/2023\\\/04\\\/26\\\/aldeias-de-portugal\\\/\"},\"wordCount\":538,\"image\":{\"@id\":\"https:\\\/\\\/www.altominho.tv\\\/site\\\/2023\\\/04\\\/26\\\/aldeias-de-portugal\\\/#primaryimage\"},\"thumbnailUrl\":\"https:\\\/\\\/www.altominho.tv\\\/site\\\/wp-content\\\/uploads\\\/2023\\\/04\\\/Argas.jpeg\",\"keywords\":[\"Turismo\"],\"articleSection\":[\"Caminha\"],\"inLanguage\":\"pt-PT\",\"copyrightYear\":\"2023\",\"copyrightHolder\":{\"@id\":\"https:\\\/\\\/www.altominho.tv\\\/site\\\/#organization\"}},{\"@type\":\"WebPage\",\"@id\":\"https:\\\/\\\/www.altominho.tv\\\/site\\\/2023\\\/04\\\/26\\\/aldeias-de-portugal\\\/\",\"url\":\"https:\\\/\\\/www.altominho.tv\\\/site\\\/2023\\\/04\\\/26\\\/aldeias-de-portugal\\\/\",\"name\":\"Uni\u00e3o de Freguesias de Arga certificada como Aldeia de Portugal\",\"isPartOf\":{\"@id\":\"https:\\\/\\\/www.altominho.tv\\\/site\\\/#website\"},\"primaryImageOfPage\":{\"@id\":\"https:\\\/\\\/www.altominho.tv\\\/site\\\/2023\\\/04\\\/26\\\/aldeias-de-portugal\\\/#primaryimage\"},\"image\":{\"@id\":\"https:\\\/\\\/www.altominho.tv\\\/site\\\/2023\\\/04\\\/26\\\/aldeias-de-portugal\\\/#primaryimage\"},\"thumbnailUrl\":\"https:\\\/\\\/www.altominho.tv\\\/site\\\/wp-content\\\/uploads\\\/2023\\\/04\\\/Argas.jpeg\",\"datePublished\":\"2023-04-26T14:18:56+00:00\",\"dateModified\":\"2023-04-26T14:21:59+00:00\",\"author\":{\"@id\":\"https:\\\/\\\/www.altominho.tv\\\/site\\\/#\\\/schema\\\/person\\\/63f693da3e1899361cbe955c46f3232e\"},\"description\":\"Bragan\u00e7a, Aveiro, Viana do Castelo e Faro s\u00e3o os distritos do pa\u00eds onde est\u00e3o localizadas as novas oito Aldeias de Portugal, anunciou hoje a Associa\u00e7\u00e3o do Turismo de Aldeia (ATA), que atribuiu a certifica\u00e7\u00e3o.\",\"breadcrumb\":{\"@id\":\"https:\\\/\\\/www.altominho.tv\\\/site\\\/2023\\\/04\\\/26\\\/aldeias-de-portugal\\\/#breadcrumb\"},\"inLanguage\":\"pt-PT\",\"potentialAction\":[{\"@type\":\"ReadAction\",\"target\":[\"https:\\\/\\\/www.altominho.tv\\\/site\\\/2023\\\/04\\\/26\\\/aldeias-de-portugal\\\/\"]}]},{\"@type\":\"ImageObject\",\"inLanguage\":\"pt-PT\",\"@id\":\"https:\\\/\\\/www.altominho.tv\\\/site\\\/2023\\\/04\\\/26\\\/aldeias-de-portugal\\\/#primaryimage\",\"url\":\"https:\\\/\\\/www.altominho.tv\\\/site\\\/wp-content\\\/uploads\\\/2023\\\/04\\\/Argas.jpeg\",\"contentUrl\":\"https:\\\/\\\/www.altominho.tv\\\/site\\\/wp-content\\\/uploads\\\/2023\\\/04\\\/Argas.jpeg\",\"width\":1280,\"height\":720},{\"@type\":\"BreadcrumbList\",\"@id\":\"https:\\\/\\\/www.altominho.tv\\\/site\\\/2023\\\/04\\\/26\\\/aldeias-de-portugal\\\/#breadcrumb\",\"itemListElement\":[{\"@type\":\"ListItem\",\"position\":1,\"name\":\"In\u00edcio\",\"item\":\"https:\\\/\\\/www.altominho.tv\\\/site\\\/\"},{\"@type\":\"ListItem\",\"position\":2,\"name\":\"Uni\u00e3o de Freguesias de Arga certificada como Aldeia de Portugal\"}]},{\"@type\":\"WebSite\",\"@id\":\"https:\\\/\\\/www.altominho.tv\\\/site\\\/#website\",\"url\":\"https:\\\/\\\/www.altominho.tv\\\/site\\\/\",\"name\":\"Altominho.tv\",\"description\":\"A sua regi\u00e3o \u00e0 dist\u00e2ncia de um clique...\",\"potentialAction\":[{\"@type\":\"SearchAction\",\"target\":{\"@type\":\"EntryPoint\",\"urlTemplate\":\"https:\\\/\\\/www.altominho.tv\\\/site\\\/?s={search_term_string}\"},\"query-input\":{\"@type\":\"PropertyValueSpecification\",\"valueRequired\":true,\"valueName\":\"search_term_string\"}}],\"inLanguage\":\"pt-PT\"},{\"@type\":\"Person\",\"@id\":\"https:\\\/\\\/www.altominho.tv\\\/site\\\/#\\\/schema\\\/person\\\/63f693da3e1899361cbe955c46f3232e\",\"name\":\"Lusa\",\"image\":{\"@type\":\"ImageObject\",\"inLanguage\":\"pt-PT\",\"@id\":\"https:\\\/\\\/www.altominho.tv\\\/site\\\/wp-content\\\/uploads\\\/2019\\\/08\\\/LUSA_Logo.gif\",\"url\":\"https:\\\/\\\/www.altominho.tv\\\/site\\\/wp-content\\\/uploads\\\/2019\\\/08\\\/LUSA_Logo.gif\",\"contentUrl\":\"https:\\\/\\\/www.altominho.tv\\\/site\\\/wp-content\\\/uploads\\\/2019\\\/08\\\/LUSA_Logo.gif\",\"caption\":\"Lusa\"},\"sameAs\":[\"http:\\\/\\\/\\\/\\\/www.altominho.tv\\\/site\"],\"url\":\"https:\\\/\\\/www.altominho.tv\\\/site\\\/author\\\/lusa\\\/\"}]}<\/script>\n<!-- \/ Yoast SEO Premium plugin. -->","yoast_head_json":{"title":"Uni\u00e3o de Freguesias de Arga certificada como Aldeia de Portugal","description":"Bragan\u00e7a, Aveiro, Viana do Castelo e Faro s\u00e3o os distritos do pa\u00eds onde est\u00e3o localizadas as novas oito Aldeias de Portugal, anunciou hoje a Associa\u00e7\u00e3o do Turismo de Aldeia (ATA), que atribuiu a certifica\u00e7\u00e3o.","robots":{"index":"index","follow":"follow","max-snippet":"max-snippet:-1","max-image-preview":"max-image-preview:large","max-video-preview":"max-video-preview:-1"},"canonical":"https:\/\/www.altominho.tv\/site\/2023\/04\/26\/aldeias-de-portugal\/","og_locale":"pt_PT","og_type":"article","og_title":"Uni\u00e3o de Freguesias de Arga certificada como Aldeia de Portugal","og_description":"Bragan\u00e7a, Aveiro, Viana do Castelo e Faro s\u00e3o os distritos do pa\u00eds onde est\u00e3o localizadas as novas oito Aldeias de Portugal, anunciou hoje a Associa\u00e7\u00e3o do Turismo de Aldeia (ATA), que atribuiu a certifica\u00e7\u00e3o.","og_url":"https:\/\/www.altominho.tv\/site\/2023\/04\/26\/aldeias-de-portugal\/","og_site_name":"Altominho.tv","article_publisher":"https:\/\/www.facebook.com\/altominhotv","article_published_time":"2023-04-26T14:18:56+00:00","article_modified_time":"2023-04-26T14:21:59+00:00","og_image":[{"width":1280,"height":720,"url":"https:\/\/www.altominho.tv\/site\/wp-content\/uploads\/2023\/04\/Argas.jpeg","type":"image\/jpeg"}],"author":"Lusa","twitter_card":"summary_large_image","twitter_creator":"@altominhoTV","twitter_site":"@altominhoTV","twitter_misc":{"Escrito por":"Lusa","Tempo estimado de leitura":"3 minutos"},"schema":{"@context":"https:\/\/schema.org","@graph":[{"@type":"Article","@id":"https:\/\/www.altominho.tv\/site\/2023\/04\/26\/aldeias-de-portugal\/#article","isPartOf":{"@id":"https:\/\/www.altominho.tv\/site\/2023\/04\/26\/aldeias-de-portugal\/"},"author":{"name":"Lusa","@id":"https:\/\/www.altominho.tv\/site\/#\/schema\/person\/63f693da3e1899361cbe955c46f3232e"},"headline":"Uni\u00e3o de Freguesias de Arga certificada como Aldeia de Portugal","datePublished":"2023-04-26T14:18:56+00:00","dateModified":"2023-04-26T14:21:59+00:00","mainEntityOfPage":{"@id":"https:\/\/www.altominho.tv\/site\/2023\/04\/26\/aldeias-de-portugal\/"},"wordCount":538,"image":{"@id":"https:\/\/www.altominho.tv\/site\/2023\/04\/26\/aldeias-de-portugal\/#primaryimage"},"thumbnailUrl":"https:\/\/www.altominho.tv\/site\/wp-content\/uploads\/2023\/04\/Argas.jpeg","keywords":["Turismo"],"articleSection":["Caminha"],"inLanguage":"pt-PT","copyrightYear":"2023","copyrightHolder":{"@id":"https:\/\/www.altominho.tv\/site\/#organization"}},{"@type":"WebPage","@id":"https:\/\/www.altominho.tv\/site\/2023\/04\/26\/aldeias-de-portugal\/","url":"https:\/\/www.altominho.tv\/site\/2023\/04\/26\/aldeias-de-portugal\/","name":"Uni\u00e3o de Freguesias de Arga certificada como Aldeia de Portugal","isPartOf":{"@id":"https:\/\/www.altominho.tv\/site\/#website"},"primaryImageOfPage":{"@id":"https:\/\/www.altominho.tv\/site\/2023\/04\/26\/aldeias-de-portugal\/#primaryimage"},"image":{"@id":"https:\/\/www.altominho.tv\/site\/2023\/04\/26\/aldeias-de-portugal\/#primaryimage"},"thumbnailUrl":"https:\/\/www.altominho.tv\/site\/wp-content\/uploads\/2023\/04\/Argas.jpeg","datePublished":"2023-04-26T14:18:56+00:00","dateModified":"2023-04-26T14:21:59+00:00","author":{"@id":"https:\/\/www.altominho.tv\/site\/#\/schema\/person\/63f693da3e1899361cbe955c46f3232e"},"description":"Bragan\u00e7a, Aveiro, Viana do Castelo e Faro s\u00e3o os distritos do pa\u00eds onde est\u00e3o localizadas as novas oito Aldeias de Portugal, anunciou hoje a Associa\u00e7\u00e3o do Turismo de Aldeia (ATA), que atribuiu a certifica\u00e7\u00e3o.","breadcrumb":{"@id":"https:\/\/www.altominho.tv\/site\/2023\/04\/26\/aldeias-de-portugal\/#breadcrumb"},"inLanguage":"pt-PT","potentialAction":[{"@type":"ReadAction","target":["https:\/\/www.altominho.tv\/site\/2023\/04\/26\/aldeias-de-portugal\/"]}]},{"@type":"ImageObject","inLanguage":"pt-PT","@id":"https:\/\/www.altominho.tv\/site\/2023\/04\/26\/aldeias-de-portugal\/#primaryimage","url":"https:\/\/www.altominho.tv\/site\/wp-content\/uploads\/2023\/04\/Argas.jpeg","contentUrl":"https:\/\/www.altominho.tv\/site\/wp-content\/uploads\/2023\/04\/Argas.jpeg","width":1280,"height":720},{"@type":"BreadcrumbList","@id":"https:\/\/www.altominho.tv\/site\/2023\/04\/26\/aldeias-de-portugal\/#breadcrumb","itemListElement":[{"@type":"ListItem","position":1,"name":"In\u00edcio","item":"https:\/\/www.altominho.tv\/site\/"},{"@type":"ListItem","position":2,"name":"Uni\u00e3o de Freguesias de Arga certificada como Aldeia de Portugal"}]},{"@type":"WebSite","@id":"https:\/\/www.altominho.tv\/site\/#website","url":"https:\/\/www.altominho.tv\/site\/","name":"Altominho.tv","description":"A sua regi\u00e3o \u00e0 dist\u00e2ncia de um clique...","potentialAction":[{"@type":"SearchAction","target":{"@type":"EntryPoint","urlTemplate":"https:\/\/www.altominho.tv\/site\/?s={search_term_string}"},"query-input":{"@type":"PropertyValueSpecification","valueRequired":true,"valueName":"search_term_string"}}],"inLanguage":"pt-PT"},{"@type":"Person","@id":"https:\/\/www.altominho.tv\/site\/#\/schema\/person\/63f693da3e1899361cbe955c46f3232e","name":"Lusa","image":{"@type":"ImageObject","inLanguage":"pt-PT","@id":"https:\/\/www.altominho.tv\/site\/wp-content\/uploads\/2019\/08\/LUSA_Logo.gif","url":"https:\/\/www.altominho.tv\/site\/wp-content\/uploads\/2019\/08\/LUSA_Logo.gif","contentUrl":"https:\/\/www.altominho.tv\/site\/wp-content\/uploads\/2019\/08\/LUSA_Logo.gif","caption":"Lusa"},"sameAs":["http:\/\/\/\/www.altominho.tv\/site"],"url":"https:\/\/www.altominho.tv\/site\/author\/lusa\/"}]}},"_links":{"self":[{"href":"https:\/\/www.altominho.tv\/site\/wp-json\/wp\/v2\/posts\/91704","targetHints":{"allow":["GET"]}}],"collection":[{"href":"https:\/\/www.altominho.tv\/site\/wp-json\/wp\/v2\/posts"}],"about":[{"href":"https:\/\/www.altominho.tv\/site\/wp-json\/wp\/v2\/types\/post"}],"author":[{"embeddable":true,"href":"https:\/\/www.altominho.tv\/site\/wp-json\/wp\/v2\/users\/13"}],"replies":[{"embeddable":true,"href":"https:\/\/www.altominho.tv\/site\/wp-json\/wp\/v2\/comments?post=91704"}],"version-history":[{"count":2,"href":"https:\/\/www.altominho.tv\/site\/wp-json\/wp\/v2\/posts\/91704\/revisions"}],"predecessor-version":[{"id":91708,"href":"https:\/\/www.altominho.tv\/site\/wp-json\/wp\/v2\/posts\/91704\/revisions\/91708"}],"wp:featuredmedia":[{"embeddable":true,"href":"https:\/\/www.altominho.tv\/site\/wp-json\/wp\/v2\/media\/91705"}],"wp:attachment":[{"href":"https:\/\/www.altominho.tv\/site\/wp-json\/wp\/v2\/media?parent=91704"}],"wp:term":[{"taxonomy":"category","embeddable":true,"href":"https:\/\/www.altominho.tv\/site\/wp-json\/wp\/v2\/categories?post=91704"},{"taxonomy":"post_tag","embeddable":true,"href":"https:\/\/www.altominho.tv\/site\/wp-json\/wp\/v2\/tags?post=91704"}],"curies":[{"name":"wp","href":"https:\/\/api.w.org\/{rel}","templated":true}]}}