{"id":91254,"date":"2023-04-14T17:46:34","date_gmt":"2023-04-14T16:46:34","guid":{"rendered":"https:\/\/www.altominho.tv\/site\/?p=91254"},"modified":"2023-04-14T17:46:40","modified_gmt":"2023-04-14T16:46:40","slug":"arvores-melgaco","status":"publish","type":"post","link":"https:\/\/www.altominho.tv\/site\/2023\/04\/14\/arvores-melgaco\/","title":{"rendered":"Plantadas 120 \u00e1rvores para compensar cortes realizados no transporte dos aerogeradores"},"content":{"rendered":"<p>Foram plantadas 120 \u00e1rvores da esp\u00e9cie aut\u00f3ctone Betula celtiberica (vidoeiro) ao longo da antiga EN, entre a Vila de Melga\u00e7o e Castro Laboreiro, sobretudo na zona de montanha, informou o munic\u00edpio.<\/p>\n<p>A planta\u00e7\u00e3o das \u00e1rvores resulta de uma exig\u00eancia da autarquia, assumindo-se como uma a\u00e7\u00e3o compensat\u00f3ria dos cortes realizados em virtude dos trabalhos de transporte dos mais recentes aerogeradores no subparque e\u00f3lico de Picos.<\/p>\n<p>\u201cRecordamos que a decis\u00e3o para abater as \u00e1rvores, entre algumas esp\u00e9cies aut\u00f3ctones e esp\u00e9cies consideradas invasoras, como as ac\u00e1cias, teve em conta todas as consequ\u00eancias para o territ\u00f3rio, a v\u00e1rios n\u00edveis. Por tal, foi desenvolvido um Plano de Planta\u00e7\u00e3o, adaptado \u00e0s necessidades futuras, como forma de colmatar esta realidade para a qual n\u00e3o havia alternativa\u201d, refere a autarquia em comunicado.<\/p>\n<p>A responsabilidade dos trabalhos de planta\u00e7\u00e3o foi da empresa FP ARBOR, mas o Plano foi estudado e desenvolvido em conjunto com t\u00e9cnicos do munic\u00edpio e a empresa respons\u00e1vel pelo parque e\u00f3lico, a Finerge, S.A., de forma a serem acauteladas diversas situa\u00e7\u00f5es, nomeadamente as condi\u00e7\u00f5es dos locais e a necessidade de um futuro transporte, precavendo que n\u00e3o haja necessidade de se proceder a podas ou a novos cortes de \u00e1rvores.<\/p>\n<p>O investimento ficou a cargo da empresa gestora do parque e\u00f3lico, a Finerge, S.A., que, ali\u00e1s, ter\u00e1 ainda de proceder \u00e0 coloca\u00e7\u00e3o de railes e ultimar a limpeza dos sobrantes lenhosos ao longo da estrada, resultantes dos cortes e desmata\u00e7\u00f5es realizadas.<\/p>\n<p>Melga\u00e7o est\u00e1 inserido no maior parque e\u00f3lico do pa\u00eds, localizado na regi\u00e3o do Alto Minho, que se subdivide em cinco subparques. O concelho, juntamente com Mon\u00e7\u00e3o, integra o subparque de Santo Ant\u00f3nio, com uma pot\u00eancia instalada de 32MW; o subparque do Alto do Corisco, com uma pot\u00eancia instalada de 70,6MW; e o subparque de Picos, com uma pot\u00eancia instalada de 52MW. Juntos, os cinco subparques, contribuem para a redu\u00e7\u00e3o de 500 mil toneladas de di\u00f3xido de carbono por ano.<\/p>\n<p>\u201cColaboramos com a economia nacional atrav\u00e9s da produ\u00e7\u00e3o e\u00f3lica que aqui \u00e9 feita e que permite autonomia de uma cidade m\u00e9dia de 250 mil habitantes. Produzimos 15 vezes mais eletricidade renov\u00e1vel face ao total de energia que consumimos. A nossa economia local claramente que ganha com tal. Atrav\u00e9s desta energia e\u00f3lica ficam dividendos, fica financiamento para as juntas de freguesia e para o munic\u00edpio\u201d, afirma o presidente da C\u00e2mara de Melga\u00e7o, Manoel Batista.<\/p>\n","protected":false},"excerpt":{"rendered":"<p>Foram plantadas 120 \u00e1rvores da esp\u00e9cie aut\u00f3ctone Betula celtiberica (vidoeiro) ao longo da antiga EN, entre a Vila de Melga\u00e7o e Castro Laboreiro, sobretudo na zona de montanha, informou o munic\u00edpio. A planta\u00e7\u00e3o das \u00e1rvores resulta de uma exig\u00eancia da autarquia, assumindo-se como uma a\u00e7\u00e3o compensat\u00f3ria dos cortes realizados em virtude dos trabalhos de transporte [&hellip;]<\/p>\n","protected":false},"author":1,"featured_media":91256,"comment_status":"closed","ping_status":"closed","sticky":false,"template":"","format":"standard","meta":{"_exactmetrics_skip_tracking":false,"footnotes":""},"categories":[8],"tags":[56336],"class_list":["post-91254","post","type-post","status-publish","format-standard","has-post-thumbnail","hentry","category-melgaco","tag-ambiente"],"yoast_head":"<!-- This site is optimized with the Yoast SEO Premium plugin v28.3 (Yoast SEO v28.3) - https:\/\/yoast.com\/product\/yoast-seo-premium-wordpress\/ -->\n<title>Plantadas 120 \u00e1rvores para compensar cortes realizados no transporte dos aerogeradores<\/title>\n<meta name=\"description\" content=\"Foram plantadas 120 \u00e1rvores da esp\u00e9cie aut\u00f3ctone Betula celtiberica (vidoeiro) ao longo da antiga EN, entre a Vila de Melga\u00e7o e Castro Laboreiro, sobretudo na zona de montanha, informou o munic\u00edpio.\" \/>\n<meta name=\"robots\" content=\"index, follow, max-snippet:-1, max-image-preview:large, max-video-preview:-1\" \/>\n<link rel=\"canonical\" href=\"https:\/\/www.altominho.tv\/site\/2023\/04\/14\/arvores-melgaco\/\" \/>\n<meta property=\"og:locale\" content=\"pt_PT\" \/>\n<meta property=\"og:type\" content=\"article\" \/>\n<meta property=\"og:title\" content=\"Plantadas 120 \u00e1rvores para compensar cortes realizados no transporte dos aerogeradores\" \/>\n<meta property=\"og:description\" content=\"Foram plantadas 120 \u00e1rvores da esp\u00e9cie aut\u00f3ctone Betula celtiberica (vidoeiro) ao longo da antiga EN, entre a Vila de Melga\u00e7o e Castro Laboreiro, sobretudo na zona de montanha, informou o munic\u00edpio.\" \/>\n<meta property=\"og:url\" content=\"https:\/\/www.altominho.tv\/site\/2023\/04\/14\/arvores-melgaco\/\" \/>\n<meta property=\"og:site_name\" content=\"Altominho.tv\" \/>\n<meta property=\"article:publisher\" content=\"https:\/\/www.facebook.com\/altominhotv\" \/>\n<meta property=\"article:published_time\" content=\"2023-04-14T16:46:34+00:00\" \/>\n<meta property=\"article:modified_time\" content=\"2023-04-14T16:46:40+00:00\" \/>\n<meta property=\"og:image\" content=\"https:\/\/www.altominho.tv\/site\/wp-content\/uploads\/2023\/04\/Melgaco.jpg\" \/>\n\t<meta property=\"og:image:width\" content=\"1142\" \/>\n\t<meta property=\"og:image:height\" content=\"820\" \/>\n\t<meta property=\"og:image:type\" content=\"image\/jpeg\" \/>\n<meta name=\"author\" content=\"Altominho.tv\" \/>\n<meta name=\"twitter:card\" content=\"summary_large_image\" \/>\n<meta name=\"twitter:creator\" content=\"@altominhoTV\" \/>\n<meta name=\"twitter:site\" content=\"@altominhoTV\" \/>\n<meta name=\"twitter:label1\" content=\"Escrito por\" \/>\n\t<meta name=\"twitter:data1\" content=\"Altominho.tv\" \/>\n\t<meta name=\"twitter:label2\" content=\"Tempo estimado de leitura\" \/>\n\t<meta name=\"twitter:data2\" content=\"3 minutos\" \/>\n<script type=\"application\/ld+json\" class=\"yoast-schema-graph\">{\"@context\":\"https:\\\/\\\/schema.org\",\"@graph\":[{\"@type\":\"Article\",\"@id\":\"https:\\\/\\\/www.altominho.tv\\\/site\\\/2023\\\/04\\\/14\\\/arvores-melgaco\\\/#article\",\"isPartOf\":{\"@id\":\"https:\\\/\\\/www.altominho.tv\\\/site\\\/2023\\\/04\\\/14\\\/arvores-melgaco\\\/\"},\"author\":{\"name\":\"Altominho.tv\",\"@id\":\"https:\\\/\\\/www.altominho.tv\\\/site\\\/#\\\/schema\\\/person\\\/4e536851627d7914baf3dac752b6af22\"},\"headline\":\"Plantadas 120 \u00e1rvores para compensar cortes realizados no transporte dos aerogeradores\",\"datePublished\":\"2023-04-14T16:46:34+00:00\",\"dateModified\":\"2023-04-14T16:46:40+00:00\",\"mainEntityOfPage\":{\"@id\":\"https:\\\/\\\/www.altominho.tv\\\/site\\\/2023\\\/04\\\/14\\\/arvores-melgaco\\\/\"},\"wordCount\":445,\"image\":{\"@id\":\"https:\\\/\\\/www.altominho.tv\\\/site\\\/2023\\\/04\\\/14\\\/arvores-melgaco\\\/#primaryimage\"},\"thumbnailUrl\":\"https:\\\/\\\/www.altominho.tv\\\/site\\\/wp-content\\\/uploads\\\/2023\\\/04\\\/Melgaco.jpg\",\"keywords\":[\"Ambiente\"],\"articleSection\":[\"Melga\u00e7o\"],\"inLanguage\":\"pt-PT\",\"copyrightYear\":\"2023\",\"copyrightHolder\":{\"@id\":\"https:\\\/\\\/www.altominho.tv\\\/site\\\/#organization\"}},{\"@type\":\"WebPage\",\"@id\":\"https:\\\/\\\/www.altominho.tv\\\/site\\\/2023\\\/04\\\/14\\\/arvores-melgaco\\\/\",\"url\":\"https:\\\/\\\/www.altominho.tv\\\/site\\\/2023\\\/04\\\/14\\\/arvores-melgaco\\\/\",\"name\":\"Plantadas 120 \u00e1rvores para compensar cortes realizados no transporte dos aerogeradores\",\"isPartOf\":{\"@id\":\"https:\\\/\\\/www.altominho.tv\\\/site\\\/#website\"},\"primaryImageOfPage\":{\"@id\":\"https:\\\/\\\/www.altominho.tv\\\/site\\\/2023\\\/04\\\/14\\\/arvores-melgaco\\\/#primaryimage\"},\"image\":{\"@id\":\"https:\\\/\\\/www.altominho.tv\\\/site\\\/2023\\\/04\\\/14\\\/arvores-melgaco\\\/#primaryimage\"},\"thumbnailUrl\":\"https:\\\/\\\/www.altominho.tv\\\/site\\\/wp-content\\\/uploads\\\/2023\\\/04\\\/Melgaco.jpg\",\"datePublished\":\"2023-04-14T16:46:34+00:00\",\"dateModified\":\"2023-04-14T16:46:40+00:00\",\"author\":{\"@id\":\"https:\\\/\\\/www.altominho.tv\\\/site\\\/#\\\/schema\\\/person\\\/4e536851627d7914baf3dac752b6af22\"},\"description\":\"Foram plantadas 120 \u00e1rvores da esp\u00e9cie aut\u00f3ctone Betula celtiberica (vidoeiro) ao longo da antiga EN, entre a Vila de Melga\u00e7o e Castro Laboreiro, sobretudo na zona de montanha, informou o munic\u00edpio.\",\"breadcrumb\":{\"@id\":\"https:\\\/\\\/www.altominho.tv\\\/site\\\/2023\\\/04\\\/14\\\/arvores-melgaco\\\/#breadcrumb\"},\"inLanguage\":\"pt-PT\",\"potentialAction\":[{\"@type\":\"ReadAction\",\"target\":[\"https:\\\/\\\/www.altominho.tv\\\/site\\\/2023\\\/04\\\/14\\\/arvores-melgaco\\\/\"]}]},{\"@type\":\"ImageObject\",\"inLanguage\":\"pt-PT\",\"@id\":\"https:\\\/\\\/www.altominho.tv\\\/site\\\/2023\\\/04\\\/14\\\/arvores-melgaco\\\/#primaryimage\",\"url\":\"https:\\\/\\\/www.altominho.tv\\\/site\\\/wp-content\\\/uploads\\\/2023\\\/04\\\/Melgaco.jpg\",\"contentUrl\":\"https:\\\/\\\/www.altominho.tv\\\/site\\\/wp-content\\\/uploads\\\/2023\\\/04\\\/Melgaco.jpg\",\"width\":1142,\"height\":820},{\"@type\":\"BreadcrumbList\",\"@id\":\"https:\\\/\\\/www.altominho.tv\\\/site\\\/2023\\\/04\\\/14\\\/arvores-melgaco\\\/#breadcrumb\",\"itemListElement\":[{\"@type\":\"ListItem\",\"position\":1,\"name\":\"In\u00edcio\",\"item\":\"https:\\\/\\\/www.altominho.tv\\\/site\\\/\"},{\"@type\":\"ListItem\",\"position\":2,\"name\":\"Plantadas 120 \u00e1rvores para compensar cortes realizados no transporte dos aerogeradores\"}]},{\"@type\":\"WebSite\",\"@id\":\"https:\\\/\\\/www.altominho.tv\\\/site\\\/#website\",\"url\":\"https:\\\/\\\/www.altominho.tv\\\/site\\\/\",\"name\":\"Altominho.tv\",\"description\":\"A sua regi\u00e3o \u00e0 dist\u00e2ncia de um clique...\",\"potentialAction\":[{\"@type\":\"SearchAction\",\"target\":{\"@type\":\"EntryPoint\",\"urlTemplate\":\"https:\\\/\\\/www.altominho.tv\\\/site\\\/?s={search_term_string}\"},\"query-input\":{\"@type\":\"PropertyValueSpecification\",\"valueRequired\":true,\"valueName\":\"search_term_string\"}}],\"inLanguage\":\"pt-PT\"},{\"@type\":\"Person\",\"@id\":\"https:\\\/\\\/www.altominho.tv\\\/site\\\/#\\\/schema\\\/person\\\/4e536851627d7914baf3dac752b6af22\",\"name\":\"Altominho.tv\",\"image\":{\"@type\":\"ImageObject\",\"inLanguage\":\"pt-PT\",\"@id\":\"https:\\\/\\\/www.altominho.tv\\\/site\\\/wp-content\\\/uploads\\\/2019\\\/11\\\/Logo_Avatar_2-150x150.jpg\",\"url\":\"https:\\\/\\\/www.altominho.tv\\\/site\\\/wp-content\\\/uploads\\\/2019\\\/11\\\/Logo_Avatar_2-150x150.jpg\",\"contentUrl\":\"https:\\\/\\\/www.altominho.tv\\\/site\\\/wp-content\\\/uploads\\\/2019\\\/11\\\/Logo_Avatar_2-150x150.jpg\",\"caption\":\"Altominho.tv\"},\"url\":\"https:\\\/\\\/www.altominho.tv\\\/site\\\/author\\\/altominhotv-tecnico\\\/\"}]}<\/script>\n<!-- \/ Yoast SEO Premium plugin. -->","yoast_head_json":{"title":"Plantadas 120 \u00e1rvores para compensar cortes realizados no transporte dos aerogeradores","description":"Foram plantadas 120 \u00e1rvores da esp\u00e9cie aut\u00f3ctone Betula celtiberica (vidoeiro) ao longo da antiga EN, entre a Vila de Melga\u00e7o e Castro Laboreiro, sobretudo na zona de montanha, informou o munic\u00edpio.","robots":{"index":"index","follow":"follow","max-snippet":"max-snippet:-1","max-image-preview":"max-image-preview:large","max-video-preview":"max-video-preview:-1"},"canonical":"https:\/\/www.altominho.tv\/site\/2023\/04\/14\/arvores-melgaco\/","og_locale":"pt_PT","og_type":"article","og_title":"Plantadas 120 \u00e1rvores para compensar cortes realizados no transporte dos aerogeradores","og_description":"Foram plantadas 120 \u00e1rvores da esp\u00e9cie aut\u00f3ctone Betula celtiberica (vidoeiro) ao longo da antiga EN, entre a Vila de Melga\u00e7o e Castro Laboreiro, sobretudo na zona de montanha, informou o munic\u00edpio.","og_url":"https:\/\/www.altominho.tv\/site\/2023\/04\/14\/arvores-melgaco\/","og_site_name":"Altominho.tv","article_publisher":"https:\/\/www.facebook.com\/altominhotv","article_published_time":"2023-04-14T16:46:34+00:00","article_modified_time":"2023-04-14T16:46:40+00:00","og_image":[{"width":1142,"height":820,"url":"https:\/\/www.altominho.tv\/site\/wp-content\/uploads\/2023\/04\/Melgaco.jpg","type":"image\/jpeg"}],"author":"Altominho.tv","twitter_card":"summary_large_image","twitter_creator":"@altominhoTV","twitter_site":"@altominhoTV","twitter_misc":{"Escrito por":"Altominho.tv","Tempo estimado de leitura":"3 minutos"},"schema":{"@context":"https:\/\/schema.org","@graph":[{"@type":"Article","@id":"https:\/\/www.altominho.tv\/site\/2023\/04\/14\/arvores-melgaco\/#article","isPartOf":{"@id":"https:\/\/www.altominho.tv\/site\/2023\/04\/14\/arvores-melgaco\/"},"author":{"name":"Altominho.tv","@id":"https:\/\/www.altominho.tv\/site\/#\/schema\/person\/4e536851627d7914baf3dac752b6af22"},"headline":"Plantadas 120 \u00e1rvores para compensar cortes realizados no transporte dos aerogeradores","datePublished":"2023-04-14T16:46:34+00:00","dateModified":"2023-04-14T16:46:40+00:00","mainEntityOfPage":{"@id":"https:\/\/www.altominho.tv\/site\/2023\/04\/14\/arvores-melgaco\/"},"wordCount":445,"image":{"@id":"https:\/\/www.altominho.tv\/site\/2023\/04\/14\/arvores-melgaco\/#primaryimage"},"thumbnailUrl":"https:\/\/www.altominho.tv\/site\/wp-content\/uploads\/2023\/04\/Melgaco.jpg","keywords":["Ambiente"],"articleSection":["Melga\u00e7o"],"inLanguage":"pt-PT","copyrightYear":"2023","copyrightHolder":{"@id":"https:\/\/www.altominho.tv\/site\/#organization"}},{"@type":"WebPage","@id":"https:\/\/www.altominho.tv\/site\/2023\/04\/14\/arvores-melgaco\/","url":"https:\/\/www.altominho.tv\/site\/2023\/04\/14\/arvores-melgaco\/","name":"Plantadas 120 \u00e1rvores para compensar cortes realizados no transporte dos aerogeradores","isPartOf":{"@id":"https:\/\/www.altominho.tv\/site\/#website"},"primaryImageOfPage":{"@id":"https:\/\/www.altominho.tv\/site\/2023\/04\/14\/arvores-melgaco\/#primaryimage"},"image":{"@id":"https:\/\/www.altominho.tv\/site\/2023\/04\/14\/arvores-melgaco\/#primaryimage"},"thumbnailUrl":"https:\/\/www.altominho.tv\/site\/wp-content\/uploads\/2023\/04\/Melgaco.jpg","datePublished":"2023-04-14T16:46:34+00:00","dateModified":"2023-04-14T16:46:40+00:00","author":{"@id":"https:\/\/www.altominho.tv\/site\/#\/schema\/person\/4e536851627d7914baf3dac752b6af22"},"description":"Foram plantadas 120 \u00e1rvores da esp\u00e9cie aut\u00f3ctone Betula celtiberica (vidoeiro) ao longo da antiga EN, entre a Vila de Melga\u00e7o e Castro Laboreiro, sobretudo na zona de montanha, informou o munic\u00edpio.","breadcrumb":{"@id":"https:\/\/www.altominho.tv\/site\/2023\/04\/14\/arvores-melgaco\/#breadcrumb"},"inLanguage":"pt-PT","potentialAction":[{"@type":"ReadAction","target":["https:\/\/www.altominho.tv\/site\/2023\/04\/14\/arvores-melgaco\/"]}]},{"@type":"ImageObject","inLanguage":"pt-PT","@id":"https:\/\/www.altominho.tv\/site\/2023\/04\/14\/arvores-melgaco\/#primaryimage","url":"https:\/\/www.altominho.tv\/site\/wp-content\/uploads\/2023\/04\/Melgaco.jpg","contentUrl":"https:\/\/www.altominho.tv\/site\/wp-content\/uploads\/2023\/04\/Melgaco.jpg","width":1142,"height":820},{"@type":"BreadcrumbList","@id":"https:\/\/www.altominho.tv\/site\/2023\/04\/14\/arvores-melgaco\/#breadcrumb","itemListElement":[{"@type":"ListItem","position":1,"name":"In\u00edcio","item":"https:\/\/www.altominho.tv\/site\/"},{"@type":"ListItem","position":2,"name":"Plantadas 120 \u00e1rvores para compensar cortes realizados no transporte dos aerogeradores"}]},{"@type":"WebSite","@id":"https:\/\/www.altominho.tv\/site\/#website","url":"https:\/\/www.altominho.tv\/site\/","name":"Altominho.tv","description":"A sua regi\u00e3o \u00e0 dist\u00e2ncia de um clique...","potentialAction":[{"@type":"SearchAction","target":{"@type":"EntryPoint","urlTemplate":"https:\/\/www.altominho.tv\/site\/?s={search_term_string}"},"query-input":{"@type":"PropertyValueSpecification","valueRequired":true,"valueName":"search_term_string"}}],"inLanguage":"pt-PT"},{"@type":"Person","@id":"https:\/\/www.altominho.tv\/site\/#\/schema\/person\/4e536851627d7914baf3dac752b6af22","name":"Altominho.tv","image":{"@type":"ImageObject","inLanguage":"pt-PT","@id":"https:\/\/www.altominho.tv\/site\/wp-content\/uploads\/2019\/11\/Logo_Avatar_2-150x150.jpg","url":"https:\/\/www.altominho.tv\/site\/wp-content\/uploads\/2019\/11\/Logo_Avatar_2-150x150.jpg","contentUrl":"https:\/\/www.altominho.tv\/site\/wp-content\/uploads\/2019\/11\/Logo_Avatar_2-150x150.jpg","caption":"Altominho.tv"},"url":"https:\/\/www.altominho.tv\/site\/author\/altominhotv-tecnico\/"}]}},"_links":{"self":[{"href":"https:\/\/www.altominho.tv\/site\/wp-json\/wp\/v2\/posts\/91254","targetHints":{"allow":["GET"]}}],"collection":[{"href":"https:\/\/www.altominho.tv\/site\/wp-json\/wp\/v2\/posts"}],"about":[{"href":"https:\/\/www.altominho.tv\/site\/wp-json\/wp\/v2\/types\/post"}],"author":[{"embeddable":true,"href":"https:\/\/www.altominho.tv\/site\/wp-json\/wp\/v2\/users\/1"}],"replies":[{"embeddable":true,"href":"https:\/\/www.altominho.tv\/site\/wp-json\/wp\/v2\/comments?post=91254"}],"version-history":[{"count":1,"href":"https:\/\/www.altominho.tv\/site\/wp-json\/wp\/v2\/posts\/91254\/revisions"}],"predecessor-version":[{"id":91257,"href":"https:\/\/www.altominho.tv\/site\/wp-json\/wp\/v2\/posts\/91254\/revisions\/91257"}],"wp:featuredmedia":[{"embeddable":true,"href":"https:\/\/www.altominho.tv\/site\/wp-json\/wp\/v2\/media\/91256"}],"wp:attachment":[{"href":"https:\/\/www.altominho.tv\/site\/wp-json\/wp\/v2\/media?parent=91254"}],"wp:term":[{"taxonomy":"category","embeddable":true,"href":"https:\/\/www.altominho.tv\/site\/wp-json\/wp\/v2\/categories?post=91254"},{"taxonomy":"post_tag","embeddable":true,"href":"https:\/\/www.altominho.tv\/site\/wp-json\/wp\/v2\/tags?post=91254"}],"curies":[{"name":"wp","href":"https:\/\/api.w.org\/{rel}","templated":true}]}}